{"id":14418,"date":"2009-03-17T11:48:02","date_gmt":"2009-03-17T10:48:02","guid":{"rendered":"http:\/\/www.visit-ulcinj.com\/blog\/?p=14418"},"modified":"2009-03-17T11:48:02","modified_gmt":"2009-03-17T10:48:02","slug":"arjon-aida-ki-kujdes","status":"publish","type":"post","link":"https:\/\/www.visit-ulcinj.com\/blog\/2009\/03\/17\/arjon-aida-ki-kujdes\/","title":{"rendered":"Arjon : Aida, ki kujdes!"},"content":{"rendered":"<p><em><span class=\"newsdate\"><a href=\"http:\/\/www.visit-ulcinj.com\/blog\/wp-content\/uploads\/2009\/03\/aida-ki-kujdes.jpg\"><img loading=\"lazy\" class=\"alignleft size-full wp-image-14419\" title=\"aida-ki-kujdes-big-brother-albania-2\" src=\"http:\/\/www.visit-ulcinj.com\/blog\/wp-content\/uploads\/2009\/03\/aida-ki-kujdes.jpg\" alt=\"aida-ki-kujdes-big-brother-albania-2\" width=\"300\" height=\"205\" \/><\/a>15\/03\/09 02:20<\/span><\/em><\/p>\n<p>Arjoni dhe Aida nuk kan\u00eb pritur gjat\u00eb p\u00ebr t\u2019iu rikthyer debatit n\u00eb lidhje me imunitetin e Adit. Aida i ka th\u00ebn\u00eb se keqinterpretimet q\u00eb ai u b\u00ebnte gj\u00ebrave, deri m\u00eb sot ajo i kishte menduar t\u00eb ndikuara nga \u201cdikush\u201d tjet\u00ebr, por tani po e kuptonte se kishte gabuar. Ajo ka shtuar se k\u00ebto ishin provokime nga ana e tij dhe se ajo nuk donte ta vazhdonte m\u00eb nj\u00eb debat q\u00eb mund ta detyronte t\u00eb thoshte gj\u00ebra q\u00eb nuk donte t\u2019i thoshte apo nuk i mendonte. Arjoni e ka interpretuar k\u00ebt\u00eb si t\u00ebrheqje nga ana e saj, nd\u00ebrsa Aida i ka th\u00ebn\u00eb se ai ishte i vog\u00ebl dhe nuk e mbante dot loj\u00ebn e saj. M\u00eb pas n\u00eb debat ka hyr\u00eb edhe Qetsori, i cili \u00ebsht\u00eb munduar t\u00eb qet\u00ebsoj\u00eb situat\u00ebn, duke th\u00ebn\u00eb se ishte faji i tij, sepse kishte qen\u00eb ai q\u00eb e kishte hapur k\u00ebt\u00eb diskutim. Por si Aida, si Arjoni nuk kan\u00eb ndalur. Ky i fundit i ka th\u00ebn\u00eb Aid\u00ebs, se ajo po b\u00ebnte shum\u00eb gabime t\u00eb, po e quante t\u00eb cek\u00ebt, po e quante t\u00eb vog\u00ebl, duke e ofenduar, gj\u00eb q\u00eb ai nuk e kishte b\u00ebr\u00eb ndonjeher\u00eb. Aida ia ka kthyer duke i th\u00ebn\u00eb se realisht ai ishte m\u00eb i vog\u00ebl. Kjo e ka acaruar edhe m\u00eb shum\u00eb Arjonin, q\u00eb i ka th\u00ebn\u00eb t\u00eb kishte kujdes dhe t\u00eb mos fliste pa i njohur njer\u00ebzit dhe se ajo nuk mund ta quante at\u00eb as t\u00eb vog\u00ebl dhe as t\u00eb cek\u00ebt, p\u00ebr mendimit q\u00eb ai realisht shfaqte. \u201cN\u00ebse ke kurajo, mos u mbro pas fjal\u00ebs 24 vje\u00e7!\u201d- i ka th\u00ebn\u00eb ai. \u201cPse? \u00c7far\u00eb do t\u00eb m\u00eb b\u00ebsh?!\u201d- i ka th\u00ebn\u00eb Aida. Qetsori ka nd\u00ebrhyr\u00eb s\u00ebrish, p\u00ebr t\u00eb qet\u00ebsuar situat\u00ebn, duke th\u00ebn\u00eb se meq\u00ebn\u00ebse ishte ai q\u00eb e hapi k\u00ebt\u00eb bised\u00eb, do t\u00eb ishte po ai q\u00eb nes\u00ebr, do t\u00eb p\u00ebrballej e do t\u00eb sqarohej me Aid\u00ebn. \u201cUn\u00eb nuk kam asgj\u00eb p\u00ebr t\u00eb sqaruar!\u201d \u2013 ka p\u00ebrfunduar Aida.<\/p>\n","protected":false},"excerpt":{"rendered":"<p>15\/03\/09 02:20 Arjoni dhe Aida nuk kan\u00eb pritur gjat\u00eb p\u00ebr t\u2019iu rikthyer debatit n\u00eb lidhje me imunitetin e Adit. Aida i ka th\u00ebn\u00eb se keqinterpretimet q\u00eb ai u b\u00ebnte gj\u00ebrave, deri m\u00eb sot ajo i kishte menduar t\u00eb ndikuara nga \u201cdikush\u201d tjet\u00ebr, por tani po e kuptonte se kishte gabuar. Ajo ka shtuar se k\u00ebto [&hellip;]<\/p>\n","protected":false},"author":1,"featured_media":0,"comment_status":"open","ping_status":"closed","sticky":false,"template":"","format":"standard","meta":{"spay_email":"","jetpack_publicize_message":"","jetpack_is_tweetstorm":false,"jetpack_publicize_feature_enabled":true},"categories":[6502],"tags":[6566,6537,6558,6525,6883,6516,6712,8046,8045,6891,8044],"jetpack_publicize_connections":[],"yoast_head":"<!-- This site is optimized with the Yoast SEO plugin v19.1 - https:\/\/yoast.com\/wordpress\/plugins\/seo\/ -->\n<title>Arjon : Aida, ki kujdes! | Big Brother Albania 2<\/title>\n<meta name=\"description\" content=\"Big Brother Albania 2 - Arjoni dhe Aida nuk kan\u00c3\u00ab pritur gjat\u00c3\u00ab p\u00c3\u00abr t\u00e2\u20ac\u2122iu rikthyer debatit n\u00c3\u00ab lidhje me imunitetin e Adit\" \/>\n<meta name=\"robots\" content=\"index, follow, max-snippet:-1, max-image-preview:large, max-video-preview:-1\" \/>\n<link rel=\"canonical\" href=\"https:\/\/www.visit-ulcinj.com\/blog\/2009\/03\/17\/arjon-aida-ki-kujdes\/\" \/>\n<meta property=\"og:locale\" content=\"en_US\" \/>\n<meta property=\"og:type\" content=\"article\" \/>\n<meta property=\"og:title\" content=\"Arjon : Aida, ki kujdes! | Big Brother Albania 2\" \/>\n<meta property=\"og:description\" content=\"Big Brother Albania 2 - Arjoni dhe Aida nuk kan\u00c3\u00ab pritur gjat\u00c3\u00ab p\u00c3\u00abr t\u00e2\u20ac\u2122iu rikthyer debatit n\u00c3\u00ab lidhje me imunitetin e Adit\" \/>\n<meta property=\"og:url\" content=\"https:\/\/www.visit-ulcinj.com\/blog\/2009\/03\/17\/arjon-aida-ki-kujdes\/\" \/>\n<meta property=\"og:site_name\" content=\"Lajme nga Ulqini\" \/>\n<meta property=\"article:published_time\" content=\"2009-03-17T10:48:02+00:00\" \/>\n<meta property=\"og:image\" content=\"http:\/\/www.visit-ulcinj.com\/blog\/wp-content\/uploads\/2009\/03\/aida-ki-kujdes.jpg\" \/>\n<meta name=\"twitter:label1\" content=\"Written by\" \/>\n\t<meta name=\"twitter:data1\" content=\"ulqini\" \/>\n\t<meta name=\"twitter:label2\" content=\"Est. reading time\" \/>\n\t<meta name=\"twitter:data2\" content=\"2 minutes\" \/>\n<script type=\"application\/ld+json\" class=\"yoast-schema-graph\">{\"@context\":\"https:\/\/schema.org\",\"@graph\":[{\"@type\":\"WebSite\",\"@id\":\"https:\/\/www.visit-ulcinj.com\/blog\/#website\",\"url\":\"https:\/\/www.visit-ulcinj.com\/blog\/\",\"name\":\"Lajme nga Ulqini\",\"description\":\"Lajme,Vijesti,Ulqini,Ulqin,Crna Gora,Mali i Zi\",\"potentialAction\":[{\"@type\":\"SearchAction\",\"target\":{\"@type\":\"EntryPoint\",\"urlTemplate\":\"https:\/\/www.visit-ulcinj.com\/blog\/?s={search_term_string}\"},\"query-input\":\"required name=search_term_string\"}],\"inLanguage\":\"en-US\"},{\"@type\":\"ImageObject\",\"inLanguage\":\"en-US\",\"@id\":\"https:\/\/www.visit-ulcinj.com\/blog\/2009\/03\/17\/arjon-aida-ki-kujdes\/#primaryimage\",\"url\":\"http:\/\/www.visit-ulcinj.com\/blog\/wp-content\/uploads\/2009\/03\/aida-ki-kujdes.jpg\",\"contentUrl\":\"http:\/\/www.visit-ulcinj.com\/blog\/wp-content\/uploads\/2009\/03\/aida-ki-kujdes.jpg\"},{\"@type\":\"WebPage\",\"@id\":\"https:\/\/www.visit-ulcinj.com\/blog\/2009\/03\/17\/arjon-aida-ki-kujdes\/#webpage\",\"url\":\"https:\/\/www.visit-ulcinj.com\/blog\/2009\/03\/17\/arjon-aida-ki-kujdes\/\",\"name\":\"Arjon : Aida, ki kujdes! | Big Brother Albania 2\",\"isPartOf\":{\"@id\":\"https:\/\/www.visit-ulcinj.com\/blog\/#website\"},\"primaryImageOfPage\":{\"@id\":\"https:\/\/www.visit-ulcinj.com\/blog\/2009\/03\/17\/arjon-aida-ki-kujdes\/#primaryimage\"},\"datePublished\":\"2009-03-17T10:48:02+00:00\",\"dateModified\":\"2009-03-17T10:48:02+00:00\",\"author\":{\"@id\":\"https:\/\/www.visit-ulcinj.com\/blog\/#\/schema\/person\/dcab619c614d3038751c63bc2aadc06d\"},\"description\":\"Big Brother Albania 2 - Arjoni dhe Aida nuk kan\u00c3\u00ab pritur gjat\u00c3\u00ab p\u00c3\u00abr t\u00e2\u20ac\u2122iu rikthyer debatit n\u00c3\u00ab lidhje me imunitetin e Adit\",\"breadcrumb\":{\"@id\":\"https:\/\/www.visit-ulcinj.com\/blog\/2009\/03\/17\/arjon-aida-ki-kujdes\/#breadcrumb\"},\"inLanguage\":\"en-US\",\"potentialAction\":[{\"@type\":\"ReadAction\",\"target\":[\"https:\/\/www.visit-ulcinj.com\/blog\/2009\/03\/17\/arjon-aida-ki-kujdes\/\"]}]},{\"@type\":\"BreadcrumbList\",\"@id\":\"https:\/\/www.visit-ulcinj.com\/blog\/2009\/03\/17\/arjon-aida-ki-kujdes\/#breadcrumb\",\"itemListElement\":[{\"@type\":\"ListItem\",\"position\":1,\"name\":\"Arjon : Aida, ki kujdes!\"}]},{\"@type\":\"Person\",\"@id\":\"https:\/\/www.visit-ulcinj.com\/blog\/#\/schema\/person\/dcab619c614d3038751c63bc2aadc06d\",\"name\":\"ulqini\",\"sameAs\":[\"http:\/\/www.visit-ulcinj.com\"],\"url\":\"https:\/\/www.visit-ulcinj.com\/blog\/author\/admin\/\"}]}<\/script>\n<!-- \/ Yoast SEO plugin. -->","yoast_head_json":{"title":"Arjon : Aida, ki kujdes! | Big Brother Albania 2","description":"Big Brother Albania 2 - Arjoni dhe Aida nuk kan\u00c3\u00ab pritur gjat\u00c3\u00ab p\u00c3\u00abr t\u00e2\u20ac\u2122iu rikthyer debatit n\u00c3\u00ab lidhje me imunitetin e Adit","robots":{"index":"index","follow":"follow","max-snippet":"max-snippet:-1","max-image-preview":"max-image-preview:large","max-video-preview":"max-video-preview:-1"},"canonical":"https:\/\/www.visit-ulcinj.com\/blog\/2009\/03\/17\/arjon-aida-ki-kujdes\/","og_locale":"en_US","og_type":"article","og_title":"Arjon : Aida, ki kujdes! | Big Brother Albania 2","og_description":"Big Brother Albania 2 - Arjoni dhe Aida nuk kan\u00c3\u00ab pritur gjat\u00c3\u00ab p\u00c3\u00abr t\u00e2\u20ac\u2122iu rikthyer debatit n\u00c3\u00ab lidhje me imunitetin e Adit","og_url":"https:\/\/www.visit-ulcinj.com\/blog\/2009\/03\/17\/arjon-aida-ki-kujdes\/","og_site_name":"Lajme nga Ulqini","article_published_time":"2009-03-17T10:48:02+00:00","og_image":[{"url":"http:\/\/www.visit-ulcinj.com\/blog\/wp-content\/uploads\/2009\/03\/aida-ki-kujdes.jpg"}],"twitter_misc":{"Written by":"ulqini","Est. reading time":"2 minutes"},"schema":{"@context":"https:\/\/schema.org","@graph":[{"@type":"WebSite","@id":"https:\/\/www.visit-ulcinj.com\/blog\/#website","url":"https:\/\/www.visit-ulcinj.com\/blog\/","name":"Lajme nga Ulqini","description":"Lajme,Vijesti,Ulqini,Ulqin,Crna Gora,Mali i Zi","potentialAction":[{"@type":"SearchAction","target":{"@type":"EntryPoint","urlTemplate":"https:\/\/www.visit-ulcinj.com\/blog\/?s={search_term_string}"},"query-input":"required name=search_term_string"}],"inLanguage":"en-US"},{"@type":"ImageObject","inLanguage":"en-US","@id":"https:\/\/www.visit-ulcinj.com\/blog\/2009\/03\/17\/arjon-aida-ki-kujdes\/#primaryimage","url":"http:\/\/www.visit-ulcinj.com\/blog\/wp-content\/uploads\/2009\/03\/aida-ki-kujdes.jpg","contentUrl":"http:\/\/www.visit-ulcinj.com\/blog\/wp-content\/uploads\/2009\/03\/aida-ki-kujdes.jpg"},{"@type":"WebPage","@id":"https:\/\/www.visit-ulcinj.com\/blog\/2009\/03\/17\/arjon-aida-ki-kujdes\/#webpage","url":"https:\/\/www.visit-ulcinj.com\/blog\/2009\/03\/17\/arjon-aida-ki-kujdes\/","name":"Arjon : Aida, ki kujdes! | Big Brother Albania 2","isPartOf":{"@id":"https:\/\/www.visit-ulcinj.com\/blog\/#website"},"primaryImageOfPage":{"@id":"https:\/\/www.visit-ulcinj.com\/blog\/2009\/03\/17\/arjon-aida-ki-kujdes\/#primaryimage"},"datePublished":"2009-03-17T10:48:02+00:00","dateModified":"2009-03-17T10:48:02+00:00","author":{"@id":"https:\/\/www.visit-ulcinj.com\/blog\/#\/schema\/person\/dcab619c614d3038751c63bc2aadc06d"},"description":"Big Brother Albania 2 - Arjoni dhe Aida nuk kan\u00c3\u00ab pritur gjat\u00c3\u00ab p\u00c3\u00abr t\u00e2\u20ac\u2122iu rikthyer debatit n\u00c3\u00ab lidhje me imunitetin e Adit","breadcrumb":{"@id":"https:\/\/www.visit-ulcinj.com\/blog\/2009\/03\/17\/arjon-aida-ki-kujdes\/#breadcrumb"},"inLanguage":"en-US","potentialAction":[{"@type":"ReadAction","target":["https:\/\/www.visit-ulcinj.com\/blog\/2009\/03\/17\/arjon-aida-ki-kujdes\/"]}]},{"@type":"BreadcrumbList","@id":"https:\/\/www.visit-ulcinj.com\/blog\/2009\/03\/17\/arjon-aida-ki-kujdes\/#breadcrumb","itemListElement":[{"@type":"ListItem","position":1,"name":"Arjon : Aida, ki kujdes!"}]},{"@type":"Person","@id":"https:\/\/www.visit-ulcinj.com\/blog\/#\/schema\/person\/dcab619c614d3038751c63bc2aadc06d","name":"ulqini","sameAs":["http:\/\/www.visit-ulcinj.com"],"url":"https:\/\/www.visit-ulcinj.com\/blog\/author\/admin\/"}]}},"jetpack_featured_media_url":"","jetpack_sharing_enabled":true,"jetpack_shortlink":"https:\/\/wp.me\/pe6lTn-3Ky","_links":{"self":[{"href":"https:\/\/www.visit-ulcinj.com\/blog\/wp-json\/wp\/v2\/posts\/14418"}],"collection":[{"href":"https:\/\/www.visit-ulcinj.com\/blog\/wp-json\/wp\/v2\/posts"}],"about":[{"href":"https:\/\/www.visit-ulcinj.com\/blog\/wp-json\/wp\/v2\/types\/post"}],"author":[{"embeddable":true,"href":"https:\/\/www.visit-ulcinj.com\/blog\/wp-json\/wp\/v2\/users\/1"}],"replies":[{"embeddable":true,"href":"https:\/\/www.visit-ulcinj.com\/blog\/wp-json\/wp\/v2\/comments?post=14418"}],"version-history":[{"count":0,"href":"https:\/\/www.visit-ulcinj.com\/blog\/wp-json\/wp\/v2\/posts\/14418\/revisions"}],"wp:attachment":[{"href":"https:\/\/www.visit-ulcinj.com\/blog\/wp-json\/wp\/v2\/media?parent=14418"}],"wp:term":[{"taxonomy":"category","embeddable":true,"href":"https:\/\/www.visit-ulcinj.com\/blog\/wp-json\/wp\/v2\/categories?post=14418"},{"taxonomy":"post_tag","embeddable":true,"href":"https:\/\/www.visit-ulcinj.com\/blog\/wp-json\/wp\/v2\/tags?post=14418"}],"curies":[{"name":"wp","href":"https:\/\/api.w.org\/{rel}","templated":true}]}}