{"id":14421,"date":"2009-03-17T11:57:30","date_gmt":"2009-03-17T10:57:30","guid":{"rendered":"http:\/\/www.visit-ulcinj.com\/blog\/?p=14421"},"modified":"2009-03-17T11:57:30","modified_gmt":"2009-03-17T10:57:30","slug":"s%e2%80%99e-nominuam-dot-adin","status":"publish","type":"post","link":"https:\/\/www.visit-ulcinj.com\/blog\/2009\/03\/17\/s%e2%80%99e-nominuam-dot-adin\/","title":{"rendered":"S\u2019e nominuam dot Adin"},"content":{"rendered":"<p><em><span class=\"newsdate\"><a href=\"http:\/\/www.visit-ulcinj.com\/blog\/wp-content\/uploads\/2009\/03\/qetsori-dhe-arjoni-15-copy.jpg\"><img loading=\"lazy\" class=\"alignleft size-full wp-image-14422\" title=\"qetsori-dhe-arjoni-15-big-brother-albania-2\" src=\"http:\/\/www.visit-ulcinj.com\/blog\/wp-content\/uploads\/2009\/03\/qetsori-dhe-arjoni-15-copy.jpg\" alt=\"qetsori-dhe-arjoni-15-big-brother-albania-2\" width=\"300\" height=\"205\" \/><\/a>15\/03\/09 02:35<\/span><\/em><\/p>\n<p>Duke diskutuar me nj\u00ebri-tjetrin p\u00ebr banor\u00ebt e tjer\u00eb, \u201cparazit\u00eb\u201d, si\u00e7 jan\u00eb shprehur ata dhe duke qen\u00eb t\u00eb t\u00eb nj\u00ebjtit mendim se Aida nuk donte ta shp\u00ebtonte Adin, Qetsori dhe Arjoni kan\u00eb th\u00ebn\u00eb se u d\u00ebshtoi p\u00ebrpjekja p\u00ebr ta \u00e7uar at\u00eb n\u00eb nominim. \u201cUn\u00eb nuk do t\u2019ia kisha dh\u00ebn\u00eb!\u201d \u2013 ka th\u00ebn\u00eb Qetsori dhe Arjoni ka pohuar se edhe ai do t\u00eb kishte b\u00ebr\u00eb t\u00eb nj\u00ebjt\u00ebn gj\u00eb. Ai ka shtuar se Aida pavar\u00ebsisht se hiqet si e fort\u00eb, nuk \u00ebsht\u00eb. Megjithat\u00eb, sipas tij, edhe sikur ta fitonte Adi Big Brother, atij do t\u2019i b\u00ebhej qejfi, sepse n\u00eb fund t\u00eb fundit, kishte ditur t\u00eb b\u00ebnte loj\u00ebn e vet, pa i thn\u00eb \u201cshpirti e zemra\u201d askujt. Inat do t\u2019i vinte, ama, po ta merrte Lirita apo ndonj\u00eb tjet\u00ebr si ajo.<\/p>\n","protected":false},"excerpt":{"rendered":"<p>15\/03\/09 02:35 Duke diskutuar me nj\u00ebri-tjetrin p\u00ebr banor\u00ebt e tjer\u00eb, \u201cparazit\u00eb\u201d, si\u00e7 jan\u00eb shprehur ata dhe duke qen\u00eb t\u00eb t\u00eb nj\u00ebjtit mendim se Aida nuk donte ta shp\u00ebtonte Adin, Qetsori dhe Arjoni kan\u00eb th\u00ebn\u00eb se u d\u00ebshtoi p\u00ebrpjekja p\u00ebr ta \u00e7uar at\u00eb n\u00eb nominim. \u201cUn\u00eb nuk do t\u2019ia kisha dh\u00ebn\u00eb!\u201d \u2013 ka th\u00ebn\u00eb Qetsori dhe [&hellip;]<\/p>\n","protected":false},"author":1,"featured_media":0,"comment_status":"open","ping_status":"closed","sticky":false,"template":"","format":"standard","meta":{"spay_email":"","jetpack_publicize_message":"","jetpack_is_tweetstorm":false,"jetpack_publicize_feature_enabled":true},"categories":[6502],"tags":[1414,7902,6525,5057,6506,6516,6712,7129,6891,6693,6887],"jetpack_publicize_connections":[],"yoast_head":"<!-- This site is optimized with the Yoast SEO plugin v19.1 - https:\/\/yoast.com\/wordpress\/plugins\/seo\/ -->\n<title>S\u00e2\u20ac\u2122e nominuam dot Adin | Big Brother Albania 2<\/title>\n<meta name=\"description\" content=\"Big Brother Albania 2 - Duke diskutuar me nj\u00c3\u00abri-tjetrin p\u00c3\u00abr banor\u00c3\u00abt e tjer\u00c3\u00ab, \u00e2\u20ac\u0153parazit\u00c3\u00ab\u00e2\u20ac\u009d, si\u00c3\u00a7 jan\u00c3\u00ab shprehur ata dhe duke qen\u00c3\u00ab t\u00c3\u00ab t\u00c3\u00ab nj\u00c3\u00abjtit mendim se Aida nuk donte ta shp\u00c3\u00abtonte Adin\" \/>\n<meta name=\"robots\" content=\"index, follow, max-snippet:-1, max-image-preview:large, max-video-preview:-1\" \/>\n<link rel=\"canonical\" href=\"https:\/\/www.visit-ulcinj.com\/blog\/2009\/03\/17\/s\u2019e-nominuam-dot-adin\/\" \/>\n<meta property=\"og:locale\" content=\"en_US\" \/>\n<meta property=\"og:type\" content=\"article\" \/>\n<meta property=\"og:title\" content=\"S\u00e2\u20ac\u2122e nominuam dot Adin | Big Brother Albania 2\" \/>\n<meta property=\"og:description\" content=\"Big Brother Albania 2 - Duke diskutuar me nj\u00c3\u00abri-tjetrin p\u00c3\u00abr banor\u00c3\u00abt e tjer\u00c3\u00ab, \u00e2\u20ac\u0153parazit\u00c3\u00ab\u00e2\u20ac\u009d, si\u00c3\u00a7 jan\u00c3\u00ab shprehur ata dhe duke qen\u00c3\u00ab t\u00c3\u00ab t\u00c3\u00ab nj\u00c3\u00abjtit mendim se Aida nuk donte ta shp\u00c3\u00abtonte Adin\" \/>\n<meta property=\"og:url\" content=\"https:\/\/www.visit-ulcinj.com\/blog\/2009\/03\/17\/s\u2019e-nominuam-dot-adin\/\" \/>\n<meta property=\"og:site_name\" content=\"Lajme nga Ulqini\" \/>\n<meta property=\"article:published_time\" content=\"2009-03-17T10:57:30+00:00\" \/>\n<meta property=\"og:image\" content=\"http:\/\/www.visit-ulcinj.com\/blog\/wp-content\/uploads\/2009\/03\/qetsori-dhe-arjoni-15-copy.jpg\" \/>\n<meta name=\"twitter:label1\" content=\"Written by\" \/>\n\t<meta name=\"twitter:data1\" content=\"ulqini\" \/>\n\t<meta name=\"twitter:label2\" content=\"Est. reading time\" \/>\n\t<meta name=\"twitter:data2\" content=\"1 minute\" \/>\n<script type=\"application\/ld+json\" class=\"yoast-schema-graph\">{\"@context\":\"https:\/\/schema.org\",\"@graph\":[{\"@type\":\"WebSite\",\"@id\":\"https:\/\/www.visit-ulcinj.com\/blog\/#website\",\"url\":\"https:\/\/www.visit-ulcinj.com\/blog\/\",\"name\":\"Lajme nga Ulqini\",\"description\":\"Lajme,Vijesti,Ulqini,Ulqin,Crna Gora,Mali i Zi\",\"potentialAction\":[{\"@type\":\"SearchAction\",\"target\":{\"@type\":\"EntryPoint\",\"urlTemplate\":\"https:\/\/www.visit-ulcinj.com\/blog\/?s={search_term_string}\"},\"query-input\":\"required name=search_term_string\"}],\"inLanguage\":\"en-US\"},{\"@type\":\"ImageObject\",\"inLanguage\":\"en-US\",\"@id\":\"https:\/\/www.visit-ulcinj.com\/blog\/2009\/03\/17\/s%e2%80%99e-nominuam-dot-adin\/#primaryimage\",\"url\":\"http:\/\/www.visit-ulcinj.com\/blog\/wp-content\/uploads\/2009\/03\/qetsori-dhe-arjoni-15-copy.jpg\",\"contentUrl\":\"http:\/\/www.visit-ulcinj.com\/blog\/wp-content\/uploads\/2009\/03\/qetsori-dhe-arjoni-15-copy.jpg\"},{\"@type\":\"WebPage\",\"@id\":\"https:\/\/www.visit-ulcinj.com\/blog\/2009\/03\/17\/s%e2%80%99e-nominuam-dot-adin\/#webpage\",\"url\":\"https:\/\/www.visit-ulcinj.com\/blog\/2009\/03\/17\/s%e2%80%99e-nominuam-dot-adin\/\",\"name\":\"S\u00e2\u20ac\u2122e nominuam dot Adin | Big Brother Albania 2\",\"isPartOf\":{\"@id\":\"https:\/\/www.visit-ulcinj.com\/blog\/#website\"},\"primaryImageOfPage\":{\"@id\":\"https:\/\/www.visit-ulcinj.com\/blog\/2009\/03\/17\/s%e2%80%99e-nominuam-dot-adin\/#primaryimage\"},\"datePublished\":\"2009-03-17T10:57:30+00:00\",\"dateModified\":\"2009-03-17T10:57:30+00:00\",\"author\":{\"@id\":\"https:\/\/www.visit-ulcinj.com\/blog\/#\/schema\/person\/dcab619c614d3038751c63bc2aadc06d\"},\"description\":\"Big Brother Albania 2 - Duke diskutuar me nj\u00c3\u00abri-tjetrin p\u00c3\u00abr banor\u00c3\u00abt e tjer\u00c3\u00ab, \u00e2\u20ac\u0153parazit\u00c3\u00ab\u00e2\u20ac\u009d, si\u00c3\u00a7 jan\u00c3\u00ab shprehur ata dhe duke qen\u00c3\u00ab t\u00c3\u00ab t\u00c3\u00ab nj\u00c3\u00abjtit mendim se Aida nuk donte ta shp\u00c3\u00abtonte Adin\",\"breadcrumb\":{\"@id\":\"https:\/\/www.visit-ulcinj.com\/blog\/2009\/03\/17\/s%e2%80%99e-nominuam-dot-adin\/#breadcrumb\"},\"inLanguage\":\"en-US\",\"potentialAction\":[{\"@type\":\"ReadAction\",\"target\":[\"https:\/\/www.visit-ulcinj.com\/blog\/2009\/03\/17\/s%e2%80%99e-nominuam-dot-adin\/\"]}]},{\"@type\":\"BreadcrumbList\",\"@id\":\"https:\/\/www.visit-ulcinj.com\/blog\/2009\/03\/17\/s%e2%80%99e-nominuam-dot-adin\/#breadcrumb\",\"itemListElement\":[{\"@type\":\"ListItem\",\"position\":1,\"name\":\"S\u2019e nominuam dot Adin\"}]},{\"@type\":\"Person\",\"@id\":\"https:\/\/www.visit-ulcinj.com\/blog\/#\/schema\/person\/dcab619c614d3038751c63bc2aadc06d\",\"name\":\"ulqini\",\"sameAs\":[\"http:\/\/www.visit-ulcinj.com\"],\"url\":\"https:\/\/www.visit-ulcinj.com\/blog\/author\/admin\/\"}]}<\/script>\n<!-- \/ Yoast SEO plugin. -->","yoast_head_json":{"title":"S\u00e2\u20ac\u2122e nominuam dot Adin | Big Brother Albania 2","description":"Big Brother Albania 2 - Duke diskutuar me nj\u00c3\u00abri-tjetrin p\u00c3\u00abr banor\u00c3\u00abt e tjer\u00c3\u00ab, \u00e2\u20ac\u0153parazit\u00c3\u00ab\u00e2\u20ac\u009d, si\u00c3\u00a7 jan\u00c3\u00ab shprehur ata dhe duke qen\u00c3\u00ab t\u00c3\u00ab t\u00c3\u00ab nj\u00c3\u00abjtit mendim se Aida nuk donte ta shp\u00c3\u00abtonte Adin","robots":{"index":"index","follow":"follow","max-snippet":"max-snippet:-1","max-image-preview":"max-image-preview:large","max-video-preview":"max-video-preview:-1"},"canonical":"https:\/\/www.visit-ulcinj.com\/blog\/2009\/03\/17\/s\u2019e-nominuam-dot-adin\/","og_locale":"en_US","og_type":"article","og_title":"S\u00e2\u20ac\u2122e nominuam dot Adin | Big Brother Albania 2","og_description":"Big Brother Albania 2 - Duke diskutuar me nj\u00c3\u00abri-tjetrin p\u00c3\u00abr banor\u00c3\u00abt e tjer\u00c3\u00ab, \u00e2\u20ac\u0153parazit\u00c3\u00ab\u00e2\u20ac\u009d, si\u00c3\u00a7 jan\u00c3\u00ab shprehur ata dhe duke qen\u00c3\u00ab t\u00c3\u00ab t\u00c3\u00ab nj\u00c3\u00abjtit mendim se Aida nuk donte ta shp\u00c3\u00abtonte Adin","og_url":"https:\/\/www.visit-ulcinj.com\/blog\/2009\/03\/17\/s\u2019e-nominuam-dot-adin\/","og_site_name":"Lajme nga Ulqini","article_published_time":"2009-03-17T10:57:30+00:00","og_image":[{"url":"http:\/\/www.visit-ulcinj.com\/blog\/wp-content\/uploads\/2009\/03\/qetsori-dhe-arjoni-15-copy.jpg"}],"twitter_misc":{"Written by":"ulqini","Est. reading time":"1 minute"},"schema":{"@context":"https:\/\/schema.org","@graph":[{"@type":"WebSite","@id":"https:\/\/www.visit-ulcinj.com\/blog\/#website","url":"https:\/\/www.visit-ulcinj.com\/blog\/","name":"Lajme nga Ulqini","description":"Lajme,Vijesti,Ulqini,Ulqin,Crna Gora,Mali i Zi","potentialAction":[{"@type":"SearchAction","target":{"@type":"EntryPoint","urlTemplate":"https:\/\/www.visit-ulcinj.com\/blog\/?s={search_term_string}"},"query-input":"required name=search_term_string"}],"inLanguage":"en-US"},{"@type":"ImageObject","inLanguage":"en-US","@id":"https:\/\/www.visit-ulcinj.com\/blog\/2009\/03\/17\/s%e2%80%99e-nominuam-dot-adin\/#primaryimage","url":"http:\/\/www.visit-ulcinj.com\/blog\/wp-content\/uploads\/2009\/03\/qetsori-dhe-arjoni-15-copy.jpg","contentUrl":"http:\/\/www.visit-ulcinj.com\/blog\/wp-content\/uploads\/2009\/03\/qetsori-dhe-arjoni-15-copy.jpg"},{"@type":"WebPage","@id":"https:\/\/www.visit-ulcinj.com\/blog\/2009\/03\/17\/s%e2%80%99e-nominuam-dot-adin\/#webpage","url":"https:\/\/www.visit-ulcinj.com\/blog\/2009\/03\/17\/s%e2%80%99e-nominuam-dot-adin\/","name":"S\u00e2\u20ac\u2122e nominuam dot Adin | Big Brother Albania 2","isPartOf":{"@id":"https:\/\/www.visit-ulcinj.com\/blog\/#website"},"primaryImageOfPage":{"@id":"https:\/\/www.visit-ulcinj.com\/blog\/2009\/03\/17\/s%e2%80%99e-nominuam-dot-adin\/#primaryimage"},"datePublished":"2009-03-17T10:57:30+00:00","dateModified":"2009-03-17T10:57:30+00:00","author":{"@id":"https:\/\/www.visit-ulcinj.com\/blog\/#\/schema\/person\/dcab619c614d3038751c63bc2aadc06d"},"description":"Big Brother Albania 2 - Duke diskutuar me nj\u00c3\u00abri-tjetrin p\u00c3\u00abr banor\u00c3\u00abt e tjer\u00c3\u00ab, \u00e2\u20ac\u0153parazit\u00c3\u00ab\u00e2\u20ac\u009d, si\u00c3\u00a7 jan\u00c3\u00ab shprehur ata dhe duke qen\u00c3\u00ab t\u00c3\u00ab t\u00c3\u00ab nj\u00c3\u00abjtit mendim se Aida nuk donte ta shp\u00c3\u00abtonte Adin","breadcrumb":{"@id":"https:\/\/www.visit-ulcinj.com\/blog\/2009\/03\/17\/s%e2%80%99e-nominuam-dot-adin\/#breadcrumb"},"inLanguage":"en-US","potentialAction":[{"@type":"ReadAction","target":["https:\/\/www.visit-ulcinj.com\/blog\/2009\/03\/17\/s%e2%80%99e-nominuam-dot-adin\/"]}]},{"@type":"BreadcrumbList","@id":"https:\/\/www.visit-ulcinj.com\/blog\/2009\/03\/17\/s%e2%80%99e-nominuam-dot-adin\/#breadcrumb","itemListElement":[{"@type":"ListItem","position":1,"name":"S\u2019e nominuam dot Adin"}]},{"@type":"Person","@id":"https:\/\/www.visit-ulcinj.com\/blog\/#\/schema\/person\/dcab619c614d3038751c63bc2aadc06d","name":"ulqini","sameAs":["http:\/\/www.visit-ulcinj.com"],"url":"https:\/\/www.visit-ulcinj.com\/blog\/author\/admin\/"}]}},"jetpack_featured_media_url":"","jetpack_sharing_enabled":true,"jetpack_shortlink":"https:\/\/wp.me\/pe6lTn-3KB","_links":{"self":[{"href":"https:\/\/www.visit-ulcinj.com\/blog\/wp-json\/wp\/v2\/posts\/14421"}],"collection":[{"href":"https:\/\/www.visit-ulcinj.com\/blog\/wp-json\/wp\/v2\/posts"}],"about":[{"href":"https:\/\/www.visit-ulcinj.com\/blog\/wp-json\/wp\/v2\/types\/post"}],"author":[{"embeddable":true,"href":"https:\/\/www.visit-ulcinj.com\/blog\/wp-json\/wp\/v2\/users\/1"}],"replies":[{"embeddable":true,"href":"https:\/\/www.visit-ulcinj.com\/blog\/wp-json\/wp\/v2\/comments?post=14421"}],"version-history":[{"count":0,"href":"https:\/\/www.visit-ulcinj.com\/blog\/wp-json\/wp\/v2\/posts\/14421\/revisions"}],"wp:attachment":[{"href":"https:\/\/www.visit-ulcinj.com\/blog\/wp-json\/wp\/v2\/media?parent=14421"}],"wp:term":[{"taxonomy":"category","embeddable":true,"href":"https:\/\/www.visit-ulcinj.com\/blog\/wp-json\/wp\/v2\/categories?post=14421"},{"taxonomy":"post_tag","embeddable":true,"href":"https:\/\/www.visit-ulcinj.com\/blog\/wp-json\/wp\/v2\/tags?post=14421"}],"curies":[{"name":"wp","href":"https:\/\/api.w.org\/{rel}","templated":true}]}}