{"id":1443,"date":"2008-04-28T14:58:08","date_gmt":"2008-04-28T19:58:08","guid":{"rendered":"http:\/\/www.visit-ulcinj.com\/blog\/?p=1443"},"modified":"2008-04-28T14:58:08","modified_gmt":"2008-04-28T19:58:08","slug":"prezentimi-i-vlerave-turistike-kerkon-qasje-profesionale","status":"publish","type":"post","link":"https:\/\/www.visit-ulcinj.com\/blog\/2008\/04\/28\/prezentimi-i-vlerave-turistike-kerkon-qasje-profesionale\/","title":{"rendered":"Prezentimi i vlerave turistike k\u00ebrkon qasje profesionale"},"content":{"rendered":"<p><a href=\"http:\/\/www.visit-ulcinj.com\/blog\/wp-content\/uploads\/2008\/02\/nail_draga.jpg\"><img loading=\"lazy\" class=\"alignleft attachment wp-att-663\" style=\"float: left;\" src=\"http:\/\/www.visit-ulcinj.com\/blog\/wp-content\/uploads\/2008\/02\/nail_draga.thumbnail.jpg\" alt=\"Nail_Draga\" width=\"165\" height=\"200\" \/><\/a><strong>KULTURA DHE TURIZMI<\/strong><br \/>\nN\u00eb ato mjedise ku turizmi \u00ebsht\u00eb veprimtari par\u00ebsore ekonomike subjektet p\u00ebrkat\u00ebse qoft\u00eb nga pushteti vendor apo ato private kujdes t\u00eb ve\u00e7ant\u00eb i kushtojn\u00eb propagand\u00ebs turistike duke botuar materiale t\u00eb ndryshme turistike qofshin t\u00eb shkruara apo elektronike. Prezentimi i tyre b\u00ebhet enkas n\u00eb takimet e ndryshme ku vend kryesor kan\u00eb panairet me \u00e7`rast b\u00ebhet prezentimi i ofert\u00ebs turistike te mjedisit p\u00ebrkat\u00ebs, duke ofruar vlerat ambientale dhe antropogjene klienteles turistike qe \u00ebsht\u00eb praktik\u00eb e \u00e7do qyteti apo mjedisi turistik.<\/p>\n<p><strong>1. Vlerat kulturore dhe klientela turistike<\/strong><\/p>\n<p>\u00cbsht\u00eb e njohur se turizmi si veprimtari shoq\u00ebrore \u00ebsht\u00eb shum\u00eb komplekse dhe kjo \u00e7\u00ebshtje \u00ebsht\u00eb trajtuar nga shum\u00eb aspekte nga studiues profileve t\u00eb ndryshme. N\u00eb k\u00ebt\u00eb aspekt vazhdimisht jan\u00eb trajtuar nd\u00ebrlidhjet e turizmit me kultur\u00ebn, duke theksuar se vlerat kulturore jan\u00eb nj\u00eb destinacion i ve\u00e7ant\u00eb p\u00ebr klientel\u00ebn turistike.<br \/>\nDihet se disa mjedise t\u00eb ndryshme kan\u00eb rritur imixhin e tyre turistik n\u00eb saje t\u00eb monument\u00ebve kulturore-historike. Nuk ka dilem\u00eb se n\u00eb qytetet e ndryshme ne k\u00ebt\u00eb aspekt p\u00ebrpar\u00ebsi kan\u00eb qytetet e vjetra, q\u00eb paraqesin atraksion t\u00eb ve\u00e7ant\u00eb kulturor dhe turistik.<a href=\"http:\/\/www.visit-ulcinj.com\/blog\/wp-content\/uploads\/2008\/04\/kalaja-e-ulqinit.jpg\"><img loading=\"lazy\" class=\"alignright attachment wp-att-1279\" style=\"float: right;\" src=\"http:\/\/www.visit-ulcinj.com\/blog\/wp-content\/uploads\/2008\/04\/kalaja-e-ulqinit.thumbnail.jpg\" alt=\"kalaja e ulqini2\" width=\"200\" height=\"150\" \/><\/a><br \/>\nNj\u00eb dukuri e till\u00eb \u00ebsht\u00eb e pranishme kudo n\u00eb bot\u00ebn bashk\u00ebkohore, sepse klientel\u00ebs turistike p\u00ebrve\u00e7 plazheve, ujit t\u00eb detit, natyr\u00ebs i intereson te defrehet duke shijuar edhe motivet antropogjene turistike te mjedisit p\u00ebrkat\u00ebs. N\u00eb k\u00ebt\u00eb aspekt nuk b\u00ebn p\u00ebrjashtim as qyteti i Ulqinit. Por, pyetja \u00ebsht\u00eb se sa i afrohen klientel\u00ebs turistike ne m\u00ebnyr\u00eb cil\u00ebsore vlerat ekzistuese kulturore t\u00eb k\u00ebtij mjedisi, dhe sa \u00ebsht\u00eb i angazhuar ne k\u00ebt\u00eb drejtim pushteti vendor dhe subjekt\u00ebt tjera te cilat merren me turiz\u00ebm.<\/p>\n<p><strong>2. Udh\u00ebrrefyesi i ri turistik nevoj\u00eb e koh\u00ebs<\/strong><\/p>\n<p><a href=\"http:\/\/www.visit-ulcinj.com\/blog\/wp-content\/uploads\/2008\/04\/kalaja_e_ulqinit_002.jpg\"><img loading=\"lazy\" class=\"alignleft attachment wp-att-1209\" style=\"float: left;\" src=\"http:\/\/www.visit-ulcinj.com\/blog\/wp-content\/uploads\/2008\/04\/kalaja_e_ulqinit_002-150x150.jpg\" alt=\"kalaja_e_ulqinit_002\" width=\"150\" height=\"150\" \/><\/a>Si m\u00eb par\u00eb edhe tash Kalaja vizitohet nga turist\u00eb te shumt\u00eb, qofshin vendas apo te huaj, kryesisht gjat\u00eb muajve te ver\u00ebs.Duke marr\u00eb paraysh se \u00e7do kush qe viziton nj\u00eb mjedis te caktuar aq me tep\u00ebr ate qe ka nj\u00eb te kaluar te bujshme historike dhe kulturore, d\u00ebshiron te ket\u00eb informacione te dor\u00ebs s\u00eb par\u00eb nga ekspert\u00eb t\u00eb fushave t\u00eb ndryshme. N\u00eb lidhje me k\u00ebt\u00eb \u00e7\u00ebshtje n\u00eb mjedise t\u00eb ndryshme angazhohen studiues t\u00eb fushave t\u00eb ndryshme dhe realizohen botime t\u00eb ve\u00e7anta.<br \/>\nN\u00eb ket\u00eb aspekt n\u00eb Komun\u00ebn e Ulqinit m\u00eb par\u00eb kur funksiononte Qendra Turistike e cila ishte ne kuad\u00ebr t\u00eb pushtetit vendor n\u00eb vitin 1989 \u00ebsht\u00eb botuar udh\u00ebrrefyesi turistik i botuar ne disa gjuh\u00eb duke p\u00ebrfshi edhe gjuh\u00ebn shqipe. Botimi dallohej me nj\u00eb p\u00ebrgatitje teknike dhe dizajn te p\u00ebrkryer i cili p\u00ebr koh\u00ebn qe \u00ebsht\u00eb botuar ishte botimi me ekskluziv i koh\u00ebs. Edhe pse k\u00ebti botimi mund t\u2019i b\u00ebhen v\u00ebrejtje sidomos an\u00ebs tekstuale duke marr\u00eb parasysh koh\u00ebn kur \u00ebsht\u00eb botuar ai ishte nj\u00eb botim me vler\u00eb te pakontestueshme.<br \/>\nDuke marr\u00eb parasysh se nga ajo koh\u00eb kan\u00eb kaluar af\u00ebr 20 vite dhe se ai botim \u00ebsht\u00eb vjetruar, nd\u00ebrsa tirazhi \u00ebsht\u00eb shitur n\u00eb t\u00ebr\u00ebsi, \u00ebsht\u00eb i nevojsh\u00ebm nj\u00eb botim tjet\u00ebr i plot\u00ebsuar sipas standard\u00ebve bashk\u00ebkohore. Pasi ne qytetet e ndryshme botimet e tilla botoh\u00ebn ne nj\u00eb tirazh t\u00eb lart\u00eb, apo ribotoh\u00ebn pothuaj \u00e7do tre-kat\u00ebr vite, \u00ebsht\u00eb e nevojshme qe Ulqini sa m\u00eb par\u00eb te ket\u00eb nj\u00eb botim te till\u00eb.<\/p>\n<p><strong>3. OTK &#8211; n\u00eb favor t\u00eb avancimit t\u00eb imazhit turistik<\/strong><\/p>\n<p>N\u00eb k\u00ebt\u00eb aspekt pasi ekziston nj\u00eb potencial kadrovik duhet t\u00eb ekzistoj\u00eb nj\u00eb koordinim i veprimtarive duke themeluar fillimisht K\u00ebshillin botues q\u00eb do t\u00eb jet\u00eb bart\u00ebs i k\u00ebti. projekti me vler\u00eb shum\u00ebdimensionale. Botimi kuptohet duhet te botohet p\u00ebrve\u00e7 se ne gjuh\u00ebn shqipe e malazeze edhe ne disa gjuh\u00eb te tjera si angleze, gjermane, italiane e franceze.<br \/>\nBart\u00ebs i k\u00ebtij projekti duhet t\u00eb jet\u00eb Organizata Turistike Komunale, nd\u00ebrsa sigurimi i mjeteve mund t\u00eb b\u00ebhet p\u00ebrmes buxhetit komunal, donator\u00ebve te ndrysh\u00ebm ne vend dhe bot\u00ebn e jashtme. Pasi OTK e Ulqinit p\u00ebrfundimisht \u00ebsht\u00eb themeluar muaj m\u00eb par\u00eb , mendoj se me rastin e fillimit t\u00eb pun\u00ebs s\u00eb saj, nj\u00eb nder veprimtarit\u00eb e para duhet t\u00eb jet\u00eb patjet\u00ebr botimi i udh\u00ebrrefyesit t\u00eb ri turistik. Me nj\u00eb veprim t\u00eb till\u00eb Ulqini do t\u00eb d\u00ebshmonte se nderon vlerat e p\u00ebrgjithshme turistike nga nj\u00ebra an\u00eb si dhe klientel\u00ebn turistike nga ana tjet\u00ebr e cila k\u00ebtu q\u00ebndron gjat\u00eb muajve t\u00eb ver\u00ebs, n\u00eb num\u00ebr t\u00eb konsideruesh\u00ebm.<br \/>\nI mbetet pra OTK-s\u00eb e po ashtu edhe ekzekutivit t\u00eb pushtetit vendor t\u00eb Ulqinit te angazhohet seriozisht ne k\u00ebt\u00eb drejtim, ne m\u00ebnyr\u00eb qe ne vitin e ardhsh\u00ebm ky botim te jet\u00eb ne qarkullim, si ne \u00e7do qytet tjet\u00ebr ku si veprimtari par\u00ebsore kan\u00eb turizmin, sepse vet\u00ebm ne k\u00ebt\u00eb m\u00ebnyr\u00eb avansohet imazhi turistik i \u00e7do mjedisi.<br \/>\n<strong> Nail Draga<br \/>\nKOHA JAVORE<\/strong><\/p>\n<!-- vimeo error: not a vimeo video -->\n","protected":false},"excerpt":{"rendered":"<p><img loading=\"lazy\" class=\"alignleft attachment wp-att-663\" style=\"float: left;\" src=\"http:\/\/www.visit-ulcinj.com\/blog\/wp-content\/uploads\/2008\/02\/nail_draga.thumbnail.jpg\" alt=\"Nail_Draga\" width=\"140\" height=\"140\" \/><\/p>\n","protected":false},"author":1,"featured_media":0,"comment_status":"open","ping_status":"closed","sticky":false,"template":"","format":"standard","meta":{"spay_email":"","jetpack_publicize_message":"","jetpack_is_tweetstorm":false,"jetpack_publicize_feature_enabled":true},"categories":[8],"tags":[1939,310,2861,318,2860,2797],"jetpack_publicize_connections":[],"yoast_head":"<!-- This site is optimized with the Yoast SEO plugin v19.1 - https:\/\/yoast.com\/wordpress\/plugins\/seo\/ -->\n<title>Prezentimi i vlerave turistike k\u00ebrkon qasje profesionale - Lajme nga Ulqini<\/title>\n<meta name=\"robots\" content=\"index, follow, max-snippet:-1, max-image-preview:large, max-video-preview:-1\" \/>\n<link rel=\"canonical\" href=\"https:\/\/www.visit-ulcinj.com\/blog\/2008\/04\/28\/prezentimi-i-vlerave-turistike-kerkon-qasje-profesionale\/\" \/>\n<meta property=\"og:locale\" content=\"en_US\" \/>\n<meta property=\"og:type\" content=\"article\" \/>\n<meta property=\"og:title\" content=\"Prezentimi i vlerave turistike k\u00ebrkon qasje profesionale - Lajme nga Ulqini\" \/>\n<meta property=\"og:url\" content=\"https:\/\/www.visit-ulcinj.com\/blog\/2008\/04\/28\/prezentimi-i-vlerave-turistike-kerkon-qasje-profesionale\/\" \/>\n<meta property=\"og:site_name\" content=\"Lajme nga Ulqini\" \/>\n<meta property=\"article:published_time\" content=\"2008-04-28T19:58:08+00:00\" \/>\n<meta property=\"og:image\" content=\"http:\/\/www.visit-ulcinj.com\/blog\/wp-content\/uploads\/2008\/02\/nail_draga.thumbnail.jpg\" \/>\n<meta name=\"twitter:label1\" content=\"Written by\" \/>\n\t<meta name=\"twitter:data1\" content=\"ulqini\" \/>\n\t<meta name=\"twitter:label2\" content=\"Est. reading time\" \/>\n\t<meta name=\"twitter:data2\" content=\"4 minutes\" \/>\n<script type=\"application\/ld+json\" class=\"yoast-schema-graph\">{\"@context\":\"https:\/\/schema.org\",\"@graph\":[{\"@type\":\"WebSite\",\"@id\":\"https:\/\/www.visit-ulcinj.com\/blog\/#website\",\"url\":\"https:\/\/www.visit-ulcinj.com\/blog\/\",\"name\":\"Lajme nga Ulqini\",\"description\":\"Lajme,Vijesti,Ulqini,Ulqin,Crna Gora,Mali i Zi\",\"potentialAction\":[{\"@type\":\"SearchAction\",\"target\":{\"@type\":\"EntryPoint\",\"urlTemplate\":\"https:\/\/www.visit-ulcinj.com\/blog\/?s={search_term_string}\"},\"query-input\":\"required name=search_term_string\"}],\"inLanguage\":\"en-US\"},{\"@type\":\"ImageObject\",\"inLanguage\":\"en-US\",\"@id\":\"https:\/\/www.visit-ulcinj.com\/blog\/2008\/04\/28\/prezentimi-i-vlerave-turistike-kerkon-qasje-profesionale\/#primaryimage\",\"url\":\"http:\/\/www.visit-ulcinj.com\/blog\/wp-content\/uploads\/2008\/02\/nail_draga.thumbnail.jpg\",\"contentUrl\":\"http:\/\/www.visit-ulcinj.com\/blog\/wp-content\/uploads\/2008\/02\/nail_draga.thumbnail.jpg\"},{\"@type\":\"WebPage\",\"@id\":\"https:\/\/www.visit-ulcinj.com\/blog\/2008\/04\/28\/prezentimi-i-vlerave-turistike-kerkon-qasje-profesionale\/#webpage\",\"url\":\"https:\/\/www.visit-ulcinj.com\/blog\/2008\/04\/28\/prezentimi-i-vlerave-turistike-kerkon-qasje-profesionale\/\",\"name\":\"Prezentimi i vlerave turistike k\u00ebrkon qasje profesionale - Lajme nga Ulqini\",\"isPartOf\":{\"@id\":\"https:\/\/www.visit-ulcinj.com\/blog\/#website\"},\"primaryImageOfPage\":{\"@id\":\"https:\/\/www.visit-ulcinj.com\/blog\/2008\/04\/28\/prezentimi-i-vlerave-turistike-kerkon-qasje-profesionale\/#primaryimage\"},\"datePublished\":\"2008-04-28T19:58:08+00:00\",\"dateModified\":\"2008-04-28T19:58:08+00:00\",\"author\":{\"@id\":\"https:\/\/www.visit-ulcinj.com\/blog\/#\/schema\/person\/dcab619c614d3038751c63bc2aadc06d\"},\"breadcrumb\":{\"@id\":\"https:\/\/www.visit-ulcinj.com\/blog\/2008\/04\/28\/prezentimi-i-vlerave-turistike-kerkon-qasje-profesionale\/#breadcrumb\"},\"inLanguage\":\"en-US\",\"potentialAction\":[{\"@type\":\"ReadAction\",\"target\":[\"https:\/\/www.visit-ulcinj.com\/blog\/2008\/04\/28\/prezentimi-i-vlerave-turistike-kerkon-qasje-profesionale\/\"]}]},{\"@type\":\"BreadcrumbList\",\"@id\":\"https:\/\/www.visit-ulcinj.com\/blog\/2008\/04\/28\/prezentimi-i-vlerave-turistike-kerkon-qasje-profesionale\/#breadcrumb\",\"itemListElement\":[{\"@type\":\"ListItem\",\"position\":1,\"name\":\"Prezentimi i vlerave turistike k\u00ebrkon qasje profesionale\"}]},{\"@type\":\"Person\",\"@id\":\"https:\/\/www.visit-ulcinj.com\/blog\/#\/schema\/person\/dcab619c614d3038751c63bc2aadc06d\",\"name\":\"ulqini\",\"sameAs\":[\"http:\/\/www.visit-ulcinj.com\"],\"url\":\"https:\/\/www.visit-ulcinj.com\/blog\/author\/admin\/\"}]}<\/script>\n<!-- \/ Yoast SEO plugin. -->","yoast_head_json":{"title":"Prezentimi i vlerave turistike k\u00ebrkon qasje profesionale - Lajme nga Ulqini","robots":{"index":"index","follow":"follow","max-snippet":"max-snippet:-1","max-image-preview":"max-image-preview:large","max-video-preview":"max-video-preview:-1"},"canonical":"https:\/\/www.visit-ulcinj.com\/blog\/2008\/04\/28\/prezentimi-i-vlerave-turistike-kerkon-qasje-profesionale\/","og_locale":"en_US","og_type":"article","og_title":"Prezentimi i vlerave turistike k\u00ebrkon qasje profesionale - Lajme nga Ulqini","og_url":"https:\/\/www.visit-ulcinj.com\/blog\/2008\/04\/28\/prezentimi-i-vlerave-turistike-kerkon-qasje-profesionale\/","og_site_name":"Lajme nga Ulqini","article_published_time":"2008-04-28T19:58:08+00:00","og_image":[{"url":"http:\/\/www.visit-ulcinj.com\/blog\/wp-content\/uploads\/2008\/02\/nail_draga.thumbnail.jpg"}],"twitter_misc":{"Written by":"ulqini","Est. reading time":"4 minutes"},"schema":{"@context":"https:\/\/schema.org","@graph":[{"@type":"WebSite","@id":"https:\/\/www.visit-ulcinj.com\/blog\/#website","url":"https:\/\/www.visit-ulcinj.com\/blog\/","name":"Lajme nga Ulqini","description":"Lajme,Vijesti,Ulqini,Ulqin,Crna Gora,Mali i Zi","potentialAction":[{"@type":"SearchAction","target":{"@type":"EntryPoint","urlTemplate":"https:\/\/www.visit-ulcinj.com\/blog\/?s={search_term_string}"},"query-input":"required name=search_term_string"}],"inLanguage":"en-US"},{"@type":"ImageObject","inLanguage":"en-US","@id":"https:\/\/www.visit-ulcinj.com\/blog\/2008\/04\/28\/prezentimi-i-vlerave-turistike-kerkon-qasje-profesionale\/#primaryimage","url":"http:\/\/www.visit-ulcinj.com\/blog\/wp-content\/uploads\/2008\/02\/nail_draga.thumbnail.jpg","contentUrl":"http:\/\/www.visit-ulcinj.com\/blog\/wp-content\/uploads\/2008\/02\/nail_draga.thumbnail.jpg"},{"@type":"WebPage","@id":"https:\/\/www.visit-ulcinj.com\/blog\/2008\/04\/28\/prezentimi-i-vlerave-turistike-kerkon-qasje-profesionale\/#webpage","url":"https:\/\/www.visit-ulcinj.com\/blog\/2008\/04\/28\/prezentimi-i-vlerave-turistike-kerkon-qasje-profesionale\/","name":"Prezentimi i vlerave turistike k\u00ebrkon qasje profesionale - Lajme nga Ulqini","isPartOf":{"@id":"https:\/\/www.visit-ulcinj.com\/blog\/#website"},"primaryImageOfPage":{"@id":"https:\/\/www.visit-ulcinj.com\/blog\/2008\/04\/28\/prezentimi-i-vlerave-turistike-kerkon-qasje-profesionale\/#primaryimage"},"datePublished":"2008-04-28T19:58:08+00:00","dateModified":"2008-04-28T19:58:08+00:00","author":{"@id":"https:\/\/www.visit-ulcinj.com\/blog\/#\/schema\/person\/dcab619c614d3038751c63bc2aadc06d"},"breadcrumb":{"@id":"https:\/\/www.visit-ulcinj.com\/blog\/2008\/04\/28\/prezentimi-i-vlerave-turistike-kerkon-qasje-profesionale\/#breadcrumb"},"inLanguage":"en-US","potentialAction":[{"@type":"ReadAction","target":["https:\/\/www.visit-ulcinj.com\/blog\/2008\/04\/28\/prezentimi-i-vlerave-turistike-kerkon-qasje-profesionale\/"]}]},{"@type":"BreadcrumbList","@id":"https:\/\/www.visit-ulcinj.com\/blog\/2008\/04\/28\/prezentimi-i-vlerave-turistike-kerkon-qasje-profesionale\/#breadcrumb","itemListElement":[{"@type":"ListItem","position":1,"name":"Prezentimi i vlerave turistike k\u00ebrkon qasje profesionale"}]},{"@type":"Person","@id":"https:\/\/www.visit-ulcinj.com\/blog\/#\/schema\/person\/dcab619c614d3038751c63bc2aadc06d","name":"ulqini","sameAs":["http:\/\/www.visit-ulcinj.com"],"url":"https:\/\/www.visit-ulcinj.com\/blog\/author\/admin\/"}]}},"jetpack_featured_media_url":"","jetpack_sharing_enabled":true,"jetpack_shortlink":"https:\/\/wp.me\/pe6lTn-nh","_links":{"self":[{"href":"https:\/\/www.visit-ulcinj.com\/blog\/wp-json\/wp\/v2\/posts\/1443"}],"collection":[{"href":"https:\/\/www.visit-ulcinj.com\/blog\/wp-json\/wp\/v2\/posts"}],"about":[{"href":"https:\/\/www.visit-ulcinj.com\/blog\/wp-json\/wp\/v2\/types\/post"}],"author":[{"embeddable":true,"href":"https:\/\/www.visit-ulcinj.com\/blog\/wp-json\/wp\/v2\/users\/1"}],"replies":[{"embeddable":true,"href":"https:\/\/www.visit-ulcinj.com\/blog\/wp-json\/wp\/v2\/comments?post=1443"}],"version-history":[{"count":0,"href":"https:\/\/www.visit-ulcinj.com\/blog\/wp-json\/wp\/v2\/posts\/1443\/revisions"}],"wp:attachment":[{"href":"https:\/\/www.visit-ulcinj.com\/blog\/wp-json\/wp\/v2\/media?parent=1443"}],"wp:term":[{"taxonomy":"category","embeddable":true,"href":"https:\/\/www.visit-ulcinj.com\/blog\/wp-json\/wp\/v2\/categories?post=1443"},{"taxonomy":"post_tag","embeddable":true,"href":"https:\/\/www.visit-ulcinj.com\/blog\/wp-json\/wp\/v2\/tags?post=1443"}],"curies":[{"name":"wp","href":"https:\/\/api.w.org\/{rel}","templated":true}]}}