{"id":14430,"date":"2009-03-17T12:58:29","date_gmt":"2009-03-17T11:58:29","guid":{"rendered":"http:\/\/www.visit-ulcinj.com\/blog\/?p=14430"},"modified":"2009-03-17T12:58:29","modified_gmt":"2009-03-17T11:58:29","slug":"aida-bjordi-rri-larg","status":"publish","type":"post","link":"https:\/\/www.visit-ulcinj.com\/blog\/2009\/03\/17\/aida-bjordi-rri-larg\/","title":{"rendered":"Aida: Bjordi rri larg"},"content":{"rendered":"<p><em><span class=\"newsdate\"><a href=\"http:\/\/www.visit-ulcinj.com\/blog\/wp-content\/uploads\/2009\/03\/aidabjordi-1.jpg\"><img loading=\"lazy\" class=\"alignleft size-full wp-image-14431\" title=\"aidabjordi-big-brother-albania-2\" src=\"http:\/\/www.visit-ulcinj.com\/blog\/wp-content\/uploads\/2009\/03\/aidabjordi-1.jpg\" alt=\"aidabjordi-big-brother-albania-2\" width=\"300\" height=\"205\" \/><\/a>15\/03\/09 13:55<\/span><\/em><\/p>\n<p>Aida ngacmon Bjordin dhe Adin dhe i thot\u00eb q\u00eb ata duhet t\u00eb krijojn\u00eb pak konflikt me t\u00eb tjer\u00ebt sepse k\u00ebshtu kan\u00eb p\u00ebr t\u00eb shjkuar drejt e n\u00eb finale nd\u00ebrsa t\u00eb tjer\u00ebt ngel\u00ebn duke nominuar njeri-tjetrin duke dal\u00eb gjithmon\u00eb n\u00eb nominim. Edhe Mesida thot\u00eb po t\u00eb nj\u00ebjt\u00ebn gj\u00eb kurse Bjordi thot\u00eb se nuk ka pse t\u00eb krijoj\u00eb konflikte kot kur ai b\u00ebn at\u00eb q\u00eb ndjen. Ai thot\u00eb se asnj\u00eb nuk ka konflikt me t\u00eb. Mesida i thot\u00eb se ai nuk ka asnj\u00eb konflikt sepse nuk e ka b\u00ebr\u00eb veten p\u00ebr t\u2019u konfliktuar me t\u00eb tjer\u00ebt. Aida shton se Bjordi tani po del sepse gjith\u00eb koh\u00ebn rri me Adel\u00ebn ose vet\u00ebm i m\u00ebrzitur. Adela e kund\u00ebrshton se ai nuk rri vet\u00ebm me t\u00eb por rri dhe me t\u00eb tjer\u00eb ose n\u00eb t\u00eb kund\u00ebrt mund t\u00eb rrij\u00eb n\u00eb sallon por rri pa folur. Mesida thot\u00eb se edhe n\u00ebse rri n\u00eb sallon me ta, si ajo edhe Bjordi rrin\u00eb vec nga t\u00eb tjer\u00ebt. Adela nuk e mohon k\u00ebt\u00eb fakt por thot\u00eb se ai nuk rri vet\u00ebm me t\u00eb por edhe me persona t\u00eb tjer\u00eb. Bjordi thot\u00eb se ai nuk ka ndryshuar sjellje, \u00ebsht\u00eb po ai q\u00eb ka qen\u00eb dhe n\u00eb fillim. Ai thot\u00eb se k\u00ebshtu duan ta shohin se ai kalon koh\u00eb edhe me t\u00eb tjer\u00eb. Bjordi u kerkon t\u00eb tjer\u00ebve q\u00eb edhe ata t\u00eb vijn\u00eb e t\u00eb flasin me t\u00eb e jo t\u00eb jet\u00eb vet\u00ebm ai q\u00eb ta b\u00ebj\u00eb k\u00ebt\u00eb gj\u00eb. Si Aida edhe Mesida i thon\u00eb se jan\u00eb munduar por, ai largohet. Aida dhe Bjordi fillojn\u00eb t\u00eb diskutojn\u00eb p\u00ebr nj\u00eb rast t\u00eb ngjash\u00ebm dhe secili mundohet t\u00eb spjegoj\u00eb reagimin e tij.<\/p>\n","protected":false},"excerpt":{"rendered":"<p>15\/03\/09 13:55 Aida ngacmon Bjordin dhe Adin dhe i thot\u00eb q\u00eb ata duhet t\u00eb krijojn\u00eb pak konflikt me t\u00eb tjer\u00ebt sepse k\u00ebshtu kan\u00eb p\u00ebr t\u00eb shjkuar drejt e n\u00eb finale nd\u00ebrsa t\u00eb tjer\u00ebt ngel\u00ebn duke nominuar njeri-tjetrin duke dal\u00eb gjithmon\u00eb n\u00eb nominim. Edhe Mesida thot\u00eb po t\u00eb nj\u00ebjt\u00ebn gj\u00eb kurse Bjordi thot\u00eb se nuk ka [&hellip;]<\/p>\n","protected":false},"author":1,"featured_media":0,"comment_status":"open","ping_status":"closed","sticky":false,"template":"","format":"standard","meta":{"spay_email":"","jetpack_publicize_message":"","jetpack_is_tweetstorm":false,"jetpack_publicize_feature_enabled":true},"categories":[6502],"tags":[6529,6537,5057,6506,6516,6712,7129,6522,8048,6891,6693,6887],"jetpack_publicize_connections":[],"yoast_head":"<!-- This site is optimized with the Yoast SEO plugin v19.1 - https:\/\/yoast.com\/wordpress\/plugins\/seo\/ -->\n<title>Aida: Bjordi rri larg | Big Brother Albania 2<\/title>\n<meta name=\"description\" content=\"Big Brother Albania 2 - Aida ngacmon Bjordin dhe Adin dhe i thot\u00c3\u00ab q\u00c3\u00ab ata duhet t\u00c3\u00ab krijojn\u00c3\u00ab pak konflikt me t\u00c3\u00ab tjer\u00c3\u00abt sepse k\u00c3\u00abshtu kan\u00c3\u00ab p\u00c3\u00abr t\u00c3\u00ab shjkuar drejt e n\u00c3\u00ab finale nd\u00c3\u00abrsa t\u00c3\u00ab tjer\u00c3\u00abt ngel\u00c3\u00abn duke nominuar njeri-tjetrin duke dal\u00c3\u00ab gjithmon\u00c3\u00ab n\u00c3\u00ab nominim.\" \/>\n<meta name=\"robots\" content=\"index, follow, max-snippet:-1, max-image-preview:large, max-video-preview:-1\" \/>\n<link rel=\"canonical\" href=\"https:\/\/www.visit-ulcinj.com\/blog\/2009\/03\/17\/aida-bjordi-rri-larg\/\" \/>\n<meta property=\"og:locale\" content=\"en_US\" \/>\n<meta property=\"og:type\" content=\"article\" \/>\n<meta property=\"og:title\" content=\"Aida: Bjordi rri larg | Big Brother Albania 2\" \/>\n<meta property=\"og:description\" content=\"Big Brother Albania 2 - Aida ngacmon Bjordin dhe Adin dhe i thot\u00c3\u00ab q\u00c3\u00ab ata duhet t\u00c3\u00ab krijojn\u00c3\u00ab pak konflikt me t\u00c3\u00ab tjer\u00c3\u00abt sepse k\u00c3\u00abshtu kan\u00c3\u00ab p\u00c3\u00abr t\u00c3\u00ab shjkuar drejt e n\u00c3\u00ab finale nd\u00c3\u00abrsa t\u00c3\u00ab tjer\u00c3\u00abt ngel\u00c3\u00abn duke nominuar njeri-tjetrin duke dal\u00c3\u00ab gjithmon\u00c3\u00ab n\u00c3\u00ab nominim.\" \/>\n<meta property=\"og:url\" content=\"https:\/\/www.visit-ulcinj.com\/blog\/2009\/03\/17\/aida-bjordi-rri-larg\/\" \/>\n<meta property=\"og:site_name\" content=\"Lajme nga Ulqini\" \/>\n<meta property=\"article:published_time\" content=\"2009-03-17T11:58:29+00:00\" \/>\n<meta property=\"og:image\" content=\"http:\/\/www.visit-ulcinj.com\/blog\/wp-content\/uploads\/2009\/03\/aidabjordi-1.jpg\" \/>\n<meta name=\"twitter:label1\" content=\"Written by\" \/>\n\t<meta name=\"twitter:data1\" content=\"ulqini\" \/>\n\t<meta name=\"twitter:label2\" content=\"Est. reading time\" \/>\n\t<meta name=\"twitter:data2\" content=\"2 minutes\" \/>\n<script type=\"application\/ld+json\" class=\"yoast-schema-graph\">{\"@context\":\"https:\/\/schema.org\",\"@graph\":[{\"@type\":\"WebSite\",\"@id\":\"https:\/\/www.visit-ulcinj.com\/blog\/#website\",\"url\":\"https:\/\/www.visit-ulcinj.com\/blog\/\",\"name\":\"Lajme nga Ulqini\",\"description\":\"Lajme,Vijesti,Ulqini,Ulqin,Crna Gora,Mali i Zi\",\"potentialAction\":[{\"@type\":\"SearchAction\",\"target\":{\"@type\":\"EntryPoint\",\"urlTemplate\":\"https:\/\/www.visit-ulcinj.com\/blog\/?s={search_term_string}\"},\"query-input\":\"required name=search_term_string\"}],\"inLanguage\":\"en-US\"},{\"@type\":\"ImageObject\",\"inLanguage\":\"en-US\",\"@id\":\"https:\/\/www.visit-ulcinj.com\/blog\/2009\/03\/17\/aida-bjordi-rri-larg\/#primaryimage\",\"url\":\"http:\/\/www.visit-ulcinj.com\/blog\/wp-content\/uploads\/2009\/03\/aidabjordi-1.jpg\",\"contentUrl\":\"http:\/\/www.visit-ulcinj.com\/blog\/wp-content\/uploads\/2009\/03\/aidabjordi-1.jpg\"},{\"@type\":\"WebPage\",\"@id\":\"https:\/\/www.visit-ulcinj.com\/blog\/2009\/03\/17\/aida-bjordi-rri-larg\/#webpage\",\"url\":\"https:\/\/www.visit-ulcinj.com\/blog\/2009\/03\/17\/aida-bjordi-rri-larg\/\",\"name\":\"Aida: Bjordi rri larg | Big Brother Albania 2\",\"isPartOf\":{\"@id\":\"https:\/\/www.visit-ulcinj.com\/blog\/#website\"},\"primaryImageOfPage\":{\"@id\":\"https:\/\/www.visit-ulcinj.com\/blog\/2009\/03\/17\/aida-bjordi-rri-larg\/#primaryimage\"},\"datePublished\":\"2009-03-17T11:58:29+00:00\",\"dateModified\":\"2009-03-17T11:58:29+00:00\",\"author\":{\"@id\":\"https:\/\/www.visit-ulcinj.com\/blog\/#\/schema\/person\/dcab619c614d3038751c63bc2aadc06d\"},\"description\":\"Big Brother Albania 2 - Aida ngacmon Bjordin dhe Adin dhe i thot\u00c3\u00ab q\u00c3\u00ab ata duhet t\u00c3\u00ab krijojn\u00c3\u00ab pak konflikt me t\u00c3\u00ab tjer\u00c3\u00abt sepse k\u00c3\u00abshtu kan\u00c3\u00ab p\u00c3\u00abr t\u00c3\u00ab shjkuar drejt e n\u00c3\u00ab finale nd\u00c3\u00abrsa t\u00c3\u00ab tjer\u00c3\u00abt ngel\u00c3\u00abn duke nominuar njeri-tjetrin duke dal\u00c3\u00ab gjithmon\u00c3\u00ab n\u00c3\u00ab nominim.\",\"breadcrumb\":{\"@id\":\"https:\/\/www.visit-ulcinj.com\/blog\/2009\/03\/17\/aida-bjordi-rri-larg\/#breadcrumb\"},\"inLanguage\":\"en-US\",\"potentialAction\":[{\"@type\":\"ReadAction\",\"target\":[\"https:\/\/www.visit-ulcinj.com\/blog\/2009\/03\/17\/aida-bjordi-rri-larg\/\"]}]},{\"@type\":\"BreadcrumbList\",\"@id\":\"https:\/\/www.visit-ulcinj.com\/blog\/2009\/03\/17\/aida-bjordi-rri-larg\/#breadcrumb\",\"itemListElement\":[{\"@type\":\"ListItem\",\"position\":1,\"name\":\"Aida: Bjordi rri larg\"}]},{\"@type\":\"Person\",\"@id\":\"https:\/\/www.visit-ulcinj.com\/blog\/#\/schema\/person\/dcab619c614d3038751c63bc2aadc06d\",\"name\":\"ulqini\",\"sameAs\":[\"http:\/\/www.visit-ulcinj.com\"],\"url\":\"https:\/\/www.visit-ulcinj.com\/blog\/author\/admin\/\"}]}<\/script>\n<!-- \/ Yoast SEO plugin. -->","yoast_head_json":{"title":"Aida: Bjordi rri larg | Big Brother Albania 2","description":"Big Brother Albania 2 - Aida ngacmon Bjordin dhe Adin dhe i thot\u00c3\u00ab q\u00c3\u00ab ata duhet t\u00c3\u00ab krijojn\u00c3\u00ab pak konflikt me t\u00c3\u00ab tjer\u00c3\u00abt sepse k\u00c3\u00abshtu kan\u00c3\u00ab p\u00c3\u00abr t\u00c3\u00ab shjkuar drejt e n\u00c3\u00ab finale nd\u00c3\u00abrsa t\u00c3\u00ab tjer\u00c3\u00abt ngel\u00c3\u00abn duke nominuar njeri-tjetrin duke dal\u00c3\u00ab gjithmon\u00c3\u00ab n\u00c3\u00ab nominim.","robots":{"index":"index","follow":"follow","max-snippet":"max-snippet:-1","max-image-preview":"max-image-preview:large","max-video-preview":"max-video-preview:-1"},"canonical":"https:\/\/www.visit-ulcinj.com\/blog\/2009\/03\/17\/aida-bjordi-rri-larg\/","og_locale":"en_US","og_type":"article","og_title":"Aida: Bjordi rri larg | Big Brother Albania 2","og_description":"Big Brother Albania 2 - Aida ngacmon Bjordin dhe Adin dhe i thot\u00c3\u00ab q\u00c3\u00ab ata duhet t\u00c3\u00ab krijojn\u00c3\u00ab pak konflikt me t\u00c3\u00ab tjer\u00c3\u00abt sepse k\u00c3\u00abshtu kan\u00c3\u00ab p\u00c3\u00abr t\u00c3\u00ab shjkuar drejt e n\u00c3\u00ab finale nd\u00c3\u00abrsa t\u00c3\u00ab tjer\u00c3\u00abt ngel\u00c3\u00abn duke nominuar njeri-tjetrin duke dal\u00c3\u00ab gjithmon\u00c3\u00ab n\u00c3\u00ab nominim.","og_url":"https:\/\/www.visit-ulcinj.com\/blog\/2009\/03\/17\/aida-bjordi-rri-larg\/","og_site_name":"Lajme nga Ulqini","article_published_time":"2009-03-17T11:58:29+00:00","og_image":[{"url":"http:\/\/www.visit-ulcinj.com\/blog\/wp-content\/uploads\/2009\/03\/aidabjordi-1.jpg"}],"twitter_misc":{"Written by":"ulqini","Est. reading time":"2 minutes"},"schema":{"@context":"https:\/\/schema.org","@graph":[{"@type":"WebSite","@id":"https:\/\/www.visit-ulcinj.com\/blog\/#website","url":"https:\/\/www.visit-ulcinj.com\/blog\/","name":"Lajme nga Ulqini","description":"Lajme,Vijesti,Ulqini,Ulqin,Crna Gora,Mali i Zi","potentialAction":[{"@type":"SearchAction","target":{"@type":"EntryPoint","urlTemplate":"https:\/\/www.visit-ulcinj.com\/blog\/?s={search_term_string}"},"query-input":"required name=search_term_string"}],"inLanguage":"en-US"},{"@type":"ImageObject","inLanguage":"en-US","@id":"https:\/\/www.visit-ulcinj.com\/blog\/2009\/03\/17\/aida-bjordi-rri-larg\/#primaryimage","url":"http:\/\/www.visit-ulcinj.com\/blog\/wp-content\/uploads\/2009\/03\/aidabjordi-1.jpg","contentUrl":"http:\/\/www.visit-ulcinj.com\/blog\/wp-content\/uploads\/2009\/03\/aidabjordi-1.jpg"},{"@type":"WebPage","@id":"https:\/\/www.visit-ulcinj.com\/blog\/2009\/03\/17\/aida-bjordi-rri-larg\/#webpage","url":"https:\/\/www.visit-ulcinj.com\/blog\/2009\/03\/17\/aida-bjordi-rri-larg\/","name":"Aida: Bjordi rri larg | Big Brother Albania 2","isPartOf":{"@id":"https:\/\/www.visit-ulcinj.com\/blog\/#website"},"primaryImageOfPage":{"@id":"https:\/\/www.visit-ulcinj.com\/blog\/2009\/03\/17\/aida-bjordi-rri-larg\/#primaryimage"},"datePublished":"2009-03-17T11:58:29+00:00","dateModified":"2009-03-17T11:58:29+00:00","author":{"@id":"https:\/\/www.visit-ulcinj.com\/blog\/#\/schema\/person\/dcab619c614d3038751c63bc2aadc06d"},"description":"Big Brother Albania 2 - Aida ngacmon Bjordin dhe Adin dhe i thot\u00c3\u00ab q\u00c3\u00ab ata duhet t\u00c3\u00ab krijojn\u00c3\u00ab pak konflikt me t\u00c3\u00ab tjer\u00c3\u00abt sepse k\u00c3\u00abshtu kan\u00c3\u00ab p\u00c3\u00abr t\u00c3\u00ab shjkuar drejt e n\u00c3\u00ab finale nd\u00c3\u00abrsa t\u00c3\u00ab tjer\u00c3\u00abt ngel\u00c3\u00abn duke nominuar njeri-tjetrin duke dal\u00c3\u00ab gjithmon\u00c3\u00ab n\u00c3\u00ab nominim.","breadcrumb":{"@id":"https:\/\/www.visit-ulcinj.com\/blog\/2009\/03\/17\/aida-bjordi-rri-larg\/#breadcrumb"},"inLanguage":"en-US","potentialAction":[{"@type":"ReadAction","target":["https:\/\/www.visit-ulcinj.com\/blog\/2009\/03\/17\/aida-bjordi-rri-larg\/"]}]},{"@type":"BreadcrumbList","@id":"https:\/\/www.visit-ulcinj.com\/blog\/2009\/03\/17\/aida-bjordi-rri-larg\/#breadcrumb","itemListElement":[{"@type":"ListItem","position":1,"name":"Aida: Bjordi rri larg"}]},{"@type":"Person","@id":"https:\/\/www.visit-ulcinj.com\/blog\/#\/schema\/person\/dcab619c614d3038751c63bc2aadc06d","name":"ulqini","sameAs":["http:\/\/www.visit-ulcinj.com"],"url":"https:\/\/www.visit-ulcinj.com\/blog\/author\/admin\/"}]}},"jetpack_featured_media_url":"","jetpack_sharing_enabled":true,"jetpack_shortlink":"https:\/\/wp.me\/pe6lTn-3KK","_links":{"self":[{"href":"https:\/\/www.visit-ulcinj.com\/blog\/wp-json\/wp\/v2\/posts\/14430"}],"collection":[{"href":"https:\/\/www.visit-ulcinj.com\/blog\/wp-json\/wp\/v2\/posts"}],"about":[{"href":"https:\/\/www.visit-ulcinj.com\/blog\/wp-json\/wp\/v2\/types\/post"}],"author":[{"embeddable":true,"href":"https:\/\/www.visit-ulcinj.com\/blog\/wp-json\/wp\/v2\/users\/1"}],"replies":[{"embeddable":true,"href":"https:\/\/www.visit-ulcinj.com\/blog\/wp-json\/wp\/v2\/comments?post=14430"}],"version-history":[{"count":0,"href":"https:\/\/www.visit-ulcinj.com\/blog\/wp-json\/wp\/v2\/posts\/14430\/revisions"}],"wp:attachment":[{"href":"https:\/\/www.visit-ulcinj.com\/blog\/wp-json\/wp\/v2\/media?parent=14430"}],"wp:term":[{"taxonomy":"category","embeddable":true,"href":"https:\/\/www.visit-ulcinj.com\/blog\/wp-json\/wp\/v2\/categories?post=14430"},{"taxonomy":"post_tag","embeddable":true,"href":"https:\/\/www.visit-ulcinj.com\/blog\/wp-json\/wp\/v2\/tags?post=14430"}],"curies":[{"name":"wp","href":"https:\/\/api.w.org\/{rel}","templated":true}]}}