{"id":14433,"date":"2009-03-17T13:01:31","date_gmt":"2009-03-17T12:01:31","guid":{"rendered":"http:\/\/www.visit-ulcinj.com\/blog\/?p=14433"},"modified":"2009-03-17T13:01:31","modified_gmt":"2009-03-17T12:01:31","slug":"mesida-lirita-adela-ndjehemi-me-rehat-sot","status":"publish","type":"post","link":"https:\/\/www.visit-ulcinj.com\/blog\/2009\/03\/17\/mesida-lirita-adela-ndjehemi-me-rehat-sot\/","title":{"rendered":"Mesida, Lirita, Adela &#8211; Ndjehemi m\u00eb rehat sot"},"content":{"rendered":"<p><em><span class=\"newsdate\"><a href=\"http:\/\/www.visit-ulcinj.com\/blog\/wp-content\/uploads\/2009\/03\/adelaliritamesi.jpg\"><img loading=\"lazy\" class=\"alignleft size-full wp-image-14434\" title=\"adelaliritamesi\" src=\"http:\/\/www.visit-ulcinj.com\/blog\/wp-content\/uploads\/2009\/03\/adelaliritamesi.jpg\" alt=\"adelaliritamesi\" width=\"300\" height=\"205\" \/><\/a>15\/03\/09 15:40<\/span><\/em><\/p>\n<p>Mesida, Lirita dhe Adelajda bisedojn\u00eb p\u00ebr nominimet e k\u00ebsaj radhe. Mesida thot\u00eb se ka frik\u00eb se do dal\u00eb ajo k\u00ebt her\u00eb. Ajo thot\u00eb se mbr\u00ebm\u00eb nuk donte q\u00eb t\u00eb dilte Adelajda apo Lirita dhe se ishte shum\u00eb n\u00eb ankth. Adela tregon se n\u00eb ato momente ndjehej shum\u00eb keq dhe shikonte se dhe Moza dhe Bjordi i kishin syt\u00eb me lot. Ajo i thot\u00eb Mesid\u00ebs se nuk duhet ta mendoj\u00eb dalje, por t\u2019ia l\u00ebr\u00eb asaj dite k\u00ebto mendime. Lirita p\u00ebrmend se ka ngelur edhe nj\u00eb gjeneral e nj\u00eb ushtar n\u00eb sht\u00ebpi. E ka fjal\u00ebn p\u00ebr Sorin dhe Arjonin. Vajzat fillojn\u00eb t\u00eb komentojn\u00eb se ndjehen m\u00eb rehat n\u00eb sht\u00ebpi q\u00eb pas daljes s\u00eb Zhuljet\u00ebs. Adela thot\u00eb se ndjehet m\u00eb shum\u00eb n\u00eb ambjent familjar pasi dhe Arjoni nuk rri m\u00eb vec por rrin\u00eb t\u00eb gjith\u00eb bashk\u00eb. Edhe Mesida dhe Lirita e pohojn\u00eb k\u00ebt\u00eb fakt.<\/p>\n","protected":false},"excerpt":{"rendered":"<p>15\/03\/09 15:40 Mesida, Lirita dhe Adelajda bisedojn\u00eb p\u00ebr nominimet e k\u00ebsaj radhe. Mesida thot\u00eb se ka frik\u00eb se do dal\u00eb ajo k\u00ebt her\u00eb. Ajo thot\u00eb se mbr\u00ebm\u00eb nuk donte q\u00eb t\u00eb dilte Adelajda apo Lirita dhe se ishte shum\u00eb n\u00eb ankth. Adela tregon se n\u00eb ato momente ndjehej shum\u00eb keq dhe shikonte se dhe Moza [&hellip;]<\/p>\n","protected":false},"author":1,"featured_media":0,"comment_status":"open","ping_status":"closed","sticky":false,"template":"","format":"standard","meta":{"spay_email":"","jetpack_publicize_message":"","jetpack_is_tweetstorm":false,"jetpack_publicize_feature_enabled":true},"categories":[6502],"tags":[6529,6525,5057,6506,6516,6712,7129,6542,7365,7364,8050,8049,6900,7304,6891,6693,6887],"jetpack_publicize_connections":[],"yoast_head":"<!-- This site is optimized with the Yoast SEO plugin v19.1 - https:\/\/yoast.com\/wordpress\/plugins\/seo\/ -->\n<title>Mesida, Lirita, Adela - Ndjehemi m\u00c3\u00ab rehat sot | Big Brother Albania 2<\/title>\n<meta name=\"description\" content=\"Big Brother Albania 2 - Mesida, Lirita dhe Adelajda bisedojn\u00c3\u00ab p\u00c3\u00abr nominimet e k\u00c3\u00absaj radhe. Mesida thot\u00c3\u00ab se ka frik\u00c3\u00ab se do dal\u00c3\u00ab ajo k\u00c3\u00abt her\u00c3\u00ab.\" \/>\n<meta name=\"robots\" content=\"index, follow, max-snippet:-1, max-image-preview:large, max-video-preview:-1\" \/>\n<link rel=\"canonical\" href=\"https:\/\/www.visit-ulcinj.com\/blog\/2009\/03\/17\/mesida-lirita-adela-ndjehemi-me-rehat-sot\/\" \/>\n<meta property=\"og:locale\" content=\"en_US\" \/>\n<meta property=\"og:type\" content=\"article\" \/>\n<meta property=\"og:title\" content=\"Mesida, Lirita, Adela - Ndjehemi m\u00c3\u00ab rehat sot | Big Brother Albania 2\" \/>\n<meta property=\"og:description\" content=\"Big Brother Albania 2 - Mesida, Lirita dhe Adelajda bisedojn\u00c3\u00ab p\u00c3\u00abr nominimet e k\u00c3\u00absaj radhe. Mesida thot\u00c3\u00ab se ka frik\u00c3\u00ab se do dal\u00c3\u00ab ajo k\u00c3\u00abt her\u00c3\u00ab.\" \/>\n<meta property=\"og:url\" content=\"https:\/\/www.visit-ulcinj.com\/blog\/2009\/03\/17\/mesida-lirita-adela-ndjehemi-me-rehat-sot\/\" \/>\n<meta property=\"og:site_name\" content=\"Lajme nga Ulqini\" \/>\n<meta property=\"article:published_time\" content=\"2009-03-17T12:01:31+00:00\" \/>\n<meta property=\"og:image\" content=\"http:\/\/www.visit-ulcinj.com\/blog\/wp-content\/uploads\/2009\/03\/adelaliritamesi.jpg\" \/>\n<meta name=\"twitter:label1\" content=\"Written by\" \/>\n\t<meta name=\"twitter:data1\" content=\"ulqini\" \/>\n\t<meta name=\"twitter:label2\" content=\"Est. reading time\" \/>\n\t<meta name=\"twitter:data2\" content=\"1 minute\" \/>\n<script type=\"application\/ld+json\" class=\"yoast-schema-graph\">{\"@context\":\"https:\/\/schema.org\",\"@graph\":[{\"@type\":\"WebSite\",\"@id\":\"https:\/\/www.visit-ulcinj.com\/blog\/#website\",\"url\":\"https:\/\/www.visit-ulcinj.com\/blog\/\",\"name\":\"Lajme nga Ulqini\",\"description\":\"Lajme,Vijesti,Ulqini,Ulqin,Crna Gora,Mali i Zi\",\"potentialAction\":[{\"@type\":\"SearchAction\",\"target\":{\"@type\":\"EntryPoint\",\"urlTemplate\":\"https:\/\/www.visit-ulcinj.com\/blog\/?s={search_term_string}\"},\"query-input\":\"required name=search_term_string\"}],\"inLanguage\":\"en-US\"},{\"@type\":\"ImageObject\",\"inLanguage\":\"en-US\",\"@id\":\"https:\/\/www.visit-ulcinj.com\/blog\/2009\/03\/17\/mesida-lirita-adela-ndjehemi-me-rehat-sot\/#primaryimage\",\"url\":\"http:\/\/www.visit-ulcinj.com\/blog\/wp-content\/uploads\/2009\/03\/adelaliritamesi.jpg\",\"contentUrl\":\"http:\/\/www.visit-ulcinj.com\/blog\/wp-content\/uploads\/2009\/03\/adelaliritamesi.jpg\"},{\"@type\":\"WebPage\",\"@id\":\"https:\/\/www.visit-ulcinj.com\/blog\/2009\/03\/17\/mesida-lirita-adela-ndjehemi-me-rehat-sot\/#webpage\",\"url\":\"https:\/\/www.visit-ulcinj.com\/blog\/2009\/03\/17\/mesida-lirita-adela-ndjehemi-me-rehat-sot\/\",\"name\":\"Mesida, Lirita, Adela - Ndjehemi m\u00c3\u00ab rehat sot | Big Brother Albania 2\",\"isPartOf\":{\"@id\":\"https:\/\/www.visit-ulcinj.com\/blog\/#website\"},\"primaryImageOfPage\":{\"@id\":\"https:\/\/www.visit-ulcinj.com\/blog\/2009\/03\/17\/mesida-lirita-adela-ndjehemi-me-rehat-sot\/#primaryimage\"},\"datePublished\":\"2009-03-17T12:01:31+00:00\",\"dateModified\":\"2009-03-17T12:01:31+00:00\",\"author\":{\"@id\":\"https:\/\/www.visit-ulcinj.com\/blog\/#\/schema\/person\/dcab619c614d3038751c63bc2aadc06d\"},\"description\":\"Big Brother Albania 2 - Mesida, Lirita dhe Adelajda bisedojn\u00c3\u00ab p\u00c3\u00abr nominimet e k\u00c3\u00absaj radhe. Mesida thot\u00c3\u00ab se ka frik\u00c3\u00ab se do dal\u00c3\u00ab ajo k\u00c3\u00abt her\u00c3\u00ab.\",\"breadcrumb\":{\"@id\":\"https:\/\/www.visit-ulcinj.com\/blog\/2009\/03\/17\/mesida-lirita-adela-ndjehemi-me-rehat-sot\/#breadcrumb\"},\"inLanguage\":\"en-US\",\"potentialAction\":[{\"@type\":\"ReadAction\",\"target\":[\"https:\/\/www.visit-ulcinj.com\/blog\/2009\/03\/17\/mesida-lirita-adela-ndjehemi-me-rehat-sot\/\"]}]},{\"@type\":\"BreadcrumbList\",\"@id\":\"https:\/\/www.visit-ulcinj.com\/blog\/2009\/03\/17\/mesida-lirita-adela-ndjehemi-me-rehat-sot\/#breadcrumb\",\"itemListElement\":[{\"@type\":\"ListItem\",\"position\":1,\"name\":\"Mesida, Lirita, Adela &#8211; Ndjehemi m\u00eb rehat sot\"}]},{\"@type\":\"Person\",\"@id\":\"https:\/\/www.visit-ulcinj.com\/blog\/#\/schema\/person\/dcab619c614d3038751c63bc2aadc06d\",\"name\":\"ulqini\",\"sameAs\":[\"http:\/\/www.visit-ulcinj.com\"],\"url\":\"https:\/\/www.visit-ulcinj.com\/blog\/author\/admin\/\"}]}<\/script>\n<!-- \/ Yoast SEO plugin. -->","yoast_head_json":{"title":"Mesida, Lirita, Adela - Ndjehemi m\u00c3\u00ab rehat sot | Big Brother Albania 2","description":"Big Brother Albania 2 - Mesida, Lirita dhe Adelajda bisedojn\u00c3\u00ab p\u00c3\u00abr nominimet e k\u00c3\u00absaj radhe. Mesida thot\u00c3\u00ab se ka frik\u00c3\u00ab se do dal\u00c3\u00ab ajo k\u00c3\u00abt her\u00c3\u00ab.","robots":{"index":"index","follow":"follow","max-snippet":"max-snippet:-1","max-image-preview":"max-image-preview:large","max-video-preview":"max-video-preview:-1"},"canonical":"https:\/\/www.visit-ulcinj.com\/blog\/2009\/03\/17\/mesida-lirita-adela-ndjehemi-me-rehat-sot\/","og_locale":"en_US","og_type":"article","og_title":"Mesida, Lirita, Adela - Ndjehemi m\u00c3\u00ab rehat sot | Big Brother Albania 2","og_description":"Big Brother Albania 2 - Mesida, Lirita dhe Adelajda bisedojn\u00c3\u00ab p\u00c3\u00abr nominimet e k\u00c3\u00absaj radhe. Mesida thot\u00c3\u00ab se ka frik\u00c3\u00ab se do dal\u00c3\u00ab ajo k\u00c3\u00abt her\u00c3\u00ab.","og_url":"https:\/\/www.visit-ulcinj.com\/blog\/2009\/03\/17\/mesida-lirita-adela-ndjehemi-me-rehat-sot\/","og_site_name":"Lajme nga Ulqini","article_published_time":"2009-03-17T12:01:31+00:00","og_image":[{"url":"http:\/\/www.visit-ulcinj.com\/blog\/wp-content\/uploads\/2009\/03\/adelaliritamesi.jpg"}],"twitter_misc":{"Written by":"ulqini","Est. reading time":"1 minute"},"schema":{"@context":"https:\/\/schema.org","@graph":[{"@type":"WebSite","@id":"https:\/\/www.visit-ulcinj.com\/blog\/#website","url":"https:\/\/www.visit-ulcinj.com\/blog\/","name":"Lajme nga Ulqini","description":"Lajme,Vijesti,Ulqini,Ulqin,Crna Gora,Mali i Zi","potentialAction":[{"@type":"SearchAction","target":{"@type":"EntryPoint","urlTemplate":"https:\/\/www.visit-ulcinj.com\/blog\/?s={search_term_string}"},"query-input":"required name=search_term_string"}],"inLanguage":"en-US"},{"@type":"ImageObject","inLanguage":"en-US","@id":"https:\/\/www.visit-ulcinj.com\/blog\/2009\/03\/17\/mesida-lirita-adela-ndjehemi-me-rehat-sot\/#primaryimage","url":"http:\/\/www.visit-ulcinj.com\/blog\/wp-content\/uploads\/2009\/03\/adelaliritamesi.jpg","contentUrl":"http:\/\/www.visit-ulcinj.com\/blog\/wp-content\/uploads\/2009\/03\/adelaliritamesi.jpg"},{"@type":"WebPage","@id":"https:\/\/www.visit-ulcinj.com\/blog\/2009\/03\/17\/mesida-lirita-adela-ndjehemi-me-rehat-sot\/#webpage","url":"https:\/\/www.visit-ulcinj.com\/blog\/2009\/03\/17\/mesida-lirita-adela-ndjehemi-me-rehat-sot\/","name":"Mesida, Lirita, Adela - Ndjehemi m\u00c3\u00ab rehat sot | Big Brother Albania 2","isPartOf":{"@id":"https:\/\/www.visit-ulcinj.com\/blog\/#website"},"primaryImageOfPage":{"@id":"https:\/\/www.visit-ulcinj.com\/blog\/2009\/03\/17\/mesida-lirita-adela-ndjehemi-me-rehat-sot\/#primaryimage"},"datePublished":"2009-03-17T12:01:31+00:00","dateModified":"2009-03-17T12:01:31+00:00","author":{"@id":"https:\/\/www.visit-ulcinj.com\/blog\/#\/schema\/person\/dcab619c614d3038751c63bc2aadc06d"},"description":"Big Brother Albania 2 - Mesida, Lirita dhe Adelajda bisedojn\u00c3\u00ab p\u00c3\u00abr nominimet e k\u00c3\u00absaj radhe. Mesida thot\u00c3\u00ab se ka frik\u00c3\u00ab se do dal\u00c3\u00ab ajo k\u00c3\u00abt her\u00c3\u00ab.","breadcrumb":{"@id":"https:\/\/www.visit-ulcinj.com\/blog\/2009\/03\/17\/mesida-lirita-adela-ndjehemi-me-rehat-sot\/#breadcrumb"},"inLanguage":"en-US","potentialAction":[{"@type":"ReadAction","target":["https:\/\/www.visit-ulcinj.com\/blog\/2009\/03\/17\/mesida-lirita-adela-ndjehemi-me-rehat-sot\/"]}]},{"@type":"BreadcrumbList","@id":"https:\/\/www.visit-ulcinj.com\/blog\/2009\/03\/17\/mesida-lirita-adela-ndjehemi-me-rehat-sot\/#breadcrumb","itemListElement":[{"@type":"ListItem","position":1,"name":"Mesida, Lirita, Adela &#8211; Ndjehemi m\u00eb rehat sot"}]},{"@type":"Person","@id":"https:\/\/www.visit-ulcinj.com\/blog\/#\/schema\/person\/dcab619c614d3038751c63bc2aadc06d","name":"ulqini","sameAs":["http:\/\/www.visit-ulcinj.com"],"url":"https:\/\/www.visit-ulcinj.com\/blog\/author\/admin\/"}]}},"jetpack_featured_media_url":"","jetpack_sharing_enabled":true,"jetpack_shortlink":"https:\/\/wp.me\/pe6lTn-3KN","_links":{"self":[{"href":"https:\/\/www.visit-ulcinj.com\/blog\/wp-json\/wp\/v2\/posts\/14433"}],"collection":[{"href":"https:\/\/www.visit-ulcinj.com\/blog\/wp-json\/wp\/v2\/posts"}],"about":[{"href":"https:\/\/www.visit-ulcinj.com\/blog\/wp-json\/wp\/v2\/types\/post"}],"author":[{"embeddable":true,"href":"https:\/\/www.visit-ulcinj.com\/blog\/wp-json\/wp\/v2\/users\/1"}],"replies":[{"embeddable":true,"href":"https:\/\/www.visit-ulcinj.com\/blog\/wp-json\/wp\/v2\/comments?post=14433"}],"version-history":[{"count":0,"href":"https:\/\/www.visit-ulcinj.com\/blog\/wp-json\/wp\/v2\/posts\/14433\/revisions"}],"wp:attachment":[{"href":"https:\/\/www.visit-ulcinj.com\/blog\/wp-json\/wp\/v2\/media?parent=14433"}],"wp:term":[{"taxonomy":"category","embeddable":true,"href":"https:\/\/www.visit-ulcinj.com\/blog\/wp-json\/wp\/v2\/categories?post=14433"},{"taxonomy":"post_tag","embeddable":true,"href":"https:\/\/www.visit-ulcinj.com\/blog\/wp-json\/wp\/v2\/tags?post=14433"}],"curies":[{"name":"wp","href":"https:\/\/api.w.org\/{rel}","templated":true}]}}