{"id":14436,"date":"2009-03-17T13:06:42","date_gmt":"2009-03-17T12:06:42","guid":{"rendered":"http:\/\/www.visit-ulcinj.com\/blog\/?p=14436"},"modified":"2009-03-17T13:06:42","modified_gmt":"2009-03-17T12:06:42","slug":"dritan-kujtim-dhe-nderim","status":"publish","type":"post","link":"https:\/\/www.visit-ulcinj.com\/blog\/2009\/03\/17\/dritan-kujtim-dhe-nderim\/","title":{"rendered":"Dritan : Kujtim dhe nderim"},"content":{"rendered":"<p><em><span class=\"newsdate\"><a href=\"http:\/\/www.visit-ulcinj.com\/blog\/wp-content\/uploads\/2009\/03\/ne-nderim-te-viktimave.jpg\"><img loading=\"lazy\" class=\"alignleft size-full wp-image-14437\" title=\"ne-nderim-te-viktimave-big-brother-albania-2\" src=\"http:\/\/www.visit-ulcinj.com\/blog\/wp-content\/uploads\/2009\/03\/ne-nderim-te-viktimave.jpg\" alt=\"ne-nderim-te-viktimave-big-brother-albania-2\" width=\"300\" height=\"205\" \/><\/a>15\/03\/09 16:45<\/span><\/em><\/p>\n<p>Dritani i mbledh t\u00eb gjith\u00eb banor\u00ebt n\u00eb sallon. Ai u kujton atyre se sot \u00ebsht\u00eb 15 Marsi dhe nj\u00eb vit m\u00eb par\u00eb ka shp\u00ebrthyer fabrika e demontimit n\u00eb G\u00ebrdec, ku humb\u00ebn jet\u00ebn 26 njer\u00ebz dhe rreth 300 t\u00eb tjer\u00eb u plagos\u00ebn. Ai u tregon banor\u00ebve se e ka ndjekur nga af\u00ebr k\u00ebt\u00eb ngjarje dhe n\u00ebse ata do t\u00eb duan t\u00eb din\u00eb dicka p\u00ebr k\u00ebt\u00eb ngjarje mund ta pyesin. Dritani u k\u00ebrkon banor\u00ebve q\u00eb m\u00eb par\u00eb t\u00eb mbajn\u00eb nj\u00eb minut\u00eb heshtje n\u00eb nder dhe kujtim t\u00eb viktimave. T\u00eb gjith\u00eb banor\u00ebt ngrihen n\u00eb k\u00ebmb\u00eb. M\u00eb pas ata fillojn\u00eb t\u00eb flasin mbi k\u00ebt\u00eb tem\u00eb dhe ngarje prek\u00ebse.<\/p>\n","protected":false},"excerpt":{"rendered":"<p>15\/03\/09 16:45 Dritani i mbledh t\u00eb gjith\u00eb banor\u00ebt n\u00eb sallon. Ai u kujton atyre se sot \u00ebsht\u00eb 15 Marsi dhe nj\u00eb vit m\u00eb par\u00eb ka shp\u00ebrthyer fabrika e demontimit n\u00eb G\u00ebrdec, ku humb\u00ebn jet\u00ebn 26 njer\u00ebz dhe rreth 300 t\u00eb tjer\u00eb u plagos\u00ebn. Ai u tregon banor\u00ebve se e ka ndjekur nga af\u00ebr k\u00ebt\u00eb ngjarje [&hellip;]<\/p>\n","protected":false},"author":1,"featured_media":0,"comment_status":"open","ping_status":"closed","sticky":false,"template":"","format":"standard","meta":{"spay_email":"","jetpack_publicize_message":"","jetpack_is_tweetstorm":false,"jetpack_publicize_feature_enabled":true},"categories":[6502],"tags":[6883,6516,6712,6521,8051,6891],"jetpack_publicize_connections":[],"yoast_head":"<!-- This site is optimized with the Yoast SEO plugin v19.1 - https:\/\/yoast.com\/wordpress\/plugins\/seo\/ -->\n<title>Dritan : Kujtim dhe nderim | Big Brother Albania 2<\/title>\n<meta name=\"description\" content=\"Big Brother Albania 2 - Dritani i mbledh t\u00c3\u00ab gjith\u00c3\u00ab banor\u00c3\u00abt n\u00c3\u00ab sallon. Ai u kujton atyre se sot \u00c3\u00absht\u00c3\u00ab 15 Marsi dhe nj\u00c3\u00ab vit m\u00c3\u00ab par\u00c3\u00ab ka shp\u00c3\u00abrthyer fabrika e demontimit n\u00c3\u00ab G\u00c3\u00abrdec\" \/>\n<meta name=\"robots\" content=\"index, follow, max-snippet:-1, max-image-preview:large, max-video-preview:-1\" \/>\n<link rel=\"canonical\" href=\"https:\/\/www.visit-ulcinj.com\/blog\/2009\/03\/17\/dritan-kujtim-dhe-nderim\/\" \/>\n<meta property=\"og:locale\" content=\"en_US\" \/>\n<meta property=\"og:type\" content=\"article\" \/>\n<meta property=\"og:title\" content=\"Dritan : Kujtim dhe nderim | Big Brother Albania 2\" \/>\n<meta property=\"og:description\" content=\"Big Brother Albania 2 - Dritani i mbledh t\u00c3\u00ab gjith\u00c3\u00ab banor\u00c3\u00abt n\u00c3\u00ab sallon. Ai u kujton atyre se sot \u00c3\u00absht\u00c3\u00ab 15 Marsi dhe nj\u00c3\u00ab vit m\u00c3\u00ab par\u00c3\u00ab ka shp\u00c3\u00abrthyer fabrika e demontimit n\u00c3\u00ab G\u00c3\u00abrdec\" \/>\n<meta property=\"og:url\" content=\"https:\/\/www.visit-ulcinj.com\/blog\/2009\/03\/17\/dritan-kujtim-dhe-nderim\/\" \/>\n<meta property=\"og:site_name\" content=\"Lajme nga Ulqini\" \/>\n<meta property=\"article:published_time\" content=\"2009-03-17T12:06:42+00:00\" \/>\n<meta property=\"og:image\" content=\"http:\/\/www.visit-ulcinj.com\/blog\/wp-content\/uploads\/2009\/03\/ne-nderim-te-viktimave.jpg\" \/>\n<meta name=\"twitter:label1\" content=\"Written by\" \/>\n\t<meta name=\"twitter:data1\" content=\"ulqini\" \/>\n\t<meta name=\"twitter:label2\" content=\"Est. reading time\" \/>\n\t<meta name=\"twitter:data2\" content=\"1 minute\" \/>\n<script type=\"application\/ld+json\" class=\"yoast-schema-graph\">{\"@context\":\"https:\/\/schema.org\",\"@graph\":[{\"@type\":\"WebSite\",\"@id\":\"https:\/\/www.visit-ulcinj.com\/blog\/#website\",\"url\":\"https:\/\/www.visit-ulcinj.com\/blog\/\",\"name\":\"Lajme nga Ulqini\",\"description\":\"Lajme,Vijesti,Ulqini,Ulqin,Crna Gora,Mali i Zi\",\"potentialAction\":[{\"@type\":\"SearchAction\",\"target\":{\"@type\":\"EntryPoint\",\"urlTemplate\":\"https:\/\/www.visit-ulcinj.com\/blog\/?s={search_term_string}\"},\"query-input\":\"required name=search_term_string\"}],\"inLanguage\":\"en-US\"},{\"@type\":\"ImageObject\",\"inLanguage\":\"en-US\",\"@id\":\"https:\/\/www.visit-ulcinj.com\/blog\/2009\/03\/17\/dritan-kujtim-dhe-nderim\/#primaryimage\",\"url\":\"http:\/\/www.visit-ulcinj.com\/blog\/wp-content\/uploads\/2009\/03\/ne-nderim-te-viktimave.jpg\",\"contentUrl\":\"http:\/\/www.visit-ulcinj.com\/blog\/wp-content\/uploads\/2009\/03\/ne-nderim-te-viktimave.jpg\"},{\"@type\":\"WebPage\",\"@id\":\"https:\/\/www.visit-ulcinj.com\/blog\/2009\/03\/17\/dritan-kujtim-dhe-nderim\/#webpage\",\"url\":\"https:\/\/www.visit-ulcinj.com\/blog\/2009\/03\/17\/dritan-kujtim-dhe-nderim\/\",\"name\":\"Dritan : Kujtim dhe nderim | Big Brother Albania 2\",\"isPartOf\":{\"@id\":\"https:\/\/www.visit-ulcinj.com\/blog\/#website\"},\"primaryImageOfPage\":{\"@id\":\"https:\/\/www.visit-ulcinj.com\/blog\/2009\/03\/17\/dritan-kujtim-dhe-nderim\/#primaryimage\"},\"datePublished\":\"2009-03-17T12:06:42+00:00\",\"dateModified\":\"2009-03-17T12:06:42+00:00\",\"author\":{\"@id\":\"https:\/\/www.visit-ulcinj.com\/blog\/#\/schema\/person\/dcab619c614d3038751c63bc2aadc06d\"},\"description\":\"Big Brother Albania 2 - Dritani i mbledh t\u00c3\u00ab gjith\u00c3\u00ab banor\u00c3\u00abt n\u00c3\u00ab sallon. Ai u kujton atyre se sot \u00c3\u00absht\u00c3\u00ab 15 Marsi dhe nj\u00c3\u00ab vit m\u00c3\u00ab par\u00c3\u00ab ka shp\u00c3\u00abrthyer fabrika e demontimit n\u00c3\u00ab G\u00c3\u00abrdec\",\"breadcrumb\":{\"@id\":\"https:\/\/www.visit-ulcinj.com\/blog\/2009\/03\/17\/dritan-kujtim-dhe-nderim\/#breadcrumb\"},\"inLanguage\":\"en-US\",\"potentialAction\":[{\"@type\":\"ReadAction\",\"target\":[\"https:\/\/www.visit-ulcinj.com\/blog\/2009\/03\/17\/dritan-kujtim-dhe-nderim\/\"]}]},{\"@type\":\"BreadcrumbList\",\"@id\":\"https:\/\/www.visit-ulcinj.com\/blog\/2009\/03\/17\/dritan-kujtim-dhe-nderim\/#breadcrumb\",\"itemListElement\":[{\"@type\":\"ListItem\",\"position\":1,\"name\":\"Dritan : Kujtim dhe nderim\"}]},{\"@type\":\"Person\",\"@id\":\"https:\/\/www.visit-ulcinj.com\/blog\/#\/schema\/person\/dcab619c614d3038751c63bc2aadc06d\",\"name\":\"ulqini\",\"sameAs\":[\"http:\/\/www.visit-ulcinj.com\"],\"url\":\"https:\/\/www.visit-ulcinj.com\/blog\/author\/admin\/\"}]}<\/script>\n<!-- \/ Yoast SEO plugin. -->","yoast_head_json":{"title":"Dritan : Kujtim dhe nderim | Big Brother Albania 2","description":"Big Brother Albania 2 - Dritani i mbledh t\u00c3\u00ab gjith\u00c3\u00ab banor\u00c3\u00abt n\u00c3\u00ab sallon. Ai u kujton atyre se sot \u00c3\u00absht\u00c3\u00ab 15 Marsi dhe nj\u00c3\u00ab vit m\u00c3\u00ab par\u00c3\u00ab ka shp\u00c3\u00abrthyer fabrika e demontimit n\u00c3\u00ab G\u00c3\u00abrdec","robots":{"index":"index","follow":"follow","max-snippet":"max-snippet:-1","max-image-preview":"max-image-preview:large","max-video-preview":"max-video-preview:-1"},"canonical":"https:\/\/www.visit-ulcinj.com\/blog\/2009\/03\/17\/dritan-kujtim-dhe-nderim\/","og_locale":"en_US","og_type":"article","og_title":"Dritan : Kujtim dhe nderim | Big Brother Albania 2","og_description":"Big Brother Albania 2 - Dritani i mbledh t\u00c3\u00ab gjith\u00c3\u00ab banor\u00c3\u00abt n\u00c3\u00ab sallon. Ai u kujton atyre se sot \u00c3\u00absht\u00c3\u00ab 15 Marsi dhe nj\u00c3\u00ab vit m\u00c3\u00ab par\u00c3\u00ab ka shp\u00c3\u00abrthyer fabrika e demontimit n\u00c3\u00ab G\u00c3\u00abrdec","og_url":"https:\/\/www.visit-ulcinj.com\/blog\/2009\/03\/17\/dritan-kujtim-dhe-nderim\/","og_site_name":"Lajme nga Ulqini","article_published_time":"2009-03-17T12:06:42+00:00","og_image":[{"url":"http:\/\/www.visit-ulcinj.com\/blog\/wp-content\/uploads\/2009\/03\/ne-nderim-te-viktimave.jpg"}],"twitter_misc":{"Written by":"ulqini","Est. reading time":"1 minute"},"schema":{"@context":"https:\/\/schema.org","@graph":[{"@type":"WebSite","@id":"https:\/\/www.visit-ulcinj.com\/blog\/#website","url":"https:\/\/www.visit-ulcinj.com\/blog\/","name":"Lajme nga Ulqini","description":"Lajme,Vijesti,Ulqini,Ulqin,Crna Gora,Mali i Zi","potentialAction":[{"@type":"SearchAction","target":{"@type":"EntryPoint","urlTemplate":"https:\/\/www.visit-ulcinj.com\/blog\/?s={search_term_string}"},"query-input":"required name=search_term_string"}],"inLanguage":"en-US"},{"@type":"ImageObject","inLanguage":"en-US","@id":"https:\/\/www.visit-ulcinj.com\/blog\/2009\/03\/17\/dritan-kujtim-dhe-nderim\/#primaryimage","url":"http:\/\/www.visit-ulcinj.com\/blog\/wp-content\/uploads\/2009\/03\/ne-nderim-te-viktimave.jpg","contentUrl":"http:\/\/www.visit-ulcinj.com\/blog\/wp-content\/uploads\/2009\/03\/ne-nderim-te-viktimave.jpg"},{"@type":"WebPage","@id":"https:\/\/www.visit-ulcinj.com\/blog\/2009\/03\/17\/dritan-kujtim-dhe-nderim\/#webpage","url":"https:\/\/www.visit-ulcinj.com\/blog\/2009\/03\/17\/dritan-kujtim-dhe-nderim\/","name":"Dritan : Kujtim dhe nderim | Big Brother Albania 2","isPartOf":{"@id":"https:\/\/www.visit-ulcinj.com\/blog\/#website"},"primaryImageOfPage":{"@id":"https:\/\/www.visit-ulcinj.com\/blog\/2009\/03\/17\/dritan-kujtim-dhe-nderim\/#primaryimage"},"datePublished":"2009-03-17T12:06:42+00:00","dateModified":"2009-03-17T12:06:42+00:00","author":{"@id":"https:\/\/www.visit-ulcinj.com\/blog\/#\/schema\/person\/dcab619c614d3038751c63bc2aadc06d"},"description":"Big Brother Albania 2 - Dritani i mbledh t\u00c3\u00ab gjith\u00c3\u00ab banor\u00c3\u00abt n\u00c3\u00ab sallon. Ai u kujton atyre se sot \u00c3\u00absht\u00c3\u00ab 15 Marsi dhe nj\u00c3\u00ab vit m\u00c3\u00ab par\u00c3\u00ab ka shp\u00c3\u00abrthyer fabrika e demontimit n\u00c3\u00ab G\u00c3\u00abrdec","breadcrumb":{"@id":"https:\/\/www.visit-ulcinj.com\/blog\/2009\/03\/17\/dritan-kujtim-dhe-nderim\/#breadcrumb"},"inLanguage":"en-US","potentialAction":[{"@type":"ReadAction","target":["https:\/\/www.visit-ulcinj.com\/blog\/2009\/03\/17\/dritan-kujtim-dhe-nderim\/"]}]},{"@type":"BreadcrumbList","@id":"https:\/\/www.visit-ulcinj.com\/blog\/2009\/03\/17\/dritan-kujtim-dhe-nderim\/#breadcrumb","itemListElement":[{"@type":"ListItem","position":1,"name":"Dritan : Kujtim dhe nderim"}]},{"@type":"Person","@id":"https:\/\/www.visit-ulcinj.com\/blog\/#\/schema\/person\/dcab619c614d3038751c63bc2aadc06d","name":"ulqini","sameAs":["http:\/\/www.visit-ulcinj.com"],"url":"https:\/\/www.visit-ulcinj.com\/blog\/author\/admin\/"}]}},"jetpack_featured_media_url":"","jetpack_sharing_enabled":true,"jetpack_shortlink":"https:\/\/wp.me\/pe6lTn-3KQ","_links":{"self":[{"href":"https:\/\/www.visit-ulcinj.com\/blog\/wp-json\/wp\/v2\/posts\/14436"}],"collection":[{"href":"https:\/\/www.visit-ulcinj.com\/blog\/wp-json\/wp\/v2\/posts"}],"about":[{"href":"https:\/\/www.visit-ulcinj.com\/blog\/wp-json\/wp\/v2\/types\/post"}],"author":[{"embeddable":true,"href":"https:\/\/www.visit-ulcinj.com\/blog\/wp-json\/wp\/v2\/users\/1"}],"replies":[{"embeddable":true,"href":"https:\/\/www.visit-ulcinj.com\/blog\/wp-json\/wp\/v2\/comments?post=14436"}],"version-history":[{"count":0,"href":"https:\/\/www.visit-ulcinj.com\/blog\/wp-json\/wp\/v2\/posts\/14436\/revisions"}],"wp:attachment":[{"href":"https:\/\/www.visit-ulcinj.com\/blog\/wp-json\/wp\/v2\/media?parent=14436"}],"wp:term":[{"taxonomy":"category","embeddable":true,"href":"https:\/\/www.visit-ulcinj.com\/blog\/wp-json\/wp\/v2\/categories?post=14436"},{"taxonomy":"post_tag","embeddable":true,"href":"https:\/\/www.visit-ulcinj.com\/blog\/wp-json\/wp\/v2\/tags?post=14436"}],"curies":[{"name":"wp","href":"https:\/\/api.w.org\/{rel}","templated":true}]}}