{"id":14439,"date":"2009-03-17T13:10:07","date_gmt":"2009-03-17T12:10:07","guid":{"rendered":"http:\/\/www.visit-ulcinj.com\/blog\/?p=14439"},"modified":"2009-03-17T13:10:07","modified_gmt":"2009-03-17T12:10:07","slug":"adelajda-nuk-po-e-kuptoj-biken","status":"publish","type":"post","link":"https:\/\/www.visit-ulcinj.com\/blog\/2009\/03\/17\/adelajda-nuk-po-e-kuptoj-biken\/","title":{"rendered":"Adelajda : Nuk po e kuptoj Bik\u00ebn"},"content":{"rendered":"<p><em><span class=\"newsdate\"><a href=\"http:\/\/www.visit-ulcinj.com\/blog\/wp-content\/uploads\/2009\/03\/adiadela-1.jpg\"><img loading=\"lazy\" class=\"alignleft size-full wp-image-14440\" title=\"adiadela-1-big-brother-albania-2\" src=\"http:\/\/www.visit-ulcinj.com\/blog\/wp-content\/uploads\/2009\/03\/adiadela-1.jpg\" alt=\"adiadela-1-big-brother-albania-2\" width=\"300\" height=\"205\" \/><\/a>15\/03\/09 17:20<\/span><\/em><\/p>\n<p>Adela diskuton me Adin p\u00ebr Bik\u00ebn. Ajo i thot\u00eb se ka tre dit\u00eb q\u00eb sillet cuditsh\u00ebm me t\u00eb dhe nuk po e kupton se cfar\u00eb ka. Pak m\u00eb par\u00eb n\u00eb tavolin\u00ebn e ngr\u00ebnies, Bika i tha se po e bezdiste me ato grindjet q\u00eb po b\u00ebnte Adela me Bjordin. Adela me shaka i thot\u00eb q\u00eb t\u00eb mbyll\u00eb vesh\u00ebt, kurse Bika ia kthen se do ta shohin n\u00ebse do mbyll\u00eb ajo vesh\u00ebt apo ata goj\u00ebn. Adela e merr s\u00ebrish me shaka por Bika dukej shum\u00eb serioze edhe pse mundohej t\u00eb mbante t\u00eb qeshur\u00ebn. Adela i tregon Adit se ajo k\u00ebto koh\u00ebt e fundit po sillet shum\u00eb cuditsh\u00ebm me t\u00eb. Edhe Adi i thot\u00eb t\u00eb nj\u00ebjt\u00ebn gj\u00eb. Ai i tregon se Bika i kishte th\u00ebn\u00eb se i kishte ngelur hatri me t\u00eb q\u00eb nat\u00ebn q\u00eb dol\u00ebn p\u00ebr dark\u00eb, pasi Adi ishte shprehur se po t\u00eb ishte n\u00eb vend t\u00eb saj, ai do kishte zgjedhur Moz\u00ebn. Adi e kishte kund\u00ebrshtuar por ajo i kishte th\u00ebn\u00eb se ishte ofenduar. Adela komenton se nuk po e kupton m\u00eb n\u00ebse Bika flet me shaka apo jo pasi ka gjith\u00eb dit\u00ebn q\u00eb i flet n\u00eb nj\u00eb m\u00ebnyr\u00eb ndryshe nga her\u00ebt e tjera.<\/p>\n","protected":false},"excerpt":{"rendered":"<p>15\/03\/09 17:20 Adela diskuton me Adin p\u00ebr Bik\u00ebn. Ajo i thot\u00eb se ka tre dit\u00eb q\u00eb sillet cuditsh\u00ebm me t\u00eb dhe nuk po e kupton se cfar\u00eb ka. Pak m\u00eb par\u00eb n\u00eb tavolin\u00ebn e ngr\u00ebnies, Bika i tha se po e bezdiste me ato grindjet q\u00eb po b\u00ebnte Adela me Bjordin. Adela me shaka i [&hellip;]<\/p>\n","protected":false},"author":1,"featured_media":0,"comment_status":"open","ping_status":"closed","sticky":false,"template":"","format":"standard","meta":{"spay_email":"","jetpack_publicize_message":"","jetpack_is_tweetstorm":false,"jetpack_publicize_feature_enabled":true},"categories":[6502],"tags":[6736,6562,6529,1414,5057,6506,6516,6712,7129,6740,262,6891,6693,6887],"jetpack_publicize_connections":[],"yoast_head":"<!-- This site is optimized with the Yoast SEO plugin v19.1 - https:\/\/yoast.com\/wordpress\/plugins\/seo\/ -->\n<title>Adelajda : Nuk po e kuptoj Bik\u00c3\u00abn | Big Brother Albania 2<\/title>\n<meta name=\"description\" content=\"Big Brother Albania 2 - Adela diskuton me Adin p\u00c3\u00abr Bik\u00c3\u00abn. Ajo i thot\u00c3\u00ab se ka tre dit\u00c3\u00ab q\u00c3\u00ab sillet cuditsh\u00c3\u00abm me t\u00c3\u00ab dhe nuk po e kupton se cfar\u00c3\u00ab ka.\" \/>\n<meta name=\"robots\" content=\"index, follow, max-snippet:-1, max-image-preview:large, max-video-preview:-1\" \/>\n<link rel=\"canonical\" href=\"https:\/\/www.visit-ulcinj.com\/blog\/2009\/03\/17\/adelajda-nuk-po-e-kuptoj-biken\/\" \/>\n<meta property=\"og:locale\" content=\"en_US\" \/>\n<meta property=\"og:type\" content=\"article\" \/>\n<meta property=\"og:title\" content=\"Adelajda : Nuk po e kuptoj Bik\u00c3\u00abn | Big Brother Albania 2\" \/>\n<meta property=\"og:description\" content=\"Big Brother Albania 2 - Adela diskuton me Adin p\u00c3\u00abr Bik\u00c3\u00abn. Ajo i thot\u00c3\u00ab se ka tre dit\u00c3\u00ab q\u00c3\u00ab sillet cuditsh\u00c3\u00abm me t\u00c3\u00ab dhe nuk po e kupton se cfar\u00c3\u00ab ka.\" \/>\n<meta property=\"og:url\" content=\"https:\/\/www.visit-ulcinj.com\/blog\/2009\/03\/17\/adelajda-nuk-po-e-kuptoj-biken\/\" \/>\n<meta property=\"og:site_name\" content=\"Lajme nga Ulqini\" \/>\n<meta property=\"article:published_time\" content=\"2009-03-17T12:10:07+00:00\" \/>\n<meta property=\"og:image\" content=\"http:\/\/www.visit-ulcinj.com\/blog\/wp-content\/uploads\/2009\/03\/adiadela-1.jpg\" \/>\n<meta name=\"twitter:label1\" content=\"Written by\" \/>\n\t<meta name=\"twitter:data1\" content=\"ulqini\" \/>\n\t<meta name=\"twitter:label2\" content=\"Est. reading time\" \/>\n\t<meta name=\"twitter:data2\" content=\"1 minute\" \/>\n<script type=\"application\/ld+json\" class=\"yoast-schema-graph\">{\"@context\":\"https:\/\/schema.org\",\"@graph\":[{\"@type\":\"WebSite\",\"@id\":\"https:\/\/www.visit-ulcinj.com\/blog\/#website\",\"url\":\"https:\/\/www.visit-ulcinj.com\/blog\/\",\"name\":\"Lajme nga Ulqini\",\"description\":\"Lajme,Vijesti,Ulqini,Ulqin,Crna Gora,Mali i Zi\",\"potentialAction\":[{\"@type\":\"SearchAction\",\"target\":{\"@type\":\"EntryPoint\",\"urlTemplate\":\"https:\/\/www.visit-ulcinj.com\/blog\/?s={search_term_string}\"},\"query-input\":\"required name=search_term_string\"}],\"inLanguage\":\"en-US\"},{\"@type\":\"ImageObject\",\"inLanguage\":\"en-US\",\"@id\":\"https:\/\/www.visit-ulcinj.com\/blog\/2009\/03\/17\/adelajda-nuk-po-e-kuptoj-biken\/#primaryimage\",\"url\":\"http:\/\/www.visit-ulcinj.com\/blog\/wp-content\/uploads\/2009\/03\/adiadela-1.jpg\",\"contentUrl\":\"http:\/\/www.visit-ulcinj.com\/blog\/wp-content\/uploads\/2009\/03\/adiadela-1.jpg\"},{\"@type\":\"WebPage\",\"@id\":\"https:\/\/www.visit-ulcinj.com\/blog\/2009\/03\/17\/adelajda-nuk-po-e-kuptoj-biken\/#webpage\",\"url\":\"https:\/\/www.visit-ulcinj.com\/blog\/2009\/03\/17\/adelajda-nuk-po-e-kuptoj-biken\/\",\"name\":\"Adelajda : Nuk po e kuptoj Bik\u00c3\u00abn | Big Brother Albania 2\",\"isPartOf\":{\"@id\":\"https:\/\/www.visit-ulcinj.com\/blog\/#website\"},\"primaryImageOfPage\":{\"@id\":\"https:\/\/www.visit-ulcinj.com\/blog\/2009\/03\/17\/adelajda-nuk-po-e-kuptoj-biken\/#primaryimage\"},\"datePublished\":\"2009-03-17T12:10:07+00:00\",\"dateModified\":\"2009-03-17T12:10:07+00:00\",\"author\":{\"@id\":\"https:\/\/www.visit-ulcinj.com\/blog\/#\/schema\/person\/dcab619c614d3038751c63bc2aadc06d\"},\"description\":\"Big Brother Albania 2 - Adela diskuton me Adin p\u00c3\u00abr Bik\u00c3\u00abn. Ajo i thot\u00c3\u00ab se ka tre dit\u00c3\u00ab q\u00c3\u00ab sillet cuditsh\u00c3\u00abm me t\u00c3\u00ab dhe nuk po e kupton se cfar\u00c3\u00ab ka.\",\"breadcrumb\":{\"@id\":\"https:\/\/www.visit-ulcinj.com\/blog\/2009\/03\/17\/adelajda-nuk-po-e-kuptoj-biken\/#breadcrumb\"},\"inLanguage\":\"en-US\",\"potentialAction\":[{\"@type\":\"ReadAction\",\"target\":[\"https:\/\/www.visit-ulcinj.com\/blog\/2009\/03\/17\/adelajda-nuk-po-e-kuptoj-biken\/\"]}]},{\"@type\":\"BreadcrumbList\",\"@id\":\"https:\/\/www.visit-ulcinj.com\/blog\/2009\/03\/17\/adelajda-nuk-po-e-kuptoj-biken\/#breadcrumb\",\"itemListElement\":[{\"@type\":\"ListItem\",\"position\":1,\"name\":\"Adelajda : Nuk po e kuptoj Bik\u00ebn\"}]},{\"@type\":\"Person\",\"@id\":\"https:\/\/www.visit-ulcinj.com\/blog\/#\/schema\/person\/dcab619c614d3038751c63bc2aadc06d\",\"name\":\"ulqini\",\"sameAs\":[\"http:\/\/www.visit-ulcinj.com\"],\"url\":\"https:\/\/www.visit-ulcinj.com\/blog\/author\/admin\/\"}]}<\/script>\n<!-- \/ Yoast SEO plugin. -->","yoast_head_json":{"title":"Adelajda : Nuk po e kuptoj Bik\u00c3\u00abn | Big Brother Albania 2","description":"Big Brother Albania 2 - Adela diskuton me Adin p\u00c3\u00abr Bik\u00c3\u00abn. Ajo i thot\u00c3\u00ab se ka tre dit\u00c3\u00ab q\u00c3\u00ab sillet cuditsh\u00c3\u00abm me t\u00c3\u00ab dhe nuk po e kupton se cfar\u00c3\u00ab ka.","robots":{"index":"index","follow":"follow","max-snippet":"max-snippet:-1","max-image-preview":"max-image-preview:large","max-video-preview":"max-video-preview:-1"},"canonical":"https:\/\/www.visit-ulcinj.com\/blog\/2009\/03\/17\/adelajda-nuk-po-e-kuptoj-biken\/","og_locale":"en_US","og_type":"article","og_title":"Adelajda : Nuk po e kuptoj Bik\u00c3\u00abn | Big Brother Albania 2","og_description":"Big Brother Albania 2 - Adela diskuton me Adin p\u00c3\u00abr Bik\u00c3\u00abn. Ajo i thot\u00c3\u00ab se ka tre dit\u00c3\u00ab q\u00c3\u00ab sillet cuditsh\u00c3\u00abm me t\u00c3\u00ab dhe nuk po e kupton se cfar\u00c3\u00ab ka.","og_url":"https:\/\/www.visit-ulcinj.com\/blog\/2009\/03\/17\/adelajda-nuk-po-e-kuptoj-biken\/","og_site_name":"Lajme nga Ulqini","article_published_time":"2009-03-17T12:10:07+00:00","og_image":[{"url":"http:\/\/www.visit-ulcinj.com\/blog\/wp-content\/uploads\/2009\/03\/adiadela-1.jpg"}],"twitter_misc":{"Written by":"ulqini","Est. reading time":"1 minute"},"schema":{"@context":"https:\/\/schema.org","@graph":[{"@type":"WebSite","@id":"https:\/\/www.visit-ulcinj.com\/blog\/#website","url":"https:\/\/www.visit-ulcinj.com\/blog\/","name":"Lajme nga Ulqini","description":"Lajme,Vijesti,Ulqini,Ulqin,Crna Gora,Mali i Zi","potentialAction":[{"@type":"SearchAction","target":{"@type":"EntryPoint","urlTemplate":"https:\/\/www.visit-ulcinj.com\/blog\/?s={search_term_string}"},"query-input":"required name=search_term_string"}],"inLanguage":"en-US"},{"@type":"ImageObject","inLanguage":"en-US","@id":"https:\/\/www.visit-ulcinj.com\/blog\/2009\/03\/17\/adelajda-nuk-po-e-kuptoj-biken\/#primaryimage","url":"http:\/\/www.visit-ulcinj.com\/blog\/wp-content\/uploads\/2009\/03\/adiadela-1.jpg","contentUrl":"http:\/\/www.visit-ulcinj.com\/blog\/wp-content\/uploads\/2009\/03\/adiadela-1.jpg"},{"@type":"WebPage","@id":"https:\/\/www.visit-ulcinj.com\/blog\/2009\/03\/17\/adelajda-nuk-po-e-kuptoj-biken\/#webpage","url":"https:\/\/www.visit-ulcinj.com\/blog\/2009\/03\/17\/adelajda-nuk-po-e-kuptoj-biken\/","name":"Adelajda : Nuk po e kuptoj Bik\u00c3\u00abn | Big Brother Albania 2","isPartOf":{"@id":"https:\/\/www.visit-ulcinj.com\/blog\/#website"},"primaryImageOfPage":{"@id":"https:\/\/www.visit-ulcinj.com\/blog\/2009\/03\/17\/adelajda-nuk-po-e-kuptoj-biken\/#primaryimage"},"datePublished":"2009-03-17T12:10:07+00:00","dateModified":"2009-03-17T12:10:07+00:00","author":{"@id":"https:\/\/www.visit-ulcinj.com\/blog\/#\/schema\/person\/dcab619c614d3038751c63bc2aadc06d"},"description":"Big Brother Albania 2 - Adela diskuton me Adin p\u00c3\u00abr Bik\u00c3\u00abn. Ajo i thot\u00c3\u00ab se ka tre dit\u00c3\u00ab q\u00c3\u00ab sillet cuditsh\u00c3\u00abm me t\u00c3\u00ab dhe nuk po e kupton se cfar\u00c3\u00ab ka.","breadcrumb":{"@id":"https:\/\/www.visit-ulcinj.com\/blog\/2009\/03\/17\/adelajda-nuk-po-e-kuptoj-biken\/#breadcrumb"},"inLanguage":"en-US","potentialAction":[{"@type":"ReadAction","target":["https:\/\/www.visit-ulcinj.com\/blog\/2009\/03\/17\/adelajda-nuk-po-e-kuptoj-biken\/"]}]},{"@type":"BreadcrumbList","@id":"https:\/\/www.visit-ulcinj.com\/blog\/2009\/03\/17\/adelajda-nuk-po-e-kuptoj-biken\/#breadcrumb","itemListElement":[{"@type":"ListItem","position":1,"name":"Adelajda : Nuk po e kuptoj Bik\u00ebn"}]},{"@type":"Person","@id":"https:\/\/www.visit-ulcinj.com\/blog\/#\/schema\/person\/dcab619c614d3038751c63bc2aadc06d","name":"ulqini","sameAs":["http:\/\/www.visit-ulcinj.com"],"url":"https:\/\/www.visit-ulcinj.com\/blog\/author\/admin\/"}]}},"jetpack_featured_media_url":"","jetpack_sharing_enabled":true,"jetpack_shortlink":"https:\/\/wp.me\/pe6lTn-3KT","_links":{"self":[{"href":"https:\/\/www.visit-ulcinj.com\/blog\/wp-json\/wp\/v2\/posts\/14439"}],"collection":[{"href":"https:\/\/www.visit-ulcinj.com\/blog\/wp-json\/wp\/v2\/posts"}],"about":[{"href":"https:\/\/www.visit-ulcinj.com\/blog\/wp-json\/wp\/v2\/types\/post"}],"author":[{"embeddable":true,"href":"https:\/\/www.visit-ulcinj.com\/blog\/wp-json\/wp\/v2\/users\/1"}],"replies":[{"embeddable":true,"href":"https:\/\/www.visit-ulcinj.com\/blog\/wp-json\/wp\/v2\/comments?post=14439"}],"version-history":[{"count":0,"href":"https:\/\/www.visit-ulcinj.com\/blog\/wp-json\/wp\/v2\/posts\/14439\/revisions"}],"wp:attachment":[{"href":"https:\/\/www.visit-ulcinj.com\/blog\/wp-json\/wp\/v2\/media?parent=14439"}],"wp:term":[{"taxonomy":"category","embeddable":true,"href":"https:\/\/www.visit-ulcinj.com\/blog\/wp-json\/wp\/v2\/categories?post=14439"},{"taxonomy":"post_tag","embeddable":true,"href":"https:\/\/www.visit-ulcinj.com\/blog\/wp-json\/wp\/v2\/tags?post=14439"}],"curies":[{"name":"wp","href":"https:\/\/api.w.org\/{rel}","templated":true}]}}