{"id":1444,"date":"2008-04-29T02:37:17","date_gmt":"2008-04-29T07:37:17","guid":{"rendered":"http:\/\/www.visit-ulcinj.com\/blog\/?p=1444"},"modified":"2008-04-29T02:38:49","modified_gmt":"2008-04-29T07:38:49","slug":"17-odsto-crno-gorske-obale-u-rukama-stranaca","status":"publish","type":"post","link":"https:\/\/www.visit-ulcinj.com\/blog\/2008\/04\/29\/17-odsto-crno-gorske-obale-u-rukama-stranaca\/","title":{"rendered":"1,7 odsto Crno Gorske obale u rukama stranaca"},"content":{"rendered":"<p><img loading=\"lazy\" class=\"alignleft\" style=\"float: left;\" src=\"http:\/\/www.gom.cg.yu\/img\/1098439147.jpg\" alt=\"Predrag Nenezic\" width=\"324\" height=\"241\" \/>MINISTARSTVO turizma i za\u0161tite \u017eivotne sredine Crne Gore ne zanima ko su vlasnici hotela i ko kupuje zemlju, ve? samo da li se po\u0161tuje zakon ili ne. \u017delimo da imamo dobar privatni sektor, da se otvaraju nova radna mesta i da iskoristimo talas interesovanja za na\u0161u zemlju.<br \/>\nOvako Predrag Nenezi?, prvi ?ovek turizma Crne Gore, obja\u0161njava za \u201cNovosti\u201d masovnu prodaju \u201c?edovine\u201d i gra?evinsku groznicu koja vlada primorjem.<br \/>\n&#8211; Tek je 1,7 odsto obale u rukama stranaca &#8211; ka\u017ee ministar Nenezi?. &#8211; Najvi\u0161e ima britanskog, ruskog i ma?arskog kapitala, a trenutno animiramo Arape i Amerikance. Ceo svet se bori za rusko tr\u017ei\u0161te, jer tro\u0161e mnogo. \u0160to ne bismo i mi?<br \/>\nCena kvadrata u Beogradu sko?ila je \u201czahvaljuju?i\u201d prodaji zemlji\u0161ta u Crnoj Gori?<br \/>\n&#8211; Sigurno da postoji ne\u0161to. Svakako, nije nam drago \u0161to se pare odlivaju negde, pa i u Srbiju.<br \/>\nProblem divlje gradnje \u201ccaruje\u201d crnogorskim primorjem. Koliko uspe\u0161no je vlasti kontroli\u0161u?<br \/>\n&#8211; Mislim da smo znatno smanjili divlju gradnju, jer se radi velika akcija na nivou dr\u017eave i op\u0161tina. Od sada ?e se zbog divlje gradnje krivi?no odgovarati, a ne prekr\u0161ajno. Zbog nedostatka gra?evinske dozvole obustavljena je i gradnja na Zavali. Ne znam da li ?e neko zbog toga biti ka\u017enjen, o tome odlu?uje samo sudska vlast.<img loading=\"lazy\" class=\"alignright\" style=\"float: right;\" src=\"http:\/\/www.utikalauz.hu\/jugoszlavia\/Urban_Istvan\/ada_bojana.jpg\" alt=\"Ada  Bojana Ulcinj\" width=\"271\" height=\"270\" \/><br \/>\nAda Bojana ?e jo\u0161 ove sezone biti u dr\u017eavnim rukama. Kako te?e privatizacija ovog, urbanisti?ki najslobodnijeg dela obale?<br \/>\n&#8211; Mnoge firme su zainteresovane za Adu Bojanu, a u toku je tender. Mogu svi da se jave, pa ?emo da pregovaramo. Veliko je pitanje ko sve ima \u0161anse, jer su kriterijumi visoki. Ekolo\u0161ki standardi mora?e da budu maksimalno ispo\u0161tovani. To zna?i da ?e ostati 400 hektara prirodnog rezervata, a na 100 ?e da se gradi. Predvi?eno je da se prete\u017eno naprave hoteli ?ija visina ne sme da pre?e visinu najvi\u0161eg drveta, sportski tereni, kongresne sale, mala marina. Pored Ade Bojane, na tenderu je i Velika pla\u017ea, uvala Valdanos, na kojoj se nalazi 18.000 stabala maslina koja se ne mogu dirati. Nijedan objekat ne?e biti na prodaji, ve? ?e se davati na dugoro?ni zakup ili uz zajedni?ka ulaganja sa dr\u017eavom. Nove vlasnike dobi?e kasarna u Kumboru, Ostrvo cve?a, Bigovo i vojno odmarali\u0161te na \u017dabljaku.<br \/>\nTuristi?ka sezona je na vidiku, pa i gu\u017eve na putevima. \u0160ta ?e od trenutnih radova biti zavr\u0161eno za ovu sezonu?<br \/>\n&#8211; U toku su modernizacija i rekonstrukcija saobra?ajnica. Do po?etka turisti?ke sezone bi?e zavr\u0161eni radovi na izgradnji tre?ih traka du\u017e jadranske obale &#8211; Sutomore, bulevar u Be?i?ima, Lepetani i Kamenar i deonica od Meljina do Herceg Novog. Rekonstrui\u0161e se i deo saobra?ajnica koje vode od Podgorice ka Srbiji.<br \/>\nJedna od naj?e\u0161?ih primedbi turista jeste nedostatak vode u sezoni?<br \/>\n&#8211; Do po?etka sezone bi?e ulo\u017eeno dva miliona evra, ?ime ?e se obezbediti redovno snabdevanje vodom primorskih op\u0161tina. Fabrika za desalinizaciju vode ?e biti gotova do 10. juna, \u0161to ?e obezbediti protok od 100 litara u sekundi. Ovo je samo prelazno re\u0161enje, jer ?e regionlani vodovod biti gotov do kraja 2009. godine. Iz Skadarskog jezera tada ?e \u201cte?i\u201d 1.000 litara vode u sekundi.<br \/>\n<strong> Od ove godine uvode se ekolo\u0161ke takse?<\/strong><br \/>\n&#8211; Eko-takse, koje ko\u0161taju od 10 do 150 evra za godinu dana, pla?a?e svi. I na\u0161i gra?ani i turisti. Na\u0161i ?e tu naknadu pla?ati kada registruju auto, a turisti prilikom ulaska u zemlju. Ovo je me?unarodna praksa i sav novac ?e se ulagati u ekolo\u0161ke projekte. Potrebno je da za\u0161titimo vazduh koji svi udi\u0161u.<\/p>\n<p><img loading=\"lazy\" class=\"alignleft\" style=\"float: left;\" src=\"http:\/\/www.discover-montenegro.com\/Foto\/Beaches\/Ulcinj-Riveira-Small-City-B.jpg\" alt=\"mala plaza\" width=\"335\" height=\"220\" \/><strong>Kakva su predvi?anja za ovu sezonu?<\/strong><br \/>\n&#8211; Ove godine o?ekujemo 550 miliona evra prihoda, \u0161to ?e biti za 15 odsto vi\u0161e u odnosu na pro\u0161lu godinu. Verujemo da ?e biti oko osam miliona no?enja i oko 1,7 miliona turista ovog leta. Nadamo se da ?e 400.000 turista biti iz Srbije, koji su na\u0161i bitni gosti. Spremno je i novih 17 manjih hotela, koji ?e dobiti tri i ?etiri zvezdice. Tu je i projekat \u201cPe\u0161a?enje i biciklizam\u201d, koji je jedan od va\u017enijih za Crnu Goru. Mi smo, upravo zbog prirode, poznati i privla?ni.<\/p>\n<p><strong>PRAVILNIK O HRANI<\/strong><br \/>\nNovim Pravilnikom o bezbednosti hrane turisti ne?e mo?i da unose velike koli?ine hrane u Crnu Goru. \u0160ta ?e gosti mo?i od hrane da ponesu?<br \/>\n&#8211; Turisti koji ulaze u Crnu Goru mo?i ?e da unesu pet litara vode, dve litre bezalkoholnih i litar alkoholnih pi?a, kilogram su\u0161enog vo?a ili povr?a i kilogram deklarisane hrane spremne za upotrebu. Osnovni cilj je da se za\u0161titi zdravlje ljudi koje je naro?ito ugro\u017eeno u toku letnje turisti?ke sezone.<br \/>\n<strong> Izvor-novosti.co.yu<\/strong><\/p>\n<!-- vimeo error: not a vimeo video -->\n","protected":false},"excerpt":{"rendered":"<p><img loading=\"lazy\" class=\"alignleft\" style=\"float: left;\" src=\"http:\/\/www.gom.cg.yu\/img\/1098439147.jpg\" alt=\"Predrag Nenezic\" width=\"140\" height=\"140\" \/><\/p>\n","protected":false},"author":1,"featured_media":0,"comment_status":"open","ping_status":"closed","sticky":false,"template":"","format":"standard","meta":{"spay_email":"","jetpack_publicize_message":"","jetpack_is_tweetstorm":false,"jetpack_publicize_feature_enabled":true},"categories":[12,15],"tags":[138,2862,20,2448,19,265],"jetpack_publicize_connections":[],"yoast_head":"<!-- This site is optimized with the Yoast SEO plugin v19.1 - https:\/\/yoast.com\/wordpress\/plugins\/seo\/ -->\n<title>1,7 odsto Crno Gorske obale u rukama stranaca - Lajme nga Ulqini<\/title>\n<meta name=\"robots\" content=\"index, follow, max-snippet:-1, max-image-preview:large, max-video-preview:-1\" \/>\n<link rel=\"canonical\" href=\"https:\/\/www.visit-ulcinj.com\/blog\/2008\/04\/29\/17-odsto-crno-gorske-obale-u-rukama-stranaca\/\" \/>\n<meta property=\"og:locale\" content=\"en_US\" \/>\n<meta property=\"og:type\" content=\"article\" \/>\n<meta property=\"og:title\" content=\"1,7 odsto Crno Gorske obale u rukama stranaca - Lajme nga Ulqini\" \/>\n<meta property=\"og:url\" content=\"https:\/\/www.visit-ulcinj.com\/blog\/2008\/04\/29\/17-odsto-crno-gorske-obale-u-rukama-stranaca\/\" \/>\n<meta property=\"og:site_name\" content=\"Lajme nga Ulqini\" \/>\n<meta property=\"article:published_time\" content=\"2008-04-29T07:37:17+00:00\" \/>\n<meta property=\"article:modified_time\" content=\"2008-04-29T07:38:49+00:00\" \/>\n<meta property=\"og:image\" content=\"http:\/\/www.gom.cg.yu\/img\/1098439147.jpg\" \/>\n<meta name=\"twitter:label1\" content=\"Written by\" \/>\n\t<meta name=\"twitter:data1\" content=\"ulqini\" \/>\n\t<meta name=\"twitter:label2\" content=\"Est. reading time\" \/>\n\t<meta name=\"twitter:data2\" content=\"4 minutes\" \/>\n<script type=\"application\/ld+json\" class=\"yoast-schema-graph\">{\"@context\":\"https:\/\/schema.org\",\"@graph\":[{\"@type\":\"WebSite\",\"@id\":\"https:\/\/www.visit-ulcinj.com\/blog\/#website\",\"url\":\"https:\/\/www.visit-ulcinj.com\/blog\/\",\"name\":\"Lajme nga Ulqini\",\"description\":\"Lajme,Vijesti,Ulqini,Ulqin,Crna Gora,Mali i Zi\",\"potentialAction\":[{\"@type\":\"SearchAction\",\"target\":{\"@type\":\"EntryPoint\",\"urlTemplate\":\"https:\/\/www.visit-ulcinj.com\/blog\/?s={search_term_string}\"},\"query-input\":\"required name=search_term_string\"}],\"inLanguage\":\"en-US\"},{\"@type\":\"ImageObject\",\"inLanguage\":\"en-US\",\"@id\":\"https:\/\/www.visit-ulcinj.com\/blog\/2008\/04\/29\/17-odsto-crno-gorske-obale-u-rukama-stranaca\/#primaryimage\",\"url\":\"http:\/\/www.gom.cg.yu\/img\/1098439147.jpg\",\"contentUrl\":\"http:\/\/www.gom.cg.yu\/img\/1098439147.jpg\"},{\"@type\":\"WebPage\",\"@id\":\"https:\/\/www.visit-ulcinj.com\/blog\/2008\/04\/29\/17-odsto-crno-gorske-obale-u-rukama-stranaca\/#webpage\",\"url\":\"https:\/\/www.visit-ulcinj.com\/blog\/2008\/04\/29\/17-odsto-crno-gorske-obale-u-rukama-stranaca\/\",\"name\":\"1,7 odsto Crno Gorske obale u rukama stranaca - Lajme nga Ulqini\",\"isPartOf\":{\"@id\":\"https:\/\/www.visit-ulcinj.com\/blog\/#website\"},\"primaryImageOfPage\":{\"@id\":\"https:\/\/www.visit-ulcinj.com\/blog\/2008\/04\/29\/17-odsto-crno-gorske-obale-u-rukama-stranaca\/#primaryimage\"},\"datePublished\":\"2008-04-29T07:37:17+00:00\",\"dateModified\":\"2008-04-29T07:38:49+00:00\",\"author\":{\"@id\":\"https:\/\/www.visit-ulcinj.com\/blog\/#\/schema\/person\/dcab619c614d3038751c63bc2aadc06d\"},\"breadcrumb\":{\"@id\":\"https:\/\/www.visit-ulcinj.com\/blog\/2008\/04\/29\/17-odsto-crno-gorske-obale-u-rukama-stranaca\/#breadcrumb\"},\"inLanguage\":\"en-US\",\"potentialAction\":[{\"@type\":\"ReadAction\",\"target\":[\"https:\/\/www.visit-ulcinj.com\/blog\/2008\/04\/29\/17-odsto-crno-gorske-obale-u-rukama-stranaca\/\"]}]},{\"@type\":\"BreadcrumbList\",\"@id\":\"https:\/\/www.visit-ulcinj.com\/blog\/2008\/04\/29\/17-odsto-crno-gorske-obale-u-rukama-stranaca\/#breadcrumb\",\"itemListElement\":[{\"@type\":\"ListItem\",\"position\":1,\"name\":\"1,7 odsto Crno Gorske obale u rukama stranaca\"}]},{\"@type\":\"Person\",\"@id\":\"https:\/\/www.visit-ulcinj.com\/blog\/#\/schema\/person\/dcab619c614d3038751c63bc2aadc06d\",\"name\":\"ulqini\",\"sameAs\":[\"http:\/\/www.visit-ulcinj.com\"],\"url\":\"https:\/\/www.visit-ulcinj.com\/blog\/author\/admin\/\"}]}<\/script>\n<!-- \/ Yoast SEO plugin. -->","yoast_head_json":{"title":"1,7 odsto Crno Gorske obale u rukama stranaca - Lajme nga Ulqini","robots":{"index":"index","follow":"follow","max-snippet":"max-snippet:-1","max-image-preview":"max-image-preview:large","max-video-preview":"max-video-preview:-1"},"canonical":"https:\/\/www.visit-ulcinj.com\/blog\/2008\/04\/29\/17-odsto-crno-gorske-obale-u-rukama-stranaca\/","og_locale":"en_US","og_type":"article","og_title":"1,7 odsto Crno Gorske obale u rukama stranaca - Lajme nga Ulqini","og_url":"https:\/\/www.visit-ulcinj.com\/blog\/2008\/04\/29\/17-odsto-crno-gorske-obale-u-rukama-stranaca\/","og_site_name":"Lajme nga Ulqini","article_published_time":"2008-04-29T07:37:17+00:00","article_modified_time":"2008-04-29T07:38:49+00:00","og_image":[{"url":"http:\/\/www.gom.cg.yu\/img\/1098439147.jpg"}],"twitter_misc":{"Written by":"ulqini","Est. reading time":"4 minutes"},"schema":{"@context":"https:\/\/schema.org","@graph":[{"@type":"WebSite","@id":"https:\/\/www.visit-ulcinj.com\/blog\/#website","url":"https:\/\/www.visit-ulcinj.com\/blog\/","name":"Lajme nga Ulqini","description":"Lajme,Vijesti,Ulqini,Ulqin,Crna Gora,Mali i Zi","potentialAction":[{"@type":"SearchAction","target":{"@type":"EntryPoint","urlTemplate":"https:\/\/www.visit-ulcinj.com\/blog\/?s={search_term_string}"},"query-input":"required name=search_term_string"}],"inLanguage":"en-US"},{"@type":"ImageObject","inLanguage":"en-US","@id":"https:\/\/www.visit-ulcinj.com\/blog\/2008\/04\/29\/17-odsto-crno-gorske-obale-u-rukama-stranaca\/#primaryimage","url":"http:\/\/www.gom.cg.yu\/img\/1098439147.jpg","contentUrl":"http:\/\/www.gom.cg.yu\/img\/1098439147.jpg"},{"@type":"WebPage","@id":"https:\/\/www.visit-ulcinj.com\/blog\/2008\/04\/29\/17-odsto-crno-gorske-obale-u-rukama-stranaca\/#webpage","url":"https:\/\/www.visit-ulcinj.com\/blog\/2008\/04\/29\/17-odsto-crno-gorske-obale-u-rukama-stranaca\/","name":"1,7 odsto Crno Gorske obale u rukama stranaca - Lajme nga Ulqini","isPartOf":{"@id":"https:\/\/www.visit-ulcinj.com\/blog\/#website"},"primaryImageOfPage":{"@id":"https:\/\/www.visit-ulcinj.com\/blog\/2008\/04\/29\/17-odsto-crno-gorske-obale-u-rukama-stranaca\/#primaryimage"},"datePublished":"2008-04-29T07:37:17+00:00","dateModified":"2008-04-29T07:38:49+00:00","author":{"@id":"https:\/\/www.visit-ulcinj.com\/blog\/#\/schema\/person\/dcab619c614d3038751c63bc2aadc06d"},"breadcrumb":{"@id":"https:\/\/www.visit-ulcinj.com\/blog\/2008\/04\/29\/17-odsto-crno-gorske-obale-u-rukama-stranaca\/#breadcrumb"},"inLanguage":"en-US","potentialAction":[{"@type":"ReadAction","target":["https:\/\/www.visit-ulcinj.com\/blog\/2008\/04\/29\/17-odsto-crno-gorske-obale-u-rukama-stranaca\/"]}]},{"@type":"BreadcrumbList","@id":"https:\/\/www.visit-ulcinj.com\/blog\/2008\/04\/29\/17-odsto-crno-gorske-obale-u-rukama-stranaca\/#breadcrumb","itemListElement":[{"@type":"ListItem","position":1,"name":"1,7 odsto Crno Gorske obale u rukama stranaca"}]},{"@type":"Person","@id":"https:\/\/www.visit-ulcinj.com\/blog\/#\/schema\/person\/dcab619c614d3038751c63bc2aadc06d","name":"ulqini","sameAs":["http:\/\/www.visit-ulcinj.com"],"url":"https:\/\/www.visit-ulcinj.com\/blog\/author\/admin\/"}]}},"jetpack_featured_media_url":"","jetpack_sharing_enabled":true,"jetpack_shortlink":"https:\/\/wp.me\/pe6lTn-ni","_links":{"self":[{"href":"https:\/\/www.visit-ulcinj.com\/blog\/wp-json\/wp\/v2\/posts\/1444"}],"collection":[{"href":"https:\/\/www.visit-ulcinj.com\/blog\/wp-json\/wp\/v2\/posts"}],"about":[{"href":"https:\/\/www.visit-ulcinj.com\/blog\/wp-json\/wp\/v2\/types\/post"}],"author":[{"embeddable":true,"href":"https:\/\/www.visit-ulcinj.com\/blog\/wp-json\/wp\/v2\/users\/1"}],"replies":[{"embeddable":true,"href":"https:\/\/www.visit-ulcinj.com\/blog\/wp-json\/wp\/v2\/comments?post=1444"}],"version-history":[{"count":0,"href":"https:\/\/www.visit-ulcinj.com\/blog\/wp-json\/wp\/v2\/posts\/1444\/revisions"}],"wp:attachment":[{"href":"https:\/\/www.visit-ulcinj.com\/blog\/wp-json\/wp\/v2\/media?parent=1444"}],"wp:term":[{"taxonomy":"category","embeddable":true,"href":"https:\/\/www.visit-ulcinj.com\/blog\/wp-json\/wp\/v2\/categories?post=1444"},{"taxonomy":"post_tag","embeddable":true,"href":"https:\/\/www.visit-ulcinj.com\/blog\/wp-json\/wp\/v2\/tags?post=1444"}],"curies":[{"name":"wp","href":"https:\/\/api.w.org\/{rel}","templated":true}]}}