{"id":14442,"date":"2009-03-17T13:13:12","date_gmt":"2009-03-17T12:13:12","guid":{"rendered":"http:\/\/www.visit-ulcinj.com\/blog\/?p=14442"},"modified":"2009-03-17T13:13:12","modified_gmt":"2009-03-17T12:13:12","slug":"mesida-moza-te-kam-nominuar","status":"publish","type":"post","link":"https:\/\/www.visit-ulcinj.com\/blog\/2009\/03\/17\/mesida-moza-te-kam-nominuar\/","title":{"rendered":"Mesida: Moza t\u00eb kam nominuar"},"content":{"rendered":"<p><em><span class=\"newsdate\"><a href=\"http:\/\/www.visit-ulcinj.com\/blog\/wp-content\/uploads\/2009\/03\/mesida1.jpg\"><img loading=\"lazy\" class=\"alignleft size-full wp-image-14443\" title=\"mesida-big-brother-albania-2\" src=\"http:\/\/www.visit-ulcinj.com\/blog\/wp-content\/uploads\/2009\/03\/mesida1.jpg\" alt=\"mesida-big-brother-albania-2\" width=\"300\" height=\"205\" \/><\/a>15\/03\/09 18:50<\/span><\/em><\/p>\n<p>Mesida i tregon Moz\u00ebs se e ka nominuar dhe se si arsye tha se nuk aktivizohet shum\u00eb n\u00eb biseda. Ajo justifikohet se e nominoi pasi e dinte q\u00eb at\u00eb nuk do ta nominonte njeri dhe k\u00ebshtu nuk rrezikonte dhe po ia thoshte k\u00ebt\u00eb q\u00eb kur t\u00eb dalin t\u00eb mos i duket hipokrite, q\u00eb edhe rrinte me t\u00eb, edhe e nominonte. Lirita thot\u00eb se n\u00ebse do ta nominonin p\u00ebr nj\u00eb arsye si p\u00ebrshembull dicka q\u00eb nuk i p\u00eblqen tek tipi, ajo nuk do t\u00eb m\u00ebrzitej. Mesida thot\u00eb se n\u00ebse do kishte hat\u00ebr mbetje me ndonj\u00eb nga banor\u00ebt, m\u00eb par\u00eb do ta sqaronte ose do t\u2019ia b\u00ebnte t\u00eb ditur dhe n\u00ebse nuk do ndryshohej sjellja nga ai banor, at\u00ebher\u00eb mund ta p\u00ebrdorte si arsye.<\/p>\n","protected":false},"excerpt":{"rendered":"<p>15\/03\/09 18:50 Mesida i tregon Moz\u00ebs se e ka nominuar dhe se si arsye tha se nuk aktivizohet shum\u00eb n\u00eb biseda. Ajo justifikohet se e nominoi pasi e dinte q\u00eb at\u00eb nuk do ta nominonte njeri dhe k\u00ebshtu nuk rrezikonte dhe po ia thoshte k\u00ebt\u00eb q\u00eb kur t\u00eb dalin t\u00eb mos i duket hipokrite, q\u00eb [&hellip;]<\/p>\n","protected":false},"author":1,"featured_media":0,"comment_status":"open","ping_status":"closed","sticky":false,"template":"","format":"standard","meta":{"spay_email":"","jetpack_publicize_message":"","jetpack_is_tweetstorm":false,"jetpack_publicize_feature_enabled":true},"categories":[6502],"tags":[5057,6506,6516,6712,7129,7364,6544,8052,7925,6891,6693,6887],"jetpack_publicize_connections":[],"yoast_head":"<!-- This site is optimized with the Yoast SEO plugin v19.1 - https:\/\/yoast.com\/wordpress\/plugins\/seo\/ -->\n<title>Mesida: Moza t\u00c3\u00ab kam nominuar | Big Brother Albania 2<\/title>\n<meta name=\"description\" content=\"Big Brother Albania 2 - Mesida i tregon Moz\u00c3\u00abs se e ka nominuar dhe se si arsye tha se nuk aktivizohet shum\u00c3\u00ab n\u00c3\u00ab biseda\" \/>\n<meta name=\"robots\" content=\"index, follow, max-snippet:-1, max-image-preview:large, max-video-preview:-1\" \/>\n<link rel=\"canonical\" href=\"https:\/\/www.visit-ulcinj.com\/blog\/2009\/03\/17\/mesida-moza-te-kam-nominuar\/\" \/>\n<meta property=\"og:locale\" content=\"en_US\" \/>\n<meta property=\"og:type\" content=\"article\" \/>\n<meta property=\"og:title\" content=\"Mesida: Moza t\u00c3\u00ab kam nominuar | Big Brother Albania 2\" \/>\n<meta property=\"og:description\" content=\"Big Brother Albania 2 - Mesida i tregon Moz\u00c3\u00abs se e ka nominuar dhe se si arsye tha se nuk aktivizohet shum\u00c3\u00ab n\u00c3\u00ab biseda\" \/>\n<meta property=\"og:url\" content=\"https:\/\/www.visit-ulcinj.com\/blog\/2009\/03\/17\/mesida-moza-te-kam-nominuar\/\" \/>\n<meta property=\"og:site_name\" content=\"Lajme nga Ulqini\" \/>\n<meta property=\"article:published_time\" content=\"2009-03-17T12:13:12+00:00\" \/>\n<meta property=\"og:image\" content=\"http:\/\/www.visit-ulcinj.com\/blog\/wp-content\/uploads\/2009\/03\/mesida1.jpg\" \/>\n<meta name=\"twitter:label1\" content=\"Written by\" \/>\n\t<meta name=\"twitter:data1\" content=\"ulqini\" \/>\n\t<meta name=\"twitter:label2\" content=\"Est. reading time\" \/>\n\t<meta name=\"twitter:data2\" content=\"1 minute\" \/>\n<script type=\"application\/ld+json\" class=\"yoast-schema-graph\">{\"@context\":\"https:\/\/schema.org\",\"@graph\":[{\"@type\":\"WebSite\",\"@id\":\"https:\/\/www.visit-ulcinj.com\/blog\/#website\",\"url\":\"https:\/\/www.visit-ulcinj.com\/blog\/\",\"name\":\"Lajme nga Ulqini\",\"description\":\"Lajme,Vijesti,Ulqini,Ulqin,Crna Gora,Mali i Zi\",\"potentialAction\":[{\"@type\":\"SearchAction\",\"target\":{\"@type\":\"EntryPoint\",\"urlTemplate\":\"https:\/\/www.visit-ulcinj.com\/blog\/?s={search_term_string}\"},\"query-input\":\"required name=search_term_string\"}],\"inLanguage\":\"en-US\"},{\"@type\":\"ImageObject\",\"inLanguage\":\"en-US\",\"@id\":\"https:\/\/www.visit-ulcinj.com\/blog\/2009\/03\/17\/mesida-moza-te-kam-nominuar\/#primaryimage\",\"url\":\"http:\/\/www.visit-ulcinj.com\/blog\/wp-content\/uploads\/2009\/03\/mesida1.jpg\",\"contentUrl\":\"http:\/\/www.visit-ulcinj.com\/blog\/wp-content\/uploads\/2009\/03\/mesida1.jpg\"},{\"@type\":\"WebPage\",\"@id\":\"https:\/\/www.visit-ulcinj.com\/blog\/2009\/03\/17\/mesida-moza-te-kam-nominuar\/#webpage\",\"url\":\"https:\/\/www.visit-ulcinj.com\/blog\/2009\/03\/17\/mesida-moza-te-kam-nominuar\/\",\"name\":\"Mesida: Moza t\u00c3\u00ab kam nominuar | Big Brother Albania 2\",\"isPartOf\":{\"@id\":\"https:\/\/www.visit-ulcinj.com\/blog\/#website\"},\"primaryImageOfPage\":{\"@id\":\"https:\/\/www.visit-ulcinj.com\/blog\/2009\/03\/17\/mesida-moza-te-kam-nominuar\/#primaryimage\"},\"datePublished\":\"2009-03-17T12:13:12+00:00\",\"dateModified\":\"2009-03-17T12:13:12+00:00\",\"author\":{\"@id\":\"https:\/\/www.visit-ulcinj.com\/blog\/#\/schema\/person\/dcab619c614d3038751c63bc2aadc06d\"},\"description\":\"Big Brother Albania 2 - Mesida i tregon Moz\u00c3\u00abs se e ka nominuar dhe se si arsye tha se nuk aktivizohet shum\u00c3\u00ab n\u00c3\u00ab biseda\",\"breadcrumb\":{\"@id\":\"https:\/\/www.visit-ulcinj.com\/blog\/2009\/03\/17\/mesida-moza-te-kam-nominuar\/#breadcrumb\"},\"inLanguage\":\"en-US\",\"potentialAction\":[{\"@type\":\"ReadAction\",\"target\":[\"https:\/\/www.visit-ulcinj.com\/blog\/2009\/03\/17\/mesida-moza-te-kam-nominuar\/\"]}]},{\"@type\":\"BreadcrumbList\",\"@id\":\"https:\/\/www.visit-ulcinj.com\/blog\/2009\/03\/17\/mesida-moza-te-kam-nominuar\/#breadcrumb\",\"itemListElement\":[{\"@type\":\"ListItem\",\"position\":1,\"name\":\"Mesida: Moza t\u00eb kam nominuar\"}]},{\"@type\":\"Person\",\"@id\":\"https:\/\/www.visit-ulcinj.com\/blog\/#\/schema\/person\/dcab619c614d3038751c63bc2aadc06d\",\"name\":\"ulqini\",\"sameAs\":[\"http:\/\/www.visit-ulcinj.com\"],\"url\":\"https:\/\/www.visit-ulcinj.com\/blog\/author\/admin\/\"}]}<\/script>\n<!-- \/ Yoast SEO plugin. -->","yoast_head_json":{"title":"Mesida: Moza t\u00c3\u00ab kam nominuar | Big Brother Albania 2","description":"Big Brother Albania 2 - Mesida i tregon Moz\u00c3\u00abs se e ka nominuar dhe se si arsye tha se nuk aktivizohet shum\u00c3\u00ab n\u00c3\u00ab biseda","robots":{"index":"index","follow":"follow","max-snippet":"max-snippet:-1","max-image-preview":"max-image-preview:large","max-video-preview":"max-video-preview:-1"},"canonical":"https:\/\/www.visit-ulcinj.com\/blog\/2009\/03\/17\/mesida-moza-te-kam-nominuar\/","og_locale":"en_US","og_type":"article","og_title":"Mesida: Moza t\u00c3\u00ab kam nominuar | Big Brother Albania 2","og_description":"Big Brother Albania 2 - Mesida i tregon Moz\u00c3\u00abs se e ka nominuar dhe se si arsye tha se nuk aktivizohet shum\u00c3\u00ab n\u00c3\u00ab biseda","og_url":"https:\/\/www.visit-ulcinj.com\/blog\/2009\/03\/17\/mesida-moza-te-kam-nominuar\/","og_site_name":"Lajme nga Ulqini","article_published_time":"2009-03-17T12:13:12+00:00","og_image":[{"url":"http:\/\/www.visit-ulcinj.com\/blog\/wp-content\/uploads\/2009\/03\/mesida1.jpg"}],"twitter_misc":{"Written by":"ulqini","Est. reading time":"1 minute"},"schema":{"@context":"https:\/\/schema.org","@graph":[{"@type":"WebSite","@id":"https:\/\/www.visit-ulcinj.com\/blog\/#website","url":"https:\/\/www.visit-ulcinj.com\/blog\/","name":"Lajme nga Ulqini","description":"Lajme,Vijesti,Ulqini,Ulqin,Crna Gora,Mali i Zi","potentialAction":[{"@type":"SearchAction","target":{"@type":"EntryPoint","urlTemplate":"https:\/\/www.visit-ulcinj.com\/blog\/?s={search_term_string}"},"query-input":"required name=search_term_string"}],"inLanguage":"en-US"},{"@type":"ImageObject","inLanguage":"en-US","@id":"https:\/\/www.visit-ulcinj.com\/blog\/2009\/03\/17\/mesida-moza-te-kam-nominuar\/#primaryimage","url":"http:\/\/www.visit-ulcinj.com\/blog\/wp-content\/uploads\/2009\/03\/mesida1.jpg","contentUrl":"http:\/\/www.visit-ulcinj.com\/blog\/wp-content\/uploads\/2009\/03\/mesida1.jpg"},{"@type":"WebPage","@id":"https:\/\/www.visit-ulcinj.com\/blog\/2009\/03\/17\/mesida-moza-te-kam-nominuar\/#webpage","url":"https:\/\/www.visit-ulcinj.com\/blog\/2009\/03\/17\/mesida-moza-te-kam-nominuar\/","name":"Mesida: Moza t\u00c3\u00ab kam nominuar | Big Brother Albania 2","isPartOf":{"@id":"https:\/\/www.visit-ulcinj.com\/blog\/#website"},"primaryImageOfPage":{"@id":"https:\/\/www.visit-ulcinj.com\/blog\/2009\/03\/17\/mesida-moza-te-kam-nominuar\/#primaryimage"},"datePublished":"2009-03-17T12:13:12+00:00","dateModified":"2009-03-17T12:13:12+00:00","author":{"@id":"https:\/\/www.visit-ulcinj.com\/blog\/#\/schema\/person\/dcab619c614d3038751c63bc2aadc06d"},"description":"Big Brother Albania 2 - Mesida i tregon Moz\u00c3\u00abs se e ka nominuar dhe se si arsye tha se nuk aktivizohet shum\u00c3\u00ab n\u00c3\u00ab biseda","breadcrumb":{"@id":"https:\/\/www.visit-ulcinj.com\/blog\/2009\/03\/17\/mesida-moza-te-kam-nominuar\/#breadcrumb"},"inLanguage":"en-US","potentialAction":[{"@type":"ReadAction","target":["https:\/\/www.visit-ulcinj.com\/blog\/2009\/03\/17\/mesida-moza-te-kam-nominuar\/"]}]},{"@type":"BreadcrumbList","@id":"https:\/\/www.visit-ulcinj.com\/blog\/2009\/03\/17\/mesida-moza-te-kam-nominuar\/#breadcrumb","itemListElement":[{"@type":"ListItem","position":1,"name":"Mesida: Moza t\u00eb kam nominuar"}]},{"@type":"Person","@id":"https:\/\/www.visit-ulcinj.com\/blog\/#\/schema\/person\/dcab619c614d3038751c63bc2aadc06d","name":"ulqini","sameAs":["http:\/\/www.visit-ulcinj.com"],"url":"https:\/\/www.visit-ulcinj.com\/blog\/author\/admin\/"}]}},"jetpack_featured_media_url":"","jetpack_sharing_enabled":true,"jetpack_shortlink":"https:\/\/wp.me\/pe6lTn-3KW","_links":{"self":[{"href":"https:\/\/www.visit-ulcinj.com\/blog\/wp-json\/wp\/v2\/posts\/14442"}],"collection":[{"href":"https:\/\/www.visit-ulcinj.com\/blog\/wp-json\/wp\/v2\/posts"}],"about":[{"href":"https:\/\/www.visit-ulcinj.com\/blog\/wp-json\/wp\/v2\/types\/post"}],"author":[{"embeddable":true,"href":"https:\/\/www.visit-ulcinj.com\/blog\/wp-json\/wp\/v2\/users\/1"}],"replies":[{"embeddable":true,"href":"https:\/\/www.visit-ulcinj.com\/blog\/wp-json\/wp\/v2\/comments?post=14442"}],"version-history":[{"count":0,"href":"https:\/\/www.visit-ulcinj.com\/blog\/wp-json\/wp\/v2\/posts\/14442\/revisions"}],"wp:attachment":[{"href":"https:\/\/www.visit-ulcinj.com\/blog\/wp-json\/wp\/v2\/media?parent=14442"}],"wp:term":[{"taxonomy":"category","embeddable":true,"href":"https:\/\/www.visit-ulcinj.com\/blog\/wp-json\/wp\/v2\/categories?post=14442"},{"taxonomy":"post_tag","embeddable":true,"href":"https:\/\/www.visit-ulcinj.com\/blog\/wp-json\/wp\/v2\/tags?post=14442"}],"curies":[{"name":"wp","href":"https:\/\/api.w.org\/{rel}","templated":true}]}}