{"id":14445,"date":"2009-03-17T16:04:31","date_gmt":"2009-03-17T15:04:31","guid":{"rendered":"http:\/\/www.visit-ulcinj.com\/blog\/?p=14445"},"modified":"2009-03-17T16:04:31","modified_gmt":"2009-03-17T15:04:31","slug":"aida-troka-ne-jam-realist","status":"publish","type":"post","link":"https:\/\/www.visit-ulcinj.com\/blog\/2009\/03\/17\/aida-troka-ne-jam-realist\/","title":{"rendered":"Aida Troka : n\u00eb jam realist"},"content":{"rendered":"<p><em><span class=\"newsdate\"><a href=\"http:\/\/www.visit-ulcinj.com\/blog\/wp-content\/uploads\/2009\/03\/aida-per-adin.jpg\"><img loading=\"lazy\" class=\"alignleft size-full wp-image-14446\" title=\"aida-per-adin-big-brother-albania-2\" src=\"http:\/\/www.visit-ulcinj.com\/blog\/wp-content\/uploads\/2009\/03\/aida-per-adin.jpg\" alt=\"aida-per-adin-big-brother-albania-2\" width=\"300\" height=\"205\" \/><\/a>15\/03\/09 02:10<\/span><\/em><\/p>\n<p>Debati mbi d\u00ebshir\u00ebn ose jo t\u00eb Aid\u00ebs, p\u00ebr t\u2019i dh\u00ebn\u00eb imunitetin Adit ka vazhduar m\u00eb tej, me ardhjen e saj. Arjoni i ka th\u00ebn\u00eb dhe ka mbrojtur mendimin se ajo ka hezituar q\u00eb t\u2019ia jepte imunitetin Adit, sepse nuk kishte dashur ta b\u00ebnte. Aida e ka kund\u00ebrshtuar fort dhe i ka shpjeguar se ajo nuk e kishte kuptuar mir\u00eb pyetjen q\u00eb i ishte b\u00ebr\u00eb. Ajo shtoi se kishte dashur t\u2019ia jepte imunitetin atij ose Lirit\u00ebs, sepse mendonte se duhej t\u00eb zgjidhte dik\u00eb prej banor\u00ebve t\u00eb sht\u00ebpis\u00eb. Arjoni e pyeti drejtp\u00ebrdrejt Adin se si i ishte dukur atij shprehja e Aid\u00ebs: \u201cAdi \u00ebsht\u00eb i vetmi q\u00eb nuk ka nevoj\u00eb p\u00ebr imunitet!\u201d. Adi u shpreh se edhe ai ishte keqkuptuar si Aida. Ai shtoi se n\u00ebse Aida nuk do ta kishte b\u00ebr\u00eb k\u00ebt\u00eb, do t\u00eb ishte b\u00ebr\u00eb \u201chas\u00ebm\u201d me t\u00eb, sepse asaj, n\u00eb fundit t\u00eb fundit, nuk i kushtonte asgj\u00eb. Madje, sipas tij, at\u00eb e kishin v\u00ebn\u00eb p\u00ebrpara nj\u00eb zgjedhjeje shum\u00eb t\u00eb thjesht\u00eb e t\u00eb rehatshme dhe aspak t\u00eb v\u00ebshtir\u00eb, si\u00e7 mund t\u00eb kishte qen\u00eb po t\u2019i ishte dashur t\u00eb zgjidhte mes disa banor\u00ebve. Adi tha gjithashtu se ai do t\u2019ia kishte dhuruar nominimin edhe \u201carmikut\u201d t\u00eb tij, gj\u00eb q\u00eb u mb\u00ebshtet edhe nga Aida. Nd\u00ebrsa sipas Arjonit, kjo shprehje e saj n\u00ebnkuptonte q\u00eb ajo nuk donte t\u2019ia jepte imunitetin dhe p\u00ebrsa i p\u00ebrkiste dhurimit t\u00eb imunitetit dikujt q\u00eb ai e konsideronte kund\u00ebrshtar, ai nuk do ta kishte b\u00ebr\u00eb k\u00ebt\u00eb, ai nuk do t\u2019ia kishte dh\u00ebn\u00eb imunitetin. Pyetja e tij p\u00ebr Adin ishte direkte: \u201cTi, Adi, do t\u00eb ma kishe dh\u00ebn\u00eb mua imunitetin?\u201d. Adi u p\u00ebrgjigj se do t\u2019ia kishte dh\u00ebn\u00eb, sepse cdo gj\u00eb kishte nj\u00eb moral, ai nuk mund t\u00eb binte aq posht\u00eb dhe, n\u00eb fund t\u00eb fundit, nuk ishin n\u00eb kat\u00ebrshe. Arjoni i \u00ebsht\u00eb p\u00ebrgjigjur q\u00eb ai, po t\u2019i ishte dh\u00ebn\u00eb mund\u00ebsia, nuk do t\u2019ia kishte dh\u00ebn\u00eb imunitetin, sepse loja e till\u00eb ishte. \u201cVet\u00ebm nj\u00eb njeri i cek\u00ebt mund ta b\u00ebnte k\u00ebt\u00eb!- i ka th\u00ebn\u00eb atij Aida. \u201cUn\u00eb nuk jam i cek\u00ebt, jam realist!\u201d \u2013 i \u00ebsht\u00eb p\u00ebrgjigjur Arjoni.<\/p>\n","protected":false},"excerpt":{"rendered":"<p>15\/03\/09 02:10 Debati mbi d\u00ebshir\u00ebn ose jo t\u00eb Aid\u00ebs, p\u00ebr t\u2019i dh\u00ebn\u00eb imunitetin Adit ka vazhduar m\u00eb tej, me ardhjen e saj. Arjoni i ka th\u00ebn\u00eb dhe ka mbrojtur mendimin se ajo ka hezituar q\u00eb t\u2019ia jepte imunitetin Adit, sepse nuk kishte dashur ta b\u00ebnte. Aida e ka kund\u00ebrshtuar fort dhe i ka shpjeguar se [&hellip;]<\/p>\n","protected":false},"author":1,"featured_media":0,"comment_status":"open","ping_status":"closed","sticky":false,"template":"","format":"standard","meta":{"spay_email":"","jetpack_publicize_message":"","jetpack_is_tweetstorm":false,"jetpack_publicize_feature_enabled":true},"categories":[6502],"tags":[1414,6566,6537,6558,6525,6883,6516,6712,7748,6567,6542,6891],"jetpack_publicize_connections":[],"yoast_head":"<!-- This site is optimized with the Yoast SEO plugin v19.1 - https:\/\/yoast.com\/wordpress\/plugins\/seo\/ -->\n<title>Aida Troka : n\u00c3\u00ab jam realist | Big Brother Albania 2<\/title>\n<meta name=\"description\" content=\"Big Brother Albania 2 - Debati mbi d\u00c3\u00abshir\u00c3\u00abn ose jo t\u00c3\u00ab Aid\u00c3\u00abs, p\u00c3\u00abr t\u00e2\u20ac\u2122i dh\u00c3\u00abn\u00c3\u00ab imunitetin Adit ka vazhduar m\u00c3\u00ab tej, me ardhjen e saj.\" \/>\n<meta name=\"robots\" content=\"index, follow, max-snippet:-1, max-image-preview:large, max-video-preview:-1\" \/>\n<link rel=\"canonical\" href=\"https:\/\/www.visit-ulcinj.com\/blog\/2009\/03\/17\/aida-troka-ne-jam-realist\/\" \/>\n<meta property=\"og:locale\" content=\"en_US\" \/>\n<meta property=\"og:type\" content=\"article\" \/>\n<meta property=\"og:title\" content=\"Aida Troka : n\u00c3\u00ab jam realist | Big Brother Albania 2\" \/>\n<meta property=\"og:description\" content=\"Big Brother Albania 2 - Debati mbi d\u00c3\u00abshir\u00c3\u00abn ose jo t\u00c3\u00ab Aid\u00c3\u00abs, p\u00c3\u00abr t\u00e2\u20ac\u2122i dh\u00c3\u00abn\u00c3\u00ab imunitetin Adit ka vazhduar m\u00c3\u00ab tej, me ardhjen e saj.\" \/>\n<meta property=\"og:url\" content=\"https:\/\/www.visit-ulcinj.com\/blog\/2009\/03\/17\/aida-troka-ne-jam-realist\/\" \/>\n<meta property=\"og:site_name\" content=\"Lajme nga Ulqini\" \/>\n<meta property=\"article:published_time\" content=\"2009-03-17T15:04:31+00:00\" \/>\n<meta property=\"og:image\" content=\"http:\/\/www.visit-ulcinj.com\/blog\/wp-content\/uploads\/2009\/03\/aida-per-adin.jpg\" \/>\n<meta name=\"twitter:label1\" content=\"Written by\" \/>\n\t<meta name=\"twitter:data1\" content=\"ulqini\" \/>\n\t<meta name=\"twitter:label2\" content=\"Est. reading time\" \/>\n\t<meta name=\"twitter:data2\" content=\"2 minutes\" \/>\n<script type=\"application\/ld+json\" class=\"yoast-schema-graph\">{\"@context\":\"https:\/\/schema.org\",\"@graph\":[{\"@type\":\"WebSite\",\"@id\":\"https:\/\/www.visit-ulcinj.com\/blog\/#website\",\"url\":\"https:\/\/www.visit-ulcinj.com\/blog\/\",\"name\":\"Lajme nga Ulqini\",\"description\":\"Lajme,Vijesti,Ulqini,Ulqin,Crna Gora,Mali i Zi\",\"potentialAction\":[{\"@type\":\"SearchAction\",\"target\":{\"@type\":\"EntryPoint\",\"urlTemplate\":\"https:\/\/www.visit-ulcinj.com\/blog\/?s={search_term_string}\"},\"query-input\":\"required name=search_term_string\"}],\"inLanguage\":\"en-US\"},{\"@type\":\"ImageObject\",\"inLanguage\":\"en-US\",\"@id\":\"https:\/\/www.visit-ulcinj.com\/blog\/2009\/03\/17\/aida-troka-ne-jam-realist\/#primaryimage\",\"url\":\"http:\/\/www.visit-ulcinj.com\/blog\/wp-content\/uploads\/2009\/03\/aida-per-adin.jpg\",\"contentUrl\":\"http:\/\/www.visit-ulcinj.com\/blog\/wp-content\/uploads\/2009\/03\/aida-per-adin.jpg\"},{\"@type\":\"WebPage\",\"@id\":\"https:\/\/www.visit-ulcinj.com\/blog\/2009\/03\/17\/aida-troka-ne-jam-realist\/#webpage\",\"url\":\"https:\/\/www.visit-ulcinj.com\/blog\/2009\/03\/17\/aida-troka-ne-jam-realist\/\",\"name\":\"Aida Troka : n\u00c3\u00ab jam realist | Big Brother Albania 2\",\"isPartOf\":{\"@id\":\"https:\/\/www.visit-ulcinj.com\/blog\/#website\"},\"primaryImageOfPage\":{\"@id\":\"https:\/\/www.visit-ulcinj.com\/blog\/2009\/03\/17\/aida-troka-ne-jam-realist\/#primaryimage\"},\"datePublished\":\"2009-03-17T15:04:31+00:00\",\"dateModified\":\"2009-03-17T15:04:31+00:00\",\"author\":{\"@id\":\"https:\/\/www.visit-ulcinj.com\/blog\/#\/schema\/person\/dcab619c614d3038751c63bc2aadc06d\"},\"description\":\"Big Brother Albania 2 - Debati mbi d\u00c3\u00abshir\u00c3\u00abn ose jo t\u00c3\u00ab Aid\u00c3\u00abs, p\u00c3\u00abr t\u00e2\u20ac\u2122i dh\u00c3\u00abn\u00c3\u00ab imunitetin Adit ka vazhduar m\u00c3\u00ab tej, me ardhjen e saj.\",\"breadcrumb\":{\"@id\":\"https:\/\/www.visit-ulcinj.com\/blog\/2009\/03\/17\/aida-troka-ne-jam-realist\/#breadcrumb\"},\"inLanguage\":\"en-US\",\"potentialAction\":[{\"@type\":\"ReadAction\",\"target\":[\"https:\/\/www.visit-ulcinj.com\/blog\/2009\/03\/17\/aida-troka-ne-jam-realist\/\"]}]},{\"@type\":\"BreadcrumbList\",\"@id\":\"https:\/\/www.visit-ulcinj.com\/blog\/2009\/03\/17\/aida-troka-ne-jam-realist\/#breadcrumb\",\"itemListElement\":[{\"@type\":\"ListItem\",\"position\":1,\"name\":\"Aida Troka : n\u00eb jam realist\"}]},{\"@type\":\"Person\",\"@id\":\"https:\/\/www.visit-ulcinj.com\/blog\/#\/schema\/person\/dcab619c614d3038751c63bc2aadc06d\",\"name\":\"ulqini\",\"sameAs\":[\"http:\/\/www.visit-ulcinj.com\"],\"url\":\"https:\/\/www.visit-ulcinj.com\/blog\/author\/admin\/\"}]}<\/script>\n<!-- \/ Yoast SEO plugin. -->","yoast_head_json":{"title":"Aida Troka : n\u00c3\u00ab jam realist | Big Brother Albania 2","description":"Big Brother Albania 2 - Debati mbi d\u00c3\u00abshir\u00c3\u00abn ose jo t\u00c3\u00ab Aid\u00c3\u00abs, p\u00c3\u00abr t\u00e2\u20ac\u2122i dh\u00c3\u00abn\u00c3\u00ab imunitetin Adit ka vazhduar m\u00c3\u00ab tej, me ardhjen e saj.","robots":{"index":"index","follow":"follow","max-snippet":"max-snippet:-1","max-image-preview":"max-image-preview:large","max-video-preview":"max-video-preview:-1"},"canonical":"https:\/\/www.visit-ulcinj.com\/blog\/2009\/03\/17\/aida-troka-ne-jam-realist\/","og_locale":"en_US","og_type":"article","og_title":"Aida Troka : n\u00c3\u00ab jam realist | Big Brother Albania 2","og_description":"Big Brother Albania 2 - Debati mbi d\u00c3\u00abshir\u00c3\u00abn ose jo t\u00c3\u00ab Aid\u00c3\u00abs, p\u00c3\u00abr t\u00e2\u20ac\u2122i dh\u00c3\u00abn\u00c3\u00ab imunitetin Adit ka vazhduar m\u00c3\u00ab tej, me ardhjen e saj.","og_url":"https:\/\/www.visit-ulcinj.com\/blog\/2009\/03\/17\/aida-troka-ne-jam-realist\/","og_site_name":"Lajme nga Ulqini","article_published_time":"2009-03-17T15:04:31+00:00","og_image":[{"url":"http:\/\/www.visit-ulcinj.com\/blog\/wp-content\/uploads\/2009\/03\/aida-per-adin.jpg"}],"twitter_misc":{"Written by":"ulqini","Est. reading time":"2 minutes"},"schema":{"@context":"https:\/\/schema.org","@graph":[{"@type":"WebSite","@id":"https:\/\/www.visit-ulcinj.com\/blog\/#website","url":"https:\/\/www.visit-ulcinj.com\/blog\/","name":"Lajme nga Ulqini","description":"Lajme,Vijesti,Ulqini,Ulqin,Crna Gora,Mali i Zi","potentialAction":[{"@type":"SearchAction","target":{"@type":"EntryPoint","urlTemplate":"https:\/\/www.visit-ulcinj.com\/blog\/?s={search_term_string}"},"query-input":"required name=search_term_string"}],"inLanguage":"en-US"},{"@type":"ImageObject","inLanguage":"en-US","@id":"https:\/\/www.visit-ulcinj.com\/blog\/2009\/03\/17\/aida-troka-ne-jam-realist\/#primaryimage","url":"http:\/\/www.visit-ulcinj.com\/blog\/wp-content\/uploads\/2009\/03\/aida-per-adin.jpg","contentUrl":"http:\/\/www.visit-ulcinj.com\/blog\/wp-content\/uploads\/2009\/03\/aida-per-adin.jpg"},{"@type":"WebPage","@id":"https:\/\/www.visit-ulcinj.com\/blog\/2009\/03\/17\/aida-troka-ne-jam-realist\/#webpage","url":"https:\/\/www.visit-ulcinj.com\/blog\/2009\/03\/17\/aida-troka-ne-jam-realist\/","name":"Aida Troka : n\u00c3\u00ab jam realist | Big Brother Albania 2","isPartOf":{"@id":"https:\/\/www.visit-ulcinj.com\/blog\/#website"},"primaryImageOfPage":{"@id":"https:\/\/www.visit-ulcinj.com\/blog\/2009\/03\/17\/aida-troka-ne-jam-realist\/#primaryimage"},"datePublished":"2009-03-17T15:04:31+00:00","dateModified":"2009-03-17T15:04:31+00:00","author":{"@id":"https:\/\/www.visit-ulcinj.com\/blog\/#\/schema\/person\/dcab619c614d3038751c63bc2aadc06d"},"description":"Big Brother Albania 2 - Debati mbi d\u00c3\u00abshir\u00c3\u00abn ose jo t\u00c3\u00ab Aid\u00c3\u00abs, p\u00c3\u00abr t\u00e2\u20ac\u2122i dh\u00c3\u00abn\u00c3\u00ab imunitetin Adit ka vazhduar m\u00c3\u00ab tej, me ardhjen e saj.","breadcrumb":{"@id":"https:\/\/www.visit-ulcinj.com\/blog\/2009\/03\/17\/aida-troka-ne-jam-realist\/#breadcrumb"},"inLanguage":"en-US","potentialAction":[{"@type":"ReadAction","target":["https:\/\/www.visit-ulcinj.com\/blog\/2009\/03\/17\/aida-troka-ne-jam-realist\/"]}]},{"@type":"BreadcrumbList","@id":"https:\/\/www.visit-ulcinj.com\/blog\/2009\/03\/17\/aida-troka-ne-jam-realist\/#breadcrumb","itemListElement":[{"@type":"ListItem","position":1,"name":"Aida Troka : n\u00eb jam realist"}]},{"@type":"Person","@id":"https:\/\/www.visit-ulcinj.com\/blog\/#\/schema\/person\/dcab619c614d3038751c63bc2aadc06d","name":"ulqini","sameAs":["http:\/\/www.visit-ulcinj.com"],"url":"https:\/\/www.visit-ulcinj.com\/blog\/author\/admin\/"}]}},"jetpack_featured_media_url":"","jetpack_sharing_enabled":true,"jetpack_shortlink":"https:\/\/wp.me\/pe6lTn-3KZ","_links":{"self":[{"href":"https:\/\/www.visit-ulcinj.com\/blog\/wp-json\/wp\/v2\/posts\/14445"}],"collection":[{"href":"https:\/\/www.visit-ulcinj.com\/blog\/wp-json\/wp\/v2\/posts"}],"about":[{"href":"https:\/\/www.visit-ulcinj.com\/blog\/wp-json\/wp\/v2\/types\/post"}],"author":[{"embeddable":true,"href":"https:\/\/www.visit-ulcinj.com\/blog\/wp-json\/wp\/v2\/users\/1"}],"replies":[{"embeddable":true,"href":"https:\/\/www.visit-ulcinj.com\/blog\/wp-json\/wp\/v2\/comments?post=14445"}],"version-history":[{"count":0,"href":"https:\/\/www.visit-ulcinj.com\/blog\/wp-json\/wp\/v2\/posts\/14445\/revisions"}],"wp:attachment":[{"href":"https:\/\/www.visit-ulcinj.com\/blog\/wp-json\/wp\/v2\/media?parent=14445"}],"wp:term":[{"taxonomy":"category","embeddable":true,"href":"https:\/\/www.visit-ulcinj.com\/blog\/wp-json\/wp\/v2\/categories?post=14445"},{"taxonomy":"post_tag","embeddable":true,"href":"https:\/\/www.visit-ulcinj.com\/blog\/wp-json\/wp\/v2\/tags?post=14445"}],"curies":[{"name":"wp","href":"https:\/\/api.w.org\/{rel}","templated":true}]}}