{"id":14453,"date":"2009-03-17T16:19:37","date_gmt":"2009-03-17T15:19:37","guid":{"rendered":"http:\/\/www.visit-ulcinj.com\/blog\/?p=14453"},"modified":"2009-03-17T16:19:37","modified_gmt":"2009-03-17T15:19:37","slug":"argetim-dhe-lufte-big-brother-albania-2","status":"publish","type":"post","link":"https:\/\/www.visit-ulcinj.com\/blog\/2009\/03\/17\/argetim-dhe-lufte-big-brother-albania-2\/","title":{"rendered":"Arg\u00ebtim dhe luft\u00eb | Big Brother Albania 2"},"content":{"rendered":"<p><em><span class=\"newsdate\"><a href=\"http:\/\/www.visit-ulcinj.com\/blog\/wp-content\/uploads\/2009\/03\/loje-me-jastek-2.jpg\"><img loading=\"lazy\" class=\"alignleft size-full wp-image-14454\" title=\"loje-me-jastek-big-brother-albania-2\" src=\"http:\/\/www.visit-ulcinj.com\/blog\/wp-content\/uploads\/2009\/03\/loje-me-jastek-2.jpg\" alt=\"loje-me-jastek-big-brother-albania-2\" width=\"300\" height=\"205\" \/><\/a>15\/03\/09 20:30<\/span><\/em><\/p>\n<p>Banor\u00ebt mblidhen t\u00eb gjith\u00eb dhe diskutojn\u00eb se si ta kalojn\u00eb koh\u00ebn. Ata kujtojn\u00eb loj\u00ebra t\u00eb cilat mund t\u2019i luajn\u00eb n\u00eb sht\u00ebpi por nuk bien n\u00eb nj\u00eb mendje. Her\u00eb pas here ata ngacmohen me njeri-tjetrin duke b\u00ebr\u00eb sherre. V\u00ebllai i Madh u vendos muzik\u00eb dhe banor\u00ebt ngrihen t\u00eb k\u00ebrcejn\u00eb e t\u00eb k\u00ebndojn\u00eb. Lirita fillon t\u00eb imitoj\u00eb l\u00ebvizjet e Mimoz\u00ebs, Qetsori k\u00ebrcen mbi divan. M\u00eb pas fillon lufta me jast\u00ebk nd\u00ebrmjet Aid\u00ebs,Qetsorit dhe Dritanit. Banor\u00ebt arg\u00ebtohen. Dritani, Sori dhe Arjoni marrin nj\u00eb pjat\u00eb dhe fillojn\u00eb t\u00eb luajn\u00eb me disk.<\/p>\n","protected":false},"excerpt":{"rendered":"<p>15\/03\/09 20:30 Banor\u00ebt mblidhen t\u00eb gjith\u00eb dhe diskutojn\u00eb se si ta kalojn\u00eb koh\u00ebn. Ata kujtojn\u00eb loj\u00ebra t\u00eb cilat mund t\u2019i luajn\u00eb n\u00eb sht\u00ebpi por nuk bien n\u00eb nj\u00eb mendje. Her\u00eb pas here ata ngacmohen me njeri-tjetrin duke b\u00ebr\u00eb sherre. V\u00ebllai i Madh u vendos muzik\u00eb dhe banor\u00ebt ngrihen t\u00eb k\u00ebrcejn\u00eb e t\u00eb k\u00ebndojn\u00eb. Lirita fillon [&hellip;]<\/p>\n","protected":false},"author":1,"featured_media":0,"comment_status":"open","ping_status":"closed","sticky":false,"template":"","format":"standard","meta":{"spay_email":"","jetpack_publicize_message":"","jetpack_is_tweetstorm":false,"jetpack_publicize_feature_enabled":true},"categories":[6502],"tags":[6537,7206,6525,6883,6516,6712,6521,6542,8054,6544,6900,6891],"jetpack_publicize_connections":[],"yoast_head":"<!-- This site is optimized with the Yoast SEO plugin v19.1 - https:\/\/yoast.com\/wordpress\/plugins\/seo\/ -->\n<title>Arg\u00c3\u00abtim dhe luft\u00c3\u00ab | Big Brother Albania 2<\/title>\n<meta name=\"description\" content=\"Big Brother Albania 2 - Banor\u00c3\u00abt mblidhen t\u00c3\u00ab gjith\u00c3\u00ab dhe diskutojn\u00c3\u00ab se si ta kalojn\u00c3\u00ab koh\u00c3\u00abn. Ata kujtojn\u00c3\u00ab loj\u00c3\u00abra t\u00c3\u00ab cilat mund t\u00e2\u20ac\u2122i luajn\u00c3\u00ab n\u00c3\u00ab sht\u00c3\u00abpi por nuk bien n\u00c3\u00ab nj\u00c3\u00ab mendje.\" \/>\n<meta name=\"robots\" content=\"index, follow, max-snippet:-1, max-image-preview:large, max-video-preview:-1\" \/>\n<link rel=\"canonical\" href=\"https:\/\/www.visit-ulcinj.com\/blog\/2009\/03\/17\/argetim-dhe-lufte-big-brother-albania-2\/\" \/>\n<meta property=\"og:locale\" content=\"en_US\" \/>\n<meta property=\"og:type\" content=\"article\" \/>\n<meta property=\"og:title\" content=\"Arg\u00c3\u00abtim dhe luft\u00c3\u00ab | Big Brother Albania 2\" \/>\n<meta property=\"og:description\" content=\"Big Brother Albania 2 - Banor\u00c3\u00abt mblidhen t\u00c3\u00ab gjith\u00c3\u00ab dhe diskutojn\u00c3\u00ab se si ta kalojn\u00c3\u00ab koh\u00c3\u00abn. Ata kujtojn\u00c3\u00ab loj\u00c3\u00abra t\u00c3\u00ab cilat mund t\u00e2\u20ac\u2122i luajn\u00c3\u00ab n\u00c3\u00ab sht\u00c3\u00abpi por nuk bien n\u00c3\u00ab nj\u00c3\u00ab mendje.\" \/>\n<meta property=\"og:url\" content=\"https:\/\/www.visit-ulcinj.com\/blog\/2009\/03\/17\/argetim-dhe-lufte-big-brother-albania-2\/\" \/>\n<meta property=\"og:site_name\" content=\"Lajme nga Ulqini\" \/>\n<meta property=\"article:published_time\" content=\"2009-03-17T15:19:37+00:00\" \/>\n<meta property=\"og:image\" content=\"http:\/\/www.visit-ulcinj.com\/blog\/wp-content\/uploads\/2009\/03\/loje-me-jastek-2.jpg\" \/>\n<meta name=\"twitter:label1\" content=\"Written by\" \/>\n\t<meta name=\"twitter:data1\" content=\"ulqini\" \/>\n\t<meta name=\"twitter:label2\" content=\"Est. reading time\" \/>\n\t<meta name=\"twitter:data2\" content=\"1 minute\" \/>\n<script type=\"application\/ld+json\" class=\"yoast-schema-graph\">{\"@context\":\"https:\/\/schema.org\",\"@graph\":[{\"@type\":\"WebSite\",\"@id\":\"https:\/\/www.visit-ulcinj.com\/blog\/#website\",\"url\":\"https:\/\/www.visit-ulcinj.com\/blog\/\",\"name\":\"Lajme nga Ulqini\",\"description\":\"Lajme,Vijesti,Ulqini,Ulqin,Crna Gora,Mali i Zi\",\"potentialAction\":[{\"@type\":\"SearchAction\",\"target\":{\"@type\":\"EntryPoint\",\"urlTemplate\":\"https:\/\/www.visit-ulcinj.com\/blog\/?s={search_term_string}\"},\"query-input\":\"required name=search_term_string\"}],\"inLanguage\":\"en-US\"},{\"@type\":\"ImageObject\",\"inLanguage\":\"en-US\",\"@id\":\"https:\/\/www.visit-ulcinj.com\/blog\/2009\/03\/17\/argetim-dhe-lufte-big-brother-albania-2\/#primaryimage\",\"url\":\"http:\/\/www.visit-ulcinj.com\/blog\/wp-content\/uploads\/2009\/03\/loje-me-jastek-2.jpg\",\"contentUrl\":\"http:\/\/www.visit-ulcinj.com\/blog\/wp-content\/uploads\/2009\/03\/loje-me-jastek-2.jpg\"},{\"@type\":\"WebPage\",\"@id\":\"https:\/\/www.visit-ulcinj.com\/blog\/2009\/03\/17\/argetim-dhe-lufte-big-brother-albania-2\/#webpage\",\"url\":\"https:\/\/www.visit-ulcinj.com\/blog\/2009\/03\/17\/argetim-dhe-lufte-big-brother-albania-2\/\",\"name\":\"Arg\u00c3\u00abtim dhe luft\u00c3\u00ab | Big Brother Albania 2\",\"isPartOf\":{\"@id\":\"https:\/\/www.visit-ulcinj.com\/blog\/#website\"},\"primaryImageOfPage\":{\"@id\":\"https:\/\/www.visit-ulcinj.com\/blog\/2009\/03\/17\/argetim-dhe-lufte-big-brother-albania-2\/#primaryimage\"},\"datePublished\":\"2009-03-17T15:19:37+00:00\",\"dateModified\":\"2009-03-17T15:19:37+00:00\",\"author\":{\"@id\":\"https:\/\/www.visit-ulcinj.com\/blog\/#\/schema\/person\/dcab619c614d3038751c63bc2aadc06d\"},\"description\":\"Big Brother Albania 2 - Banor\u00c3\u00abt mblidhen t\u00c3\u00ab gjith\u00c3\u00ab dhe diskutojn\u00c3\u00ab se si ta kalojn\u00c3\u00ab koh\u00c3\u00abn. Ata kujtojn\u00c3\u00ab loj\u00c3\u00abra t\u00c3\u00ab cilat mund t\u00e2\u20ac\u2122i luajn\u00c3\u00ab n\u00c3\u00ab sht\u00c3\u00abpi por nuk bien n\u00c3\u00ab nj\u00c3\u00ab mendje.\",\"breadcrumb\":{\"@id\":\"https:\/\/www.visit-ulcinj.com\/blog\/2009\/03\/17\/argetim-dhe-lufte-big-brother-albania-2\/#breadcrumb\"},\"inLanguage\":\"en-US\",\"potentialAction\":[{\"@type\":\"ReadAction\",\"target\":[\"https:\/\/www.visit-ulcinj.com\/blog\/2009\/03\/17\/argetim-dhe-lufte-big-brother-albania-2\/\"]}]},{\"@type\":\"BreadcrumbList\",\"@id\":\"https:\/\/www.visit-ulcinj.com\/blog\/2009\/03\/17\/argetim-dhe-lufte-big-brother-albania-2\/#breadcrumb\",\"itemListElement\":[{\"@type\":\"ListItem\",\"position\":1,\"name\":\"Arg\u00ebtim dhe luft\u00eb | Big Brother Albania 2\"}]},{\"@type\":\"Person\",\"@id\":\"https:\/\/www.visit-ulcinj.com\/blog\/#\/schema\/person\/dcab619c614d3038751c63bc2aadc06d\",\"name\":\"ulqini\",\"sameAs\":[\"http:\/\/www.visit-ulcinj.com\"],\"url\":\"https:\/\/www.visit-ulcinj.com\/blog\/author\/admin\/\"}]}<\/script>\n<!-- \/ Yoast SEO plugin. -->","yoast_head_json":{"title":"Arg\u00c3\u00abtim dhe luft\u00c3\u00ab | Big Brother Albania 2","description":"Big Brother Albania 2 - Banor\u00c3\u00abt mblidhen t\u00c3\u00ab gjith\u00c3\u00ab dhe diskutojn\u00c3\u00ab se si ta kalojn\u00c3\u00ab koh\u00c3\u00abn. Ata kujtojn\u00c3\u00ab loj\u00c3\u00abra t\u00c3\u00ab cilat mund t\u00e2\u20ac\u2122i luajn\u00c3\u00ab n\u00c3\u00ab sht\u00c3\u00abpi por nuk bien n\u00c3\u00ab nj\u00c3\u00ab mendje.","robots":{"index":"index","follow":"follow","max-snippet":"max-snippet:-1","max-image-preview":"max-image-preview:large","max-video-preview":"max-video-preview:-1"},"canonical":"https:\/\/www.visit-ulcinj.com\/blog\/2009\/03\/17\/argetim-dhe-lufte-big-brother-albania-2\/","og_locale":"en_US","og_type":"article","og_title":"Arg\u00c3\u00abtim dhe luft\u00c3\u00ab | Big Brother Albania 2","og_description":"Big Brother Albania 2 - Banor\u00c3\u00abt mblidhen t\u00c3\u00ab gjith\u00c3\u00ab dhe diskutojn\u00c3\u00ab se si ta kalojn\u00c3\u00ab koh\u00c3\u00abn. Ata kujtojn\u00c3\u00ab loj\u00c3\u00abra t\u00c3\u00ab cilat mund t\u00e2\u20ac\u2122i luajn\u00c3\u00ab n\u00c3\u00ab sht\u00c3\u00abpi por nuk bien n\u00c3\u00ab nj\u00c3\u00ab mendje.","og_url":"https:\/\/www.visit-ulcinj.com\/blog\/2009\/03\/17\/argetim-dhe-lufte-big-brother-albania-2\/","og_site_name":"Lajme nga Ulqini","article_published_time":"2009-03-17T15:19:37+00:00","og_image":[{"url":"http:\/\/www.visit-ulcinj.com\/blog\/wp-content\/uploads\/2009\/03\/loje-me-jastek-2.jpg"}],"twitter_misc":{"Written by":"ulqini","Est. reading time":"1 minute"},"schema":{"@context":"https:\/\/schema.org","@graph":[{"@type":"WebSite","@id":"https:\/\/www.visit-ulcinj.com\/blog\/#website","url":"https:\/\/www.visit-ulcinj.com\/blog\/","name":"Lajme nga Ulqini","description":"Lajme,Vijesti,Ulqini,Ulqin,Crna Gora,Mali i Zi","potentialAction":[{"@type":"SearchAction","target":{"@type":"EntryPoint","urlTemplate":"https:\/\/www.visit-ulcinj.com\/blog\/?s={search_term_string}"},"query-input":"required name=search_term_string"}],"inLanguage":"en-US"},{"@type":"ImageObject","inLanguage":"en-US","@id":"https:\/\/www.visit-ulcinj.com\/blog\/2009\/03\/17\/argetim-dhe-lufte-big-brother-albania-2\/#primaryimage","url":"http:\/\/www.visit-ulcinj.com\/blog\/wp-content\/uploads\/2009\/03\/loje-me-jastek-2.jpg","contentUrl":"http:\/\/www.visit-ulcinj.com\/blog\/wp-content\/uploads\/2009\/03\/loje-me-jastek-2.jpg"},{"@type":"WebPage","@id":"https:\/\/www.visit-ulcinj.com\/blog\/2009\/03\/17\/argetim-dhe-lufte-big-brother-albania-2\/#webpage","url":"https:\/\/www.visit-ulcinj.com\/blog\/2009\/03\/17\/argetim-dhe-lufte-big-brother-albania-2\/","name":"Arg\u00c3\u00abtim dhe luft\u00c3\u00ab | Big Brother Albania 2","isPartOf":{"@id":"https:\/\/www.visit-ulcinj.com\/blog\/#website"},"primaryImageOfPage":{"@id":"https:\/\/www.visit-ulcinj.com\/blog\/2009\/03\/17\/argetim-dhe-lufte-big-brother-albania-2\/#primaryimage"},"datePublished":"2009-03-17T15:19:37+00:00","dateModified":"2009-03-17T15:19:37+00:00","author":{"@id":"https:\/\/www.visit-ulcinj.com\/blog\/#\/schema\/person\/dcab619c614d3038751c63bc2aadc06d"},"description":"Big Brother Albania 2 - Banor\u00c3\u00abt mblidhen t\u00c3\u00ab gjith\u00c3\u00ab dhe diskutojn\u00c3\u00ab se si ta kalojn\u00c3\u00ab koh\u00c3\u00abn. Ata kujtojn\u00c3\u00ab loj\u00c3\u00abra t\u00c3\u00ab cilat mund t\u00e2\u20ac\u2122i luajn\u00c3\u00ab n\u00c3\u00ab sht\u00c3\u00abpi por nuk bien n\u00c3\u00ab nj\u00c3\u00ab mendje.","breadcrumb":{"@id":"https:\/\/www.visit-ulcinj.com\/blog\/2009\/03\/17\/argetim-dhe-lufte-big-brother-albania-2\/#breadcrumb"},"inLanguage":"en-US","potentialAction":[{"@type":"ReadAction","target":["https:\/\/www.visit-ulcinj.com\/blog\/2009\/03\/17\/argetim-dhe-lufte-big-brother-albania-2\/"]}]},{"@type":"BreadcrumbList","@id":"https:\/\/www.visit-ulcinj.com\/blog\/2009\/03\/17\/argetim-dhe-lufte-big-brother-albania-2\/#breadcrumb","itemListElement":[{"@type":"ListItem","position":1,"name":"Arg\u00ebtim dhe luft\u00eb | Big Brother Albania 2"}]},{"@type":"Person","@id":"https:\/\/www.visit-ulcinj.com\/blog\/#\/schema\/person\/dcab619c614d3038751c63bc2aadc06d","name":"ulqini","sameAs":["http:\/\/www.visit-ulcinj.com"],"url":"https:\/\/www.visit-ulcinj.com\/blog\/author\/admin\/"}]}},"jetpack_featured_media_url":"","jetpack_sharing_enabled":true,"jetpack_shortlink":"https:\/\/wp.me\/pe6lTn-3L7","_links":{"self":[{"href":"https:\/\/www.visit-ulcinj.com\/blog\/wp-json\/wp\/v2\/posts\/14453"}],"collection":[{"href":"https:\/\/www.visit-ulcinj.com\/blog\/wp-json\/wp\/v2\/posts"}],"about":[{"href":"https:\/\/www.visit-ulcinj.com\/blog\/wp-json\/wp\/v2\/types\/post"}],"author":[{"embeddable":true,"href":"https:\/\/www.visit-ulcinj.com\/blog\/wp-json\/wp\/v2\/users\/1"}],"replies":[{"embeddable":true,"href":"https:\/\/www.visit-ulcinj.com\/blog\/wp-json\/wp\/v2\/comments?post=14453"}],"version-history":[{"count":0,"href":"https:\/\/www.visit-ulcinj.com\/blog\/wp-json\/wp\/v2\/posts\/14453\/revisions"}],"wp:attachment":[{"href":"https:\/\/www.visit-ulcinj.com\/blog\/wp-json\/wp\/v2\/media?parent=14453"}],"wp:term":[{"taxonomy":"category","embeddable":true,"href":"https:\/\/www.visit-ulcinj.com\/blog\/wp-json\/wp\/v2\/categories?post=14453"},{"taxonomy":"post_tag","embeddable":true,"href":"https:\/\/www.visit-ulcinj.com\/blog\/wp-json\/wp\/v2\/tags?post=14453"}],"curies":[{"name":"wp","href":"https:\/\/api.w.org\/{rel}","templated":true}]}}