{"id":14456,"date":"2009-03-17T16:24:27","date_gmt":"2009-03-17T15:24:27","guid":{"rendered":"http:\/\/www.visit-ulcinj.com\/blog\/?p=14456"},"modified":"2009-03-17T16:24:27","modified_gmt":"2009-03-17T15:24:27","slug":"mesida-dua-te-dal-me-koken-lart","status":"publish","type":"post","link":"https:\/\/www.visit-ulcinj.com\/blog\/2009\/03\/17\/mesida-dua-te-dal-me-koken-lart\/","title":{"rendered":"Mesida : Dua t\u00eb dal me kok\u00ebn lart"},"content":{"rendered":"<p><em><span class=\"newsdate\"><a href=\"http:\/\/www.visit-ulcinj.com\/blog\/wp-content\/uploads\/2009\/03\/adimesida.jpg\"><img loading=\"lazy\" class=\"alignleft size-full wp-image-14457\" title=\"adimesida-big-brother-albania-2\" src=\"http:\/\/www.visit-ulcinj.com\/blog\/wp-content\/uploads\/2009\/03\/adimesida.jpg\" alt=\"adimesida-big-brother-albania-2\" width=\"300\" height=\"205\" \/><\/a>15\/03\/09 20:55<\/span><\/em><\/p>\n<p>.r, nuk e pretendon q\u00eb t\u00eb fitoj\u00eb. Ajo thot\u00eb se ka njer\u00ebz t\u00eb tjer\u00eb q\u00eb e meritojn\u00eb dhe kan\u00eb nevoj\u00eb p\u00ebr cmimin e par\u00eb, kurse ajo jo. Ajo komenton se do t\u00eb donte q\u00eb fitoren ta kishte ose Adi ose Dritani, pasi t\u00eb dyve u duhet p\u00ebr t\u00eb filluar nj\u00eb jet\u00eb t\u00eb re. Mesida thot\u00eb se do t\u2019i vinte keq ta merrte dikush q\u00eb nuk e meriton, i cili nuk ka dh\u00ebn\u00eb asgj\u00eb n\u00eb k\u00ebt\u00eb loj\u00eb. Mesida tregon se ka nominuar Sorin duke menduar q\u00eb nuk do ta nominonte njeri tjet\u00ebr dhe thot\u00eb se ka filluar t\u00eb ndihet n\u00eb faj. Adi i thot\u00eb se nuk duhet ta vras\u00eb mendjen shum\u00eb p\u00ebr k\u00ebt\u00eb sepse ajo dihet q\u00eb do nominohen. Sipas Mesid\u00ebs, nominimet mund t\u00eb keqkuptohen dhe ajo nuk e do k\u00ebt\u00eb gj\u00eb. Ajo thot\u00eb se do t\u2019i ket\u00eb t\u00eb gjith\u00eb miq jasht\u00eb dhe p\u00ebr k\u00ebt\u00eb ua ka th\u00ebn\u00eb arsyen atyre q\u00eb i ka nominuar. Mesida thot\u00eb se do t\u00eb dal\u00eb me kok\u00ebn lart nga sht\u00ebpia.<\/p>\n","protected":false},"excerpt":{"rendered":"<p>15\/03\/09 20:55 .r, nuk e pretendon q\u00eb t\u00eb fitoj\u00eb. Ajo thot\u00eb se ka njer\u00ebz t\u00eb tjer\u00eb q\u00eb e meritojn\u00eb dhe kan\u00eb nevoj\u00eb p\u00ebr cmimin e par\u00eb, kurse ajo jo. Ajo komenton se do t\u00eb donte q\u00eb fitoren ta kishte ose Adi ose Dritani, pasi t\u00eb dyve u duhet p\u00ebr t\u00eb filluar nj\u00eb jet\u00eb t\u00eb re. [&hellip;]<\/p>\n","protected":false},"author":1,"featured_media":0,"comment_status":"open","ping_status":"closed","sticky":false,"template":"","format":"standard","meta":{"spay_email":"","jetpack_publicize_message":"","jetpack_is_tweetstorm":false,"jetpack_publicize_feature_enabled":true},"categories":[6502],"tags":[1414,5057,6506,6516,6712,7129,6521,7364,6891,6693,6887],"jetpack_publicize_connections":[],"yoast_head":"<!-- This site is optimized with the Yoast SEO plugin v19.1 - https:\/\/yoast.com\/wordpress\/plugins\/seo\/ -->\n<title>Mesida : Dua t\u00c3\u00ab dal me kok\u00c3\u00abn lart | Big Brother Albania 2<\/title>\n<meta name=\"description\" content=\"Big Brother Albania 2 - Mesida dhe Adi k\u00c3\u00abrcejn\u00c3\u00ab dhe bisedojn\u00c3\u00ab me njeri-tjetrin. Mesida i thot\u00c3\u00ab Adit se do t\u00c3\u00ab donte t\u00c3\u00ab rrinte sa m\u00c3\u00ab gjat\u00c3\u00ab n\u00c3\u00ab sht\u00c3\u00abpi po\" \/>\n<meta name=\"robots\" content=\"index, follow, max-snippet:-1, max-image-preview:large, max-video-preview:-1\" \/>\n<link rel=\"canonical\" href=\"https:\/\/www.visit-ulcinj.com\/blog\/2009\/03\/17\/mesida-dua-te-dal-me-koken-lart\/\" \/>\n<meta property=\"og:locale\" content=\"en_US\" \/>\n<meta property=\"og:type\" content=\"article\" \/>\n<meta property=\"og:title\" content=\"Mesida : Dua t\u00c3\u00ab dal me kok\u00c3\u00abn lart | Big Brother Albania 2\" \/>\n<meta property=\"og:description\" content=\"Big Brother Albania 2 - Mesida dhe Adi k\u00c3\u00abrcejn\u00c3\u00ab dhe bisedojn\u00c3\u00ab me njeri-tjetrin. Mesida i thot\u00c3\u00ab Adit se do t\u00c3\u00ab donte t\u00c3\u00ab rrinte sa m\u00c3\u00ab gjat\u00c3\u00ab n\u00c3\u00ab sht\u00c3\u00abpi po\" \/>\n<meta property=\"og:url\" content=\"https:\/\/www.visit-ulcinj.com\/blog\/2009\/03\/17\/mesida-dua-te-dal-me-koken-lart\/\" \/>\n<meta property=\"og:site_name\" content=\"Lajme nga Ulqini\" \/>\n<meta property=\"article:published_time\" content=\"2009-03-17T15:24:27+00:00\" \/>\n<meta property=\"og:image\" content=\"http:\/\/www.visit-ulcinj.com\/blog\/wp-content\/uploads\/2009\/03\/adimesida.jpg\" \/>\n<meta name=\"twitter:label1\" content=\"Written by\" \/>\n\t<meta name=\"twitter:data1\" content=\"ulqini\" \/>\n\t<meta name=\"twitter:label2\" content=\"Est. reading time\" \/>\n\t<meta name=\"twitter:data2\" content=\"1 minute\" \/>\n<script type=\"application\/ld+json\" class=\"yoast-schema-graph\">{\"@context\":\"https:\/\/schema.org\",\"@graph\":[{\"@type\":\"WebSite\",\"@id\":\"https:\/\/www.visit-ulcinj.com\/blog\/#website\",\"url\":\"https:\/\/www.visit-ulcinj.com\/blog\/\",\"name\":\"Lajme nga Ulqini\",\"description\":\"Lajme,Vijesti,Ulqini,Ulqin,Crna Gora,Mali i Zi\",\"potentialAction\":[{\"@type\":\"SearchAction\",\"target\":{\"@type\":\"EntryPoint\",\"urlTemplate\":\"https:\/\/www.visit-ulcinj.com\/blog\/?s={search_term_string}\"},\"query-input\":\"required name=search_term_string\"}],\"inLanguage\":\"en-US\"},{\"@type\":\"ImageObject\",\"inLanguage\":\"en-US\",\"@id\":\"https:\/\/www.visit-ulcinj.com\/blog\/2009\/03\/17\/mesida-dua-te-dal-me-koken-lart\/#primaryimage\",\"url\":\"http:\/\/www.visit-ulcinj.com\/blog\/wp-content\/uploads\/2009\/03\/adimesida.jpg\",\"contentUrl\":\"http:\/\/www.visit-ulcinj.com\/blog\/wp-content\/uploads\/2009\/03\/adimesida.jpg\"},{\"@type\":\"WebPage\",\"@id\":\"https:\/\/www.visit-ulcinj.com\/blog\/2009\/03\/17\/mesida-dua-te-dal-me-koken-lart\/#webpage\",\"url\":\"https:\/\/www.visit-ulcinj.com\/blog\/2009\/03\/17\/mesida-dua-te-dal-me-koken-lart\/\",\"name\":\"Mesida : Dua t\u00c3\u00ab dal me kok\u00c3\u00abn lart | Big Brother Albania 2\",\"isPartOf\":{\"@id\":\"https:\/\/www.visit-ulcinj.com\/blog\/#website\"},\"primaryImageOfPage\":{\"@id\":\"https:\/\/www.visit-ulcinj.com\/blog\/2009\/03\/17\/mesida-dua-te-dal-me-koken-lart\/#primaryimage\"},\"datePublished\":\"2009-03-17T15:24:27+00:00\",\"dateModified\":\"2009-03-17T15:24:27+00:00\",\"author\":{\"@id\":\"https:\/\/www.visit-ulcinj.com\/blog\/#\/schema\/person\/dcab619c614d3038751c63bc2aadc06d\"},\"description\":\"Big Brother Albania 2 - Mesida dhe Adi k\u00c3\u00abrcejn\u00c3\u00ab dhe bisedojn\u00c3\u00ab me njeri-tjetrin. Mesida i thot\u00c3\u00ab Adit se do t\u00c3\u00ab donte t\u00c3\u00ab rrinte sa m\u00c3\u00ab gjat\u00c3\u00ab n\u00c3\u00ab sht\u00c3\u00abpi po\",\"breadcrumb\":{\"@id\":\"https:\/\/www.visit-ulcinj.com\/blog\/2009\/03\/17\/mesida-dua-te-dal-me-koken-lart\/#breadcrumb\"},\"inLanguage\":\"en-US\",\"potentialAction\":[{\"@type\":\"ReadAction\",\"target\":[\"https:\/\/www.visit-ulcinj.com\/blog\/2009\/03\/17\/mesida-dua-te-dal-me-koken-lart\/\"]}]},{\"@type\":\"BreadcrumbList\",\"@id\":\"https:\/\/www.visit-ulcinj.com\/blog\/2009\/03\/17\/mesida-dua-te-dal-me-koken-lart\/#breadcrumb\",\"itemListElement\":[{\"@type\":\"ListItem\",\"position\":1,\"name\":\"Mesida : Dua t\u00eb dal me kok\u00ebn lart\"}]},{\"@type\":\"Person\",\"@id\":\"https:\/\/www.visit-ulcinj.com\/blog\/#\/schema\/person\/dcab619c614d3038751c63bc2aadc06d\",\"name\":\"ulqini\",\"sameAs\":[\"http:\/\/www.visit-ulcinj.com\"],\"url\":\"https:\/\/www.visit-ulcinj.com\/blog\/author\/admin\/\"}]}<\/script>\n<!-- \/ Yoast SEO plugin. -->","yoast_head_json":{"title":"Mesida : Dua t\u00c3\u00ab dal me kok\u00c3\u00abn lart | Big Brother Albania 2","description":"Big Brother Albania 2 - Mesida dhe Adi k\u00c3\u00abrcejn\u00c3\u00ab dhe bisedojn\u00c3\u00ab me njeri-tjetrin. Mesida i thot\u00c3\u00ab Adit se do t\u00c3\u00ab donte t\u00c3\u00ab rrinte sa m\u00c3\u00ab gjat\u00c3\u00ab n\u00c3\u00ab sht\u00c3\u00abpi po","robots":{"index":"index","follow":"follow","max-snippet":"max-snippet:-1","max-image-preview":"max-image-preview:large","max-video-preview":"max-video-preview:-1"},"canonical":"https:\/\/www.visit-ulcinj.com\/blog\/2009\/03\/17\/mesida-dua-te-dal-me-koken-lart\/","og_locale":"en_US","og_type":"article","og_title":"Mesida : Dua t\u00c3\u00ab dal me kok\u00c3\u00abn lart | Big Brother Albania 2","og_description":"Big Brother Albania 2 - Mesida dhe Adi k\u00c3\u00abrcejn\u00c3\u00ab dhe bisedojn\u00c3\u00ab me njeri-tjetrin. Mesida i thot\u00c3\u00ab Adit se do t\u00c3\u00ab donte t\u00c3\u00ab rrinte sa m\u00c3\u00ab gjat\u00c3\u00ab n\u00c3\u00ab sht\u00c3\u00abpi po","og_url":"https:\/\/www.visit-ulcinj.com\/blog\/2009\/03\/17\/mesida-dua-te-dal-me-koken-lart\/","og_site_name":"Lajme nga Ulqini","article_published_time":"2009-03-17T15:24:27+00:00","og_image":[{"url":"http:\/\/www.visit-ulcinj.com\/blog\/wp-content\/uploads\/2009\/03\/adimesida.jpg"}],"twitter_misc":{"Written by":"ulqini","Est. reading time":"1 minute"},"schema":{"@context":"https:\/\/schema.org","@graph":[{"@type":"WebSite","@id":"https:\/\/www.visit-ulcinj.com\/blog\/#website","url":"https:\/\/www.visit-ulcinj.com\/blog\/","name":"Lajme nga Ulqini","description":"Lajme,Vijesti,Ulqini,Ulqin,Crna Gora,Mali i Zi","potentialAction":[{"@type":"SearchAction","target":{"@type":"EntryPoint","urlTemplate":"https:\/\/www.visit-ulcinj.com\/blog\/?s={search_term_string}"},"query-input":"required name=search_term_string"}],"inLanguage":"en-US"},{"@type":"ImageObject","inLanguage":"en-US","@id":"https:\/\/www.visit-ulcinj.com\/blog\/2009\/03\/17\/mesida-dua-te-dal-me-koken-lart\/#primaryimage","url":"http:\/\/www.visit-ulcinj.com\/blog\/wp-content\/uploads\/2009\/03\/adimesida.jpg","contentUrl":"http:\/\/www.visit-ulcinj.com\/blog\/wp-content\/uploads\/2009\/03\/adimesida.jpg"},{"@type":"WebPage","@id":"https:\/\/www.visit-ulcinj.com\/blog\/2009\/03\/17\/mesida-dua-te-dal-me-koken-lart\/#webpage","url":"https:\/\/www.visit-ulcinj.com\/blog\/2009\/03\/17\/mesida-dua-te-dal-me-koken-lart\/","name":"Mesida : Dua t\u00c3\u00ab dal me kok\u00c3\u00abn lart | Big Brother Albania 2","isPartOf":{"@id":"https:\/\/www.visit-ulcinj.com\/blog\/#website"},"primaryImageOfPage":{"@id":"https:\/\/www.visit-ulcinj.com\/blog\/2009\/03\/17\/mesida-dua-te-dal-me-koken-lart\/#primaryimage"},"datePublished":"2009-03-17T15:24:27+00:00","dateModified":"2009-03-17T15:24:27+00:00","author":{"@id":"https:\/\/www.visit-ulcinj.com\/blog\/#\/schema\/person\/dcab619c614d3038751c63bc2aadc06d"},"description":"Big Brother Albania 2 - Mesida dhe Adi k\u00c3\u00abrcejn\u00c3\u00ab dhe bisedojn\u00c3\u00ab me njeri-tjetrin. Mesida i thot\u00c3\u00ab Adit se do t\u00c3\u00ab donte t\u00c3\u00ab rrinte sa m\u00c3\u00ab gjat\u00c3\u00ab n\u00c3\u00ab sht\u00c3\u00abpi po","breadcrumb":{"@id":"https:\/\/www.visit-ulcinj.com\/blog\/2009\/03\/17\/mesida-dua-te-dal-me-koken-lart\/#breadcrumb"},"inLanguage":"en-US","potentialAction":[{"@type":"ReadAction","target":["https:\/\/www.visit-ulcinj.com\/blog\/2009\/03\/17\/mesida-dua-te-dal-me-koken-lart\/"]}]},{"@type":"BreadcrumbList","@id":"https:\/\/www.visit-ulcinj.com\/blog\/2009\/03\/17\/mesida-dua-te-dal-me-koken-lart\/#breadcrumb","itemListElement":[{"@type":"ListItem","position":1,"name":"Mesida : Dua t\u00eb dal me kok\u00ebn lart"}]},{"@type":"Person","@id":"https:\/\/www.visit-ulcinj.com\/blog\/#\/schema\/person\/dcab619c614d3038751c63bc2aadc06d","name":"ulqini","sameAs":["http:\/\/www.visit-ulcinj.com"],"url":"https:\/\/www.visit-ulcinj.com\/blog\/author\/admin\/"}]}},"jetpack_featured_media_url":"","jetpack_sharing_enabled":true,"jetpack_shortlink":"https:\/\/wp.me\/pe6lTn-3La","_links":{"self":[{"href":"https:\/\/www.visit-ulcinj.com\/blog\/wp-json\/wp\/v2\/posts\/14456"}],"collection":[{"href":"https:\/\/www.visit-ulcinj.com\/blog\/wp-json\/wp\/v2\/posts"}],"about":[{"href":"https:\/\/www.visit-ulcinj.com\/blog\/wp-json\/wp\/v2\/types\/post"}],"author":[{"embeddable":true,"href":"https:\/\/www.visit-ulcinj.com\/blog\/wp-json\/wp\/v2\/users\/1"}],"replies":[{"embeddable":true,"href":"https:\/\/www.visit-ulcinj.com\/blog\/wp-json\/wp\/v2\/comments?post=14456"}],"version-history":[{"count":0,"href":"https:\/\/www.visit-ulcinj.com\/blog\/wp-json\/wp\/v2\/posts\/14456\/revisions"}],"wp:attachment":[{"href":"https:\/\/www.visit-ulcinj.com\/blog\/wp-json\/wp\/v2\/media?parent=14456"}],"wp:term":[{"taxonomy":"category","embeddable":true,"href":"https:\/\/www.visit-ulcinj.com\/blog\/wp-json\/wp\/v2\/categories?post=14456"},{"taxonomy":"post_tag","embeddable":true,"href":"https:\/\/www.visit-ulcinj.com\/blog\/wp-json\/wp\/v2\/tags?post=14456"}],"curies":[{"name":"wp","href":"https:\/\/api.w.org\/{rel}","templated":true}]}}