{"id":14459,"date":"2009-03-17T16:29:55","date_gmt":"2009-03-17T15:29:55","guid":{"rendered":"http:\/\/www.visit-ulcinj.com\/blog\/?p=14459"},"modified":"2009-03-17T16:29:55","modified_gmt":"2009-03-17T15:29:55","slug":"republika-jam-e-merzitur-me-adelen","status":"publish","type":"post","link":"https:\/\/www.visit-ulcinj.com\/blog\/2009\/03\/17\/republika-jam-e-merzitur-me-adelen\/","title":{"rendered":"Republika : Jam e m\u00ebrzitur me Adel\u00ebn"},"content":{"rendered":"<p><em><span class=\"newsdate\"><a href=\"http:\/\/www.visit-ulcinj.com\/blog\/wp-content\/uploads\/2009\/03\/bika4.jpg\"><img loading=\"lazy\" class=\"alignleft size-full wp-image-14460\" title=\"bika-big-brother-albania-2\" src=\"http:\/\/www.visit-ulcinj.com\/blog\/wp-content\/uploads\/2009\/03\/bika4.jpg\" alt=\"bika-big-brother-albania-2\" width=\"300\" height=\"205\" \/><\/a>15\/03\/09 21:45<\/span><\/em><\/p>\n<p>Bika i tregon Dritanit se \u00ebsht\u00eb e m\u00ebrzitur me Adel\u00ebn. Ajo i thot\u00eb se nuk i erdhi mir\u00eb q\u00eb ajo dje e mori si urdh\u00ebr fjal\u00ebn e saj dhe Bika sot ia ktheu me t\u00eb nj\u00ebjt\u00ebn monedh\u00eb n\u00eb tavolin\u00ebn e ngr\u00ebnies. Ajo thot\u00eb se p\u00ebrgjigjja e djeshme e Adel\u00ebs nuk i p\u00eblqeu pasi Bika ia kishte th\u00ebn\u00eb pa t\u00eb keq q\u00eb t\u00eb largohej pasi, po ta vazhdonin debatin, do mund t\u00eb l\u00ebndonin njera-tjetr\u00ebn. Bika thot\u00eb se Adela sot ia solli n\u00eb shteg mund\u00ebsin\u00eb q\u00eb ajo t\u2019i kthente k\u00ebt\u00eb p\u00ebrgjigje pasi, n\u00ebse do t\u2019i kishte th\u00ebn\u00eb p\u00ebr t\u2019u sqaruar, ajo nuk do t\u00eb kishte pranuar. Ajo thot\u00eb se edhe n\u00ebse nuk i kthen p\u00ebrgjigjet n\u00eb moment, kjo nuk do t\u00eb thot\u00eb se i harron. Bik\u00ebs i vjen keq q\u00eb Adela nuk e ka kuptuar shakan\u00eb e saj dhe thot\u00eb se preket n\u00ebse t\u00eb tjer\u00ebt i l\u00ebndon padashje.<\/p>\n","protected":false},"excerpt":{"rendered":"<p>15\/03\/09 21:45 Bika i tregon Dritanit se \u00ebsht\u00eb e m\u00ebrzitur me Adel\u00ebn. Ajo i thot\u00eb se nuk i erdhi mir\u00eb q\u00eb ajo dje e mori si urdh\u00ebr fjal\u00ebn e saj dhe Bika sot ia ktheu me t\u00eb nj\u00ebjt\u00ebn monedh\u00eb n\u00eb tavolin\u00ebn e ngr\u00ebnies. Ajo thot\u00eb se p\u00ebrgjigjja e djeshme e Adel\u00ebs nuk i p\u00eblqeu pasi [&hellip;]<\/p>\n","protected":false},"author":1,"featured_media":0,"comment_status":"open","ping_status":"closed","sticky":false,"template":"","format":"standard","meta":{"spay_email":"","jetpack_publicize_message":"","jetpack_is_tweetstorm":false,"jetpack_publicize_feature_enabled":true},"categories":[6502],"tags":[6736,6529,6883,6516,6712,6740,8055,262,6891],"jetpack_publicize_connections":[],"yoast_head":"<!-- This site is optimized with the Yoast SEO plugin v19.1 - https:\/\/yoast.com\/wordpress\/plugins\/seo\/ -->\n<title>Republika : Jam e m\u00c3\u00abrzitur me Adel\u00c3\u00abn | Big Brother Albania 2<\/title>\n<meta name=\"description\" content=\"Big Brother Albania 2 - Bika i tregon Dritanit se \u00c3\u00absht\u00c3\u00ab e m\u00c3\u00abrzitur me Adel\u00c3\u00abn. Ajo i thot\u00c3\u00ab se nuk i erdhi mir\u00c3\u00ab q\u00c3\u00ab ajo dje e mori si urdh\u00c3\u00abr fjal\u00c3\u00abn e saj dhe Bika\" \/>\n<meta name=\"robots\" content=\"index, follow, max-snippet:-1, max-image-preview:large, max-video-preview:-1\" \/>\n<link rel=\"canonical\" href=\"https:\/\/www.visit-ulcinj.com\/blog\/2009\/03\/17\/republika-jam-e-merzitur-me-adelen\/\" \/>\n<meta property=\"og:locale\" content=\"en_US\" \/>\n<meta property=\"og:type\" content=\"article\" \/>\n<meta property=\"og:title\" content=\"Republika : Jam e m\u00c3\u00abrzitur me Adel\u00c3\u00abn | Big Brother Albania 2\" \/>\n<meta property=\"og:description\" content=\"Big Brother Albania 2 - Bika i tregon Dritanit se \u00c3\u00absht\u00c3\u00ab e m\u00c3\u00abrzitur me Adel\u00c3\u00abn. Ajo i thot\u00c3\u00ab se nuk i erdhi mir\u00c3\u00ab q\u00c3\u00ab ajo dje e mori si urdh\u00c3\u00abr fjal\u00c3\u00abn e saj dhe Bika\" \/>\n<meta property=\"og:url\" content=\"https:\/\/www.visit-ulcinj.com\/blog\/2009\/03\/17\/republika-jam-e-merzitur-me-adelen\/\" \/>\n<meta property=\"og:site_name\" content=\"Lajme nga Ulqini\" \/>\n<meta property=\"article:published_time\" content=\"2009-03-17T15:29:55+00:00\" \/>\n<meta property=\"og:image\" content=\"http:\/\/www.visit-ulcinj.com\/blog\/wp-content\/uploads\/2009\/03\/bika4.jpg\" \/>\n<meta name=\"twitter:label1\" content=\"Written by\" \/>\n\t<meta name=\"twitter:data1\" content=\"ulqini\" \/>\n\t<meta name=\"twitter:label2\" content=\"Est. reading time\" \/>\n\t<meta name=\"twitter:data2\" content=\"1 minute\" \/>\n<script type=\"application\/ld+json\" class=\"yoast-schema-graph\">{\"@context\":\"https:\/\/schema.org\",\"@graph\":[{\"@type\":\"WebSite\",\"@id\":\"https:\/\/www.visit-ulcinj.com\/blog\/#website\",\"url\":\"https:\/\/www.visit-ulcinj.com\/blog\/\",\"name\":\"Lajme nga Ulqini\",\"description\":\"Lajme,Vijesti,Ulqini,Ulqin,Crna Gora,Mali i Zi\",\"potentialAction\":[{\"@type\":\"SearchAction\",\"target\":{\"@type\":\"EntryPoint\",\"urlTemplate\":\"https:\/\/www.visit-ulcinj.com\/blog\/?s={search_term_string}\"},\"query-input\":\"required name=search_term_string\"}],\"inLanguage\":\"en-US\"},{\"@type\":\"ImageObject\",\"inLanguage\":\"en-US\",\"@id\":\"https:\/\/www.visit-ulcinj.com\/blog\/2009\/03\/17\/republika-jam-e-merzitur-me-adelen\/#primaryimage\",\"url\":\"http:\/\/www.visit-ulcinj.com\/blog\/wp-content\/uploads\/2009\/03\/bika4.jpg\",\"contentUrl\":\"http:\/\/www.visit-ulcinj.com\/blog\/wp-content\/uploads\/2009\/03\/bika4.jpg\"},{\"@type\":\"WebPage\",\"@id\":\"https:\/\/www.visit-ulcinj.com\/blog\/2009\/03\/17\/republika-jam-e-merzitur-me-adelen\/#webpage\",\"url\":\"https:\/\/www.visit-ulcinj.com\/blog\/2009\/03\/17\/republika-jam-e-merzitur-me-adelen\/\",\"name\":\"Republika : Jam e m\u00c3\u00abrzitur me Adel\u00c3\u00abn | Big Brother Albania 2\",\"isPartOf\":{\"@id\":\"https:\/\/www.visit-ulcinj.com\/blog\/#website\"},\"primaryImageOfPage\":{\"@id\":\"https:\/\/www.visit-ulcinj.com\/blog\/2009\/03\/17\/republika-jam-e-merzitur-me-adelen\/#primaryimage\"},\"datePublished\":\"2009-03-17T15:29:55+00:00\",\"dateModified\":\"2009-03-17T15:29:55+00:00\",\"author\":{\"@id\":\"https:\/\/www.visit-ulcinj.com\/blog\/#\/schema\/person\/dcab619c614d3038751c63bc2aadc06d\"},\"description\":\"Big Brother Albania 2 - Bika i tregon Dritanit se \u00c3\u00absht\u00c3\u00ab e m\u00c3\u00abrzitur me Adel\u00c3\u00abn. Ajo i thot\u00c3\u00ab se nuk i erdhi mir\u00c3\u00ab q\u00c3\u00ab ajo dje e mori si urdh\u00c3\u00abr fjal\u00c3\u00abn e saj dhe Bika\",\"breadcrumb\":{\"@id\":\"https:\/\/www.visit-ulcinj.com\/blog\/2009\/03\/17\/republika-jam-e-merzitur-me-adelen\/#breadcrumb\"},\"inLanguage\":\"en-US\",\"potentialAction\":[{\"@type\":\"ReadAction\",\"target\":[\"https:\/\/www.visit-ulcinj.com\/blog\/2009\/03\/17\/republika-jam-e-merzitur-me-adelen\/\"]}]},{\"@type\":\"BreadcrumbList\",\"@id\":\"https:\/\/www.visit-ulcinj.com\/blog\/2009\/03\/17\/republika-jam-e-merzitur-me-adelen\/#breadcrumb\",\"itemListElement\":[{\"@type\":\"ListItem\",\"position\":1,\"name\":\"Republika : Jam e m\u00ebrzitur me Adel\u00ebn\"}]},{\"@type\":\"Person\",\"@id\":\"https:\/\/www.visit-ulcinj.com\/blog\/#\/schema\/person\/dcab619c614d3038751c63bc2aadc06d\",\"name\":\"ulqini\",\"sameAs\":[\"http:\/\/www.visit-ulcinj.com\"],\"url\":\"https:\/\/www.visit-ulcinj.com\/blog\/author\/admin\/\"}]}<\/script>\n<!-- \/ Yoast SEO plugin. -->","yoast_head_json":{"title":"Republika : Jam e m\u00c3\u00abrzitur me Adel\u00c3\u00abn | Big Brother Albania 2","description":"Big Brother Albania 2 - Bika i tregon Dritanit se \u00c3\u00absht\u00c3\u00ab e m\u00c3\u00abrzitur me Adel\u00c3\u00abn. Ajo i thot\u00c3\u00ab se nuk i erdhi mir\u00c3\u00ab q\u00c3\u00ab ajo dje e mori si urdh\u00c3\u00abr fjal\u00c3\u00abn e saj dhe Bika","robots":{"index":"index","follow":"follow","max-snippet":"max-snippet:-1","max-image-preview":"max-image-preview:large","max-video-preview":"max-video-preview:-1"},"canonical":"https:\/\/www.visit-ulcinj.com\/blog\/2009\/03\/17\/republika-jam-e-merzitur-me-adelen\/","og_locale":"en_US","og_type":"article","og_title":"Republika : Jam e m\u00c3\u00abrzitur me Adel\u00c3\u00abn | Big Brother Albania 2","og_description":"Big Brother Albania 2 - Bika i tregon Dritanit se \u00c3\u00absht\u00c3\u00ab e m\u00c3\u00abrzitur me Adel\u00c3\u00abn. Ajo i thot\u00c3\u00ab se nuk i erdhi mir\u00c3\u00ab q\u00c3\u00ab ajo dje e mori si urdh\u00c3\u00abr fjal\u00c3\u00abn e saj dhe Bika","og_url":"https:\/\/www.visit-ulcinj.com\/blog\/2009\/03\/17\/republika-jam-e-merzitur-me-adelen\/","og_site_name":"Lajme nga Ulqini","article_published_time":"2009-03-17T15:29:55+00:00","og_image":[{"url":"http:\/\/www.visit-ulcinj.com\/blog\/wp-content\/uploads\/2009\/03\/bika4.jpg"}],"twitter_misc":{"Written by":"ulqini","Est. reading time":"1 minute"},"schema":{"@context":"https:\/\/schema.org","@graph":[{"@type":"WebSite","@id":"https:\/\/www.visit-ulcinj.com\/blog\/#website","url":"https:\/\/www.visit-ulcinj.com\/blog\/","name":"Lajme nga Ulqini","description":"Lajme,Vijesti,Ulqini,Ulqin,Crna Gora,Mali i Zi","potentialAction":[{"@type":"SearchAction","target":{"@type":"EntryPoint","urlTemplate":"https:\/\/www.visit-ulcinj.com\/blog\/?s={search_term_string}"},"query-input":"required name=search_term_string"}],"inLanguage":"en-US"},{"@type":"ImageObject","inLanguage":"en-US","@id":"https:\/\/www.visit-ulcinj.com\/blog\/2009\/03\/17\/republika-jam-e-merzitur-me-adelen\/#primaryimage","url":"http:\/\/www.visit-ulcinj.com\/blog\/wp-content\/uploads\/2009\/03\/bika4.jpg","contentUrl":"http:\/\/www.visit-ulcinj.com\/blog\/wp-content\/uploads\/2009\/03\/bika4.jpg"},{"@type":"WebPage","@id":"https:\/\/www.visit-ulcinj.com\/blog\/2009\/03\/17\/republika-jam-e-merzitur-me-adelen\/#webpage","url":"https:\/\/www.visit-ulcinj.com\/blog\/2009\/03\/17\/republika-jam-e-merzitur-me-adelen\/","name":"Republika : Jam e m\u00c3\u00abrzitur me Adel\u00c3\u00abn | Big Brother Albania 2","isPartOf":{"@id":"https:\/\/www.visit-ulcinj.com\/blog\/#website"},"primaryImageOfPage":{"@id":"https:\/\/www.visit-ulcinj.com\/blog\/2009\/03\/17\/republika-jam-e-merzitur-me-adelen\/#primaryimage"},"datePublished":"2009-03-17T15:29:55+00:00","dateModified":"2009-03-17T15:29:55+00:00","author":{"@id":"https:\/\/www.visit-ulcinj.com\/blog\/#\/schema\/person\/dcab619c614d3038751c63bc2aadc06d"},"description":"Big Brother Albania 2 - Bika i tregon Dritanit se \u00c3\u00absht\u00c3\u00ab e m\u00c3\u00abrzitur me Adel\u00c3\u00abn. Ajo i thot\u00c3\u00ab se nuk i erdhi mir\u00c3\u00ab q\u00c3\u00ab ajo dje e mori si urdh\u00c3\u00abr fjal\u00c3\u00abn e saj dhe Bika","breadcrumb":{"@id":"https:\/\/www.visit-ulcinj.com\/blog\/2009\/03\/17\/republika-jam-e-merzitur-me-adelen\/#breadcrumb"},"inLanguage":"en-US","potentialAction":[{"@type":"ReadAction","target":["https:\/\/www.visit-ulcinj.com\/blog\/2009\/03\/17\/republika-jam-e-merzitur-me-adelen\/"]}]},{"@type":"BreadcrumbList","@id":"https:\/\/www.visit-ulcinj.com\/blog\/2009\/03\/17\/republika-jam-e-merzitur-me-adelen\/#breadcrumb","itemListElement":[{"@type":"ListItem","position":1,"name":"Republika : Jam e m\u00ebrzitur me Adel\u00ebn"}]},{"@type":"Person","@id":"https:\/\/www.visit-ulcinj.com\/blog\/#\/schema\/person\/dcab619c614d3038751c63bc2aadc06d","name":"ulqini","sameAs":["http:\/\/www.visit-ulcinj.com"],"url":"https:\/\/www.visit-ulcinj.com\/blog\/author\/admin\/"}]}},"jetpack_featured_media_url":"","jetpack_sharing_enabled":true,"jetpack_shortlink":"https:\/\/wp.me\/pe6lTn-3Ld","_links":{"self":[{"href":"https:\/\/www.visit-ulcinj.com\/blog\/wp-json\/wp\/v2\/posts\/14459"}],"collection":[{"href":"https:\/\/www.visit-ulcinj.com\/blog\/wp-json\/wp\/v2\/posts"}],"about":[{"href":"https:\/\/www.visit-ulcinj.com\/blog\/wp-json\/wp\/v2\/types\/post"}],"author":[{"embeddable":true,"href":"https:\/\/www.visit-ulcinj.com\/blog\/wp-json\/wp\/v2\/users\/1"}],"replies":[{"embeddable":true,"href":"https:\/\/www.visit-ulcinj.com\/blog\/wp-json\/wp\/v2\/comments?post=14459"}],"version-history":[{"count":0,"href":"https:\/\/www.visit-ulcinj.com\/blog\/wp-json\/wp\/v2\/posts\/14459\/revisions"}],"wp:attachment":[{"href":"https:\/\/www.visit-ulcinj.com\/blog\/wp-json\/wp\/v2\/media?parent=14459"}],"wp:term":[{"taxonomy":"category","embeddable":true,"href":"https:\/\/www.visit-ulcinj.com\/blog\/wp-json\/wp\/v2\/categories?post=14459"},{"taxonomy":"post_tag","embeddable":true,"href":"https:\/\/www.visit-ulcinj.com\/blog\/wp-json\/wp\/v2\/tags?post=14459"}],"curies":[{"name":"wp","href":"https:\/\/api.w.org\/{rel}","templated":true}]}}