{"id":14462,"date":"2009-03-17T16:36:05","date_gmt":"2009-03-17T15:36:05","guid":{"rendered":"http:\/\/www.visit-ulcinj.com\/blog\/?p=14462"},"modified":"2009-03-17T16:36:05","modified_gmt":"2009-03-17T15:36:05","slug":"arjon-zhuljeta-te-ka-larguar","status":"publish","type":"post","link":"https:\/\/www.visit-ulcinj.com\/blog\/2009\/03\/17\/arjon-zhuljeta-te-ka-larguar\/","title":{"rendered":"Arjon : Zhuljeta t\u00eb ka larguar"},"content":{"rendered":"<p><em><span class=\"newsdate\"><a href=\"http:\/\/www.visit-ulcinj.com\/blog\/wp-content\/uploads\/2009\/03\/arjonimesida-per-zhulin.jpg\"><img loading=\"lazy\" class=\"alignleft size-full wp-image-14463\" title=\"arjonimesida-per-zhulin-big-brother-albania\" src=\"http:\/\/www.visit-ulcinj.com\/blog\/wp-content\/uploads\/2009\/03\/arjonimesida-per-zhulin.jpg\" alt=\"arjonimesida-per-zhulin-big-brother-albania\" width=\"300\" height=\"205\" \/><\/a>15\/03\/09 22:12<\/span><\/em><\/p>\n<p>Arjoni e pyet Mesid\u00ebn se cfar\u00eb mendon p\u00ebr Zhuljet\u00ebn. Mesida i tregon se ajo nuk i p\u00eblqeu q\u00eb kur hyri n\u00eb sht\u00ebpi. Ajo thot\u00eb se i b\u00ebri p\u00ebrshtypje se, q\u00eb dit\u00ebn e par\u00eb, Zhuljeta e puthi n\u00eb faqe, kur ajo ishte n\u00eb gjum. Mesida thot\u00eb se s\u2019mund t\u00eb sillesh k\u00ebshtu me nj\u00eb person q\u00eb nuk e njeh. Arjoni i tregon se Zhuljeta e p\u00eblqente Mesid\u00ebn. Ajo thot\u00eb se nuk e beson, por do ta shoh\u00eb k\u00ebt\u00eb kur t\u00eb dali. Arjoni i thot\u00eb se Zhuljeta pati nj\u00eb reagim kundrejt saj kur pa q\u00eb ajo u afrua me Lirit\u00ebn dhe Aid\u00ebn, pasi ajo nuk i p\u00eblqente ato. Mesida thot\u00eb se shum\u00eb veprime dhe sjellje t\u00eb Zhuljet\u00ebs nuk i p\u00eblqenin, m\u00ebnyra se si fliste me t\u00eb tjer\u00ebt apo edhe me Arjonin nuk i dukej e p\u00ebrshtatshme. Ajo thot\u00eb se edhe fakti kur Zhuljeta debatonte me dik\u00eb dhe m\u00eb pas i fliste me dashamir\u00ebsi nuk i p\u00eblqente pasi kur debaton me dik\u00eb, nuk mund ta puth\u00ebsh. Arjoni i thot\u00eb se kur jeton n\u00eb nj\u00eb sht\u00ebpi, kjo do ndodh\u00eb patjet\u00ebr. Mesida mendon se n\u00ebse ajo grindet me dik\u00eb, duhet t\u2019i jap\u00eb koh\u00eb si atij edhe vetes q\u00eb t\u00eb qet\u00ebsohen e qart\u00ebsohen se n\u00eb t\u00eb kund\u00ebrt, n\u00ebse i afrohet do t\u00eb grindet m\u00eb keq. Mesida i thot\u00eb Arjonit se nj\u00eb arsye se pse ai mund t\u00eb jet\u00eb nominuar \u00ebsht\u00eb se ka q\u00ebndruar me nj\u00eb person q\u00eb t\u00eb tjer\u00ebt nuk e p\u00eblqenin dhe sepse ai rrinte shum\u00eb koh\u00eb me t\u00eb pa i l\u00ebn\u00eb mund\u00ebsi vetes q\u00eb t\u00eb njihej. Arjoni i thot\u00eb se i vetmi person q\u00eb ju afrua ishte Zhuljeta dhe ndaj u afeksionua pas saj, nd\u00ebrsa t\u00eb tjer\u00ebt u ndan\u00eb n\u00eb grupe. Ai i thot\u00eb Mesid\u00ebs se vet\u00ebm ajo ka ardhur i ka folur tani, banor\u00ebt e tjer\u00eb nuk i afrohen. Mesida i p\u00ebrgjigjet se edhe kur jan\u00eb munduar t\u2019i afrohen, mes tyre ka q\u00ebn\u00eb gjithmon\u00eb Zhuljeta dhe nga kjo \u00ebsht\u00eb krijuar dista<\/p>\n","protected":false},"excerpt":{"rendered":"<p>15\/03\/09 22:12 Arjoni e pyet Mesid\u00ebn se cfar\u00eb mendon p\u00ebr Zhuljet\u00ebn. Mesida i tregon se ajo nuk i p\u00eblqeu q\u00eb kur hyri n\u00eb sht\u00ebpi. Ajo thot\u00eb se i b\u00ebri p\u00ebrshtypje se, q\u00eb dit\u00ebn e par\u00eb, Zhuljeta e puthi n\u00eb faqe, kur ajo ishte n\u00eb gjum. Mesida thot\u00eb se s\u2019mund t\u00eb sillesh k\u00ebshtu me nj\u00eb person [&hellip;]<\/p>\n","protected":false},"author":1,"featured_media":0,"comment_status":"open","ping_status":"closed","sticky":false,"template":"","format":"standard","meta":{"spay_email":"","jetpack_publicize_message":"","jetpack_is_tweetstorm":false,"jetpack_publicize_feature_enabled":true},"categories":[6502],"tags":[6525,6883,6516,6712,7364,8056,6891,6536],"jetpack_publicize_connections":[],"yoast_head":"<!-- This site is optimized with the Yoast SEO plugin v19.1 - https:\/\/yoast.com\/wordpress\/plugins\/seo\/ -->\n<title>Arjon : Zhuljeta t\u00c3\u00ab ka larguar | Big Brother Albania 2<\/title>\n<meta name=\"description\" content=\"Big Brother Albania 2 - Arjoni e pyet Mesid\u00c3\u00abn se cfar\u00c3\u00ab mendon p\u00c3\u00abr Zhuljet\u00c3\u00abn. Mesida i tregon se ajo nuk i p\u00c3\u00ablqeu q\u00c3\u00ab kur hyri n\u00c3\u00ab sht\u00c3\u00abpi\" \/>\n<meta name=\"robots\" content=\"index, follow, max-snippet:-1, max-image-preview:large, max-video-preview:-1\" \/>\n<link rel=\"canonical\" href=\"https:\/\/www.visit-ulcinj.com\/blog\/2009\/03\/17\/arjon-zhuljeta-te-ka-larguar\/\" \/>\n<meta property=\"og:locale\" content=\"en_US\" \/>\n<meta property=\"og:type\" content=\"article\" \/>\n<meta property=\"og:title\" content=\"Arjon : Zhuljeta t\u00c3\u00ab ka larguar | Big Brother Albania 2\" \/>\n<meta property=\"og:description\" content=\"Big Brother Albania 2 - Arjoni e pyet Mesid\u00c3\u00abn se cfar\u00c3\u00ab mendon p\u00c3\u00abr Zhuljet\u00c3\u00abn. Mesida i tregon se ajo nuk i p\u00c3\u00ablqeu q\u00c3\u00ab kur hyri n\u00c3\u00ab sht\u00c3\u00abpi\" \/>\n<meta property=\"og:url\" content=\"https:\/\/www.visit-ulcinj.com\/blog\/2009\/03\/17\/arjon-zhuljeta-te-ka-larguar\/\" \/>\n<meta property=\"og:site_name\" content=\"Lajme nga Ulqini\" \/>\n<meta property=\"article:published_time\" content=\"2009-03-17T15:36:05+00:00\" \/>\n<meta property=\"og:image\" content=\"http:\/\/www.visit-ulcinj.com\/blog\/wp-content\/uploads\/2009\/03\/arjonimesida-per-zhulin.jpg\" \/>\n<meta name=\"twitter:label1\" content=\"Written by\" \/>\n\t<meta name=\"twitter:data1\" content=\"ulqini\" \/>\n\t<meta name=\"twitter:label2\" content=\"Est. reading time\" \/>\n\t<meta name=\"twitter:data2\" content=\"2 minutes\" \/>\n<script type=\"application\/ld+json\" class=\"yoast-schema-graph\">{\"@context\":\"https:\/\/schema.org\",\"@graph\":[{\"@type\":\"WebSite\",\"@id\":\"https:\/\/www.visit-ulcinj.com\/blog\/#website\",\"url\":\"https:\/\/www.visit-ulcinj.com\/blog\/\",\"name\":\"Lajme nga Ulqini\",\"description\":\"Lajme,Vijesti,Ulqini,Ulqin,Crna Gora,Mali i Zi\",\"potentialAction\":[{\"@type\":\"SearchAction\",\"target\":{\"@type\":\"EntryPoint\",\"urlTemplate\":\"https:\/\/www.visit-ulcinj.com\/blog\/?s={search_term_string}\"},\"query-input\":\"required name=search_term_string\"}],\"inLanguage\":\"en-US\"},{\"@type\":\"ImageObject\",\"inLanguage\":\"en-US\",\"@id\":\"https:\/\/www.visit-ulcinj.com\/blog\/2009\/03\/17\/arjon-zhuljeta-te-ka-larguar\/#primaryimage\",\"url\":\"http:\/\/www.visit-ulcinj.com\/blog\/wp-content\/uploads\/2009\/03\/arjonimesida-per-zhulin.jpg\",\"contentUrl\":\"http:\/\/www.visit-ulcinj.com\/blog\/wp-content\/uploads\/2009\/03\/arjonimesida-per-zhulin.jpg\"},{\"@type\":\"WebPage\",\"@id\":\"https:\/\/www.visit-ulcinj.com\/blog\/2009\/03\/17\/arjon-zhuljeta-te-ka-larguar\/#webpage\",\"url\":\"https:\/\/www.visit-ulcinj.com\/blog\/2009\/03\/17\/arjon-zhuljeta-te-ka-larguar\/\",\"name\":\"Arjon : Zhuljeta t\u00c3\u00ab ka larguar | Big Brother Albania 2\",\"isPartOf\":{\"@id\":\"https:\/\/www.visit-ulcinj.com\/blog\/#website\"},\"primaryImageOfPage\":{\"@id\":\"https:\/\/www.visit-ulcinj.com\/blog\/2009\/03\/17\/arjon-zhuljeta-te-ka-larguar\/#primaryimage\"},\"datePublished\":\"2009-03-17T15:36:05+00:00\",\"dateModified\":\"2009-03-17T15:36:05+00:00\",\"author\":{\"@id\":\"https:\/\/www.visit-ulcinj.com\/blog\/#\/schema\/person\/dcab619c614d3038751c63bc2aadc06d\"},\"description\":\"Big Brother Albania 2 - Arjoni e pyet Mesid\u00c3\u00abn se cfar\u00c3\u00ab mendon p\u00c3\u00abr Zhuljet\u00c3\u00abn. Mesida i tregon se ajo nuk i p\u00c3\u00ablqeu q\u00c3\u00ab kur hyri n\u00c3\u00ab sht\u00c3\u00abpi\",\"breadcrumb\":{\"@id\":\"https:\/\/www.visit-ulcinj.com\/blog\/2009\/03\/17\/arjon-zhuljeta-te-ka-larguar\/#breadcrumb\"},\"inLanguage\":\"en-US\",\"potentialAction\":[{\"@type\":\"ReadAction\",\"target\":[\"https:\/\/www.visit-ulcinj.com\/blog\/2009\/03\/17\/arjon-zhuljeta-te-ka-larguar\/\"]}]},{\"@type\":\"BreadcrumbList\",\"@id\":\"https:\/\/www.visit-ulcinj.com\/blog\/2009\/03\/17\/arjon-zhuljeta-te-ka-larguar\/#breadcrumb\",\"itemListElement\":[{\"@type\":\"ListItem\",\"position\":1,\"name\":\"Arjon : Zhuljeta t\u00eb ka larguar\"}]},{\"@type\":\"Person\",\"@id\":\"https:\/\/www.visit-ulcinj.com\/blog\/#\/schema\/person\/dcab619c614d3038751c63bc2aadc06d\",\"name\":\"ulqini\",\"sameAs\":[\"http:\/\/www.visit-ulcinj.com\"],\"url\":\"https:\/\/www.visit-ulcinj.com\/blog\/author\/admin\/\"}]}<\/script>\n<!-- \/ Yoast SEO plugin. -->","yoast_head_json":{"title":"Arjon : Zhuljeta t\u00c3\u00ab ka larguar | Big Brother Albania 2","description":"Big Brother Albania 2 - Arjoni e pyet Mesid\u00c3\u00abn se cfar\u00c3\u00ab mendon p\u00c3\u00abr Zhuljet\u00c3\u00abn. Mesida i tregon se ajo nuk i p\u00c3\u00ablqeu q\u00c3\u00ab kur hyri n\u00c3\u00ab sht\u00c3\u00abpi","robots":{"index":"index","follow":"follow","max-snippet":"max-snippet:-1","max-image-preview":"max-image-preview:large","max-video-preview":"max-video-preview:-1"},"canonical":"https:\/\/www.visit-ulcinj.com\/blog\/2009\/03\/17\/arjon-zhuljeta-te-ka-larguar\/","og_locale":"en_US","og_type":"article","og_title":"Arjon : Zhuljeta t\u00c3\u00ab ka larguar | Big Brother Albania 2","og_description":"Big Brother Albania 2 - Arjoni e pyet Mesid\u00c3\u00abn se cfar\u00c3\u00ab mendon p\u00c3\u00abr Zhuljet\u00c3\u00abn. Mesida i tregon se ajo nuk i p\u00c3\u00ablqeu q\u00c3\u00ab kur hyri n\u00c3\u00ab sht\u00c3\u00abpi","og_url":"https:\/\/www.visit-ulcinj.com\/blog\/2009\/03\/17\/arjon-zhuljeta-te-ka-larguar\/","og_site_name":"Lajme nga Ulqini","article_published_time":"2009-03-17T15:36:05+00:00","og_image":[{"url":"http:\/\/www.visit-ulcinj.com\/blog\/wp-content\/uploads\/2009\/03\/arjonimesida-per-zhulin.jpg"}],"twitter_misc":{"Written by":"ulqini","Est. reading time":"2 minutes"},"schema":{"@context":"https:\/\/schema.org","@graph":[{"@type":"WebSite","@id":"https:\/\/www.visit-ulcinj.com\/blog\/#website","url":"https:\/\/www.visit-ulcinj.com\/blog\/","name":"Lajme nga Ulqini","description":"Lajme,Vijesti,Ulqini,Ulqin,Crna Gora,Mali i Zi","potentialAction":[{"@type":"SearchAction","target":{"@type":"EntryPoint","urlTemplate":"https:\/\/www.visit-ulcinj.com\/blog\/?s={search_term_string}"},"query-input":"required name=search_term_string"}],"inLanguage":"en-US"},{"@type":"ImageObject","inLanguage":"en-US","@id":"https:\/\/www.visit-ulcinj.com\/blog\/2009\/03\/17\/arjon-zhuljeta-te-ka-larguar\/#primaryimage","url":"http:\/\/www.visit-ulcinj.com\/blog\/wp-content\/uploads\/2009\/03\/arjonimesida-per-zhulin.jpg","contentUrl":"http:\/\/www.visit-ulcinj.com\/blog\/wp-content\/uploads\/2009\/03\/arjonimesida-per-zhulin.jpg"},{"@type":"WebPage","@id":"https:\/\/www.visit-ulcinj.com\/blog\/2009\/03\/17\/arjon-zhuljeta-te-ka-larguar\/#webpage","url":"https:\/\/www.visit-ulcinj.com\/blog\/2009\/03\/17\/arjon-zhuljeta-te-ka-larguar\/","name":"Arjon : Zhuljeta t\u00c3\u00ab ka larguar | Big Brother Albania 2","isPartOf":{"@id":"https:\/\/www.visit-ulcinj.com\/blog\/#website"},"primaryImageOfPage":{"@id":"https:\/\/www.visit-ulcinj.com\/blog\/2009\/03\/17\/arjon-zhuljeta-te-ka-larguar\/#primaryimage"},"datePublished":"2009-03-17T15:36:05+00:00","dateModified":"2009-03-17T15:36:05+00:00","author":{"@id":"https:\/\/www.visit-ulcinj.com\/blog\/#\/schema\/person\/dcab619c614d3038751c63bc2aadc06d"},"description":"Big Brother Albania 2 - Arjoni e pyet Mesid\u00c3\u00abn se cfar\u00c3\u00ab mendon p\u00c3\u00abr Zhuljet\u00c3\u00abn. Mesida i tregon se ajo nuk i p\u00c3\u00ablqeu q\u00c3\u00ab kur hyri n\u00c3\u00ab sht\u00c3\u00abpi","breadcrumb":{"@id":"https:\/\/www.visit-ulcinj.com\/blog\/2009\/03\/17\/arjon-zhuljeta-te-ka-larguar\/#breadcrumb"},"inLanguage":"en-US","potentialAction":[{"@type":"ReadAction","target":["https:\/\/www.visit-ulcinj.com\/blog\/2009\/03\/17\/arjon-zhuljeta-te-ka-larguar\/"]}]},{"@type":"BreadcrumbList","@id":"https:\/\/www.visit-ulcinj.com\/blog\/2009\/03\/17\/arjon-zhuljeta-te-ka-larguar\/#breadcrumb","itemListElement":[{"@type":"ListItem","position":1,"name":"Arjon : Zhuljeta t\u00eb ka larguar"}]},{"@type":"Person","@id":"https:\/\/www.visit-ulcinj.com\/blog\/#\/schema\/person\/dcab619c614d3038751c63bc2aadc06d","name":"ulqini","sameAs":["http:\/\/www.visit-ulcinj.com"],"url":"https:\/\/www.visit-ulcinj.com\/blog\/author\/admin\/"}]}},"jetpack_featured_media_url":"","jetpack_sharing_enabled":true,"jetpack_shortlink":"https:\/\/wp.me\/pe6lTn-3Lg","_links":{"self":[{"href":"https:\/\/www.visit-ulcinj.com\/blog\/wp-json\/wp\/v2\/posts\/14462"}],"collection":[{"href":"https:\/\/www.visit-ulcinj.com\/blog\/wp-json\/wp\/v2\/posts"}],"about":[{"href":"https:\/\/www.visit-ulcinj.com\/blog\/wp-json\/wp\/v2\/types\/post"}],"author":[{"embeddable":true,"href":"https:\/\/www.visit-ulcinj.com\/blog\/wp-json\/wp\/v2\/users\/1"}],"replies":[{"embeddable":true,"href":"https:\/\/www.visit-ulcinj.com\/blog\/wp-json\/wp\/v2\/comments?post=14462"}],"version-history":[{"count":0,"href":"https:\/\/www.visit-ulcinj.com\/blog\/wp-json\/wp\/v2\/posts\/14462\/revisions"}],"wp:attachment":[{"href":"https:\/\/www.visit-ulcinj.com\/blog\/wp-json\/wp\/v2\/media?parent=14462"}],"wp:term":[{"taxonomy":"category","embeddable":true,"href":"https:\/\/www.visit-ulcinj.com\/blog\/wp-json\/wp\/v2\/categories?post=14462"},{"taxonomy":"post_tag","embeddable":true,"href":"https:\/\/www.visit-ulcinj.com\/blog\/wp-json\/wp\/v2\/tags?post=14462"}],"curies":[{"name":"wp","href":"https:\/\/api.w.org\/{rel}","templated":true}]}}