{"id":14467,"date":"2009-03-17T16:41:06","date_gmt":"2009-03-17T15:41:06","guid":{"rendered":"http:\/\/www.visit-ulcinj.com\/blog\/?p=14467"},"modified":"2009-03-17T16:41:06","modified_gmt":"2009-03-17T15:41:06","slug":"arjon-zhuljeta-nuk-me-ka-shfrytezuar","status":"publish","type":"post","link":"https:\/\/www.visit-ulcinj.com\/blog\/2009\/03\/17\/arjon-zhuljeta-nuk-me-ka-shfrytezuar\/","title":{"rendered":"Arjon : Zhuljeta nuk m\u00eb ka shfryt\u00ebzuar"},"content":{"rendered":"<p><em><span class=\"newsdate\"><a href=\"http:\/\/www.visit-ulcinj.com\/blog\/wp-content\/uploads\/2009\/03\/arjoni-per-zhuljeten-copy.jpg\"><img loading=\"lazy\" class=\"alignleft size-full wp-image-14469\" title=\"arjoni-per-zhuljeten-big-brother-albania-2\" src=\"http:\/\/www.visit-ulcinj.com\/blog\/wp-content\/uploads\/2009\/03\/arjoni-per-zhuljeten-copy.jpg\" alt=\"arjoni-per-zhuljeten-big-brother-albania-2\" width=\"300\" height=\"205\" \/><\/a>16\/03\/09 00:10<\/span><\/em><\/p>\n<p>Sipas Arjonit, tek banor\u00ebt e sht\u00ebpis\u00eb ekzistonte mendimi q\u00eb Zhuljeta e shfryt\u00ebzonte. Kjo, sipas tij, nuk ishte e v\u00ebrtet\u00eb. Ai \u00e7do gj\u00eb q\u00eb kishte b\u00ebr\u00eb, e kishte b\u00ebr\u00eb me d\u00ebshir\u00ebn e tij. Ai tha se ishte i gatsh\u00ebm q\u00eb p\u00ebr cdo banor q\u00eb t\u2019i k\u00ebrkonte ndihm\u00eb, t\u2019ia jepte. Nd\u00ebrsa sipas Bik\u00ebs, raporti i tij me Zhuljet\u00ebn nuk shihej si nj\u00eb miq\u00ebsi normale. Arjoni theksoi, se pavar\u00ebsisht se cfar\u00eb mund ta kishte konsideruar Zhuljeta at\u00eb, ai e kishte patur vet\u00ebm nj\u00eb shoqe t\u00eb mir\u00eb. Ve\u00e7 k\u00ebsaj, sipas Arjonit, ajo kishte qen\u00eb e vetmja q\u00eb i ishte afruar dhe i kishte dh\u00ebn\u00eb miq\u00ebsin\u00eb e saj, gj\u00eb q\u00eb nuk e kishte b\u00ebr\u00eb asnj\u00eb nga vajzat e tjera.<\/p>\n","protected":false},"excerpt":{"rendered":"<p>16\/03\/09 00:10 Sipas Arjonit, tek banor\u00ebt e sht\u00ebpis\u00eb ekzistonte mendimi q\u00eb Zhuljeta e shfryt\u00ebzonte. Kjo, sipas tij, nuk ishte e v\u00ebrtet\u00eb. Ai \u00e7do gj\u00eb q\u00eb kishte b\u00ebr\u00eb, e kishte b\u00ebr\u00eb me d\u00ebshir\u00ebn e tij. Ai tha se ishte i gatsh\u00ebm q\u00eb p\u00ebr cdo banor q\u00eb t\u2019i k\u00ebrkonte ndihm\u00eb, t\u2019ia jepte. Nd\u00ebrsa sipas Bik\u00ebs, raporti i [&hellip;]<\/p>\n","protected":false},"author":1,"featured_media":0,"comment_status":"open","ping_status":"closed","sticky":false,"template":"","format":"standard","meta":{"spay_email":"","jetpack_publicize_message":"","jetpack_is_tweetstorm":false,"jetpack_publicize_feature_enabled":true},"categories":[6502],"tags":[6525,6883,6516,6712,8057,6891,6536],"jetpack_publicize_connections":[],"yoast_head":"<!-- This site is optimized with the Yoast SEO plugin v19.1 - https:\/\/yoast.com\/wordpress\/plugins\/seo\/ -->\n<title>Arjon : Zhuljeta nuk m\u00c3\u00ab ka shfryt\u00c3\u00abzuar | Big Brother Albania 2<\/title>\n<meta name=\"description\" content=\"Big Brother Albania 2 - Sipas Arjonit, tek banor\u00c3\u00abt e sht\u00c3\u00abpis\u00c3\u00ab ekzistonte mendimi q\u00c3\u00ab Zhuljeta e shfryt\u00c3\u00abzonte.\" \/>\n<meta name=\"robots\" content=\"index, follow, max-snippet:-1, max-image-preview:large, max-video-preview:-1\" \/>\n<link rel=\"canonical\" href=\"https:\/\/www.visit-ulcinj.com\/blog\/2009\/03\/17\/arjon-zhuljeta-nuk-me-ka-shfrytezuar\/\" \/>\n<meta property=\"og:locale\" content=\"en_US\" \/>\n<meta property=\"og:type\" content=\"article\" \/>\n<meta property=\"og:title\" content=\"Arjon : Zhuljeta nuk m\u00c3\u00ab ka shfryt\u00c3\u00abzuar | Big Brother Albania 2\" \/>\n<meta property=\"og:description\" content=\"Big Brother Albania 2 - Sipas Arjonit, tek banor\u00c3\u00abt e sht\u00c3\u00abpis\u00c3\u00ab ekzistonte mendimi q\u00c3\u00ab Zhuljeta e shfryt\u00c3\u00abzonte.\" \/>\n<meta property=\"og:url\" content=\"https:\/\/www.visit-ulcinj.com\/blog\/2009\/03\/17\/arjon-zhuljeta-nuk-me-ka-shfrytezuar\/\" \/>\n<meta property=\"og:site_name\" content=\"Lajme nga Ulqini\" \/>\n<meta property=\"article:published_time\" content=\"2009-03-17T15:41:06+00:00\" \/>\n<meta property=\"og:image\" content=\"http:\/\/www.visit-ulcinj.com\/blog\/wp-content\/uploads\/2009\/03\/arjoni-per-zhuljeten-copy.jpg\" \/>\n<meta name=\"twitter:label1\" content=\"Written by\" \/>\n\t<meta name=\"twitter:data1\" content=\"ulqini\" \/>\n\t<meta name=\"twitter:label2\" content=\"Est. reading time\" \/>\n\t<meta name=\"twitter:data2\" content=\"1 minute\" \/>\n<script type=\"application\/ld+json\" class=\"yoast-schema-graph\">{\"@context\":\"https:\/\/schema.org\",\"@graph\":[{\"@type\":\"WebSite\",\"@id\":\"https:\/\/www.visit-ulcinj.com\/blog\/#website\",\"url\":\"https:\/\/www.visit-ulcinj.com\/blog\/\",\"name\":\"Lajme nga Ulqini\",\"description\":\"Lajme,Vijesti,Ulqini,Ulqin,Crna Gora,Mali i Zi\",\"potentialAction\":[{\"@type\":\"SearchAction\",\"target\":{\"@type\":\"EntryPoint\",\"urlTemplate\":\"https:\/\/www.visit-ulcinj.com\/blog\/?s={search_term_string}\"},\"query-input\":\"required name=search_term_string\"}],\"inLanguage\":\"en-US\"},{\"@type\":\"ImageObject\",\"inLanguage\":\"en-US\",\"@id\":\"https:\/\/www.visit-ulcinj.com\/blog\/2009\/03\/17\/arjon-zhuljeta-nuk-me-ka-shfrytezuar\/#primaryimage\",\"url\":\"http:\/\/www.visit-ulcinj.com\/blog\/wp-content\/uploads\/2009\/03\/arjoni-per-zhuljeten-copy.jpg\",\"contentUrl\":\"http:\/\/www.visit-ulcinj.com\/blog\/wp-content\/uploads\/2009\/03\/arjoni-per-zhuljeten-copy.jpg\"},{\"@type\":\"WebPage\",\"@id\":\"https:\/\/www.visit-ulcinj.com\/blog\/2009\/03\/17\/arjon-zhuljeta-nuk-me-ka-shfrytezuar\/#webpage\",\"url\":\"https:\/\/www.visit-ulcinj.com\/blog\/2009\/03\/17\/arjon-zhuljeta-nuk-me-ka-shfrytezuar\/\",\"name\":\"Arjon : Zhuljeta nuk m\u00c3\u00ab ka shfryt\u00c3\u00abzuar | Big Brother Albania 2\",\"isPartOf\":{\"@id\":\"https:\/\/www.visit-ulcinj.com\/blog\/#website\"},\"primaryImageOfPage\":{\"@id\":\"https:\/\/www.visit-ulcinj.com\/blog\/2009\/03\/17\/arjon-zhuljeta-nuk-me-ka-shfrytezuar\/#primaryimage\"},\"datePublished\":\"2009-03-17T15:41:06+00:00\",\"dateModified\":\"2009-03-17T15:41:06+00:00\",\"author\":{\"@id\":\"https:\/\/www.visit-ulcinj.com\/blog\/#\/schema\/person\/dcab619c614d3038751c63bc2aadc06d\"},\"description\":\"Big Brother Albania 2 - Sipas Arjonit, tek banor\u00c3\u00abt e sht\u00c3\u00abpis\u00c3\u00ab ekzistonte mendimi q\u00c3\u00ab Zhuljeta e shfryt\u00c3\u00abzonte.\",\"breadcrumb\":{\"@id\":\"https:\/\/www.visit-ulcinj.com\/blog\/2009\/03\/17\/arjon-zhuljeta-nuk-me-ka-shfrytezuar\/#breadcrumb\"},\"inLanguage\":\"en-US\",\"potentialAction\":[{\"@type\":\"ReadAction\",\"target\":[\"https:\/\/www.visit-ulcinj.com\/blog\/2009\/03\/17\/arjon-zhuljeta-nuk-me-ka-shfrytezuar\/\"]}]},{\"@type\":\"BreadcrumbList\",\"@id\":\"https:\/\/www.visit-ulcinj.com\/blog\/2009\/03\/17\/arjon-zhuljeta-nuk-me-ka-shfrytezuar\/#breadcrumb\",\"itemListElement\":[{\"@type\":\"ListItem\",\"position\":1,\"name\":\"Arjon : Zhuljeta nuk m\u00eb ka shfryt\u00ebzuar\"}]},{\"@type\":\"Person\",\"@id\":\"https:\/\/www.visit-ulcinj.com\/blog\/#\/schema\/person\/dcab619c614d3038751c63bc2aadc06d\",\"name\":\"ulqini\",\"sameAs\":[\"http:\/\/www.visit-ulcinj.com\"],\"url\":\"https:\/\/www.visit-ulcinj.com\/blog\/author\/admin\/\"}]}<\/script>\n<!-- \/ Yoast SEO plugin. -->","yoast_head_json":{"title":"Arjon : Zhuljeta nuk m\u00c3\u00ab ka shfryt\u00c3\u00abzuar | Big Brother Albania 2","description":"Big Brother Albania 2 - Sipas Arjonit, tek banor\u00c3\u00abt e sht\u00c3\u00abpis\u00c3\u00ab ekzistonte mendimi q\u00c3\u00ab Zhuljeta e shfryt\u00c3\u00abzonte.","robots":{"index":"index","follow":"follow","max-snippet":"max-snippet:-1","max-image-preview":"max-image-preview:large","max-video-preview":"max-video-preview:-1"},"canonical":"https:\/\/www.visit-ulcinj.com\/blog\/2009\/03\/17\/arjon-zhuljeta-nuk-me-ka-shfrytezuar\/","og_locale":"en_US","og_type":"article","og_title":"Arjon : Zhuljeta nuk m\u00c3\u00ab ka shfryt\u00c3\u00abzuar | Big Brother Albania 2","og_description":"Big Brother Albania 2 - Sipas Arjonit, tek banor\u00c3\u00abt e sht\u00c3\u00abpis\u00c3\u00ab ekzistonte mendimi q\u00c3\u00ab Zhuljeta e shfryt\u00c3\u00abzonte.","og_url":"https:\/\/www.visit-ulcinj.com\/blog\/2009\/03\/17\/arjon-zhuljeta-nuk-me-ka-shfrytezuar\/","og_site_name":"Lajme nga Ulqini","article_published_time":"2009-03-17T15:41:06+00:00","og_image":[{"url":"http:\/\/www.visit-ulcinj.com\/blog\/wp-content\/uploads\/2009\/03\/arjoni-per-zhuljeten-copy.jpg"}],"twitter_misc":{"Written by":"ulqini","Est. reading time":"1 minute"},"schema":{"@context":"https:\/\/schema.org","@graph":[{"@type":"WebSite","@id":"https:\/\/www.visit-ulcinj.com\/blog\/#website","url":"https:\/\/www.visit-ulcinj.com\/blog\/","name":"Lajme nga Ulqini","description":"Lajme,Vijesti,Ulqini,Ulqin,Crna Gora,Mali i Zi","potentialAction":[{"@type":"SearchAction","target":{"@type":"EntryPoint","urlTemplate":"https:\/\/www.visit-ulcinj.com\/blog\/?s={search_term_string}"},"query-input":"required name=search_term_string"}],"inLanguage":"en-US"},{"@type":"ImageObject","inLanguage":"en-US","@id":"https:\/\/www.visit-ulcinj.com\/blog\/2009\/03\/17\/arjon-zhuljeta-nuk-me-ka-shfrytezuar\/#primaryimage","url":"http:\/\/www.visit-ulcinj.com\/blog\/wp-content\/uploads\/2009\/03\/arjoni-per-zhuljeten-copy.jpg","contentUrl":"http:\/\/www.visit-ulcinj.com\/blog\/wp-content\/uploads\/2009\/03\/arjoni-per-zhuljeten-copy.jpg"},{"@type":"WebPage","@id":"https:\/\/www.visit-ulcinj.com\/blog\/2009\/03\/17\/arjon-zhuljeta-nuk-me-ka-shfrytezuar\/#webpage","url":"https:\/\/www.visit-ulcinj.com\/blog\/2009\/03\/17\/arjon-zhuljeta-nuk-me-ka-shfrytezuar\/","name":"Arjon : Zhuljeta nuk m\u00c3\u00ab ka shfryt\u00c3\u00abzuar | Big Brother Albania 2","isPartOf":{"@id":"https:\/\/www.visit-ulcinj.com\/blog\/#website"},"primaryImageOfPage":{"@id":"https:\/\/www.visit-ulcinj.com\/blog\/2009\/03\/17\/arjon-zhuljeta-nuk-me-ka-shfrytezuar\/#primaryimage"},"datePublished":"2009-03-17T15:41:06+00:00","dateModified":"2009-03-17T15:41:06+00:00","author":{"@id":"https:\/\/www.visit-ulcinj.com\/blog\/#\/schema\/person\/dcab619c614d3038751c63bc2aadc06d"},"description":"Big Brother Albania 2 - Sipas Arjonit, tek banor\u00c3\u00abt e sht\u00c3\u00abpis\u00c3\u00ab ekzistonte mendimi q\u00c3\u00ab Zhuljeta e shfryt\u00c3\u00abzonte.","breadcrumb":{"@id":"https:\/\/www.visit-ulcinj.com\/blog\/2009\/03\/17\/arjon-zhuljeta-nuk-me-ka-shfrytezuar\/#breadcrumb"},"inLanguage":"en-US","potentialAction":[{"@type":"ReadAction","target":["https:\/\/www.visit-ulcinj.com\/blog\/2009\/03\/17\/arjon-zhuljeta-nuk-me-ka-shfrytezuar\/"]}]},{"@type":"BreadcrumbList","@id":"https:\/\/www.visit-ulcinj.com\/blog\/2009\/03\/17\/arjon-zhuljeta-nuk-me-ka-shfrytezuar\/#breadcrumb","itemListElement":[{"@type":"ListItem","position":1,"name":"Arjon : Zhuljeta nuk m\u00eb ka shfryt\u00ebzuar"}]},{"@type":"Person","@id":"https:\/\/www.visit-ulcinj.com\/blog\/#\/schema\/person\/dcab619c614d3038751c63bc2aadc06d","name":"ulqini","sameAs":["http:\/\/www.visit-ulcinj.com"],"url":"https:\/\/www.visit-ulcinj.com\/blog\/author\/admin\/"}]}},"jetpack_featured_media_url":"","jetpack_sharing_enabled":true,"jetpack_shortlink":"https:\/\/wp.me\/pe6lTn-3Ll","_links":{"self":[{"href":"https:\/\/www.visit-ulcinj.com\/blog\/wp-json\/wp\/v2\/posts\/14467"}],"collection":[{"href":"https:\/\/www.visit-ulcinj.com\/blog\/wp-json\/wp\/v2\/posts"}],"about":[{"href":"https:\/\/www.visit-ulcinj.com\/blog\/wp-json\/wp\/v2\/types\/post"}],"author":[{"embeddable":true,"href":"https:\/\/www.visit-ulcinj.com\/blog\/wp-json\/wp\/v2\/users\/1"}],"replies":[{"embeddable":true,"href":"https:\/\/www.visit-ulcinj.com\/blog\/wp-json\/wp\/v2\/comments?post=14467"}],"version-history":[{"count":0,"href":"https:\/\/www.visit-ulcinj.com\/blog\/wp-json\/wp\/v2\/posts\/14467\/revisions"}],"wp:attachment":[{"href":"https:\/\/www.visit-ulcinj.com\/blog\/wp-json\/wp\/v2\/media?parent=14467"}],"wp:term":[{"taxonomy":"category","embeddable":true,"href":"https:\/\/www.visit-ulcinj.com\/blog\/wp-json\/wp\/v2\/categories?post=14467"},{"taxonomy":"post_tag","embeddable":true,"href":"https:\/\/www.visit-ulcinj.com\/blog\/wp-json\/wp\/v2\/tags?post=14467"}],"curies":[{"name":"wp","href":"https:\/\/api.w.org\/{rel}","templated":true}]}}