{"id":1447,"date":"2008-04-29T04:34:45","date_gmt":"2008-04-29T09:34:45","guid":{"rendered":"http:\/\/www.visit-ulcinj.com\/blog\/?p=1447"},"modified":"2008-04-29T04:34:45","modified_gmt":"2008-04-29T09:34:45","slug":"reagim-ne-konferencen-per-media-te-shefit-te-dps-it-te-ulqinit","status":"publish","type":"post","link":"https:\/\/www.visit-ulcinj.com\/blog\/2008\/04\/29\/reagim-ne-konferencen-per-media-te-shefit-te-dps-it-te-ulqinit\/","title":{"rendered":"Reagim ne konferenc\u00ebn p\u00ebr media t\u00eb shefit t\u00eb DPS-it t\u00eb Ulqinit"},"content":{"rendered":"<p><img loading=\"lazy\" class=\"alignleft\" style=\"float: left;\" src=\"http:\/\/forcaere.org\/images\/stories\/NazifCunguKonf.JPG\" alt=\"Nazif Cungu\" width=\"351\" height=\"263\" \/>Me rastin e konferenc\u00ebs p\u00ebr media t\u00eb zot\u00ebri Luigj Lubo Shkrelit n\u00eb t\u00eb cil\u00ebn analizoi rezultatet e zgjedhjeve parlamentare, Forca me vendosm\u00ebri mohon \u201caluzionet\u201d e zot\u00ebri Luigj Lubo Shkrelit ne kinse ofendimin e qytetar\u00ebve t\u00eb Ulqinit nga ana e Forc\u00ebs, t\u00eb botuar media.<br \/>\nSikur ne rastin e p\u00ebrkrahjen e kandidatur\u00ebn e zot\u00ebri Medojeviqit, kur z\u00ebdh\u00ebn\u00ebsi i DPS-it Kova\u00e7eviq mashtronte qytetar\u00ebt p\u00ebr \u201cashtuquart\u00ebn marr\u00ebveshje\u201d p\u00ebr abolicionin e t\u00eb arrestuarve n\u00eb operacionin policor\u00eb \u201cFluturimi i Shqiponj\u00ebs\u201d, ashtu edhe z Shkrelja tani i vet\u00ebdijsh\u00ebm manipulon me publikun me deklarat\u00ebn e kryetarit t\u00eb Forc\u00ebs q\u00eb kinse qytetar\u00ebve i duhet psikolog._<br \/>\nAskush nga Forca, a ve\u00e7an\u00ebrisht jo zot\u00ebri Cungu nuk ka than\u00eb q\u00eb qytetar\u00ebve i duhet psikolog. Kjo \u00ebsht\u00eb e pav\u00ebrtet\u00eb, deklarat\u00eb manipulative dhe politikane.<br \/>\nShkrelja nuk e komenton urimin ton\u00eb publik n\u00eb fitoren e Kryetarit t\u00eb Malit t\u00eb Zi Vujanoviq n\u00eb zgjedhje, e nd\u00ebr t\u00eb tjera thot\u00eb q\u00eb n\u00eb zgjedhje fitoi n\u00ebnkryetari i DPS-it.<br \/>\n<strong>Ne at\u00ebher\u00eb kemi than\u00eb dhe prap\u00eb e p\u00ebrs\u00ebrisim q\u00eb me votimet e kaluara nuk do merremi dhe q\u00eb: \u201cCil\u00ebt jan\u00eb shkaqet e k\u00ebtij rezultat \u00ebsht\u00eb tem\u00eb me t\u00eb cil\u00ebn duhet t\u00eb merren analitik\u00ebt, historian\u00ebt dhe hulumtuesit e psikologjis\u00eb s\u00eb votuesve\u201d. <\/strong><br \/>\nManipulimet, gjysm\u00eb t\u00eb v\u00ebrtetat, thashethemet, tezat e shtremb\u00ebruara, gjith\u00eb k\u00ebto jan\u00eb instrument q\u00eb ky zot\u00ebri p\u00ebrdor\u00eb si z\u00ebdh\u00ebn\u00ebs i nj\u00eb partie q\u00eb \u00ebsht\u00eb n\u00eb pushtet, e cila premton ringjalljen e Ulqinit, q\u00eb t\u00eb gjitha premtimet e veta vazhdimisht nuk i realizon, me q\u00ebllim t\u00eb largimit t\u00eb opinionit ndaj problemeve t\u00eb v\u00ebrteta krijon probleme dhe afera q\u00eb nuk ekzistojn\u00eb.<br \/>\nNum\u00ebrimi i qytetar\u00ebve dhe votuesve n\u00eb ato ton\u00ebt dhe ato t\u00eb tijt\u00eb \u00ebsht\u00eb n\u00eb sh\u00ebrbimin e aktivitetet e zot\u00ebri Shkrelit n\u00eb p\u00ebrforcimin e p\u00ebr\u00e7arjeve n\u00eb Ulqin dhe n\u00eb Mal t\u00eb Zi.<br \/>\nPlani hap\u00ebsinor\u00eb i Malit t\u00eb Zi, Plani hap\u00ebsinor\u00eb me dedikim t\u00eb ve\u00e7ant\u00eb p\u00ebr t\u00eb Mirat detare, kthimi i pronave jan\u00eb probleme me t\u00eb cilat Shkrela nuk merret.<br \/>\nE sigurisht q\u00eb \u00ebsht\u00eb e v\u00ebshtir\u00eb q\u00eb t\u00eb merret me gjith\u00eb k\u00ebto tema ne m\u00ebnyr\u00eb adekuate n\u00eb parlamentin e Malit t\u00eb Zi sepse \u00ebsht\u00eb i shum\u00eb i z\u00ebr\u00eb me pun\u00eb n\u00eb funksionet e shumta: Deputet n\u00eb Parlamentin e Malit t\u00eb Zi, Shef i k\u00ebshillit komunal i DPS-it, K\u00ebshilltar\u00eb n\u00eb kuvendin e Komun\u00ebs, an\u00ebtar\u00eb n\u00eb k\u00ebshillin e gjyqit t\u00eb Malit t\u00eb Zi, por edhe an\u00ebtar\u00eb i k\u00ebshillave drejtuese n\u00eb shkollat ne Shtoj dhe ne Ulqin. E kur ja shtojm\u00eb edhe detyrat q\u00eb ka rreth funksionimit t\u00eb shumic\u00ebs n\u00eb Kuvendin Komunal ku ka obligime dhe marr\u00ebveshje.<br \/>\nSigurisht q\u00eb me gjith\u00eb k\u00ebto obligime \u00ebsht\u00eb v\u00ebshtir\u00eb t\u00eb kryhen gjitha pun\u00ebt n\u00eb m\u00ebnyr\u00eb profesionale dhe nj\u00ebkoh\u00ebsisht edhe t\u00eb informohet n\u00eb koh\u00eb. E p\u00ebr fat t\u00eb keq zot\u00ebri Shkrela gj\u00ebn\u00eb gjithmon\u00eb koh\u00eb q\u00eb t\u00eb dezinformojn\u00eb dhe me p\u00ebrbalt\u00eb kund\u00ebrshtar\u00ebt politik.<br \/>\nArsyeja kryesore e k\u00ebtyre akuzave \u00ebsht\u00eb q\u00eb Shkrela e din q\u00eb Forca \u00ebsht\u00eb opozita m\u00eb e fort\u00eb e k\u00ebtij koalicion n\u00eb Ulqin dhe q\u00eb \u00ebsht\u00eb aleati m\u00eb i mir\u00eb i qytetar\u00ebve t\u00eb Ulqinit, dhe q\u00eb haptas dhe publikisht flet p\u00ebr problemet e shumta q\u00eb vite me radh\u00eb grumbullohen dhe zgjidhen selektivisht.<br \/>\n<strong>Ulqin 20.04.2008<br \/>\nSh\u00ebrbimi Informativ i Forc\u00ebs<\/strong><\/p>\n","protected":false},"excerpt":{"rendered":"<p><img loading=\"lazy\" class=\"alignleft\" style=\"float: left;\" src=\"http:\/\/forcaere.org\/images\/stories\/NazifCunguKonf.JPG\" alt=\"Nazif Cungu\" width=\"140\" height=\"140\" \/><\/p>\n","protected":false},"author":1,"featured_media":0,"comment_status":"open","ping_status":"closed","sticky":false,"template":"","format":"standard","meta":{"spay_email":"","jetpack_publicize_message":"","jetpack_is_tweetstorm":false,"jetpack_publicize_feature_enabled":true},"categories":[6,12],"tags":[530,2864,729,118,2865],"jetpack_publicize_connections":[],"yoast_head":"<!-- This site is optimized with the Yoast SEO plugin v19.1 - https:\/\/yoast.com\/wordpress\/plugins\/seo\/ -->\n<title>Reagim ne konferenc\u00ebn p\u00ebr media t\u00eb shefit t\u00eb DPS-it t\u00eb Ulqinit - Lajme nga Ulqini<\/title>\n<meta name=\"robots\" content=\"index, follow, max-snippet:-1, max-image-preview:large, max-video-preview:-1\" \/>\n<link rel=\"canonical\" href=\"https:\/\/www.visit-ulcinj.com\/blog\/2008\/04\/29\/reagim-ne-konferencen-per-media-te-shefit-te-dps-it-te-ulqinit\/\" \/>\n<meta property=\"og:locale\" content=\"en_US\" \/>\n<meta property=\"og:type\" content=\"article\" \/>\n<meta property=\"og:title\" content=\"Reagim ne konferenc\u00ebn p\u00ebr media t\u00eb shefit t\u00eb DPS-it t\u00eb Ulqinit - Lajme nga Ulqini\" \/>\n<meta property=\"og:url\" content=\"https:\/\/www.visit-ulcinj.com\/blog\/2008\/04\/29\/reagim-ne-konferencen-per-media-te-shefit-te-dps-it-te-ulqinit\/\" \/>\n<meta property=\"og:site_name\" content=\"Lajme nga Ulqini\" \/>\n<meta property=\"article:published_time\" content=\"2008-04-29T09:34:45+00:00\" \/>\n<meta property=\"og:image\" content=\"http:\/\/forcaere.org\/images\/stories\/NazifCunguKonf.JPG\" \/>\n<meta name=\"twitter:label1\" content=\"Written by\" \/>\n\t<meta name=\"twitter:data1\" content=\"ulqini\" \/>\n\t<meta name=\"twitter:label2\" content=\"Est. reading time\" \/>\n\t<meta name=\"twitter:data2\" content=\"3 minutes\" \/>\n<script type=\"application\/ld+json\" class=\"yoast-schema-graph\">{\"@context\":\"https:\/\/schema.org\",\"@graph\":[{\"@type\":\"WebSite\",\"@id\":\"https:\/\/www.visit-ulcinj.com\/blog\/#website\",\"url\":\"https:\/\/www.visit-ulcinj.com\/blog\/\",\"name\":\"Lajme nga Ulqini\",\"description\":\"Lajme,Vijesti,Ulqini,Ulqin,Crna Gora,Mali i Zi\",\"potentialAction\":[{\"@type\":\"SearchAction\",\"target\":{\"@type\":\"EntryPoint\",\"urlTemplate\":\"https:\/\/www.visit-ulcinj.com\/blog\/?s={search_term_string}\"},\"query-input\":\"required name=search_term_string\"}],\"inLanguage\":\"en-US\"},{\"@type\":\"ImageObject\",\"inLanguage\":\"en-US\",\"@id\":\"https:\/\/www.visit-ulcinj.com\/blog\/2008\/04\/29\/reagim-ne-konferencen-per-media-te-shefit-te-dps-it-te-ulqinit\/#primaryimage\",\"url\":\"http:\/\/forcaere.org\/images\/stories\/NazifCunguKonf.JPG\",\"contentUrl\":\"http:\/\/forcaere.org\/images\/stories\/NazifCunguKonf.JPG\"},{\"@type\":\"WebPage\",\"@id\":\"https:\/\/www.visit-ulcinj.com\/blog\/2008\/04\/29\/reagim-ne-konferencen-per-media-te-shefit-te-dps-it-te-ulqinit\/#webpage\",\"url\":\"https:\/\/www.visit-ulcinj.com\/blog\/2008\/04\/29\/reagim-ne-konferencen-per-media-te-shefit-te-dps-it-te-ulqinit\/\",\"name\":\"Reagim ne konferenc\u00ebn p\u00ebr media t\u00eb shefit t\u00eb DPS-it t\u00eb Ulqinit - Lajme nga Ulqini\",\"isPartOf\":{\"@id\":\"https:\/\/www.visit-ulcinj.com\/blog\/#website\"},\"primaryImageOfPage\":{\"@id\":\"https:\/\/www.visit-ulcinj.com\/blog\/2008\/04\/29\/reagim-ne-konferencen-per-media-te-shefit-te-dps-it-te-ulqinit\/#primaryimage\"},\"datePublished\":\"2008-04-29T09:34:45+00:00\",\"dateModified\":\"2008-04-29T09:34:45+00:00\",\"author\":{\"@id\":\"https:\/\/www.visit-ulcinj.com\/blog\/#\/schema\/person\/dcab619c614d3038751c63bc2aadc06d\"},\"breadcrumb\":{\"@id\":\"https:\/\/www.visit-ulcinj.com\/blog\/2008\/04\/29\/reagim-ne-konferencen-per-media-te-shefit-te-dps-it-te-ulqinit\/#breadcrumb\"},\"inLanguage\":\"en-US\",\"potentialAction\":[{\"@type\":\"ReadAction\",\"target\":[\"https:\/\/www.visit-ulcinj.com\/blog\/2008\/04\/29\/reagim-ne-konferencen-per-media-te-shefit-te-dps-it-te-ulqinit\/\"]}]},{\"@type\":\"BreadcrumbList\",\"@id\":\"https:\/\/www.visit-ulcinj.com\/blog\/2008\/04\/29\/reagim-ne-konferencen-per-media-te-shefit-te-dps-it-te-ulqinit\/#breadcrumb\",\"itemListElement\":[{\"@type\":\"ListItem\",\"position\":1,\"name\":\"Reagim ne konferenc\u00ebn p\u00ebr media t\u00eb shefit t\u00eb DPS-it t\u00eb Ulqinit\"}]},{\"@type\":\"Person\",\"@id\":\"https:\/\/www.visit-ulcinj.com\/blog\/#\/schema\/person\/dcab619c614d3038751c63bc2aadc06d\",\"name\":\"ulqini\",\"sameAs\":[\"http:\/\/www.visit-ulcinj.com\"],\"url\":\"https:\/\/www.visit-ulcinj.com\/blog\/author\/admin\/\"}]}<\/script>\n<!-- \/ Yoast SEO plugin. -->","yoast_head_json":{"title":"Reagim ne konferenc\u00ebn p\u00ebr media t\u00eb shefit t\u00eb DPS-it t\u00eb Ulqinit - Lajme nga Ulqini","robots":{"index":"index","follow":"follow","max-snippet":"max-snippet:-1","max-image-preview":"max-image-preview:large","max-video-preview":"max-video-preview:-1"},"canonical":"https:\/\/www.visit-ulcinj.com\/blog\/2008\/04\/29\/reagim-ne-konferencen-per-media-te-shefit-te-dps-it-te-ulqinit\/","og_locale":"en_US","og_type":"article","og_title":"Reagim ne konferenc\u00ebn p\u00ebr media t\u00eb shefit t\u00eb DPS-it t\u00eb Ulqinit - Lajme nga Ulqini","og_url":"https:\/\/www.visit-ulcinj.com\/blog\/2008\/04\/29\/reagim-ne-konferencen-per-media-te-shefit-te-dps-it-te-ulqinit\/","og_site_name":"Lajme nga Ulqini","article_published_time":"2008-04-29T09:34:45+00:00","og_image":[{"url":"http:\/\/forcaere.org\/images\/stories\/NazifCunguKonf.JPG"}],"twitter_misc":{"Written by":"ulqini","Est. reading time":"3 minutes"},"schema":{"@context":"https:\/\/schema.org","@graph":[{"@type":"WebSite","@id":"https:\/\/www.visit-ulcinj.com\/blog\/#website","url":"https:\/\/www.visit-ulcinj.com\/blog\/","name":"Lajme nga Ulqini","description":"Lajme,Vijesti,Ulqini,Ulqin,Crna Gora,Mali i Zi","potentialAction":[{"@type":"SearchAction","target":{"@type":"EntryPoint","urlTemplate":"https:\/\/www.visit-ulcinj.com\/blog\/?s={search_term_string}"},"query-input":"required name=search_term_string"}],"inLanguage":"en-US"},{"@type":"ImageObject","inLanguage":"en-US","@id":"https:\/\/www.visit-ulcinj.com\/blog\/2008\/04\/29\/reagim-ne-konferencen-per-media-te-shefit-te-dps-it-te-ulqinit\/#primaryimage","url":"http:\/\/forcaere.org\/images\/stories\/NazifCunguKonf.JPG","contentUrl":"http:\/\/forcaere.org\/images\/stories\/NazifCunguKonf.JPG"},{"@type":"WebPage","@id":"https:\/\/www.visit-ulcinj.com\/blog\/2008\/04\/29\/reagim-ne-konferencen-per-media-te-shefit-te-dps-it-te-ulqinit\/#webpage","url":"https:\/\/www.visit-ulcinj.com\/blog\/2008\/04\/29\/reagim-ne-konferencen-per-media-te-shefit-te-dps-it-te-ulqinit\/","name":"Reagim ne konferenc\u00ebn p\u00ebr media t\u00eb shefit t\u00eb DPS-it t\u00eb Ulqinit - Lajme nga Ulqini","isPartOf":{"@id":"https:\/\/www.visit-ulcinj.com\/blog\/#website"},"primaryImageOfPage":{"@id":"https:\/\/www.visit-ulcinj.com\/blog\/2008\/04\/29\/reagim-ne-konferencen-per-media-te-shefit-te-dps-it-te-ulqinit\/#primaryimage"},"datePublished":"2008-04-29T09:34:45+00:00","dateModified":"2008-04-29T09:34:45+00:00","author":{"@id":"https:\/\/www.visit-ulcinj.com\/blog\/#\/schema\/person\/dcab619c614d3038751c63bc2aadc06d"},"breadcrumb":{"@id":"https:\/\/www.visit-ulcinj.com\/blog\/2008\/04\/29\/reagim-ne-konferencen-per-media-te-shefit-te-dps-it-te-ulqinit\/#breadcrumb"},"inLanguage":"en-US","potentialAction":[{"@type":"ReadAction","target":["https:\/\/www.visit-ulcinj.com\/blog\/2008\/04\/29\/reagim-ne-konferencen-per-media-te-shefit-te-dps-it-te-ulqinit\/"]}]},{"@type":"BreadcrumbList","@id":"https:\/\/www.visit-ulcinj.com\/blog\/2008\/04\/29\/reagim-ne-konferencen-per-media-te-shefit-te-dps-it-te-ulqinit\/#breadcrumb","itemListElement":[{"@type":"ListItem","position":1,"name":"Reagim ne konferenc\u00ebn p\u00ebr media t\u00eb shefit t\u00eb DPS-it t\u00eb Ulqinit"}]},{"@type":"Person","@id":"https:\/\/www.visit-ulcinj.com\/blog\/#\/schema\/person\/dcab619c614d3038751c63bc2aadc06d","name":"ulqini","sameAs":["http:\/\/www.visit-ulcinj.com"],"url":"https:\/\/www.visit-ulcinj.com\/blog\/author\/admin\/"}]}},"jetpack_featured_media_url":"","jetpack_sharing_enabled":true,"jetpack_shortlink":"https:\/\/wp.me\/pe6lTn-nl","_links":{"self":[{"href":"https:\/\/www.visit-ulcinj.com\/blog\/wp-json\/wp\/v2\/posts\/1447"}],"collection":[{"href":"https:\/\/www.visit-ulcinj.com\/blog\/wp-json\/wp\/v2\/posts"}],"about":[{"href":"https:\/\/www.visit-ulcinj.com\/blog\/wp-json\/wp\/v2\/types\/post"}],"author":[{"embeddable":true,"href":"https:\/\/www.visit-ulcinj.com\/blog\/wp-json\/wp\/v2\/users\/1"}],"replies":[{"embeddable":true,"href":"https:\/\/www.visit-ulcinj.com\/blog\/wp-json\/wp\/v2\/comments?post=1447"}],"version-history":[{"count":0,"href":"https:\/\/www.visit-ulcinj.com\/blog\/wp-json\/wp\/v2\/posts\/1447\/revisions"}],"wp:attachment":[{"href":"https:\/\/www.visit-ulcinj.com\/blog\/wp-json\/wp\/v2\/media?parent=1447"}],"wp:term":[{"taxonomy":"category","embeddable":true,"href":"https:\/\/www.visit-ulcinj.com\/blog\/wp-json\/wp\/v2\/categories?post=1447"},{"taxonomy":"post_tag","embeddable":true,"href":"https:\/\/www.visit-ulcinj.com\/blog\/wp-json\/wp\/v2\/tags?post=1447"}],"curies":[{"name":"wp","href":"https:\/\/api.w.org\/{rel}","templated":true}]}}