{"id":14476,"date":"2009-03-17T16:52:22","date_gmt":"2009-03-17T15:52:22","guid":{"rendered":"http:\/\/www.visit-ulcinj.com\/blog\/?p=14476"},"modified":"2009-03-17T16:52:22","modified_gmt":"2009-03-17T15:52:22","slug":"adela-arjoni-po-e-perballon-shume-mire","status":"publish","type":"post","link":"https:\/\/www.visit-ulcinj.com\/blog\/2009\/03\/17\/adela-arjoni-po-e-perballon-shume-mire\/","title":{"rendered":"Adela : Arjoni po e p\u00ebrballon shum\u00eb mir\u00eb"},"content":{"rendered":"<p><em><span class=\"newsdate\"><a href=\"http:\/\/www.visit-ulcinj.com\/blog\/wp-content\/uploads\/2009\/03\/adela-per-arjonin.jpg\"><img loading=\"lazy\" class=\"alignleft size-full wp-image-14481\" title=\"adela-per-arjonin-big-brother-albania-2\" src=\"http:\/\/www.visit-ulcinj.com\/blog\/wp-content\/uploads\/2009\/03\/adela-per-arjonin.jpg\" alt=\"adela-per-arjonin-big-brother-albania-2\" width=\"300\" height=\"205\" \/><\/a>16\/03\/09 00:30<\/span><\/em><\/p>\n<p>Adelajda, Mimoza, Aida, Lirita dhe Mesida, kan\u00eb debatuar n\u00eb lidhje me Arjonin. Gjithcka ka nisur nga Mimoza q\u00eb ka th\u00ebn\u00eb se Arjoni ishte shum\u00eb i m\u00ebrzitur dhe ndihej shum\u00eb keq. T\u00eb t\u00eb nj\u00ebjtit mendim kan\u00eb qen\u00eb edhe Aida me Lirit\u00ebn. P\u00ebrball\u00eb tyre \u00ebsht\u00eb v\u00ebn\u00eb Adelajda, sipas t\u00eb cil\u00eb, Arjoni nuk ishte aspak keq. Mund t\u00eb ishte e v\u00ebrtet\u00eb q\u00eb\u00a0ishte m\u00ebrzitur, por pak dhe jo shum\u00eb si pretendonin vajzat e tjera. Madje, sipas saj, ai po e p\u00ebrballonte shum\u00eb mir\u00eb situat\u00ebn, pasi n\u00eb vendin e tij ajo apo dikush tjet\u00ebr, mund t\u00eb kishte qen\u00eb shum\u00eb m\u00eb keq. Mimoza, Aida dhe Lirita jan\u00eb pozicionuar hapur kund\u00ebr Arjonit dhe sjelljeve e m\u00ebnyrave t\u00eb tij, t\u00eb ndikuara edhe nga nj\u00eb episod i kaluar konflikti t\u00eb tij me Lirit\u00ebn. Por,sipas Adelajdes, n\u00eb at\u00eb veprim, ai ka qen\u00eb i ndikuar prej Zhuljet\u00ebs. Ajo shtoi se dy gabimet e vetme t\u00eb Arjonit kishin qen\u00eb sjellja me Lirit\u00ebn dhe q\u00ebndrimi me Zhuljet\u00eb. P\u00ebr cdo gj\u00eb tjet\u00ebr, cil\u00ebsi, sjellje apo veprim t\u00eb tij, ai kishte fituar respektin e saj. E vetmja q\u00eb ka qen\u00eb dakord me Adel\u00ebn ka qen\u00eb Mesida.<\/p>\n","protected":false},"excerpt":{"rendered":"<p>16\/03\/09 00:30 Adelajda, Mimoza, Aida, Lirita dhe Mesida, kan\u00eb debatuar n\u00eb lidhje me Arjonin. Gjithcka ka nisur nga Mimoza q\u00eb ka th\u00ebn\u00eb se Arjoni ishte shum\u00eb i m\u00ebrzitur dhe ndihej shum\u00eb keq. T\u00eb t\u00eb nj\u00ebjtit mendim kan\u00eb qen\u00eb edhe Aida me Lirit\u00ebn. P\u00ebrball\u00eb tyre \u00ebsht\u00eb v\u00ebn\u00eb Adelajda, sipas t\u00eb cil\u00eb, Arjoni nuk ishte aspak keq. [&hellip;]<\/p>\n","protected":false},"author":1,"featured_media":0,"comment_status":"open","ping_status":"closed","sticky":false,"template":"","format":"standard","meta":{"spay_email":"","jetpack_publicize_message":"","jetpack_is_tweetstorm":false,"jetpack_publicize_feature_enabled":true},"categories":[6502],"tags":[6529,6537,6525,6883,6516,6712,6542,6544,6891],"jetpack_publicize_connections":[],"yoast_head":"<!-- This site is optimized with the Yoast SEO plugin v19.1 - https:\/\/yoast.com\/wordpress\/plugins\/seo\/ -->\n<title>Adela : Arjoni po e p\u00c3\u00abrballon shum\u00c3\u00ab mir\u00c3\u00ab | Big Brother Albania 2<\/title>\n<meta name=\"description\" content=\"Big Brother Albania 2 - Adelajda, Mimoza, Aida, Lirita dhe Mesida, kan\u00c3\u00ab debatuar n\u00c3\u00ab lidhje me Arjonin\" \/>\n<meta name=\"robots\" content=\"index, follow, max-snippet:-1, max-image-preview:large, max-video-preview:-1\" \/>\n<link rel=\"canonical\" href=\"https:\/\/www.visit-ulcinj.com\/blog\/2009\/03\/17\/adela-arjoni-po-e-perballon-shume-mire\/\" \/>\n<meta property=\"og:locale\" content=\"en_US\" \/>\n<meta property=\"og:type\" content=\"article\" \/>\n<meta property=\"og:title\" content=\"Adela : Arjoni po e p\u00c3\u00abrballon shum\u00c3\u00ab mir\u00c3\u00ab | Big Brother Albania 2\" \/>\n<meta property=\"og:description\" content=\"Big Brother Albania 2 - Adelajda, Mimoza, Aida, Lirita dhe Mesida, kan\u00c3\u00ab debatuar n\u00c3\u00ab lidhje me Arjonin\" \/>\n<meta property=\"og:url\" content=\"https:\/\/www.visit-ulcinj.com\/blog\/2009\/03\/17\/adela-arjoni-po-e-perballon-shume-mire\/\" \/>\n<meta property=\"og:site_name\" content=\"Lajme nga Ulqini\" \/>\n<meta property=\"article:published_time\" content=\"2009-03-17T15:52:22+00:00\" \/>\n<meta property=\"og:image\" content=\"http:\/\/www.visit-ulcinj.com\/blog\/wp-content\/uploads\/2009\/03\/adela-per-arjonin.jpg\" \/>\n<meta name=\"twitter:label1\" content=\"Written by\" \/>\n\t<meta name=\"twitter:data1\" content=\"ulqini\" \/>\n\t<meta name=\"twitter:label2\" content=\"Est. reading time\" \/>\n\t<meta name=\"twitter:data2\" content=\"1 minute\" \/>\n<script type=\"application\/ld+json\" class=\"yoast-schema-graph\">{\"@context\":\"https:\/\/schema.org\",\"@graph\":[{\"@type\":\"WebSite\",\"@id\":\"https:\/\/www.visit-ulcinj.com\/blog\/#website\",\"url\":\"https:\/\/www.visit-ulcinj.com\/blog\/\",\"name\":\"Lajme nga Ulqini\",\"description\":\"Lajme,Vijesti,Ulqini,Ulqin,Crna Gora,Mali i Zi\",\"potentialAction\":[{\"@type\":\"SearchAction\",\"target\":{\"@type\":\"EntryPoint\",\"urlTemplate\":\"https:\/\/www.visit-ulcinj.com\/blog\/?s={search_term_string}\"},\"query-input\":\"required name=search_term_string\"}],\"inLanguage\":\"en-US\"},{\"@type\":\"ImageObject\",\"inLanguage\":\"en-US\",\"@id\":\"https:\/\/www.visit-ulcinj.com\/blog\/2009\/03\/17\/adela-arjoni-po-e-perballon-shume-mire\/#primaryimage\",\"url\":\"http:\/\/www.visit-ulcinj.com\/blog\/wp-content\/uploads\/2009\/03\/adela-per-arjonin.jpg\",\"contentUrl\":\"http:\/\/www.visit-ulcinj.com\/blog\/wp-content\/uploads\/2009\/03\/adela-per-arjonin.jpg\"},{\"@type\":\"WebPage\",\"@id\":\"https:\/\/www.visit-ulcinj.com\/blog\/2009\/03\/17\/adela-arjoni-po-e-perballon-shume-mire\/#webpage\",\"url\":\"https:\/\/www.visit-ulcinj.com\/blog\/2009\/03\/17\/adela-arjoni-po-e-perballon-shume-mire\/\",\"name\":\"Adela : Arjoni po e p\u00c3\u00abrballon shum\u00c3\u00ab mir\u00c3\u00ab | Big Brother Albania 2\",\"isPartOf\":{\"@id\":\"https:\/\/www.visit-ulcinj.com\/blog\/#website\"},\"primaryImageOfPage\":{\"@id\":\"https:\/\/www.visit-ulcinj.com\/blog\/2009\/03\/17\/adela-arjoni-po-e-perballon-shume-mire\/#primaryimage\"},\"datePublished\":\"2009-03-17T15:52:22+00:00\",\"dateModified\":\"2009-03-17T15:52:22+00:00\",\"author\":{\"@id\":\"https:\/\/www.visit-ulcinj.com\/blog\/#\/schema\/person\/dcab619c614d3038751c63bc2aadc06d\"},\"description\":\"Big Brother Albania 2 - Adelajda, Mimoza, Aida, Lirita dhe Mesida, kan\u00c3\u00ab debatuar n\u00c3\u00ab lidhje me Arjonin\",\"breadcrumb\":{\"@id\":\"https:\/\/www.visit-ulcinj.com\/blog\/2009\/03\/17\/adela-arjoni-po-e-perballon-shume-mire\/#breadcrumb\"},\"inLanguage\":\"en-US\",\"potentialAction\":[{\"@type\":\"ReadAction\",\"target\":[\"https:\/\/www.visit-ulcinj.com\/blog\/2009\/03\/17\/adela-arjoni-po-e-perballon-shume-mire\/\"]}]},{\"@type\":\"BreadcrumbList\",\"@id\":\"https:\/\/www.visit-ulcinj.com\/blog\/2009\/03\/17\/adela-arjoni-po-e-perballon-shume-mire\/#breadcrumb\",\"itemListElement\":[{\"@type\":\"ListItem\",\"position\":1,\"name\":\"Adela : Arjoni po e p\u00ebrballon shum\u00eb mir\u00eb\"}]},{\"@type\":\"Person\",\"@id\":\"https:\/\/www.visit-ulcinj.com\/blog\/#\/schema\/person\/dcab619c614d3038751c63bc2aadc06d\",\"name\":\"ulqini\",\"sameAs\":[\"http:\/\/www.visit-ulcinj.com\"],\"url\":\"https:\/\/www.visit-ulcinj.com\/blog\/author\/admin\/\"}]}<\/script>\n<!-- \/ Yoast SEO plugin. -->","yoast_head_json":{"title":"Adela : Arjoni po e p\u00c3\u00abrballon shum\u00c3\u00ab mir\u00c3\u00ab | Big Brother Albania 2","description":"Big Brother Albania 2 - Adelajda, Mimoza, Aida, Lirita dhe Mesida, kan\u00c3\u00ab debatuar n\u00c3\u00ab lidhje me Arjonin","robots":{"index":"index","follow":"follow","max-snippet":"max-snippet:-1","max-image-preview":"max-image-preview:large","max-video-preview":"max-video-preview:-1"},"canonical":"https:\/\/www.visit-ulcinj.com\/blog\/2009\/03\/17\/adela-arjoni-po-e-perballon-shume-mire\/","og_locale":"en_US","og_type":"article","og_title":"Adela : Arjoni po e p\u00c3\u00abrballon shum\u00c3\u00ab mir\u00c3\u00ab | Big Brother Albania 2","og_description":"Big Brother Albania 2 - Adelajda, Mimoza, Aida, Lirita dhe Mesida, kan\u00c3\u00ab debatuar n\u00c3\u00ab lidhje me Arjonin","og_url":"https:\/\/www.visit-ulcinj.com\/blog\/2009\/03\/17\/adela-arjoni-po-e-perballon-shume-mire\/","og_site_name":"Lajme nga Ulqini","article_published_time":"2009-03-17T15:52:22+00:00","og_image":[{"url":"http:\/\/www.visit-ulcinj.com\/blog\/wp-content\/uploads\/2009\/03\/adela-per-arjonin.jpg"}],"twitter_misc":{"Written by":"ulqini","Est. reading time":"1 minute"},"schema":{"@context":"https:\/\/schema.org","@graph":[{"@type":"WebSite","@id":"https:\/\/www.visit-ulcinj.com\/blog\/#website","url":"https:\/\/www.visit-ulcinj.com\/blog\/","name":"Lajme nga Ulqini","description":"Lajme,Vijesti,Ulqini,Ulqin,Crna Gora,Mali i Zi","potentialAction":[{"@type":"SearchAction","target":{"@type":"EntryPoint","urlTemplate":"https:\/\/www.visit-ulcinj.com\/blog\/?s={search_term_string}"},"query-input":"required name=search_term_string"}],"inLanguage":"en-US"},{"@type":"ImageObject","inLanguage":"en-US","@id":"https:\/\/www.visit-ulcinj.com\/blog\/2009\/03\/17\/adela-arjoni-po-e-perballon-shume-mire\/#primaryimage","url":"http:\/\/www.visit-ulcinj.com\/blog\/wp-content\/uploads\/2009\/03\/adela-per-arjonin.jpg","contentUrl":"http:\/\/www.visit-ulcinj.com\/blog\/wp-content\/uploads\/2009\/03\/adela-per-arjonin.jpg"},{"@type":"WebPage","@id":"https:\/\/www.visit-ulcinj.com\/blog\/2009\/03\/17\/adela-arjoni-po-e-perballon-shume-mire\/#webpage","url":"https:\/\/www.visit-ulcinj.com\/blog\/2009\/03\/17\/adela-arjoni-po-e-perballon-shume-mire\/","name":"Adela : Arjoni po e p\u00c3\u00abrballon shum\u00c3\u00ab mir\u00c3\u00ab | Big Brother Albania 2","isPartOf":{"@id":"https:\/\/www.visit-ulcinj.com\/blog\/#website"},"primaryImageOfPage":{"@id":"https:\/\/www.visit-ulcinj.com\/blog\/2009\/03\/17\/adela-arjoni-po-e-perballon-shume-mire\/#primaryimage"},"datePublished":"2009-03-17T15:52:22+00:00","dateModified":"2009-03-17T15:52:22+00:00","author":{"@id":"https:\/\/www.visit-ulcinj.com\/blog\/#\/schema\/person\/dcab619c614d3038751c63bc2aadc06d"},"description":"Big Brother Albania 2 - Adelajda, Mimoza, Aida, Lirita dhe Mesida, kan\u00c3\u00ab debatuar n\u00c3\u00ab lidhje me Arjonin","breadcrumb":{"@id":"https:\/\/www.visit-ulcinj.com\/blog\/2009\/03\/17\/adela-arjoni-po-e-perballon-shume-mire\/#breadcrumb"},"inLanguage":"en-US","potentialAction":[{"@type":"ReadAction","target":["https:\/\/www.visit-ulcinj.com\/blog\/2009\/03\/17\/adela-arjoni-po-e-perballon-shume-mire\/"]}]},{"@type":"BreadcrumbList","@id":"https:\/\/www.visit-ulcinj.com\/blog\/2009\/03\/17\/adela-arjoni-po-e-perballon-shume-mire\/#breadcrumb","itemListElement":[{"@type":"ListItem","position":1,"name":"Adela : Arjoni po e p\u00ebrballon shum\u00eb mir\u00eb"}]},{"@type":"Person","@id":"https:\/\/www.visit-ulcinj.com\/blog\/#\/schema\/person\/dcab619c614d3038751c63bc2aadc06d","name":"ulqini","sameAs":["http:\/\/www.visit-ulcinj.com"],"url":"https:\/\/www.visit-ulcinj.com\/blog\/author\/admin\/"}]}},"jetpack_featured_media_url":"","jetpack_sharing_enabled":true,"jetpack_shortlink":"https:\/\/wp.me\/pe6lTn-3Lu","_links":{"self":[{"href":"https:\/\/www.visit-ulcinj.com\/blog\/wp-json\/wp\/v2\/posts\/14476"}],"collection":[{"href":"https:\/\/www.visit-ulcinj.com\/blog\/wp-json\/wp\/v2\/posts"}],"about":[{"href":"https:\/\/www.visit-ulcinj.com\/blog\/wp-json\/wp\/v2\/types\/post"}],"author":[{"embeddable":true,"href":"https:\/\/www.visit-ulcinj.com\/blog\/wp-json\/wp\/v2\/users\/1"}],"replies":[{"embeddable":true,"href":"https:\/\/www.visit-ulcinj.com\/blog\/wp-json\/wp\/v2\/comments?post=14476"}],"version-history":[{"count":0,"href":"https:\/\/www.visit-ulcinj.com\/blog\/wp-json\/wp\/v2\/posts\/14476\/revisions"}],"wp:attachment":[{"href":"https:\/\/www.visit-ulcinj.com\/blog\/wp-json\/wp\/v2\/media?parent=14476"}],"wp:term":[{"taxonomy":"category","embeddable":true,"href":"https:\/\/www.visit-ulcinj.com\/blog\/wp-json\/wp\/v2\/categories?post=14476"},{"taxonomy":"post_tag","embeddable":true,"href":"https:\/\/www.visit-ulcinj.com\/blog\/wp-json\/wp\/v2\/tags?post=14476"}],"curies":[{"name":"wp","href":"https:\/\/api.w.org\/{rel}","templated":true}]}}