{"id":14487,"date":"2009-03-17T17:50:32","date_gmt":"2009-03-17T16:50:32","guid":{"rendered":"http:\/\/www.visit-ulcinj.com\/blog\/?p=14487"},"modified":"2009-03-17T17:04:20","modified_gmt":"2009-03-17T16:04:20","slug":"bjordi-dhe-adela-shkojne-shume","status":"publish","type":"post","link":"https:\/\/www.visit-ulcinj.com\/blog\/2009\/03\/17\/bjordi-dhe-adela-shkojne-shume\/","title":{"rendered":"Bjordi dhe Adela shkojn\u00eb shum\u00eb"},"content":{"rendered":"<p><em><span class=\"newsdate\"><a href=\"http:\/\/www.visit-ulcinj.com\/blog\/wp-content\/uploads\/2009\/03\/mozabjordiadela-copy1.jpg\"><img loading=\"lazy\" class=\"alignleft size-full wp-image-14488\" title=\"mozabjordiadela-big-brother-albania-2\" src=\"http:\/\/www.visit-ulcinj.com\/blog\/wp-content\/uploads\/2009\/03\/mozabjordiadela-copy1.jpg\" alt=\"mozabjordiadela-big-brother-albania-2\" width=\"300\" height=\"205\" \/><\/a>16\/03\/09 01:15<\/span><\/em><\/p>\n<p>\u201cPo iki pak te zysha ime!\u201d- ka th\u00ebn\u00eb Bjordi dhe Arjoni ka marr\u00eb shkas p\u00ebr t\u2019i komentuar. Sipas tij, ata ishin nj\u00eb cift i bukur. Ai vazhdoi duke th\u00ebn\u00eb se edhe pse Bjordi, n\u00eb fillim, pati disa shk\u00ebndija me Mimoz\u00ebn, ai m\u00eb shum\u00eb shkon me Adelajden. Adi ka th\u00ebn\u00eb se ata t\u00eb dy v\u00ebrtet mund t\u00eb shkojn\u00eb fizikisht si cift, por Adelajda \u00ebsht\u00eb shum\u00eb e ndrydhur. T\u00eb nj\u00ebjt\u00ebn gj\u00eb ka th\u00ebn\u00eb edhe Dritani. Sipas Arjonit, ajo k\u00ebt\u00eb ndrydhje nuk e ka nga vetja, por jan\u00eb t\u00eb tjer\u00ebt q\u00eb e detyrojn\u00eb t\u00eb jet\u00eb k\u00ebshtu. Ai vazhdoi duke th\u00ebn\u00eb se at\u00eb e frenon frika se cfar\u00eb mund t\u00eb transmetoj\u00eb tek tjer\u00ebt. Nd\u00ebrsa sipas Adit, n\u00ebse do t\u00eb donin t\u00eb b\u00ebheshin m\u00eb t\u00eb famsh\u00ebm, ata duhet t\u00eb ishin m\u00eb t\u00eb hapur.<\/p>\n","protected":false},"excerpt":{"rendered":"<p>16\/03\/09 01:15 \u201cPo iki pak te zysha ime!\u201d- ka th\u00ebn\u00eb Bjordi dhe Arjoni ka marr\u00eb shkas p\u00ebr t\u2019i komentuar. Sipas tij, ata ishin nj\u00eb cift i bukur. Ai vazhdoi duke th\u00ebn\u00eb se edhe pse Bjordi, n\u00eb fillim, pati disa shk\u00ebndija me Mimoz\u00ebn, ai m\u00eb shum\u00eb shkon me Adelajden. Adi ka th\u00ebn\u00eb se ata t\u00eb dy [&hellip;]<\/p>\n","protected":false},"author":1,"featured_media":0,"comment_status":"open","ping_status":"closed","sticky":false,"template":"","format":"standard","meta":{"spay_email":"","jetpack_publicize_message":"","jetpack_is_tweetstorm":false,"jetpack_publicize_feature_enabled":true},"categories":[6502],"tags":[6529,6883,6516,6712,6522,6891,6693],"jetpack_publicize_connections":[],"yoast_head":"<!-- This site is optimized with the Yoast SEO plugin v19.1 - https:\/\/yoast.com\/wordpress\/plugins\/seo\/ -->\n<title>Bjordi dhe Adela shkojn\u00c3\u00ab shum\u00c3\u00ab | Big Brother Albania 2<\/title>\n<meta name=\"description\" content=\"Big Brother Albania 2 - \u00e2\u20ac\u0153Po iki pak te zysha ime!\u00e2\u20ac\u009d- ka th\u00c3\u00abn\u00c3\u00ab Bjordi dhe Arjoni ka marr\u00c3\u00ab shkas p\u00c3\u00abr t\u00e2\u20ac\u2122i komentuar\" \/>\n<meta name=\"robots\" content=\"index, follow, max-snippet:-1, max-image-preview:large, max-video-preview:-1\" \/>\n<link rel=\"canonical\" href=\"https:\/\/www.visit-ulcinj.com\/blog\/2009\/03\/17\/bjordi-dhe-adela-shkojne-shume\/\" \/>\n<meta property=\"og:locale\" content=\"en_US\" \/>\n<meta property=\"og:type\" content=\"article\" \/>\n<meta property=\"og:title\" content=\"Bjordi dhe Adela shkojn\u00c3\u00ab shum\u00c3\u00ab | Big Brother Albania 2\" \/>\n<meta property=\"og:description\" content=\"Big Brother Albania 2 - \u00e2\u20ac\u0153Po iki pak te zysha ime!\u00e2\u20ac\u009d- ka th\u00c3\u00abn\u00c3\u00ab Bjordi dhe Arjoni ka marr\u00c3\u00ab shkas p\u00c3\u00abr t\u00e2\u20ac\u2122i komentuar\" \/>\n<meta property=\"og:url\" content=\"https:\/\/www.visit-ulcinj.com\/blog\/2009\/03\/17\/bjordi-dhe-adela-shkojne-shume\/\" \/>\n<meta property=\"og:site_name\" content=\"Lajme nga Ulqini\" \/>\n<meta property=\"article:published_time\" content=\"2009-03-17T16:50:32+00:00\" \/>\n<meta property=\"article:modified_time\" content=\"2009-03-17T16:04:20+00:00\" \/>\n<meta property=\"og:image\" content=\"http:\/\/www.visit-ulcinj.com\/blog\/wp-content\/uploads\/2009\/03\/mozabjordiadela-copy1.jpg\" \/>\n<meta name=\"twitter:label1\" content=\"Written by\" \/>\n\t<meta name=\"twitter:data1\" content=\"ulqini\" \/>\n\t<meta name=\"twitter:label2\" content=\"Est. reading time\" \/>\n\t<meta name=\"twitter:data2\" content=\"1 minute\" \/>\n<script type=\"application\/ld+json\" class=\"yoast-schema-graph\">{\"@context\":\"https:\/\/schema.org\",\"@graph\":[{\"@type\":\"WebSite\",\"@id\":\"https:\/\/www.visit-ulcinj.com\/blog\/#website\",\"url\":\"https:\/\/www.visit-ulcinj.com\/blog\/\",\"name\":\"Lajme nga Ulqini\",\"description\":\"Lajme,Vijesti,Ulqini,Ulqin,Crna Gora,Mali i Zi\",\"potentialAction\":[{\"@type\":\"SearchAction\",\"target\":{\"@type\":\"EntryPoint\",\"urlTemplate\":\"https:\/\/www.visit-ulcinj.com\/blog\/?s={search_term_string}\"},\"query-input\":\"required name=search_term_string\"}],\"inLanguage\":\"en-US\"},{\"@type\":\"ImageObject\",\"inLanguage\":\"en-US\",\"@id\":\"https:\/\/www.visit-ulcinj.com\/blog\/2009\/03\/17\/bjordi-dhe-adela-shkojne-shume\/#primaryimage\",\"url\":\"http:\/\/www.visit-ulcinj.com\/blog\/wp-content\/uploads\/2009\/03\/mozabjordiadela-copy1.jpg\",\"contentUrl\":\"http:\/\/www.visit-ulcinj.com\/blog\/wp-content\/uploads\/2009\/03\/mozabjordiadela-copy1.jpg\"},{\"@type\":\"WebPage\",\"@id\":\"https:\/\/www.visit-ulcinj.com\/blog\/2009\/03\/17\/bjordi-dhe-adela-shkojne-shume\/#webpage\",\"url\":\"https:\/\/www.visit-ulcinj.com\/blog\/2009\/03\/17\/bjordi-dhe-adela-shkojne-shume\/\",\"name\":\"Bjordi dhe Adela shkojn\u00c3\u00ab shum\u00c3\u00ab | Big Brother Albania 2\",\"isPartOf\":{\"@id\":\"https:\/\/www.visit-ulcinj.com\/blog\/#website\"},\"primaryImageOfPage\":{\"@id\":\"https:\/\/www.visit-ulcinj.com\/blog\/2009\/03\/17\/bjordi-dhe-adela-shkojne-shume\/#primaryimage\"},\"datePublished\":\"2009-03-17T16:50:32+00:00\",\"dateModified\":\"2009-03-17T16:04:20+00:00\",\"author\":{\"@id\":\"https:\/\/www.visit-ulcinj.com\/blog\/#\/schema\/person\/dcab619c614d3038751c63bc2aadc06d\"},\"description\":\"Big Brother Albania 2 - \u00e2\u20ac\u0153Po iki pak te zysha ime!\u00e2\u20ac\u009d- ka th\u00c3\u00abn\u00c3\u00ab Bjordi dhe Arjoni ka marr\u00c3\u00ab shkas p\u00c3\u00abr t\u00e2\u20ac\u2122i komentuar\",\"breadcrumb\":{\"@id\":\"https:\/\/www.visit-ulcinj.com\/blog\/2009\/03\/17\/bjordi-dhe-adela-shkojne-shume\/#breadcrumb\"},\"inLanguage\":\"en-US\",\"potentialAction\":[{\"@type\":\"ReadAction\",\"target\":[\"https:\/\/www.visit-ulcinj.com\/blog\/2009\/03\/17\/bjordi-dhe-adela-shkojne-shume\/\"]}]},{\"@type\":\"BreadcrumbList\",\"@id\":\"https:\/\/www.visit-ulcinj.com\/blog\/2009\/03\/17\/bjordi-dhe-adela-shkojne-shume\/#breadcrumb\",\"itemListElement\":[{\"@type\":\"ListItem\",\"position\":1,\"name\":\"Bjordi dhe Adela shkojn\u00eb shum\u00eb\"}]},{\"@type\":\"Person\",\"@id\":\"https:\/\/www.visit-ulcinj.com\/blog\/#\/schema\/person\/dcab619c614d3038751c63bc2aadc06d\",\"name\":\"ulqini\",\"sameAs\":[\"http:\/\/www.visit-ulcinj.com\"],\"url\":\"https:\/\/www.visit-ulcinj.com\/blog\/author\/admin\/\"}]}<\/script>\n<!-- \/ Yoast SEO plugin. -->","yoast_head_json":{"title":"Bjordi dhe Adela shkojn\u00c3\u00ab shum\u00c3\u00ab | Big Brother Albania 2","description":"Big Brother Albania 2 - \u00e2\u20ac\u0153Po iki pak te zysha ime!\u00e2\u20ac\u009d- ka th\u00c3\u00abn\u00c3\u00ab Bjordi dhe Arjoni ka marr\u00c3\u00ab shkas p\u00c3\u00abr t\u00e2\u20ac\u2122i komentuar","robots":{"index":"index","follow":"follow","max-snippet":"max-snippet:-1","max-image-preview":"max-image-preview:large","max-video-preview":"max-video-preview:-1"},"canonical":"https:\/\/www.visit-ulcinj.com\/blog\/2009\/03\/17\/bjordi-dhe-adela-shkojne-shume\/","og_locale":"en_US","og_type":"article","og_title":"Bjordi dhe Adela shkojn\u00c3\u00ab shum\u00c3\u00ab | Big Brother Albania 2","og_description":"Big Brother Albania 2 - \u00e2\u20ac\u0153Po iki pak te zysha ime!\u00e2\u20ac\u009d- ka th\u00c3\u00abn\u00c3\u00ab Bjordi dhe Arjoni ka marr\u00c3\u00ab shkas p\u00c3\u00abr t\u00e2\u20ac\u2122i komentuar","og_url":"https:\/\/www.visit-ulcinj.com\/blog\/2009\/03\/17\/bjordi-dhe-adela-shkojne-shume\/","og_site_name":"Lajme nga Ulqini","article_published_time":"2009-03-17T16:50:32+00:00","article_modified_time":"2009-03-17T16:04:20+00:00","og_image":[{"url":"http:\/\/www.visit-ulcinj.com\/blog\/wp-content\/uploads\/2009\/03\/mozabjordiadela-copy1.jpg"}],"twitter_misc":{"Written by":"ulqini","Est. reading time":"1 minute"},"schema":{"@context":"https:\/\/schema.org","@graph":[{"@type":"WebSite","@id":"https:\/\/www.visit-ulcinj.com\/blog\/#website","url":"https:\/\/www.visit-ulcinj.com\/blog\/","name":"Lajme nga Ulqini","description":"Lajme,Vijesti,Ulqini,Ulqin,Crna Gora,Mali i Zi","potentialAction":[{"@type":"SearchAction","target":{"@type":"EntryPoint","urlTemplate":"https:\/\/www.visit-ulcinj.com\/blog\/?s={search_term_string}"},"query-input":"required name=search_term_string"}],"inLanguage":"en-US"},{"@type":"ImageObject","inLanguage":"en-US","@id":"https:\/\/www.visit-ulcinj.com\/blog\/2009\/03\/17\/bjordi-dhe-adela-shkojne-shume\/#primaryimage","url":"http:\/\/www.visit-ulcinj.com\/blog\/wp-content\/uploads\/2009\/03\/mozabjordiadela-copy1.jpg","contentUrl":"http:\/\/www.visit-ulcinj.com\/blog\/wp-content\/uploads\/2009\/03\/mozabjordiadela-copy1.jpg"},{"@type":"WebPage","@id":"https:\/\/www.visit-ulcinj.com\/blog\/2009\/03\/17\/bjordi-dhe-adela-shkojne-shume\/#webpage","url":"https:\/\/www.visit-ulcinj.com\/blog\/2009\/03\/17\/bjordi-dhe-adela-shkojne-shume\/","name":"Bjordi dhe Adela shkojn\u00c3\u00ab shum\u00c3\u00ab | Big Brother Albania 2","isPartOf":{"@id":"https:\/\/www.visit-ulcinj.com\/blog\/#website"},"primaryImageOfPage":{"@id":"https:\/\/www.visit-ulcinj.com\/blog\/2009\/03\/17\/bjordi-dhe-adela-shkojne-shume\/#primaryimage"},"datePublished":"2009-03-17T16:50:32+00:00","dateModified":"2009-03-17T16:04:20+00:00","author":{"@id":"https:\/\/www.visit-ulcinj.com\/blog\/#\/schema\/person\/dcab619c614d3038751c63bc2aadc06d"},"description":"Big Brother Albania 2 - \u00e2\u20ac\u0153Po iki pak te zysha ime!\u00e2\u20ac\u009d- ka th\u00c3\u00abn\u00c3\u00ab Bjordi dhe Arjoni ka marr\u00c3\u00ab shkas p\u00c3\u00abr t\u00e2\u20ac\u2122i komentuar","breadcrumb":{"@id":"https:\/\/www.visit-ulcinj.com\/blog\/2009\/03\/17\/bjordi-dhe-adela-shkojne-shume\/#breadcrumb"},"inLanguage":"en-US","potentialAction":[{"@type":"ReadAction","target":["https:\/\/www.visit-ulcinj.com\/blog\/2009\/03\/17\/bjordi-dhe-adela-shkojne-shume\/"]}]},{"@type":"BreadcrumbList","@id":"https:\/\/www.visit-ulcinj.com\/blog\/2009\/03\/17\/bjordi-dhe-adela-shkojne-shume\/#breadcrumb","itemListElement":[{"@type":"ListItem","position":1,"name":"Bjordi dhe Adela shkojn\u00eb shum\u00eb"}]},{"@type":"Person","@id":"https:\/\/www.visit-ulcinj.com\/blog\/#\/schema\/person\/dcab619c614d3038751c63bc2aadc06d","name":"ulqini","sameAs":["http:\/\/www.visit-ulcinj.com"],"url":"https:\/\/www.visit-ulcinj.com\/blog\/author\/admin\/"}]}},"jetpack_featured_media_url":"","jetpack_sharing_enabled":true,"jetpack_shortlink":"https:\/\/wp.me\/pe6lTn-3LF","_links":{"self":[{"href":"https:\/\/www.visit-ulcinj.com\/blog\/wp-json\/wp\/v2\/posts\/14487"}],"collection":[{"href":"https:\/\/www.visit-ulcinj.com\/blog\/wp-json\/wp\/v2\/posts"}],"about":[{"href":"https:\/\/www.visit-ulcinj.com\/blog\/wp-json\/wp\/v2\/types\/post"}],"author":[{"embeddable":true,"href":"https:\/\/www.visit-ulcinj.com\/blog\/wp-json\/wp\/v2\/users\/1"}],"replies":[{"embeddable":true,"href":"https:\/\/www.visit-ulcinj.com\/blog\/wp-json\/wp\/v2\/comments?post=14487"}],"version-history":[{"count":0,"href":"https:\/\/www.visit-ulcinj.com\/blog\/wp-json\/wp\/v2\/posts\/14487\/revisions"}],"wp:attachment":[{"href":"https:\/\/www.visit-ulcinj.com\/blog\/wp-json\/wp\/v2\/media?parent=14487"}],"wp:term":[{"taxonomy":"category","embeddable":true,"href":"https:\/\/www.visit-ulcinj.com\/blog\/wp-json\/wp\/v2\/categories?post=14487"},{"taxonomy":"post_tag","embeddable":true,"href":"https:\/\/www.visit-ulcinj.com\/blog\/wp-json\/wp\/v2\/tags?post=14487"}],"curies":[{"name":"wp","href":"https:\/\/api.w.org\/{rel}","templated":true}]}}