{"id":1449,"date":"2008-04-29T06:13:21","date_gmt":"2008-04-29T11:13:21","guid":{"rendered":"http:\/\/www.visit-ulcinj.com\/blog\/?p=1449"},"modified":"2008-04-29T06:13:21","modified_gmt":"2008-04-29T11:13:21","slug":"edhe-nje-here-per-andrej-nikolaidisin","status":"publish","type":"post","link":"https:\/\/www.visit-ulcinj.com\/blog\/2008\/04\/29\/edhe-nje-here-per-andrej-nikolaidisin\/","title":{"rendered":"Edhe nj\u00eb her\u00eb p\u00ebr Andrej Nikolaidisin"},"content":{"rendered":"<p><img loading=\"lazy\" class=\"alignleft\" style=\"float: left;\" src=\"http:\/\/profileimages.spock.com\/600x400%2F92587452_600x400.jpg?Signature=5Pf7J%2FjspgXORjPLDbhDrPs448Y%3D&amp;AWSAccessKeyId=0NH6HF7KK7HYHXVQN482&amp;Expires=1222671600&amp;\" alt=\"Andrej Nikolaidis\" width=\"305\" height=\"211\" \/><strong>Pushtimi i liris\u00eb<\/strong><br \/>\nKush \u00ebsht\u00eb ai q\u00eb mund ta konsideroj\u00eb veten si autoritet hyjnor dhe t`ia ndaloj\u00eb tjetrit lirin\u00eb, jo vet\u00ebm e t\u00eb menduarit, por, edhe t\u00eb shprehjes s\u00eb atij mendimi. Sepse, kur e shikon racionalisht, liria e mendimit nuk \u00ebsht\u00eb aq e r\u00ebnd\u00ebsishme, sa \u00ebsht\u00eb e r\u00ebnd\u00ebsishme liria e shprehjes. Mund t\u00eb mendosh gjith\u00e7ka n\u00eb kok\u00ebn e vet, por, askush nuk e di se \u00e7ka t\u00eb zihet n\u00eb kok\u00eb derisa t\u00eb mos e shpreh\u00ebsh.<br \/>\nM\u00eb duhet t\u00eb them se gjithmon\u00eb e kam pasur t\u00eb tmerrshme, estetiken e sh\u00ebmtuar t\u00eb Kusturic\u00ebs. M\u00eb mir\u00eb t\u00eb them \u00ebsht\u00eb fjala p\u00ebr nj\u00eb estetik\u00eb raciste, e cila e p\u00ebrqesh t\u00ebr\u00eb nj\u00eb etnos p\u00ebr t\u00eb fituar para t\u00eb majme n\u00eb bot\u00ebn q\u00eb impresionohet nga gj\u00ebrat ekzotike. Per\u00ebndimit i \u00ebsht\u00eb dukur ekzotike estetika e Kusturic\u00ebs dhe ai e ka eksploatuar deri n\u00eb fund at\u00eb burim t\u00eb profitit.<br \/>\nK\u00ebto dit\u00eb, lidhur me aktgjykimin e Gjykat\u00ebs s\u00eb qarkut t\u00eb Podgoric\u00ebs, me t\u00eb cilin Andrej Nikolaidis dhe revista &#8220;Monitor&#8221; d\u00ebnohen me 12ooo Euro, kam nd\u00ebgjuar edhe di\u00e7ka q\u00eb m\u00eb ka tronditur edhe m\u00eb shum\u00eb se vet d\u00ebnimi. Ishte ky fakti se aktgjykimi e ka trajtuar edhe an\u00ebn estetike t\u00eb problemit t\u00eb akuz\u00ebs duke e d\u00ebnuar Nikolaidisin mes tjerash, edhe p\u00ebr &#8220;zhvler\u00ebsimin artistik t\u00eb vepr\u00ebs s\u00eb Emir Kusturic\u00ebs&#8221;.<br \/>\nV\u00ebrtet, aq absurde, sa q\u00eb \u00ebsht\u00eb tragjike. Kush \u00ebsht\u00eb ai q\u00eb mund ta konsideroj\u00eb veten si autoritet hyjnor dhe t`ia ndaloj\u00eb tjetrit lirin\u00eb, jo vet\u00ebm e t\u00eb menduarit, por, edhe t\u00eb shprehjes s\u00eb atij mendimi. Sepse, kur e shikon racionalisht, liria e mendimit nuk \u00ebsht\u00eb aq e r\u00ebnd\u00ebsishme, sa \u00ebsht\u00eb e r\u00ebnd\u00ebsishme liria e shprehjes. Mund t\u00eb mendosh gjith\u00e7ka n\u00eb koken e vet, por, askush nuk e di se \u00e7ka t\u00eb zihet n\u00eb kok\u00eb derisa t\u00eb mos e shpreh\u00ebsh.<br \/>\nM\u00eb duhet t\u00eb them se gjithmon\u00eb e kam pasur t\u00eb tmerrshme, estetiken e sh\u00ebmtuar t\u00eb Kusturic\u00ebs. M\u00eb mir\u00eb t\u00eb them \u00ebsht\u00eb fjala p\u00ebr nj\u00eb estetik\u00eb raciste, e cila e p\u00ebrqesh t\u00ebr\u00eb nj\u00eb etnos p\u00ebr t\u00eb fituar para t\u00eb majme n\u00eb bot\u00ebn q\u00eb impresionohet nga gj\u00ebrat ekzotike. Per\u00ebndimit i \u00ebsht\u00eb dukt ekzotike estetika e Kusturic\u00ebs dhe ai e ka eksploatuar deri n\u00eb fund at\u00eb burim t\u00eb profitit.<br \/>\n\u00c7\u00ebshtja e liris\u00eb \u00ebsht\u00eb komplekse dhe rruga deri n\u00eb liri \u00ebsht\u00eb ndonj\u00ebher\u00eb mjaft e \u00e7uditshme. Do ta tregoj nj\u00eb rast q\u00eb m\u00eb ka ndodhur para disa vitesh. E kam pas shkruar nj\u00eb prezentim t\u00eb filmit Aleksand\u00ebr t\u00eb regjisorit Oliver Stone. Kam qen\u00eb (jam edhe tani) e impresionuar thell\u00eb nga ideali i lart\u00eb me t\u00eb cilin p\u00ebrshkohet filmi dhe me estetik\u00ebn e tij ultramoderne. Pak pasi u botua ky prezantim imi, i t\u00ebri i p\u00ebrshkuar me superlativa ekzaltues, m\u00eb tha nj\u00eb (ish) mik: &#8220;Si ke mundur t\u00eb shkruash asi prezentimi kur filmi yt \u00ebsht\u00eb shpallur filmi m\u00eb i keq i vitit dhe e ka marr\u00eb Manaferr\u00ebn e art\u00eb&#8221;. V\u00ebrtet, e kam ndier veten aq keq dhe mendova &#8220;\u00c7far\u00eb budalle jam q\u00eb jam mahnitur me nj\u00eb film p\u00ebr t\u00eb cilin p\u00ebrjetova t\u00eb m\u00eb kritikoj\u00eb dhe t\u00eb \u00e7oj\u00eb zhurm\u00eb edhe nj\u00eb intelektual, qoft\u00eb ai edhe provincial&#8221;. E ndieja veten aq t\u00eb vog\u00ebl p\u00ebr shkak se mendimi im p\u00ebr filmin nuk p\u00ebrkonte me shijen e shikuesve mesatar\u00eb amerikan\u00eb t\u00eb cil\u00ebt i preferojn\u00eb filmat si\u00e7 jan\u00eb, p.sh. &#8220;Planeti i majmun\u00ebve&#8221; ose &#8220;King Kong&#8221;, etj. e t\u00eb cil\u00ebt e d\u00ebnuan &#8220;Aleksandrin&#8221; me d\u00ebshtim n\u00eb arkat e kinemave amerikane.<a href=\"http:\/\/www.monitor.cg.yu\/index.html\" target=\"_blank\"><img loading=\"lazy\" class=\"alignright\" style=\"float: right;\" src=\"http:\/\/www.monitor.cg.yu\/images\/logo_gore.jpg\" alt=\"Monitor\" width=\"281\" height=\"77\" \/><\/a><br \/>\nMir\u00ebpo, k\u00ebto dit\u00eb m\u00eb ndodhi di\u00e7ka e kund\u00ebrt. Isha n\u00eb nj\u00eb lokal me nj\u00eb mik tim t\u00eb dashur, intelektual i nivelit bot\u00ebror. Dhe, ai duke b\u00ebr\u00eb disa krahasime, nuk m\u00eb kujtohet m\u00eb p\u00ebr \u00e7ka ishte fjala, m\u00eb pyeti se a e kam lexuar vepren &#8220;NN&#8221;t\u00eb Kadares\u00eb (nuk m\u00eb kujtohet m\u00eb as p\u00ebr \u00e7far\u00eb vepre m\u00eb pyeti, aq pak q\u00eb i dhash\u00eb r\u00ebnd\u00ebsi \u00e7far\u00ebdo arsyetimi). M\u00eb kujtohet shum\u00eb mir\u00eb momenti, vendi ku hap\u00ebroja n\u00eb at\u00eb moment madje edhe ngjyra e fundit tim dhe e k\u00ebpucave. Sepse ai ishte moment vendimtar kur i thash\u00eb gjakftoht\u00eb dhe natyrsh\u00ebm: &#8220;Jo nuk e kam lexuar&#8221;. Fytyr\u00ebn e tij e p\u00ebrshkoi nj\u00eb grimas\u00eb e tmerrit q\u00eb donte t\u00eb thoshte: &#8220;A ka shqiptar n\u00eb k\u00ebt\u00eb tok\u00eb q\u00eb guxon t\u00eb thot\u00eb di\u00e7ka t\u00eb till\u00eb?&#8221;. Un\u00eb nuk u lodha fort\u00eb t\u00eb arsyetohem, pse e si. Thjesht, mendova se kam aq integritet intelektual q\u00eb t\u00eb kam lirin\u00eb e zgjedhjes dhe se nuk i kam borxh askujt arsyetim. Ishte ky kompensim i vog\u00ebl moral p\u00ebr dob\u00ebsin\u00eb time q\u00eb e tregova disa vite m\u00eb heret, duke u l\u00ebnduar nga kritika e dikujt q\u00eb as q\u00eb e kishte par\u00eb &#8220;Aleksandrin&#8221; , por, q\u00eb, mendonte se \u00ebsht\u00eb mir\u00eb t\u00eb jesh aty ku jan\u00eb shumica, edhe pse nuk e di se p\u00ebr \u00e7ka \u00ebsht\u00eb fjala.<br \/>\nK\u00ebshtu, pra, edhe nj\u00ebher\u00eb e them me krenari, se filmat e Emir Kusturic\u00ebs kan\u00eb estetik\u00eb raciste dhe t\u00eb sh\u00ebmtuar dhe nuk di \u00e7ka \u00ebsht\u00eb k\u00ebtu kontestuese.<br \/>\n<strong>Xhoana M. Perkaj<\/strong><br \/>\n<a href=\"http:\/\/mce_host\/blog\/wp-admin\/xhoanaperkaj@yahoo.com\" target=\"_blank\"> xhoanaperkaj@yahoo.com<\/a><br \/>\n<strong> KOHA JAVORE<\/strong><\/p>\n","protected":false},"excerpt":{"rendered":"<p><img loading=\"lazy\" class=\"alignleft\" style=\"float: left;\" src=\"http:\/\/profileimages.spock.com\/600x400%2F92587452_600x400.jpg?Signature=5Pf7J%2FjspgXORjPLDbhDrPs448Y%3D&amp;AWSAccessKeyId=0NH6HF7KK7HYHXVQN482&amp;Expires=1222671600&amp;\" alt=\"Andrej Nikolaidis\" width=\"140\" height=\"140\" \/><\/p>\n","protected":false},"author":1,"featured_media":0,"comment_status":"open","ping_status":"closed","sticky":false,"template":"","format":"standard","meta":{"spay_email":"","jetpack_publicize_message":"","jetpack_is_tweetstorm":false,"jetpack_publicize_feature_enabled":true},"categories":[4,11],"tags":[2517,2516,2879,199],"jetpack_publicize_connections":[],"yoast_head":"<!-- This site is optimized with the Yoast SEO plugin v19.1 - https:\/\/yoast.com\/wordpress\/plugins\/seo\/ -->\n<title>Edhe nj\u00eb her\u00eb p\u00ebr Andrej Nikolaidisin - Lajme nga Ulqini<\/title>\n<meta name=\"robots\" content=\"index, follow, max-snippet:-1, max-image-preview:large, max-video-preview:-1\" \/>\n<link rel=\"canonical\" href=\"https:\/\/www.visit-ulcinj.com\/blog\/2008\/04\/29\/edhe-nje-here-per-andrej-nikolaidisin\/\" \/>\n<meta property=\"og:locale\" content=\"en_US\" \/>\n<meta property=\"og:type\" content=\"article\" \/>\n<meta property=\"og:title\" content=\"Edhe nj\u00eb her\u00eb p\u00ebr Andrej Nikolaidisin - Lajme nga Ulqini\" \/>\n<meta property=\"og:url\" content=\"https:\/\/www.visit-ulcinj.com\/blog\/2008\/04\/29\/edhe-nje-here-per-andrej-nikolaidisin\/\" \/>\n<meta property=\"og:site_name\" content=\"Lajme nga Ulqini\" \/>\n<meta property=\"article:published_time\" content=\"2008-04-29T11:13:21+00:00\" \/>\n<meta property=\"og:image\" content=\"http:\/\/profileimages.spock.com\/600x400%2F92587452_600x400.jpg?Signature=5Pf7J%2FjspgXORjPLDbhDrPs448Y%3D&#038;AWSAccessKeyId=0NH6HF7KK7HYHXVQN482&#038;Expires=1222671600&#038;\" \/>\n<meta name=\"twitter:label1\" content=\"Written by\" \/>\n\t<meta name=\"twitter:data1\" content=\"ulqini\" \/>\n\t<meta name=\"twitter:label2\" content=\"Est. reading time\" \/>\n\t<meta name=\"twitter:data2\" content=\"4 minutes\" \/>\n<script type=\"application\/ld+json\" class=\"yoast-schema-graph\">{\"@context\":\"https:\/\/schema.org\",\"@graph\":[{\"@type\":\"WebSite\",\"@id\":\"https:\/\/www.visit-ulcinj.com\/blog\/#website\",\"url\":\"https:\/\/www.visit-ulcinj.com\/blog\/\",\"name\":\"Lajme nga Ulqini\",\"description\":\"Lajme,Vijesti,Ulqini,Ulqin,Crna Gora,Mali i Zi\",\"potentialAction\":[{\"@type\":\"SearchAction\",\"target\":{\"@type\":\"EntryPoint\",\"urlTemplate\":\"https:\/\/www.visit-ulcinj.com\/blog\/?s={search_term_string}\"},\"query-input\":\"required name=search_term_string\"}],\"inLanguage\":\"en-US\"},{\"@type\":\"ImageObject\",\"inLanguage\":\"en-US\",\"@id\":\"https:\/\/www.visit-ulcinj.com\/blog\/2008\/04\/29\/edhe-nje-here-per-andrej-nikolaidisin\/#primaryimage\",\"url\":\"http:\/\/profileimages.spock.com\/600x400%2F92587452_600x400.jpg?Signature=5Pf7J%2FjspgXORjPLDbhDrPs448Y%3D&amp;AWSAccessKeyId=0NH6HF7KK7HYHXVQN482&amp;Expires=1222671600&amp;\",\"contentUrl\":\"http:\/\/profileimages.spock.com\/600x400%2F92587452_600x400.jpg?Signature=5Pf7J%2FjspgXORjPLDbhDrPs448Y%3D&amp;AWSAccessKeyId=0NH6HF7KK7HYHXVQN482&amp;Expires=1222671600&amp;\"},{\"@type\":\"WebPage\",\"@id\":\"https:\/\/www.visit-ulcinj.com\/blog\/2008\/04\/29\/edhe-nje-here-per-andrej-nikolaidisin\/#webpage\",\"url\":\"https:\/\/www.visit-ulcinj.com\/blog\/2008\/04\/29\/edhe-nje-here-per-andrej-nikolaidisin\/\",\"name\":\"Edhe nj\u00eb her\u00eb p\u00ebr Andrej Nikolaidisin - Lajme nga Ulqini\",\"isPartOf\":{\"@id\":\"https:\/\/www.visit-ulcinj.com\/blog\/#website\"},\"primaryImageOfPage\":{\"@id\":\"https:\/\/www.visit-ulcinj.com\/blog\/2008\/04\/29\/edhe-nje-here-per-andrej-nikolaidisin\/#primaryimage\"},\"datePublished\":\"2008-04-29T11:13:21+00:00\",\"dateModified\":\"2008-04-29T11:13:21+00:00\",\"author\":{\"@id\":\"https:\/\/www.visit-ulcinj.com\/blog\/#\/schema\/person\/dcab619c614d3038751c63bc2aadc06d\"},\"breadcrumb\":{\"@id\":\"https:\/\/www.visit-ulcinj.com\/blog\/2008\/04\/29\/edhe-nje-here-per-andrej-nikolaidisin\/#breadcrumb\"},\"inLanguage\":\"en-US\",\"potentialAction\":[{\"@type\":\"ReadAction\",\"target\":[\"https:\/\/www.visit-ulcinj.com\/blog\/2008\/04\/29\/edhe-nje-here-per-andrej-nikolaidisin\/\"]}]},{\"@type\":\"BreadcrumbList\",\"@id\":\"https:\/\/www.visit-ulcinj.com\/blog\/2008\/04\/29\/edhe-nje-here-per-andrej-nikolaidisin\/#breadcrumb\",\"itemListElement\":[{\"@type\":\"ListItem\",\"position\":1,\"name\":\"Edhe nj\u00eb her\u00eb p\u00ebr Andrej Nikolaidisin\"}]},{\"@type\":\"Person\",\"@id\":\"https:\/\/www.visit-ulcinj.com\/blog\/#\/schema\/person\/dcab619c614d3038751c63bc2aadc06d\",\"name\":\"ulqini\",\"sameAs\":[\"http:\/\/www.visit-ulcinj.com\"],\"url\":\"https:\/\/www.visit-ulcinj.com\/blog\/author\/admin\/\"}]}<\/script>\n<!-- \/ Yoast SEO plugin. -->","yoast_head_json":{"title":"Edhe nj\u00eb her\u00eb p\u00ebr Andrej Nikolaidisin - Lajme nga Ulqini","robots":{"index":"index","follow":"follow","max-snippet":"max-snippet:-1","max-image-preview":"max-image-preview:large","max-video-preview":"max-video-preview:-1"},"canonical":"https:\/\/www.visit-ulcinj.com\/blog\/2008\/04\/29\/edhe-nje-here-per-andrej-nikolaidisin\/","og_locale":"en_US","og_type":"article","og_title":"Edhe nj\u00eb her\u00eb p\u00ebr Andrej Nikolaidisin - Lajme nga Ulqini","og_url":"https:\/\/www.visit-ulcinj.com\/blog\/2008\/04\/29\/edhe-nje-here-per-andrej-nikolaidisin\/","og_site_name":"Lajme nga Ulqini","article_published_time":"2008-04-29T11:13:21+00:00","og_image":[{"url":"http:\/\/profileimages.spock.com\/600x400%2F92587452_600x400.jpg?Signature=5Pf7J%2FjspgXORjPLDbhDrPs448Y%3D&amp;AWSAccessKeyId=0NH6HF7KK7HYHXVQN482&amp;Expires=1222671600&amp;"}],"twitter_misc":{"Written by":"ulqini","Est. reading time":"4 minutes"},"schema":{"@context":"https:\/\/schema.org","@graph":[{"@type":"WebSite","@id":"https:\/\/www.visit-ulcinj.com\/blog\/#website","url":"https:\/\/www.visit-ulcinj.com\/blog\/","name":"Lajme nga Ulqini","description":"Lajme,Vijesti,Ulqini,Ulqin,Crna Gora,Mali i Zi","potentialAction":[{"@type":"SearchAction","target":{"@type":"EntryPoint","urlTemplate":"https:\/\/www.visit-ulcinj.com\/blog\/?s={search_term_string}"},"query-input":"required name=search_term_string"}],"inLanguage":"en-US"},{"@type":"ImageObject","inLanguage":"en-US","@id":"https:\/\/www.visit-ulcinj.com\/blog\/2008\/04\/29\/edhe-nje-here-per-andrej-nikolaidisin\/#primaryimage","url":"http:\/\/profileimages.spock.com\/600x400%2F92587452_600x400.jpg?Signature=5Pf7J%2FjspgXORjPLDbhDrPs448Y%3D&amp;AWSAccessKeyId=0NH6HF7KK7HYHXVQN482&amp;Expires=1222671600&amp;","contentUrl":"http:\/\/profileimages.spock.com\/600x400%2F92587452_600x400.jpg?Signature=5Pf7J%2FjspgXORjPLDbhDrPs448Y%3D&amp;AWSAccessKeyId=0NH6HF7KK7HYHXVQN482&amp;Expires=1222671600&amp;"},{"@type":"WebPage","@id":"https:\/\/www.visit-ulcinj.com\/blog\/2008\/04\/29\/edhe-nje-here-per-andrej-nikolaidisin\/#webpage","url":"https:\/\/www.visit-ulcinj.com\/blog\/2008\/04\/29\/edhe-nje-here-per-andrej-nikolaidisin\/","name":"Edhe nj\u00eb her\u00eb p\u00ebr Andrej Nikolaidisin - Lajme nga Ulqini","isPartOf":{"@id":"https:\/\/www.visit-ulcinj.com\/blog\/#website"},"primaryImageOfPage":{"@id":"https:\/\/www.visit-ulcinj.com\/blog\/2008\/04\/29\/edhe-nje-here-per-andrej-nikolaidisin\/#primaryimage"},"datePublished":"2008-04-29T11:13:21+00:00","dateModified":"2008-04-29T11:13:21+00:00","author":{"@id":"https:\/\/www.visit-ulcinj.com\/blog\/#\/schema\/person\/dcab619c614d3038751c63bc2aadc06d"},"breadcrumb":{"@id":"https:\/\/www.visit-ulcinj.com\/blog\/2008\/04\/29\/edhe-nje-here-per-andrej-nikolaidisin\/#breadcrumb"},"inLanguage":"en-US","potentialAction":[{"@type":"ReadAction","target":["https:\/\/www.visit-ulcinj.com\/blog\/2008\/04\/29\/edhe-nje-here-per-andrej-nikolaidisin\/"]}]},{"@type":"BreadcrumbList","@id":"https:\/\/www.visit-ulcinj.com\/blog\/2008\/04\/29\/edhe-nje-here-per-andrej-nikolaidisin\/#breadcrumb","itemListElement":[{"@type":"ListItem","position":1,"name":"Edhe nj\u00eb her\u00eb p\u00ebr Andrej Nikolaidisin"}]},{"@type":"Person","@id":"https:\/\/www.visit-ulcinj.com\/blog\/#\/schema\/person\/dcab619c614d3038751c63bc2aadc06d","name":"ulqini","sameAs":["http:\/\/www.visit-ulcinj.com"],"url":"https:\/\/www.visit-ulcinj.com\/blog\/author\/admin\/"}]}},"jetpack_featured_media_url":"","jetpack_sharing_enabled":true,"jetpack_shortlink":"https:\/\/wp.me\/pe6lTn-nn","_links":{"self":[{"href":"https:\/\/www.visit-ulcinj.com\/blog\/wp-json\/wp\/v2\/posts\/1449"}],"collection":[{"href":"https:\/\/www.visit-ulcinj.com\/blog\/wp-json\/wp\/v2\/posts"}],"about":[{"href":"https:\/\/www.visit-ulcinj.com\/blog\/wp-json\/wp\/v2\/types\/post"}],"author":[{"embeddable":true,"href":"https:\/\/www.visit-ulcinj.com\/blog\/wp-json\/wp\/v2\/users\/1"}],"replies":[{"embeddable":true,"href":"https:\/\/www.visit-ulcinj.com\/blog\/wp-json\/wp\/v2\/comments?post=1449"}],"version-history":[{"count":0,"href":"https:\/\/www.visit-ulcinj.com\/blog\/wp-json\/wp\/v2\/posts\/1449\/revisions"}],"wp:attachment":[{"href":"https:\/\/www.visit-ulcinj.com\/blog\/wp-json\/wp\/v2\/media?parent=1449"}],"wp:term":[{"taxonomy":"category","embeddable":true,"href":"https:\/\/www.visit-ulcinj.com\/blog\/wp-json\/wp\/v2\/categories?post=1449"},{"taxonomy":"post_tag","embeddable":true,"href":"https:\/\/www.visit-ulcinj.com\/blog\/wp-json\/wp\/v2\/tags?post=1449"}],"curies":[{"name":"wp","href":"https:\/\/api.w.org\/{rel}","templated":true}]}}