{"id":14493,"date":"2009-03-17T17:12:28","date_gmt":"2009-03-17T16:12:28","guid":{"rendered":"http:\/\/www.visit-ulcinj.com\/blog\/?p=14493"},"modified":"2009-03-17T17:12:28","modified_gmt":"2009-03-17T16:12:28","slug":"prova-e-javes-stervitje-ushtarake","status":"publish","type":"post","link":"https:\/\/www.visit-ulcinj.com\/blog\/2009\/03\/17\/prova-e-javes-stervitje-ushtarake\/","title":{"rendered":"Prova e jav\u00ebs: St\u00ebrvitje ushtarake"},"content":{"rendered":"<p><em><span class=\"newsdate\"><a href=\"http:\/\/www.visit-ulcinj.com\/blog\/wp-content\/uploads\/2009\/03\/bika-dhe-tani-bejne-gati-flamurin.jpg\"><img loading=\"lazy\" class=\"alignleft size-full wp-image-14494\" title=\"bika-dhe-tani-bejne-gati-flamurin-big-brother-albania\" src=\"http:\/\/www.visit-ulcinj.com\/blog\/wp-content\/uploads\/2009\/03\/bika-dhe-tani-bejne-gati-flamurin.jpg\" alt=\"bika-dhe-tani-bejne-gati-flamurin-big-brother-albania\" width=\"300\" height=\"205\" \/><\/a>16\/03\/09 08:00<\/span><\/em><\/p>\n<p>V\u00ebllai i Madh u ka komunikuar banor\u00ebve se prova e k\u00ebsaj jave konsistonte n\u00eb disiplin\u00ebn ushtarake. Banor\u00ebt duhet t\u00eb respektonin t\u00eb gjitha rregullat q\u00eb do t\u2019u caktoheshin nga banor\u00ebt e zgjedhur p\u00ebr t\u00eb drejtuar prov\u00ebn: Dritani dhe Republika. Ata duhet t\u00eb zgjoheshin me r\u00ebnien e siren\u00ebs n\u00eb m\u00ebngjes, duhet t\u00eb rregullonin krevatet brenda nj\u00eb minuti, me hap ushtarak t\u00eb dilnin n\u00eb oborr p\u00ebr gjimnastik\u00ebn, duhet t\u00eb ngrinin flamurin e Big Brother, duke e nderuar dhe t\u00eb b\u00ebnin gjimnastik\u00eb ushtarake n\u00eb jo m\u00eb pak se 30 minuta. R\u00ebnia e siren\u00ebs do t\u00eb lajm\u00ebronte fundin e st\u00ebrvitjes.<br \/>\nK\u00ebshtu, n\u00eb or\u00ebn 08.00 t\u00eb m\u00ebngjesit, banor\u00ebt, ndryshe nga her\u00ebt e tjera kur muzika u shoq\u00ebronte zgjimin, jan\u00eb ngritur me zhurm\u00ebn e nj\u00eb sirene. Ata jan\u00eb p\u00ebrpjekur t\u2019i rregullojn\u00eb krevatet si\u00e7 duhet, por nga \u201cKomandant\u201d Dritani, ka patur v\u00ebrejtje n\u00eb lidhje me k\u00ebt\u00eb. M\u00eb pas ata kan\u00eb dal\u00eb n\u00eb oborrin e sht\u00ebpis\u00eb, jan\u00eb rreshtuar nga Bika p\u00ebr t\u00eb p\u00ebrsh\u00ebndetur komandantin dhe kan\u00eb nderuar ngritjen e flamurit nga Qetsori. N\u00eb munges\u00eb t\u00eb himnit, Qetsori e k\u00ebndoi at\u00eb vet. M\u00eb pas, banor\u00ebt kan\u00eb filluar st\u00ebrvitjen ushtarake. Fillimisht kan\u00eb b\u00ebr\u00eb disa xhiro me vrap, p\u00ebrqark oborrit, duke k\u00ebnduar \u201cNe jemi 10 ushtar\u00eb\u201d e pastaj kan\u00eb zhvilluar ushtrime fizike, p\u00ebrgjat\u00eb gjith\u00eb koh\u00ebs s\u00eb caktuar, n\u00ebn drejtimin e Arjonit. Me r\u00ebnien e siren\u00ebs, ata kan\u00eb p\u00ebrfunduar st\u00ebrvitjen dhe jan\u00eb k\u00ebshilluar nga Republika e m\u00eb pas nga Dritani, p\u00ebr m\u00ebnyr\u00ebn sesi ishin zhvilluar gj\u00ebrat sot e si duhet t\u00eb zhvilloheshin nes\u00ebr. Si Dritani, ashtu edhe Republika dukeshin mjaft t\u00eb k\u00ebnaqur nga detyra q\u00eb u ka caktuar V\u00ebllai i Madh dhe kan\u00eb treguar zell e p\u00ebrkushtim n\u00eb p\u00ebrmbushjen e saj.<\/p>\n","protected":false},"excerpt":{"rendered":"<p>16\/03\/09 08:00 V\u00ebllai i Madh u ka komunikuar banor\u00ebve se prova e k\u00ebsaj jave konsistonte n\u00eb disiplin\u00ebn ushtarake. Banor\u00ebt duhet t\u00eb respektonin t\u00eb gjitha rregullat q\u00eb do t\u2019u caktoheshin nga banor\u00ebt e zgjedhur p\u00ebr t\u00eb drejtuar prov\u00ebn: Dritani dhe Republika. Ata duhet t\u00eb zgjoheshin me r\u00ebnien e siren\u00ebs n\u00eb m\u00ebngjes, duhet t\u00eb rregullonin krevatet brenda [&hellip;]<\/p>\n","protected":false},"author":1,"featured_media":0,"comment_status":"open","ping_status":"closed","sticky":false,"template":"","format":"standard","meta":{"spay_email":"","jetpack_publicize_message":"","jetpack_is_tweetstorm":false,"jetpack_publicize_feature_enabled":true},"categories":[6502],"tags":[6883,6516,6712,6662,8062,6891],"jetpack_publicize_connections":[],"yoast_head":"<!-- This site is optimized with the Yoast SEO plugin v19.1 - https:\/\/yoast.com\/wordpress\/plugins\/seo\/ -->\n<title>Prova e jav\u00c3\u00abs: St\u00c3\u00abrvitje ushtarake | Big Brother Albania 2<\/title>\n<meta name=\"description\" content=\"Big Brother Albania 2 - V\u00c3\u00abllai i Madh u ka komunikuar banor\u00c3\u00abve se prova e k\u00c3\u00absaj jave konsistonte n\u00c3\u00ab disiplin\u00c3\u00abn ushtarake\" \/>\n<meta name=\"robots\" content=\"index, follow, max-snippet:-1, max-image-preview:large, max-video-preview:-1\" \/>\n<link rel=\"canonical\" href=\"https:\/\/www.visit-ulcinj.com\/blog\/2009\/03\/17\/prova-e-javes-stervitje-ushtarake\/\" \/>\n<meta property=\"og:locale\" content=\"en_US\" \/>\n<meta property=\"og:type\" content=\"article\" \/>\n<meta property=\"og:title\" content=\"Prova e jav\u00c3\u00abs: St\u00c3\u00abrvitje ushtarake | Big Brother Albania 2\" \/>\n<meta property=\"og:description\" content=\"Big Brother Albania 2 - V\u00c3\u00abllai i Madh u ka komunikuar banor\u00c3\u00abve se prova e k\u00c3\u00absaj jave konsistonte n\u00c3\u00ab disiplin\u00c3\u00abn ushtarake\" \/>\n<meta property=\"og:url\" content=\"https:\/\/www.visit-ulcinj.com\/blog\/2009\/03\/17\/prova-e-javes-stervitje-ushtarake\/\" \/>\n<meta property=\"og:site_name\" content=\"Lajme nga Ulqini\" \/>\n<meta property=\"article:published_time\" content=\"2009-03-17T16:12:28+00:00\" \/>\n<meta property=\"og:image\" content=\"http:\/\/www.visit-ulcinj.com\/blog\/wp-content\/uploads\/2009\/03\/bika-dhe-tani-bejne-gati-flamurin.jpg\" \/>\n<meta name=\"twitter:label1\" content=\"Written by\" \/>\n\t<meta name=\"twitter:data1\" content=\"ulqini\" \/>\n\t<meta name=\"twitter:label2\" content=\"Est. reading time\" \/>\n\t<meta name=\"twitter:data2\" content=\"2 minutes\" \/>\n<script type=\"application\/ld+json\" class=\"yoast-schema-graph\">{\"@context\":\"https:\/\/schema.org\",\"@graph\":[{\"@type\":\"WebSite\",\"@id\":\"https:\/\/www.visit-ulcinj.com\/blog\/#website\",\"url\":\"https:\/\/www.visit-ulcinj.com\/blog\/\",\"name\":\"Lajme nga Ulqini\",\"description\":\"Lajme,Vijesti,Ulqini,Ulqin,Crna Gora,Mali i Zi\",\"potentialAction\":[{\"@type\":\"SearchAction\",\"target\":{\"@type\":\"EntryPoint\",\"urlTemplate\":\"https:\/\/www.visit-ulcinj.com\/blog\/?s={search_term_string}\"},\"query-input\":\"required name=search_term_string\"}],\"inLanguage\":\"en-US\"},{\"@type\":\"ImageObject\",\"inLanguage\":\"en-US\",\"@id\":\"https:\/\/www.visit-ulcinj.com\/blog\/2009\/03\/17\/prova-e-javes-stervitje-ushtarake\/#primaryimage\",\"url\":\"http:\/\/www.visit-ulcinj.com\/blog\/wp-content\/uploads\/2009\/03\/bika-dhe-tani-bejne-gati-flamurin.jpg\",\"contentUrl\":\"http:\/\/www.visit-ulcinj.com\/blog\/wp-content\/uploads\/2009\/03\/bika-dhe-tani-bejne-gati-flamurin.jpg\"},{\"@type\":\"WebPage\",\"@id\":\"https:\/\/www.visit-ulcinj.com\/blog\/2009\/03\/17\/prova-e-javes-stervitje-ushtarake\/#webpage\",\"url\":\"https:\/\/www.visit-ulcinj.com\/blog\/2009\/03\/17\/prova-e-javes-stervitje-ushtarake\/\",\"name\":\"Prova e jav\u00c3\u00abs: St\u00c3\u00abrvitje ushtarake | Big Brother Albania 2\",\"isPartOf\":{\"@id\":\"https:\/\/www.visit-ulcinj.com\/blog\/#website\"},\"primaryImageOfPage\":{\"@id\":\"https:\/\/www.visit-ulcinj.com\/blog\/2009\/03\/17\/prova-e-javes-stervitje-ushtarake\/#primaryimage\"},\"datePublished\":\"2009-03-17T16:12:28+00:00\",\"dateModified\":\"2009-03-17T16:12:28+00:00\",\"author\":{\"@id\":\"https:\/\/www.visit-ulcinj.com\/blog\/#\/schema\/person\/dcab619c614d3038751c63bc2aadc06d\"},\"description\":\"Big Brother Albania 2 - V\u00c3\u00abllai i Madh u ka komunikuar banor\u00c3\u00abve se prova e k\u00c3\u00absaj jave konsistonte n\u00c3\u00ab disiplin\u00c3\u00abn ushtarake\",\"breadcrumb\":{\"@id\":\"https:\/\/www.visit-ulcinj.com\/blog\/2009\/03\/17\/prova-e-javes-stervitje-ushtarake\/#breadcrumb\"},\"inLanguage\":\"en-US\",\"potentialAction\":[{\"@type\":\"ReadAction\",\"target\":[\"https:\/\/www.visit-ulcinj.com\/blog\/2009\/03\/17\/prova-e-javes-stervitje-ushtarake\/\"]}]},{\"@type\":\"BreadcrumbList\",\"@id\":\"https:\/\/www.visit-ulcinj.com\/blog\/2009\/03\/17\/prova-e-javes-stervitje-ushtarake\/#breadcrumb\",\"itemListElement\":[{\"@type\":\"ListItem\",\"position\":1,\"name\":\"Prova e jav\u00ebs: St\u00ebrvitje ushtarake\"}]},{\"@type\":\"Person\",\"@id\":\"https:\/\/www.visit-ulcinj.com\/blog\/#\/schema\/person\/dcab619c614d3038751c63bc2aadc06d\",\"name\":\"ulqini\",\"sameAs\":[\"http:\/\/www.visit-ulcinj.com\"],\"url\":\"https:\/\/www.visit-ulcinj.com\/blog\/author\/admin\/\"}]}<\/script>\n<!-- \/ Yoast SEO plugin. -->","yoast_head_json":{"title":"Prova e jav\u00c3\u00abs: St\u00c3\u00abrvitje ushtarake | Big Brother Albania 2","description":"Big Brother Albania 2 - V\u00c3\u00abllai i Madh u ka komunikuar banor\u00c3\u00abve se prova e k\u00c3\u00absaj jave konsistonte n\u00c3\u00ab disiplin\u00c3\u00abn ushtarake","robots":{"index":"index","follow":"follow","max-snippet":"max-snippet:-1","max-image-preview":"max-image-preview:large","max-video-preview":"max-video-preview:-1"},"canonical":"https:\/\/www.visit-ulcinj.com\/blog\/2009\/03\/17\/prova-e-javes-stervitje-ushtarake\/","og_locale":"en_US","og_type":"article","og_title":"Prova e jav\u00c3\u00abs: St\u00c3\u00abrvitje ushtarake | Big Brother Albania 2","og_description":"Big Brother Albania 2 - V\u00c3\u00abllai i Madh u ka komunikuar banor\u00c3\u00abve se prova e k\u00c3\u00absaj jave konsistonte n\u00c3\u00ab disiplin\u00c3\u00abn ushtarake","og_url":"https:\/\/www.visit-ulcinj.com\/blog\/2009\/03\/17\/prova-e-javes-stervitje-ushtarake\/","og_site_name":"Lajme nga Ulqini","article_published_time":"2009-03-17T16:12:28+00:00","og_image":[{"url":"http:\/\/www.visit-ulcinj.com\/blog\/wp-content\/uploads\/2009\/03\/bika-dhe-tani-bejne-gati-flamurin.jpg"}],"twitter_misc":{"Written by":"ulqini","Est. reading time":"2 minutes"},"schema":{"@context":"https:\/\/schema.org","@graph":[{"@type":"WebSite","@id":"https:\/\/www.visit-ulcinj.com\/blog\/#website","url":"https:\/\/www.visit-ulcinj.com\/blog\/","name":"Lajme nga Ulqini","description":"Lajme,Vijesti,Ulqini,Ulqin,Crna Gora,Mali i Zi","potentialAction":[{"@type":"SearchAction","target":{"@type":"EntryPoint","urlTemplate":"https:\/\/www.visit-ulcinj.com\/blog\/?s={search_term_string}"},"query-input":"required name=search_term_string"}],"inLanguage":"en-US"},{"@type":"ImageObject","inLanguage":"en-US","@id":"https:\/\/www.visit-ulcinj.com\/blog\/2009\/03\/17\/prova-e-javes-stervitje-ushtarake\/#primaryimage","url":"http:\/\/www.visit-ulcinj.com\/blog\/wp-content\/uploads\/2009\/03\/bika-dhe-tani-bejne-gati-flamurin.jpg","contentUrl":"http:\/\/www.visit-ulcinj.com\/blog\/wp-content\/uploads\/2009\/03\/bika-dhe-tani-bejne-gati-flamurin.jpg"},{"@type":"WebPage","@id":"https:\/\/www.visit-ulcinj.com\/blog\/2009\/03\/17\/prova-e-javes-stervitje-ushtarake\/#webpage","url":"https:\/\/www.visit-ulcinj.com\/blog\/2009\/03\/17\/prova-e-javes-stervitje-ushtarake\/","name":"Prova e jav\u00c3\u00abs: St\u00c3\u00abrvitje ushtarake | Big Brother Albania 2","isPartOf":{"@id":"https:\/\/www.visit-ulcinj.com\/blog\/#website"},"primaryImageOfPage":{"@id":"https:\/\/www.visit-ulcinj.com\/blog\/2009\/03\/17\/prova-e-javes-stervitje-ushtarake\/#primaryimage"},"datePublished":"2009-03-17T16:12:28+00:00","dateModified":"2009-03-17T16:12:28+00:00","author":{"@id":"https:\/\/www.visit-ulcinj.com\/blog\/#\/schema\/person\/dcab619c614d3038751c63bc2aadc06d"},"description":"Big Brother Albania 2 - V\u00c3\u00abllai i Madh u ka komunikuar banor\u00c3\u00abve se prova e k\u00c3\u00absaj jave konsistonte n\u00c3\u00ab disiplin\u00c3\u00abn ushtarake","breadcrumb":{"@id":"https:\/\/www.visit-ulcinj.com\/blog\/2009\/03\/17\/prova-e-javes-stervitje-ushtarake\/#breadcrumb"},"inLanguage":"en-US","potentialAction":[{"@type":"ReadAction","target":["https:\/\/www.visit-ulcinj.com\/blog\/2009\/03\/17\/prova-e-javes-stervitje-ushtarake\/"]}]},{"@type":"BreadcrumbList","@id":"https:\/\/www.visit-ulcinj.com\/blog\/2009\/03\/17\/prova-e-javes-stervitje-ushtarake\/#breadcrumb","itemListElement":[{"@type":"ListItem","position":1,"name":"Prova e jav\u00ebs: St\u00ebrvitje ushtarake"}]},{"@type":"Person","@id":"https:\/\/www.visit-ulcinj.com\/blog\/#\/schema\/person\/dcab619c614d3038751c63bc2aadc06d","name":"ulqini","sameAs":["http:\/\/www.visit-ulcinj.com"],"url":"https:\/\/www.visit-ulcinj.com\/blog\/author\/admin\/"}]}},"jetpack_featured_media_url":"","jetpack_sharing_enabled":true,"jetpack_shortlink":"https:\/\/wp.me\/pe6lTn-3LL","_links":{"self":[{"href":"https:\/\/www.visit-ulcinj.com\/blog\/wp-json\/wp\/v2\/posts\/14493"}],"collection":[{"href":"https:\/\/www.visit-ulcinj.com\/blog\/wp-json\/wp\/v2\/posts"}],"about":[{"href":"https:\/\/www.visit-ulcinj.com\/blog\/wp-json\/wp\/v2\/types\/post"}],"author":[{"embeddable":true,"href":"https:\/\/www.visit-ulcinj.com\/blog\/wp-json\/wp\/v2\/users\/1"}],"replies":[{"embeddable":true,"href":"https:\/\/www.visit-ulcinj.com\/blog\/wp-json\/wp\/v2\/comments?post=14493"}],"version-history":[{"count":0,"href":"https:\/\/www.visit-ulcinj.com\/blog\/wp-json\/wp\/v2\/posts\/14493\/revisions"}],"wp:attachment":[{"href":"https:\/\/www.visit-ulcinj.com\/blog\/wp-json\/wp\/v2\/media?parent=14493"}],"wp:term":[{"taxonomy":"category","embeddable":true,"href":"https:\/\/www.visit-ulcinj.com\/blog\/wp-json\/wp\/v2\/categories?post=14493"},{"taxonomy":"post_tag","embeddable":true,"href":"https:\/\/www.visit-ulcinj.com\/blog\/wp-json\/wp\/v2\/tags?post=14493"}],"curies":[{"name":"wp","href":"https:\/\/api.w.org\/{rel}","templated":true}]}}