{"id":1450,"date":"2008-04-29T06:44:20","date_gmt":"2008-04-29T11:44:20","guid":{"rendered":"http:\/\/www.visit-ulcinj.com\/blog\/?p=1450"},"modified":"2008-04-29T16:27:14","modified_gmt":"2008-04-29T21:27:14","slug":"crna-gora-v-letosnjem-najizboru-lonely-planeta","status":"publish","type":"post","link":"https:\/\/www.visit-ulcinj.com\/blog\/2008\/04\/29\/crna-gora-v-letosnjem-najizboru-lonely-planeta\/","title":{"rendered":"?rna gora v leto\u0161njem najizboru Lonely planeta"},"content":{"rendered":"<p><img loading=\"lazy\" class=\"alignleft\" style=\"float: left;\" src=\"http:\/\/www.attitudetravel.com\/books\/lonelyplanet\/logo.png\" alt=\"Lonely Plane\" width=\"186\" height=\"140\" \/>Lonely Planet je objavil svoj izbor dr\u017eav, ki jih je letos vredno obiskati. Med njimi se je to leto zna\u0161la tudi ?rna gora.<br \/>\nNajve?ja neodvisna zalo\u017eba turisti?nih vodi?ev, doma iz Avstralije, \u017ee ve? let pripravlja razli?ne &#8220;blueliste&#8221; oziroma sezname vsega, kar je povezano s potovanji. Seznami so zelo raznoliki, od najbolj\u0161ih stvari, ki jih lahko po?ne\u0161 v nekem mestu in ?esa se je bolje izogibati, katere \u017eelezni\u0161ke proge in avtoceste so najslikovitej\u0161e, pa vse do razli?nih seznamov naj mest, naj festivalov in naj lokalnih kulinari?nih posebnosti.<br \/>\nMed drugim pa vsako leto naredijo tudi izbor dr\u017eav. Na leto\u0161nji seznam so se tako uvrstile ?rna gora, Armenija, Eritreja, Mozambik, Butan, Malezija ter Papua Nova Gvineja.<br \/>\nKaj je torej letos (\u0161e) eksoti?no?<br \/>\nDana\u0161nji popotnik, naveli?an vsega, i\u0161?e vedno nove lokacije, v katerih naj bi se \u0161e ohranjala tista pristnost, ki se je drugod izgubila ravno zaradi turizma in drugih globalizacijskih procesov. Pogledano v tej lu?i, je lestvica \u0161e posebej zanimiva, saj z uvrstitvijo ?rne gore ka\u017ee, da (za nekatere) \u0161e obstaja eksotika tudi v Evropi. ?rna gora je opisana kot kraj, ki nudi prelepo Jadransko morje, hkrati pa tudi zasne\u017eene gore.<img loading=\"lazy\" class=\"alignright\" style=\"float: right;\" src=\"http:\/\/img.rtvslo.si\/upload\/ture_avanture\/sveti_stefan__montenegro_show.jpg\" alt=\"sveti stefan\" width=\"249\" height=\"187\" \/><\/p>\n<p>Poleg ?rne gore pa Lonely planet vabi tudi na ogled srednjeve\u0161kih samostanov in na treking v gorato Armenijo, med neokrnjeno tibetansko kulturo v himalajsko kraljevino Butan, pa tudi med papuanske domorodce, ki \u017ee tiso?letja \u017eivijo na enak na?in, njihovi ognjeniki so \u0161e vedno aktivni, narava pa naj bi bila polna prelepih presene?enj.<br \/>\nNa seznamu se je zna\u0161la Malezija, ki ponuja vse od divjine pa do dvoj?kov Petronas, poleg nje pa \u0161e dve afri\u0161ki dr\u017eavi, in sicer Eritreja, ki naj bi bila ena najgostoljubnej\u0161ih dr\u017eav na celini, ter Mozambik, ki ravno do\u017eivlja svoj turisti?ni razcvet.<br \/>\nB. K<a href=\"http:\/\/www.rtvslo.si\/tureavanture\/modload.php?&amp;c_mod=rnews&amp;op=sections&amp;func=read&amp;c_menu=14&amp;c_id=1799&amp;rss=1\" target=\"_blank\"><br \/>\n<strong> Izvor<\/strong>: www.rtvslo.si\/<\/a><\/p>\n<!-- vimeo error: not a vimeo video -->\n","protected":false},"excerpt":{"rendered":"<p><img loading=\"lazy\" class=\"alignleft\" style=\"float: left;\" src=\"http:\/\/www.attitudetravel.com\/books\/lonelyplanet\/logo.png\" alt=\"Lonely Plane\" width=\"140\" height=\"140\" \/><\/p>\n","protected":false},"author":1,"featured_media":0,"comment_status":"open","ping_status":"closed","sticky":false,"template":"","format":"standard","meta":{"spay_email":"","jetpack_publicize_message":"","jetpack_is_tweetstorm":false,"jetpack_publicize_feature_enabled":true},"categories":[12,15],"tags":[2880,2883,20,2881,1483,2884,2882],"jetpack_publicize_connections":[],"yoast_head":"<!-- This site is optimized with the Yoast SEO plugin v19.1 - https:\/\/yoast.com\/wordpress\/plugins\/seo\/ -->\n<title>?rna gora v leto\u0161njem najizboru Lonely planeta - Lajme nga Ulqini<\/title>\n<meta name=\"robots\" content=\"index, follow, max-snippet:-1, max-image-preview:large, max-video-preview:-1\" \/>\n<link rel=\"canonical\" href=\"https:\/\/www.visit-ulcinj.com\/blog\/2008\/04\/29\/crna-gora-v-letosnjem-najizboru-lonely-planeta\/\" \/>\n<meta property=\"og:locale\" content=\"en_US\" \/>\n<meta property=\"og:type\" content=\"article\" \/>\n<meta property=\"og:title\" content=\"?rna gora v leto\u0161njem najizboru Lonely planeta - Lajme nga Ulqini\" \/>\n<meta property=\"og:url\" content=\"https:\/\/www.visit-ulcinj.com\/blog\/2008\/04\/29\/crna-gora-v-letosnjem-najizboru-lonely-planeta\/\" \/>\n<meta property=\"og:site_name\" content=\"Lajme nga Ulqini\" \/>\n<meta property=\"article:published_time\" content=\"2008-04-29T11:44:20+00:00\" \/>\n<meta property=\"article:modified_time\" content=\"2008-04-29T21:27:14+00:00\" \/>\n<meta property=\"og:image\" content=\"http:\/\/www.attitudetravel.com\/books\/lonelyplanet\/logo.png\" \/>\n<meta name=\"twitter:label1\" content=\"Written by\" \/>\n\t<meta name=\"twitter:data1\" content=\"ulqini\" \/>\n\t<meta name=\"twitter:label2\" content=\"Est. reading time\" \/>\n\t<meta name=\"twitter:data2\" content=\"2 minutes\" \/>\n<script type=\"application\/ld+json\" class=\"yoast-schema-graph\">{\"@context\":\"https:\/\/schema.org\",\"@graph\":[{\"@type\":\"WebSite\",\"@id\":\"https:\/\/www.visit-ulcinj.com\/blog\/#website\",\"url\":\"https:\/\/www.visit-ulcinj.com\/blog\/\",\"name\":\"Lajme nga Ulqini\",\"description\":\"Lajme,Vijesti,Ulqini,Ulqin,Crna Gora,Mali i Zi\",\"potentialAction\":[{\"@type\":\"SearchAction\",\"target\":{\"@type\":\"EntryPoint\",\"urlTemplate\":\"https:\/\/www.visit-ulcinj.com\/blog\/?s={search_term_string}\"},\"query-input\":\"required name=search_term_string\"}],\"inLanguage\":\"en-US\"},{\"@type\":\"ImageObject\",\"inLanguage\":\"en-US\",\"@id\":\"https:\/\/www.visit-ulcinj.com\/blog\/2008\/04\/29\/crna-gora-v-letosnjem-najizboru-lonely-planeta\/#primaryimage\",\"url\":\"http:\/\/www.attitudetravel.com\/books\/lonelyplanet\/logo.png\",\"contentUrl\":\"http:\/\/www.attitudetravel.com\/books\/lonelyplanet\/logo.png\"},{\"@type\":\"WebPage\",\"@id\":\"https:\/\/www.visit-ulcinj.com\/blog\/2008\/04\/29\/crna-gora-v-letosnjem-najizboru-lonely-planeta\/#webpage\",\"url\":\"https:\/\/www.visit-ulcinj.com\/blog\/2008\/04\/29\/crna-gora-v-letosnjem-najizboru-lonely-planeta\/\",\"name\":\"?rna gora v leto\u0161njem najizboru Lonely planeta - Lajme nga Ulqini\",\"isPartOf\":{\"@id\":\"https:\/\/www.visit-ulcinj.com\/blog\/#website\"},\"primaryImageOfPage\":{\"@id\":\"https:\/\/www.visit-ulcinj.com\/blog\/2008\/04\/29\/crna-gora-v-letosnjem-najizboru-lonely-planeta\/#primaryimage\"},\"datePublished\":\"2008-04-29T11:44:20+00:00\",\"dateModified\":\"2008-04-29T21:27:14+00:00\",\"author\":{\"@id\":\"https:\/\/www.visit-ulcinj.com\/blog\/#\/schema\/person\/dcab619c614d3038751c63bc2aadc06d\"},\"breadcrumb\":{\"@id\":\"https:\/\/www.visit-ulcinj.com\/blog\/2008\/04\/29\/crna-gora-v-letosnjem-najizboru-lonely-planeta\/#breadcrumb\"},\"inLanguage\":\"en-US\",\"potentialAction\":[{\"@type\":\"ReadAction\",\"target\":[\"https:\/\/www.visit-ulcinj.com\/blog\/2008\/04\/29\/crna-gora-v-letosnjem-najizboru-lonely-planeta\/\"]}]},{\"@type\":\"BreadcrumbList\",\"@id\":\"https:\/\/www.visit-ulcinj.com\/blog\/2008\/04\/29\/crna-gora-v-letosnjem-najizboru-lonely-planeta\/#breadcrumb\",\"itemListElement\":[{\"@type\":\"ListItem\",\"position\":1,\"name\":\"?rna gora v leto\u0161njem najizboru Lonely planeta\"}]},{\"@type\":\"Person\",\"@id\":\"https:\/\/www.visit-ulcinj.com\/blog\/#\/schema\/person\/dcab619c614d3038751c63bc2aadc06d\",\"name\":\"ulqini\",\"sameAs\":[\"http:\/\/www.visit-ulcinj.com\"],\"url\":\"https:\/\/www.visit-ulcinj.com\/blog\/author\/admin\/\"}]}<\/script>\n<!-- \/ Yoast SEO plugin. -->","yoast_head_json":{"title":"?rna gora v leto\u0161njem najizboru Lonely planeta - Lajme nga Ulqini","robots":{"index":"index","follow":"follow","max-snippet":"max-snippet:-1","max-image-preview":"max-image-preview:large","max-video-preview":"max-video-preview:-1"},"canonical":"https:\/\/www.visit-ulcinj.com\/blog\/2008\/04\/29\/crna-gora-v-letosnjem-najizboru-lonely-planeta\/","og_locale":"en_US","og_type":"article","og_title":"?rna gora v leto\u0161njem najizboru Lonely planeta - Lajme nga Ulqini","og_url":"https:\/\/www.visit-ulcinj.com\/blog\/2008\/04\/29\/crna-gora-v-letosnjem-najizboru-lonely-planeta\/","og_site_name":"Lajme nga Ulqini","article_published_time":"2008-04-29T11:44:20+00:00","article_modified_time":"2008-04-29T21:27:14+00:00","og_image":[{"url":"http:\/\/www.attitudetravel.com\/books\/lonelyplanet\/logo.png"}],"twitter_misc":{"Written by":"ulqini","Est. reading time":"2 minutes"},"schema":{"@context":"https:\/\/schema.org","@graph":[{"@type":"WebSite","@id":"https:\/\/www.visit-ulcinj.com\/blog\/#website","url":"https:\/\/www.visit-ulcinj.com\/blog\/","name":"Lajme nga Ulqini","description":"Lajme,Vijesti,Ulqini,Ulqin,Crna Gora,Mali i Zi","potentialAction":[{"@type":"SearchAction","target":{"@type":"EntryPoint","urlTemplate":"https:\/\/www.visit-ulcinj.com\/blog\/?s={search_term_string}"},"query-input":"required name=search_term_string"}],"inLanguage":"en-US"},{"@type":"ImageObject","inLanguage":"en-US","@id":"https:\/\/www.visit-ulcinj.com\/blog\/2008\/04\/29\/crna-gora-v-letosnjem-najizboru-lonely-planeta\/#primaryimage","url":"http:\/\/www.attitudetravel.com\/books\/lonelyplanet\/logo.png","contentUrl":"http:\/\/www.attitudetravel.com\/books\/lonelyplanet\/logo.png"},{"@type":"WebPage","@id":"https:\/\/www.visit-ulcinj.com\/blog\/2008\/04\/29\/crna-gora-v-letosnjem-najizboru-lonely-planeta\/#webpage","url":"https:\/\/www.visit-ulcinj.com\/blog\/2008\/04\/29\/crna-gora-v-letosnjem-najizboru-lonely-planeta\/","name":"?rna gora v leto\u0161njem najizboru Lonely planeta - Lajme nga Ulqini","isPartOf":{"@id":"https:\/\/www.visit-ulcinj.com\/blog\/#website"},"primaryImageOfPage":{"@id":"https:\/\/www.visit-ulcinj.com\/blog\/2008\/04\/29\/crna-gora-v-letosnjem-najizboru-lonely-planeta\/#primaryimage"},"datePublished":"2008-04-29T11:44:20+00:00","dateModified":"2008-04-29T21:27:14+00:00","author":{"@id":"https:\/\/www.visit-ulcinj.com\/blog\/#\/schema\/person\/dcab619c614d3038751c63bc2aadc06d"},"breadcrumb":{"@id":"https:\/\/www.visit-ulcinj.com\/blog\/2008\/04\/29\/crna-gora-v-letosnjem-najizboru-lonely-planeta\/#breadcrumb"},"inLanguage":"en-US","potentialAction":[{"@type":"ReadAction","target":["https:\/\/www.visit-ulcinj.com\/blog\/2008\/04\/29\/crna-gora-v-letosnjem-najizboru-lonely-planeta\/"]}]},{"@type":"BreadcrumbList","@id":"https:\/\/www.visit-ulcinj.com\/blog\/2008\/04\/29\/crna-gora-v-letosnjem-najizboru-lonely-planeta\/#breadcrumb","itemListElement":[{"@type":"ListItem","position":1,"name":"?rna gora v leto\u0161njem najizboru Lonely planeta"}]},{"@type":"Person","@id":"https:\/\/www.visit-ulcinj.com\/blog\/#\/schema\/person\/dcab619c614d3038751c63bc2aadc06d","name":"ulqini","sameAs":["http:\/\/www.visit-ulcinj.com"],"url":"https:\/\/www.visit-ulcinj.com\/blog\/author\/admin\/"}]}},"jetpack_featured_media_url":"","jetpack_sharing_enabled":true,"jetpack_shortlink":"https:\/\/wp.me\/pe6lTn-no","_links":{"self":[{"href":"https:\/\/www.visit-ulcinj.com\/blog\/wp-json\/wp\/v2\/posts\/1450"}],"collection":[{"href":"https:\/\/www.visit-ulcinj.com\/blog\/wp-json\/wp\/v2\/posts"}],"about":[{"href":"https:\/\/www.visit-ulcinj.com\/blog\/wp-json\/wp\/v2\/types\/post"}],"author":[{"embeddable":true,"href":"https:\/\/www.visit-ulcinj.com\/blog\/wp-json\/wp\/v2\/users\/1"}],"replies":[{"embeddable":true,"href":"https:\/\/www.visit-ulcinj.com\/blog\/wp-json\/wp\/v2\/comments?post=1450"}],"version-history":[{"count":0,"href":"https:\/\/www.visit-ulcinj.com\/blog\/wp-json\/wp\/v2\/posts\/1450\/revisions"}],"wp:attachment":[{"href":"https:\/\/www.visit-ulcinj.com\/blog\/wp-json\/wp\/v2\/media?parent=1450"}],"wp:term":[{"taxonomy":"category","embeddable":true,"href":"https:\/\/www.visit-ulcinj.com\/blog\/wp-json\/wp\/v2\/categories?post=1450"},{"taxonomy":"post_tag","embeddable":true,"href":"https:\/\/www.visit-ulcinj.com\/blog\/wp-json\/wp\/v2\/tags?post=1450"}],"curies":[{"name":"wp","href":"https:\/\/api.w.org\/{rel}","templated":true}]}}