{"id":14500,"date":"2009-03-17T17:22:42","date_gmt":"2009-03-17T16:22:42","guid":{"rendered":"http:\/\/www.visit-ulcinj.com\/blog\/?p=14500"},"modified":"2009-03-17T17:22:42","modified_gmt":"2009-03-17T16:22:42","slug":"humbe-nje-vella-dhe-gjete-nje-moter","status":"publish","type":"post","link":"https:\/\/www.visit-ulcinj.com\/blog\/2009\/03\/17\/humbe-nje-vella-dhe-gjete-nje-moter\/","title":{"rendered":"Humbe nj\u00eb v\u00eblla dhe gjete nj\u00eb mot\u00ebr!"},"content":{"rendered":"<p><em><span class=\"newsdate\"><a href=\"http:\/\/www.visit-ulcinj.com\/blog\/wp-content\/uploads\/2009\/03\/debati-i-adit-me-mozen.jpg\"><img loading=\"lazy\" class=\"alignleft size-full wp-image-14501\" title=\"debati-i-adit-me-mozen-big-brother-albania\" src=\"http:\/\/www.visit-ulcinj.com\/blog\/wp-content\/uploads\/2009\/03\/debati-i-adit-me-mozen.jpg\" alt=\"debati-i-adit-me-mozen-big-brother-albania\" width=\"300\" height=\"205\" \/><\/a>16\/03\/09 13:02<\/span><\/em><\/p>\n<p>Adi ka k\u00ebrkuar sot, n\u00eb prani t\u00eb t\u00eb gjith\u00eb banor\u00ebve t\u00eb tjer\u00eb t\u00eb sqaroj\u00eb pozicionin e tij, n\u00eb lidhje me \u201cincidentin\u201d e pretenduar nga Mimoza dhe fjal\u00ebt e th\u00ebna prej Aid\u00ebs p\u00ebr k\u00ebt\u00eb gj\u00eb. Disa dit\u00eb m\u00eb par\u00eb, Mimoza u ka treguar vajzave se Adi e ka kafshuar n\u00eb faqe, n\u00eb nj\u00eb m\u00ebnyr\u00eb q\u00eb asaj nuk i \u00ebsht\u00eb dukur aspak shoq\u00ebrore dhe q\u00eb at\u00eb e ka b\u00ebr\u00eb t\u00eb ndihet shum\u00eb keq. N\u00eb mbrojtje t\u00eb p\u00ebrshtypjes s\u00eb saj ajo ka sjell\u00eb si argument se Adi kishte jasht\u00eb nj\u00eb t\u00eb dashur 25-vje\u00e7are, diferenc\u00eb e vog\u00ebl vitesh me mosh\u00ebn e saj, gj\u00eb q\u00eb mund t\u00eb p\u00ebrligjte faktin se ai mund ta kishte \u201cngacmuar seksualisht\u201d at\u00eb, pra se po e shihte si fem\u00ebr dhe jo si nj\u00eb mot\u00ebr t\u00eb vog\u00ebl.<br \/>\nAdi i ka th\u00ebn\u00eb Mimoz\u00ebs, para gjith\u00eb t\u00eb tjer\u00ebve, q\u00eb ai at\u00eb ishte munduar ta mbante gjithmon\u00eb pran\u00eb, si shok e si mik, q\u00eb ta mbronte dhe q\u00eb t\u00eb ndryshonte imazhin e saj t\u00eb p\u00ebrgjumur n\u00eb syt\u00eb e t\u00eb tjer\u00ebve. Qetsori ka nd\u00ebrhyr\u00eb duke th\u00ebn\u00eb se ai, personalisht, nuk kishte v\u00ebn\u00eb re asnj\u00eb q\u00ebllim apo veprim t\u00eb till\u00eb tek Adi. Ai shtoi gjithashtu se t\u00eb gjith\u00eb e kishin v\u00ebn\u00eb re q\u00eb Adi mundohej ta mbronte gjithmon\u00eb Mimoz\u00ebn.<br \/>\nAdi ka th\u00ebn\u00eb se e gjith\u00eb kjo e b\u00ebnte t\u00eb ndihej i ofenduar dhe i sulmuar. \u201cUn\u00eb kam qen\u00eb i pari k\u00ebtu \u2013 ka th\u00ebn\u00eb Adi, &#8211; q\u00eb kam th\u00ebn\u00eb se duhet t\u00eb b\u00ebjm\u00eb loj\u00eb, por me dinjitetin e tjetrit nuk duhet t\u00eb luaj\u00eb askush!\u201d. Aida ka th\u00ebn\u00eb se nuk ka ka shprehur kurr\u00eb se Adi, deri sa kishte t\u00eb dashur\u00ebn 25vje\u00e7e, nuk mund ta shihte Mimoz\u00ebn si vajz\u00eb t\u00eb vog\u00ebl. Ajo ka th\u00ebn\u00eb se ato fjal\u00eb kishin dal\u00eb nga goja e Mimoz\u00ebs. Ajo ka shtuar se ishte e v\u00ebrtet\u00eb q\u00eb kishte reaguar keq, por ky reagim nuk ishte i ndrysh\u00ebm nga ai i Adelajdes apo Bjordit, n\u00eb momentin q\u00eb dhe ata e kishin marr\u00eb vesh.\u00a0<br \/>\nN\u00eb at\u00eb moment ka nd\u00ebrhyr\u00eb Adelajda, t\u00eb cil\u00ebs pak m\u00eb par\u00eb Adi i ka shprehur keqardhjen q\u00eb nuk e kishte v\u00ebn\u00eb n\u00eb dijeni t\u00eb k\u00ebsaj gj\u00ebje kaq t\u00eb r\u00ebnd\u00ebsishme. Adelajda tha se kur Mimoza i kishte th\u00ebn\u00eb q\u00eb Adi e kishte kafshuar, ajo kishte th\u00ebn\u00eb, fillimisht, se atij duhet t\u2019i vinte turp e m\u00eb pas se kjo mund t\u00eb kishte qen\u00eb me shaka e q\u00eb Mimoza mund ta kishte marr\u00eb m\u00eb keq se \u00e7\u2019duhej. Por vazhdimi i fjal\u00ebve t\u00eb saj e ka v\u00ebn\u00eb at\u00eb p\u00ebrball\u00eb Aid\u00ebs. Ajo ka th\u00ebn\u00eb se n\u00eb analogji me rastin e Mimoz\u00ebs, Aida kishte sjell\u00eb nj\u00eb ngjarje t\u00eb f\u00ebmij\u00ebris\u00eb s\u00eb saj, kur daja e shoqes s\u00eb saj kishte b\u00ebr\u00eb kundrejt saj, nj\u00eb veprim q\u00eb at\u00eb e kishte b\u00ebr\u00eb t\u00eb ndihej keq. \u201cTi the q\u00eb Adi \u00ebsht\u00eb 40 vje\u00e7, ku ta dim\u00eb ne sesi \u00ebsht\u00eb ai. Nuk \u00ebsht\u00eb p\u00ebrmbajtur! \u2013 i ka th\u00ebn\u00eb ajo Aid\u00ebs. Po sipas Adeljades, biseda mes vajzave, p\u00ebr Adin, \u00ebsht\u00eb b\u00ebr\u00eb sikur Adi t\u00eb ishte v\u00ebrtet \u201ci till\u00eb\u201d. \u201cMos e dridh muhabetin, Aida, -ka vazhduar ajo, ti n\u00eb asnj\u00eb moment nuk the q\u00eb Adi \u00ebsht\u00eb djal\u00eb i mir\u00eb!\u201d.Ajo shtoi, duke iu drejtuar Republik\u00ebs, se edhe ajo kishte th\u00ebn\u00eb q\u00eb Adi i kishte b\u00ebr\u00eb nj\u00eb gjest t\u00eb ngjash\u00ebm, duke e kafshuar n\u00eb kok\u00eb, por ajo nuk ia kishte v\u00ebn\u00eb re. Adelajda u rikujtoi vajzave ato \u00e7far\u00eb u kishte th\u00ebn\u00eb n\u00eb dhom\u00eb, dit\u00eb m\u00eb par\u00eb, se po krijonin nj\u00eb histori t\u00eb t\u00ebr\u00eb, p\u00ebr nj\u00eb gj\u00eb kaq t\u00eb vog\u00ebl. \u201cZoti t\u00eb gjitha t\u2019i fal, por mosmir\u00ebnjohjen jo!\u201d- i ka th\u00ebn\u00eb Adi Mimoz\u00ebs. Ai ka vazhduar duke th\u00ebn\u00eb se ajo e kishte nxjerr\u00eb shum\u00eb t\u00eb posht\u00ebr, n\u00eb syt\u00eb e t\u00eb gjith\u00ebve. \u201cMegjithat\u00eb, &#8211; ka shtuar me ironi ai, &#8211; humbe nj\u00eb v\u00eblla dhe gjete nj\u00eb mot\u00ebr!\u201d.<\/p>\n","protected":false},"excerpt":{"rendered":"<p>16\/03\/09 13:02 Adi ka k\u00ebrkuar sot, n\u00eb prani t\u00eb t\u00eb gjith\u00eb banor\u00ebve t\u00eb tjer\u00eb t\u00eb sqaroj\u00eb pozicionin e tij, n\u00eb lidhje me \u201cincidentin\u201d e pretenduar nga Mimoza dhe fjal\u00ebt e th\u00ebna prej Aid\u00ebs p\u00ebr k\u00ebt\u00eb gj\u00eb. Disa dit\u00eb m\u00eb par\u00eb, Mimoza u ka treguar vajzave se Adi e ka kafshuar n\u00eb faqe, n\u00eb nj\u00eb m\u00ebnyr\u00eb [&hellip;]<\/p>\n","protected":false},"author":1,"featured_media":0,"comment_status":"open","ping_status":"closed","sticky":false,"template":"","format":"standard","meta":{"spay_email":"","jetpack_publicize_message":"","jetpack_is_tweetstorm":false,"jetpack_publicize_feature_enabled":true},"categories":[6502],"tags":[6529,1414,6537,6525,6883,6516,6712,6522,6544,6891],"jetpack_publicize_connections":[],"yoast_head":"<!-- This site is optimized with the Yoast SEO plugin v19.1 - https:\/\/yoast.com\/wordpress\/plugins\/seo\/ -->\n<title>Humbe nj\u00c3\u00ab v\u00c3\u00ablla dhe gjete nj\u00c3\u00ab mot\u00c3\u00abr! | Big Brother Albania 2<\/title>\n<meta name=\"description\" content=\"Big Brother Albania 2 - Adi ka k\u00c3\u00abrkuar sot, n\u00c3\u00ab prani t\u00c3\u00ab t\u00c3\u00ab gjith\u00c3\u00ab banor\u00c3\u00abve t\u00c3\u00ab tjer\u00c3\u00ab t\u00c3\u00ab sqaroj\u00c3\u00ab pozicionin e tij\" \/>\n<meta name=\"robots\" content=\"index, follow, max-snippet:-1, max-image-preview:large, max-video-preview:-1\" \/>\n<link rel=\"canonical\" href=\"https:\/\/www.visit-ulcinj.com\/blog\/2009\/03\/17\/humbe-nje-vella-dhe-gjete-nje-moter\/\" \/>\n<meta property=\"og:locale\" content=\"en_US\" \/>\n<meta property=\"og:type\" content=\"article\" \/>\n<meta property=\"og:title\" content=\"Humbe nj\u00c3\u00ab v\u00c3\u00ablla dhe gjete nj\u00c3\u00ab mot\u00c3\u00abr! | Big Brother Albania 2\" \/>\n<meta property=\"og:description\" content=\"Big Brother Albania 2 - Adi ka k\u00c3\u00abrkuar sot, n\u00c3\u00ab prani t\u00c3\u00ab t\u00c3\u00ab gjith\u00c3\u00ab banor\u00c3\u00abve t\u00c3\u00ab tjer\u00c3\u00ab t\u00c3\u00ab sqaroj\u00c3\u00ab pozicionin e tij\" \/>\n<meta property=\"og:url\" content=\"https:\/\/www.visit-ulcinj.com\/blog\/2009\/03\/17\/humbe-nje-vella-dhe-gjete-nje-moter\/\" \/>\n<meta property=\"og:site_name\" content=\"Lajme nga Ulqini\" \/>\n<meta property=\"article:published_time\" content=\"2009-03-17T16:22:42+00:00\" \/>\n<meta property=\"og:image\" content=\"http:\/\/www.visit-ulcinj.com\/blog\/wp-content\/uploads\/2009\/03\/debati-i-adit-me-mozen.jpg\" \/>\n<meta name=\"twitter:label1\" content=\"Written by\" \/>\n\t<meta name=\"twitter:data1\" content=\"ulqini\" \/>\n\t<meta name=\"twitter:label2\" content=\"Est. reading time\" \/>\n\t<meta name=\"twitter:data2\" content=\"3 minutes\" \/>\n<script type=\"application\/ld+json\" class=\"yoast-schema-graph\">{\"@context\":\"https:\/\/schema.org\",\"@graph\":[{\"@type\":\"WebSite\",\"@id\":\"https:\/\/www.visit-ulcinj.com\/blog\/#website\",\"url\":\"https:\/\/www.visit-ulcinj.com\/blog\/\",\"name\":\"Lajme nga Ulqini\",\"description\":\"Lajme,Vijesti,Ulqini,Ulqin,Crna Gora,Mali i Zi\",\"potentialAction\":[{\"@type\":\"SearchAction\",\"target\":{\"@type\":\"EntryPoint\",\"urlTemplate\":\"https:\/\/www.visit-ulcinj.com\/blog\/?s={search_term_string}\"},\"query-input\":\"required name=search_term_string\"}],\"inLanguage\":\"en-US\"},{\"@type\":\"ImageObject\",\"inLanguage\":\"en-US\",\"@id\":\"https:\/\/www.visit-ulcinj.com\/blog\/2009\/03\/17\/humbe-nje-vella-dhe-gjete-nje-moter\/#primaryimage\",\"url\":\"http:\/\/www.visit-ulcinj.com\/blog\/wp-content\/uploads\/2009\/03\/debati-i-adit-me-mozen.jpg\",\"contentUrl\":\"http:\/\/www.visit-ulcinj.com\/blog\/wp-content\/uploads\/2009\/03\/debati-i-adit-me-mozen.jpg\"},{\"@type\":\"WebPage\",\"@id\":\"https:\/\/www.visit-ulcinj.com\/blog\/2009\/03\/17\/humbe-nje-vella-dhe-gjete-nje-moter\/#webpage\",\"url\":\"https:\/\/www.visit-ulcinj.com\/blog\/2009\/03\/17\/humbe-nje-vella-dhe-gjete-nje-moter\/\",\"name\":\"Humbe nj\u00c3\u00ab v\u00c3\u00ablla dhe gjete nj\u00c3\u00ab mot\u00c3\u00abr! | Big Brother Albania 2\",\"isPartOf\":{\"@id\":\"https:\/\/www.visit-ulcinj.com\/blog\/#website\"},\"primaryImageOfPage\":{\"@id\":\"https:\/\/www.visit-ulcinj.com\/blog\/2009\/03\/17\/humbe-nje-vella-dhe-gjete-nje-moter\/#primaryimage\"},\"datePublished\":\"2009-03-17T16:22:42+00:00\",\"dateModified\":\"2009-03-17T16:22:42+00:00\",\"author\":{\"@id\":\"https:\/\/www.visit-ulcinj.com\/blog\/#\/schema\/person\/dcab619c614d3038751c63bc2aadc06d\"},\"description\":\"Big Brother Albania 2 - Adi ka k\u00c3\u00abrkuar sot, n\u00c3\u00ab prani t\u00c3\u00ab t\u00c3\u00ab gjith\u00c3\u00ab banor\u00c3\u00abve t\u00c3\u00ab tjer\u00c3\u00ab t\u00c3\u00ab sqaroj\u00c3\u00ab pozicionin e tij\",\"breadcrumb\":{\"@id\":\"https:\/\/www.visit-ulcinj.com\/blog\/2009\/03\/17\/humbe-nje-vella-dhe-gjete-nje-moter\/#breadcrumb\"},\"inLanguage\":\"en-US\",\"potentialAction\":[{\"@type\":\"ReadAction\",\"target\":[\"https:\/\/www.visit-ulcinj.com\/blog\/2009\/03\/17\/humbe-nje-vella-dhe-gjete-nje-moter\/\"]}]},{\"@type\":\"BreadcrumbList\",\"@id\":\"https:\/\/www.visit-ulcinj.com\/blog\/2009\/03\/17\/humbe-nje-vella-dhe-gjete-nje-moter\/#breadcrumb\",\"itemListElement\":[{\"@type\":\"ListItem\",\"position\":1,\"name\":\"Humbe nj\u00eb v\u00eblla dhe gjete nj\u00eb mot\u00ebr!\"}]},{\"@type\":\"Person\",\"@id\":\"https:\/\/www.visit-ulcinj.com\/blog\/#\/schema\/person\/dcab619c614d3038751c63bc2aadc06d\",\"name\":\"ulqini\",\"sameAs\":[\"http:\/\/www.visit-ulcinj.com\"],\"url\":\"https:\/\/www.visit-ulcinj.com\/blog\/author\/admin\/\"}]}<\/script>\n<!-- \/ Yoast SEO plugin. -->","yoast_head_json":{"title":"Humbe nj\u00c3\u00ab v\u00c3\u00ablla dhe gjete nj\u00c3\u00ab mot\u00c3\u00abr! | Big Brother Albania 2","description":"Big Brother Albania 2 - Adi ka k\u00c3\u00abrkuar sot, n\u00c3\u00ab prani t\u00c3\u00ab t\u00c3\u00ab gjith\u00c3\u00ab banor\u00c3\u00abve t\u00c3\u00ab tjer\u00c3\u00ab t\u00c3\u00ab sqaroj\u00c3\u00ab pozicionin e tij","robots":{"index":"index","follow":"follow","max-snippet":"max-snippet:-1","max-image-preview":"max-image-preview:large","max-video-preview":"max-video-preview:-1"},"canonical":"https:\/\/www.visit-ulcinj.com\/blog\/2009\/03\/17\/humbe-nje-vella-dhe-gjete-nje-moter\/","og_locale":"en_US","og_type":"article","og_title":"Humbe nj\u00c3\u00ab v\u00c3\u00ablla dhe gjete nj\u00c3\u00ab mot\u00c3\u00abr! | Big Brother Albania 2","og_description":"Big Brother Albania 2 - Adi ka k\u00c3\u00abrkuar sot, n\u00c3\u00ab prani t\u00c3\u00ab t\u00c3\u00ab gjith\u00c3\u00ab banor\u00c3\u00abve t\u00c3\u00ab tjer\u00c3\u00ab t\u00c3\u00ab sqaroj\u00c3\u00ab pozicionin e tij","og_url":"https:\/\/www.visit-ulcinj.com\/blog\/2009\/03\/17\/humbe-nje-vella-dhe-gjete-nje-moter\/","og_site_name":"Lajme nga Ulqini","article_published_time":"2009-03-17T16:22:42+00:00","og_image":[{"url":"http:\/\/www.visit-ulcinj.com\/blog\/wp-content\/uploads\/2009\/03\/debati-i-adit-me-mozen.jpg"}],"twitter_misc":{"Written by":"ulqini","Est. reading time":"3 minutes"},"schema":{"@context":"https:\/\/schema.org","@graph":[{"@type":"WebSite","@id":"https:\/\/www.visit-ulcinj.com\/blog\/#website","url":"https:\/\/www.visit-ulcinj.com\/blog\/","name":"Lajme nga Ulqini","description":"Lajme,Vijesti,Ulqini,Ulqin,Crna Gora,Mali i Zi","potentialAction":[{"@type":"SearchAction","target":{"@type":"EntryPoint","urlTemplate":"https:\/\/www.visit-ulcinj.com\/blog\/?s={search_term_string}"},"query-input":"required name=search_term_string"}],"inLanguage":"en-US"},{"@type":"ImageObject","inLanguage":"en-US","@id":"https:\/\/www.visit-ulcinj.com\/blog\/2009\/03\/17\/humbe-nje-vella-dhe-gjete-nje-moter\/#primaryimage","url":"http:\/\/www.visit-ulcinj.com\/blog\/wp-content\/uploads\/2009\/03\/debati-i-adit-me-mozen.jpg","contentUrl":"http:\/\/www.visit-ulcinj.com\/blog\/wp-content\/uploads\/2009\/03\/debati-i-adit-me-mozen.jpg"},{"@type":"WebPage","@id":"https:\/\/www.visit-ulcinj.com\/blog\/2009\/03\/17\/humbe-nje-vella-dhe-gjete-nje-moter\/#webpage","url":"https:\/\/www.visit-ulcinj.com\/blog\/2009\/03\/17\/humbe-nje-vella-dhe-gjete-nje-moter\/","name":"Humbe nj\u00c3\u00ab v\u00c3\u00ablla dhe gjete nj\u00c3\u00ab mot\u00c3\u00abr! | Big Brother Albania 2","isPartOf":{"@id":"https:\/\/www.visit-ulcinj.com\/blog\/#website"},"primaryImageOfPage":{"@id":"https:\/\/www.visit-ulcinj.com\/blog\/2009\/03\/17\/humbe-nje-vella-dhe-gjete-nje-moter\/#primaryimage"},"datePublished":"2009-03-17T16:22:42+00:00","dateModified":"2009-03-17T16:22:42+00:00","author":{"@id":"https:\/\/www.visit-ulcinj.com\/blog\/#\/schema\/person\/dcab619c614d3038751c63bc2aadc06d"},"description":"Big Brother Albania 2 - Adi ka k\u00c3\u00abrkuar sot, n\u00c3\u00ab prani t\u00c3\u00ab t\u00c3\u00ab gjith\u00c3\u00ab banor\u00c3\u00abve t\u00c3\u00ab tjer\u00c3\u00ab t\u00c3\u00ab sqaroj\u00c3\u00ab pozicionin e tij","breadcrumb":{"@id":"https:\/\/www.visit-ulcinj.com\/blog\/2009\/03\/17\/humbe-nje-vella-dhe-gjete-nje-moter\/#breadcrumb"},"inLanguage":"en-US","potentialAction":[{"@type":"ReadAction","target":["https:\/\/www.visit-ulcinj.com\/blog\/2009\/03\/17\/humbe-nje-vella-dhe-gjete-nje-moter\/"]}]},{"@type":"BreadcrumbList","@id":"https:\/\/www.visit-ulcinj.com\/blog\/2009\/03\/17\/humbe-nje-vella-dhe-gjete-nje-moter\/#breadcrumb","itemListElement":[{"@type":"ListItem","position":1,"name":"Humbe nj\u00eb v\u00eblla dhe gjete nj\u00eb mot\u00ebr!"}]},{"@type":"Person","@id":"https:\/\/www.visit-ulcinj.com\/blog\/#\/schema\/person\/dcab619c614d3038751c63bc2aadc06d","name":"ulqini","sameAs":["http:\/\/www.visit-ulcinj.com"],"url":"https:\/\/www.visit-ulcinj.com\/blog\/author\/admin\/"}]}},"jetpack_featured_media_url":"","jetpack_sharing_enabled":true,"jetpack_shortlink":"https:\/\/wp.me\/pe6lTn-3LS","_links":{"self":[{"href":"https:\/\/www.visit-ulcinj.com\/blog\/wp-json\/wp\/v2\/posts\/14500"}],"collection":[{"href":"https:\/\/www.visit-ulcinj.com\/blog\/wp-json\/wp\/v2\/posts"}],"about":[{"href":"https:\/\/www.visit-ulcinj.com\/blog\/wp-json\/wp\/v2\/types\/post"}],"author":[{"embeddable":true,"href":"https:\/\/www.visit-ulcinj.com\/blog\/wp-json\/wp\/v2\/users\/1"}],"replies":[{"embeddable":true,"href":"https:\/\/www.visit-ulcinj.com\/blog\/wp-json\/wp\/v2\/comments?post=14500"}],"version-history":[{"count":0,"href":"https:\/\/www.visit-ulcinj.com\/blog\/wp-json\/wp\/v2\/posts\/14500\/revisions"}],"wp:attachment":[{"href":"https:\/\/www.visit-ulcinj.com\/blog\/wp-json\/wp\/v2\/media?parent=14500"}],"wp:term":[{"taxonomy":"category","embeddable":true,"href":"https:\/\/www.visit-ulcinj.com\/blog\/wp-json\/wp\/v2\/categories?post=14500"},{"taxonomy":"post_tag","embeddable":true,"href":"https:\/\/www.visit-ulcinj.com\/blog\/wp-json\/wp\/v2\/tags?post=14500"}],"curies":[{"name":"wp","href":"https:\/\/api.w.org\/{rel}","templated":true}]}}