{"id":1451,"date":"2008-04-29T13:42:44","date_gmt":"2008-04-29T18:42:44","guid":{"rendered":"http:\/\/www.visit-ulcinj.com\/blog\/?p=1451"},"modified":"2008-04-29T13:42:44","modified_gmt":"2008-04-29T18:42:44","slug":"mehmet-bardhi-zauzeo-savjet","status":"publish","type":"post","link":"https:\/\/www.visit-ulcinj.com\/blog\/2008\/04\/29\/mehmet-bardhi-zauzeo-savjet\/","title":{"rendered":"Mehmet Bardhi zauzeo Savjet"},"content":{"rendered":"<p><img loading=\"lazy\" class=\"alignleft\" style=\"float: left;\" src=\"http:\/\/www.vijesti.cg.yu\/_slike\/1209421451.jpg\" alt=\"MEHMET BARDHI\" width=\"290\" height=\"190\" \/><strong>DUA odlu?ila da se \u017eali ustavnom sudu zbog izbora ?lanova nacionalnog savjeta albanaca<\/strong><br \/>\nUlcinj\/Podgorica &#8211; Predsjednik Demokratskog saveza Mehmet Bardhi naljutio je svoje kolege iz Demokratske unije Albanaca koji su, kao i ?elnici Partije demokratskog prosperiteta prije nekoliko dana, najavili \u017ealbu Ustavnom sudu. Razlog je izbor elektorske skup\u0161tine Nacionalnog savjeta Albanaca u kojoj su, kako tvrde u DUA i PDP-u, ogromnu ve?inu mjesta zauzeli ?lanovi Bardhijeve stranke.<br \/>\nBardhi isti?e da je sve ura?eno u skladu sa zakonom, a \u0161efica odborni?kog kluba DUA u ulcinjsklom parlamentu Hatid\u017ea ?oni ima druga?ije mi\u0161ljenje:Mislim da su 13 od 15 izabranih na elektorskoj skup\u0161tini ?lanovi Demokratskog saveza. Tu je ?ak i potpredsjednik te partije iako u zakonu stoji da politika svoj prolaz u manjinski savjet ima samo kroz funkcije po principu automatizma.<br \/>\n?oni je ju?e Vijestima rekla da je na elektorskoj skup\u0161tini u Ulcinju trebalo da budu birani nezavisni intelektualci i predstavnici NVO sektora umjesto politi?ara.<br \/>\nPredsjednik DUA Ferhat Dino\u0161a najavio je da ?e ta partija tra\u017eiti od Ustavnog suda poni\u0161tenje odluka elektorske skup\u0161tine Nacionalnog savjeta Albanaca (NSA) jer su nezakonite i nelegitimne.<br \/>\nZakon jasno ka\u017ee da politi?ari ulaze u Savjet putem automatizma, \u0161to podrazumijeva da drugi dio NSA ?ine predstavnici civilnog sektora i nezavisni intelektualci, koji se biraju na elektorskoj skup\u0161tini, rekao je Dino\u0161a, najavljuju?i da ?e tra\u017eiti od Ministarstva za manjinska prava poja\u0161njenje duha i slova Zakona.<br \/>\nNSA, nakon \u0161to su to uradili i elektori u ime hrvatske, muslimanske i bo\u0161nja?ke manjine, konstituisan je u subotu 26. aprila.<br \/>\nSedam dana ranije, u to tijelo, na elektorskoj skup\u0161tini koja je odr\u017eana 19. aprila u Ulcinju izabrani su Agron Mehmedi, Ali ?e?britaj, Daut Ceka, Fadilj Kova?i, Gani Kukaj, Hajrudin Kova?i, Husein Daci?, Ismailj Doda, Mehmet Tafica, Musa ?okaj, Naser Pera\u0161evi?, Paljo Dre\u0161aj, Tahir ?onbaljaj, Tahir Tahiri i Taip Kurti. Osim njih 15, u Savjet su po automatizmu u\u0161li 20 politi?kih prdstavnika Albanaca &#8211; od lidera svih stranaka i ministra za prava manjina Fuada Nimanija do \u0161efova odborni?kih klubova.<br \/>\nBardhi tvrdi da su izbori za elektrore sprovedeni u skladu sa zakonima i pod nadzorom resornog ministarstva.<img loading=\"lazy\" class=\"alignright\" style=\"float: right;\" src=\"http:\/\/www.vlada.cg.yu\/img\/1202309747.jpg\" alt=\"FUAD NIMANI_CUCA\" width=\"250\" height=\"186\" \/><br \/>\nNa konstitutivnoj sjednici u subotu, bili su prisutni ministar Fuad Nimani i njegovi najbli\u017ei saradnici Orhan \u0160ahmanovi? i Gazmend Cuca i 26 od 35 ?lanova Savjeta. Sjednici nijesu prisustvovali ?lanovi Savjeta iz DUA i DPS i onda smo imali jednu apsurdnu situaciju gdje je ministarstvo organizator, a vlast opstrukcija, kazao je Bardhi ju?e Vijestima.<br \/>\nOn je objasnio da su elektori konkurisali na osnovu prikupljenih potpisa i po pravilima koje je donijelo Ministarstvo.<br \/>\nZato je nesuvislo svako prebrojavanje po politi?kom klju?u, ocjenuje Bardhi.<br \/>\n\u017dalbu Ustavnom sudu zbog nezakonitog izbora ?lanova manjinskog Savjeta Albanaca ranije je najavio i funkcioner PDP-a Muhamet Nika:Svi izabrani pripadaju nekoj od lokalnih partija. Najvi\u0161e ih je iz DS i to nas ?udi budu?i da ta partija ne priznaje Ministarstvo manjina i manjinski savjet.<\/p>\n<p><strong>IZA SVAKOG ELEKTORA 100 GRA?ANA<\/strong><br \/>\nPo Zakonu o pravima manjinskih naroda i pravilima Ministarstva, svaka manjina mo\u017ee izabrati svoj savjet tako \u0161to pripadnici manjina podnesu Ministarstvu inicijativu za sazivanje elektorske skup\u0161tine.<br \/>\nPotreban je dokaz o bira?kom pravu, 100 potpisa i izjava o svojoj nacionalnoj pripadnosti. Elektorska skup\u0161tina zakazuje se u roku od najvi\u0161e 120 dana, a svaki gra?anin mo\u017ee da bude elektor, s tim da potpusuje izjavu da je pripadnik manjine, dostavlja dokaz da ima pravo glasa na izborima i da ga podr\u017eava potpisima stotinu gra?ana sa pravom glasa. Svaki elektor ima pravo da bira i da bude biran.<br \/>\nSavjet mora biti konsultovan kada se donose zakoni koji se ti?u prava i obaveza manjinsikih naroda, obrazovni programi&#8230; On zastupa manjinski narod pred organima dr\u017eavne uprave i lokalne samouprave.<br \/>\n<strong><br \/>\n<\/strong><img loading=\"lazy\" class=\"alignleft\" style=\"float: left;\" src=\"http:\/\/www.gom.cg.yu\/img\/1074770150.jpg\" alt=\"Sabahudin Deli?\" width=\"134\" height=\"141\" \/><strong>DELI?: NIKOME NA ?ELU NE PI\u0160E U KOJOJ JE STRANCI<\/strong><br \/>\nVolio bih da ?ujem koji ?lan zakona je prekr\u0161en, kazao je ju?e pomo?nik ministra za prava manjina Sabahudin Deli?.<br \/>\nPovodom \u017ealbi iz DUA on je Vijestima rekao da je sve ura?eno u skladu sa procedurom i da nikome na ?elu ne pi\u0161e iz koje partije dolazi.<br \/>\nMinistarstvo ne mo\u017ee da ima uvid ko za koga glasa i ko je ?iji ?lan, niti nas to zanima.<br \/>\nAli neko ako ima, ako \u017eeli da se osporava bilo \u0161ta, nije ni to problem, samo neka uka\u017ee \u0161to je propust i koji ?lan zakona nije ispo\u0161tovan, naglasio je Deli?.<\/p>\n<p><strong>S.A.-N?.R.<br \/>\nVIJESTI<\/strong><\/p>\n","protected":false},"excerpt":{"rendered":"<p><img loading=\"lazy\" class=\"alignleft\" style=\"float: left;\" src=\"http:\/\/www.vijesti.cg.yu\/_slike\/1209421451.jpg\" alt=\"MEHMET BARDHI\" width=\"140\" height=\"140\" \/><\/p>\n","protected":false},"author":1,"featured_media":0,"comment_status":"open","ping_status":"closed","sticky":false,"template":"","format":"standard","meta":{"spay_email":"","jetpack_publicize_message":"","jetpack_is_tweetstorm":false,"jetpack_publicize_feature_enabled":true},"categories":[6,12],"tags":[2572,2573,2574,2575,106,2576,2888,2577,2578,2579,347,2530,2580,2581,2887,2582,2885,678,2583,899,2886],"jetpack_publicize_connections":[],"yoast_head":"<!-- This site is optimized with the Yoast SEO plugin v19.1 - https:\/\/yoast.com\/wordpress\/plugins\/seo\/ -->\n<title>Mehmet Bardhi zauzeo Savjet - Lajme nga Ulqini<\/title>\n<meta name=\"robots\" content=\"index, follow, max-snippet:-1, max-image-preview:large, max-video-preview:-1\" \/>\n<link rel=\"canonical\" href=\"https:\/\/www.visit-ulcinj.com\/blog\/2008\/04\/29\/mehmet-bardhi-zauzeo-savjet\/\" \/>\n<meta property=\"og:locale\" content=\"en_US\" \/>\n<meta property=\"og:type\" content=\"article\" \/>\n<meta property=\"og:title\" content=\"Mehmet Bardhi zauzeo Savjet - Lajme nga Ulqini\" \/>\n<meta property=\"og:url\" content=\"https:\/\/www.visit-ulcinj.com\/blog\/2008\/04\/29\/mehmet-bardhi-zauzeo-savjet\/\" \/>\n<meta property=\"og:site_name\" content=\"Lajme nga Ulqini\" \/>\n<meta property=\"article:published_time\" content=\"2008-04-29T18:42:44+00:00\" \/>\n<meta property=\"og:image\" content=\"http:\/\/www.vijesti.cg.yu\/_slike\/1209421451.jpg\" \/>\n<meta name=\"twitter:label1\" content=\"Written by\" \/>\n\t<meta name=\"twitter:data1\" content=\"ulqini\" \/>\n\t<meta name=\"twitter:label2\" content=\"Est. reading time\" \/>\n\t<meta name=\"twitter:data2\" content=\"4 minutes\" \/>\n<script type=\"application\/ld+json\" class=\"yoast-schema-graph\">{\"@context\":\"https:\/\/schema.org\",\"@graph\":[{\"@type\":\"WebSite\",\"@id\":\"https:\/\/www.visit-ulcinj.com\/blog\/#website\",\"url\":\"https:\/\/www.visit-ulcinj.com\/blog\/\",\"name\":\"Lajme nga Ulqini\",\"description\":\"Lajme,Vijesti,Ulqini,Ulqin,Crna Gora,Mali i Zi\",\"potentialAction\":[{\"@type\":\"SearchAction\",\"target\":{\"@type\":\"EntryPoint\",\"urlTemplate\":\"https:\/\/www.visit-ulcinj.com\/blog\/?s={search_term_string}\"},\"query-input\":\"required name=search_term_string\"}],\"inLanguage\":\"en-US\"},{\"@type\":\"ImageObject\",\"inLanguage\":\"en-US\",\"@id\":\"https:\/\/www.visit-ulcinj.com\/blog\/2008\/04\/29\/mehmet-bardhi-zauzeo-savjet\/#primaryimage\",\"url\":\"http:\/\/www.vijesti.cg.yu\/_slike\/1209421451.jpg\",\"contentUrl\":\"http:\/\/www.vijesti.cg.yu\/_slike\/1209421451.jpg\"},{\"@type\":\"WebPage\",\"@id\":\"https:\/\/www.visit-ulcinj.com\/blog\/2008\/04\/29\/mehmet-bardhi-zauzeo-savjet\/#webpage\",\"url\":\"https:\/\/www.visit-ulcinj.com\/blog\/2008\/04\/29\/mehmet-bardhi-zauzeo-savjet\/\",\"name\":\"Mehmet Bardhi zauzeo Savjet - Lajme nga Ulqini\",\"isPartOf\":{\"@id\":\"https:\/\/www.visit-ulcinj.com\/blog\/#website\"},\"primaryImageOfPage\":{\"@id\":\"https:\/\/www.visit-ulcinj.com\/blog\/2008\/04\/29\/mehmet-bardhi-zauzeo-savjet\/#primaryimage\"},\"datePublished\":\"2008-04-29T18:42:44+00:00\",\"dateModified\":\"2008-04-29T18:42:44+00:00\",\"author\":{\"@id\":\"https:\/\/www.visit-ulcinj.com\/blog\/#\/schema\/person\/dcab619c614d3038751c63bc2aadc06d\"},\"breadcrumb\":{\"@id\":\"https:\/\/www.visit-ulcinj.com\/blog\/2008\/04\/29\/mehmet-bardhi-zauzeo-savjet\/#breadcrumb\"},\"inLanguage\":\"en-US\",\"potentialAction\":[{\"@type\":\"ReadAction\",\"target\":[\"https:\/\/www.visit-ulcinj.com\/blog\/2008\/04\/29\/mehmet-bardhi-zauzeo-savjet\/\"]}]},{\"@type\":\"BreadcrumbList\",\"@id\":\"https:\/\/www.visit-ulcinj.com\/blog\/2008\/04\/29\/mehmet-bardhi-zauzeo-savjet\/#breadcrumb\",\"itemListElement\":[{\"@type\":\"ListItem\",\"position\":1,\"name\":\"Mehmet Bardhi zauzeo Savjet\"}]},{\"@type\":\"Person\",\"@id\":\"https:\/\/www.visit-ulcinj.com\/blog\/#\/schema\/person\/dcab619c614d3038751c63bc2aadc06d\",\"name\":\"ulqini\",\"sameAs\":[\"http:\/\/www.visit-ulcinj.com\"],\"url\":\"https:\/\/www.visit-ulcinj.com\/blog\/author\/admin\/\"}]}<\/script>\n<!-- \/ Yoast SEO plugin. -->","yoast_head_json":{"title":"Mehmet Bardhi zauzeo Savjet - Lajme nga Ulqini","robots":{"index":"index","follow":"follow","max-snippet":"max-snippet:-1","max-image-preview":"max-image-preview:large","max-video-preview":"max-video-preview:-1"},"canonical":"https:\/\/www.visit-ulcinj.com\/blog\/2008\/04\/29\/mehmet-bardhi-zauzeo-savjet\/","og_locale":"en_US","og_type":"article","og_title":"Mehmet Bardhi zauzeo Savjet - Lajme nga Ulqini","og_url":"https:\/\/www.visit-ulcinj.com\/blog\/2008\/04\/29\/mehmet-bardhi-zauzeo-savjet\/","og_site_name":"Lajme nga Ulqini","article_published_time":"2008-04-29T18:42:44+00:00","og_image":[{"url":"http:\/\/www.vijesti.cg.yu\/_slike\/1209421451.jpg"}],"twitter_misc":{"Written by":"ulqini","Est. reading time":"4 minutes"},"schema":{"@context":"https:\/\/schema.org","@graph":[{"@type":"WebSite","@id":"https:\/\/www.visit-ulcinj.com\/blog\/#website","url":"https:\/\/www.visit-ulcinj.com\/blog\/","name":"Lajme nga Ulqini","description":"Lajme,Vijesti,Ulqini,Ulqin,Crna Gora,Mali i Zi","potentialAction":[{"@type":"SearchAction","target":{"@type":"EntryPoint","urlTemplate":"https:\/\/www.visit-ulcinj.com\/blog\/?s={search_term_string}"},"query-input":"required name=search_term_string"}],"inLanguage":"en-US"},{"@type":"ImageObject","inLanguage":"en-US","@id":"https:\/\/www.visit-ulcinj.com\/blog\/2008\/04\/29\/mehmet-bardhi-zauzeo-savjet\/#primaryimage","url":"http:\/\/www.vijesti.cg.yu\/_slike\/1209421451.jpg","contentUrl":"http:\/\/www.vijesti.cg.yu\/_slike\/1209421451.jpg"},{"@type":"WebPage","@id":"https:\/\/www.visit-ulcinj.com\/blog\/2008\/04\/29\/mehmet-bardhi-zauzeo-savjet\/#webpage","url":"https:\/\/www.visit-ulcinj.com\/blog\/2008\/04\/29\/mehmet-bardhi-zauzeo-savjet\/","name":"Mehmet Bardhi zauzeo Savjet - Lajme nga Ulqini","isPartOf":{"@id":"https:\/\/www.visit-ulcinj.com\/blog\/#website"},"primaryImageOfPage":{"@id":"https:\/\/www.visit-ulcinj.com\/blog\/2008\/04\/29\/mehmet-bardhi-zauzeo-savjet\/#primaryimage"},"datePublished":"2008-04-29T18:42:44+00:00","dateModified":"2008-04-29T18:42:44+00:00","author":{"@id":"https:\/\/www.visit-ulcinj.com\/blog\/#\/schema\/person\/dcab619c614d3038751c63bc2aadc06d"},"breadcrumb":{"@id":"https:\/\/www.visit-ulcinj.com\/blog\/2008\/04\/29\/mehmet-bardhi-zauzeo-savjet\/#breadcrumb"},"inLanguage":"en-US","potentialAction":[{"@type":"ReadAction","target":["https:\/\/www.visit-ulcinj.com\/blog\/2008\/04\/29\/mehmet-bardhi-zauzeo-savjet\/"]}]},{"@type":"BreadcrumbList","@id":"https:\/\/www.visit-ulcinj.com\/blog\/2008\/04\/29\/mehmet-bardhi-zauzeo-savjet\/#breadcrumb","itemListElement":[{"@type":"ListItem","position":1,"name":"Mehmet Bardhi zauzeo Savjet"}]},{"@type":"Person","@id":"https:\/\/www.visit-ulcinj.com\/blog\/#\/schema\/person\/dcab619c614d3038751c63bc2aadc06d","name":"ulqini","sameAs":["http:\/\/www.visit-ulcinj.com"],"url":"https:\/\/www.visit-ulcinj.com\/blog\/author\/admin\/"}]}},"jetpack_featured_media_url":"","jetpack_sharing_enabled":true,"jetpack_shortlink":"https:\/\/wp.me\/pe6lTn-np","_links":{"self":[{"href":"https:\/\/www.visit-ulcinj.com\/blog\/wp-json\/wp\/v2\/posts\/1451"}],"collection":[{"href":"https:\/\/www.visit-ulcinj.com\/blog\/wp-json\/wp\/v2\/posts"}],"about":[{"href":"https:\/\/www.visit-ulcinj.com\/blog\/wp-json\/wp\/v2\/types\/post"}],"author":[{"embeddable":true,"href":"https:\/\/www.visit-ulcinj.com\/blog\/wp-json\/wp\/v2\/users\/1"}],"replies":[{"embeddable":true,"href":"https:\/\/www.visit-ulcinj.com\/blog\/wp-json\/wp\/v2\/comments?post=1451"}],"version-history":[{"count":0,"href":"https:\/\/www.visit-ulcinj.com\/blog\/wp-json\/wp\/v2\/posts\/1451\/revisions"}],"wp:attachment":[{"href":"https:\/\/www.visit-ulcinj.com\/blog\/wp-json\/wp\/v2\/media?parent=1451"}],"wp:term":[{"taxonomy":"category","embeddable":true,"href":"https:\/\/www.visit-ulcinj.com\/blog\/wp-json\/wp\/v2\/categories?post=1451"},{"taxonomy":"post_tag","embeddable":true,"href":"https:\/\/www.visit-ulcinj.com\/blog\/wp-json\/wp\/v2\/tags?post=1451"}],"curies":[{"name":"wp","href":"https:\/\/api.w.org\/{rel}","templated":true}]}}