{"id":1452,"date":"2008-04-29T15:31:42","date_gmt":"2008-04-29T20:31:42","guid":{"rendered":"http:\/\/www.visit-ulcinj.com\/blog\/?p=1452"},"modified":"2008-04-29T15:31:42","modified_gmt":"2008-04-29T20:31:42","slug":"si-perfaqesohemi-me-keshillin-nacional-shqiptar","status":"publish","type":"post","link":"https:\/\/www.visit-ulcinj.com\/blog\/2008\/04\/29\/si-perfaqesohemi-me-keshillin-nacional-shqiptar\/","title":{"rendered":"Si p\u00ebrfaq\u00ebsohemi me k\u00ebshillin nacional Shqiptar"},"content":{"rendered":"<p><a href=\"http:\/\/www.visit-ulcinj.com\/blog\/wp-content\/uploads\/2008\/04\/muhamet-nika-2.jpg\"><img loading=\"lazy\" class=\"alignleft attachment wp-att-1453\" style=\"float: left;\" src=\"http:\/\/www.visit-ulcinj.com\/blog\/wp-content\/uploads\/2008\/04\/muhamet-nika-2.thumbnail.jpg\" alt=\"MUHAMET NIKA (2)\" width=\"200\" height=\"177\" \/><\/a><strong>Abuzim me ligjin<\/strong><br \/>\nAbuzimi me ligj nga Ministria, me siguri p\u00ebr t\u00eb ruajtur qet\u00ebsin\u00eb n\u00eb sht\u00ebpi, &#8220;lejoi&#8221; q\u00eb n\u00eb Kuvendin e lektor\u00ebve t\u00eb zgjidhej nga kuota q\u00eb parasheh ligji p\u00ebr personalitete t\u00eb shquara t\u00eb artit, kultur\u00ebs, arsimit, n\u00ebnkryetari i LD-s\u00eb, kryetar\u00ebt e deg\u00ebve, kryetar\u00ebt e forumeve rinore t\u00eb deg\u00ebve, koordinator\u00ebt e partis\u00eb, k\u00ebshilltar\u00ebt e k\u00ebshtu me radh\u00eb, e kur k\u00ebsaj strukture tzi bashkohet kryetari i Partis\u00eb, shefat e klubeve dhe deputeti rezulton q\u00eb p\u00ebr drejtor\u00eb t\u00eb institucioneve publike dhe institucioneve t\u00eb tjera t\u00eb sfer\u00ebs s\u00eb identitetit nacional t\u00eb vendos\u00eb kuorumi i LD-s\u00eb!<br \/>\n\u00c7\u00ebshtja e abuzimit me ligje, korrupsionit dhe &#8220;prostitucionit&#8221; me t\u00eb q\u00eb b\u00ebn zbatuesi i ligjit n\u00eb shoq\u00ebri \u00ebsht\u00eb problem i vjet\u00ebr sa vet\u00eb shoq\u00ebria njer\u00ebzore, q\u00eb nga zanafilla e saj e deri n\u00eb dit\u00ebt tona. Pa pasur bindjen se edhe ne t\u00eb sodit kemi pikur nga qielli p\u00ebr t\u00eb zbatuar ligjet tok\u00ebsore e hyjnore mbi baz\u00ebn e konventave t\u00eb ndryshme na duhet t\u00eb konstatojm\u00eb q\u00eb zgjedhja p\u00ebr K\u00ebshillin Nacional e mbajtur t\u00eb shtun\u00ebn n\u00eb Ulqin paraqet rastin m\u00eb t\u00eb kapsh\u00ebm t\u00eb abuzimit t\u00eb ligjit dhe partiakizimin e ligjit p\u00ebr pakica nd\u00ebrmjet &#8220;partis\u00eb m\u00eb t\u00eb vjet\u00ebr&#8221; LD-s\u00eb dhe &#8220;partis\u00eb m\u00eb t\u00eb madhe&#8221; UDSH-s\u00eb.<br \/>\nN\u00eb filmin &#8220;Era e moll\u00ebs&#8221; Emin Halili n\u00eb monologun e &#8220;Muranit&#8221;, personazhit kryesor, v\u00eb nj\u00eb th\u00ebnie e cila \u00ebsht\u00eb: fillimi dhe mbarimi edhe pse nuk jan\u00eb nj\u00ebsoj i p\u00ebrngjajn\u00eb shum\u00eb nj\u00ebri tjetrit. Shikuar nga kjo pik\u00ebnisje edhe zgjedhja e K\u00ebshillit Nacional si duket \u00ebsht\u00eb fundi i nj\u00eb hasm\u00ebrie t\u00eb vjeter dhe kompromis i saj q\u00eb nis nd\u00ebrmjet k\u00ebtyre dy partive t\u00eb cilat ishin &#8220;t\u00eb gjykuara&#8221; p\u00ebr tzia mohuar aktivitetin nj\u00ebra tjetr\u00ebs. Kujtojm\u00eb q\u00eb LD, edhe pse i ishte ofruar posti i Ministris\u00eb p\u00ebr popujt pakic\u00eb diku n\u00eb vitin z97, refuzoi ta pranoj\u00eb k\u00ebt\u00eb dhe p\u00ebr t\u00ebr\u00eb koh\u00ebn akuzonte UDSH-n\u00eb p\u00ebr pranimin e pjes\u00ebmarrjes n\u00eb k\u00ebt\u00eb qeveri si dhe &#8220;produktet&#8221;e k\u00ebsaj Ministrie, duke th\u00ebn\u00eb se K\u00ebshilli Nacional \u00ebsht\u00eb n\u00eb sh\u00ebrbim t\u00eb Qeveris\u00eb. Mir\u00ebpo ky\u00e7ja n\u00eb kuorum t\u00eb K\u00ebshillit me krejt kuorumin e Lidhjes d\u00ebshmon q\u00eb hasm\u00ebrit\u00eb nd\u00ebrmjet dy partive u shuan dhe megjithat\u00eb u gjet m\u00ebnyra e ndarjes s\u00eb sfer\u00ebs s\u00eb interesit. Pajtimi edhe mund t\u00eb mos ket\u00eb n\u00eb vete di\u00e7ka t\u00eb keqe, mir\u00ebpo krijohet p\u00ebrshtypja se shqiptar\u00ebt dhe sidomos struktura intelektuale dhe kulturore e tyre ka mbetur e z\u00ebn\u00eb peng e k\u00ebsaj hasm\u00ebrie dhe s\u00eb fundi kompromisit, ngase kuota e rezervuar me ligje p\u00ebr ky\u00e7jen e intelektual\u00ebve n\u00eb jet\u00ebn institucionale kulturore arsimore e k\u00ebshtu me radh\u00eb u pushtua nga aktivi partiak i LD-s\u00eb. Edhe pse ligji me \u00e7el\u00ebs u siguron pjes\u00ebmarrje politike n\u00eb p\u00ebrb\u00ebrje t\u00eb K\u00ebshillit. \u00c7do e keqe thon\u00eb se e ka nga nj\u00eb t\u00eb mir\u00eb, mir\u00ebpo &#8220;k\u00ebsaj t\u00eb mire&#8221; p\u00ebr momentin nuk po i duket filli, andaj p\u00ebr rastin e p\u00ebrmendur publikisht na duhet t\u00eb konstatojm\u00eb sa vijon:<img loading=\"lazy\" class=\"alignright\" style=\"float: right;\" src=\"http:\/\/www.kohajavore.cg.yu\/slike\/1209369002.jpg\" alt=\"KUVENDI I ULQINIT\" width=\"256\" height=\"192\" \/><br \/>\nT\u00eb gjitha konventat e K\u00ebshillit t\u00eb Evrop\u00ebs q\u00eb merren me mbrojtjen e t\u00eb drejtave nacionale t\u00eb pakicave parashikojn\u00eb obligimin shtet\u00ebror q\u00eb t\u00eb formoj\u00eb parakushtet e nevojshme p\u00ebr ky\u00e7jen efikase e transparente t\u00eb pjes\u00ebtar\u00ebve t\u00eb popujve pakic\u00eb n\u00eb jet\u00ebn kulturore dhe publike, q\u00eb u jan\u00eb rezervuar atyre.<br \/>\nPor sa respektohen rekomandimet e tilla q\u00eb lidhen me struktur\u00ebn dhe procedur\u00ebn e marrjeve t\u00eb vendimeve t\u00eb k\u00ebsaj l\u00ebmie me r\u00ebnd\u00ebsi lokale dhe regjionale t\u00eb bashk\u00ebsis\u00eb nacionale k\u00ebtu n\u00eb Mal t\u00eb Zi nga vet\u00eb bart\u00ebsit e aktiviteteve t\u00eb tilla e zbulon rasti i zgjedhjes s\u00eb K\u00ebshillit t\u00eb p\u00ebrmendur nga vet\u00eb Ministria e Popujve Pakice i cili m\u00eb par\u00eb paragjykohej nga ata q\u00eb sot n\u00eb t\u00eb p\u00ebrfaq\u00ebsohen me 2\/3 e K\u00ebshillit. Se di\u00e7ka nuk ishte n\u00eb rregull q\u00eb n\u00eb themel t\u00eb nisjes s\u00eb formimit t\u00eb K\u00ebshillit e zbulon zhagitja e formimit t\u00eb tij, ai madje u formua edhe pas K\u00ebshillit Nacional t\u00eb Rom\u00ebve e q\u00eb tregonte se k\u00ebshilli do t\u00eb lindet i hendikepuar. Abuzimi me ligj nga Ministria, me siguri p\u00ebr t\u00eb ruajtur qet\u00ebsin\u00eb n\u00eb sht\u00ebpi, &#8220;lejoi&#8221; q\u00eb n\u00eb Kuvendin e lektor\u00ebve t\u00eb zgjidhej nga kuota q\u00eb parasheh ligji p\u00ebr personalitete t\u00eb shquara t\u00eb artit, kultur\u00ebs, arsimit, n\u00ebnkryetari i LD-s\u00eb, kryetar\u00ebt e deg\u00ebve, kryetar\u00ebt e forumeve rinore t\u00eb deg\u00ebve, koordinator\u00ebt e partis\u00eb, k\u00ebshilltar\u00ebt e k\u00ebshtu me radh\u00eb, e kur k\u00ebsaj strukture tzi bashkohet kryetari i Partis\u00eb, shefat e klubeve dhe deputeti rezulton q\u00eb p\u00ebr drejtor\u00eb t\u00eb institucioneve publike dhe institucioneve t\u00eb tjera t\u00eb sfer\u00ebs s\u00eb identitetit nacional t\u00eb vendos\u00eb kuorumi i LD-s\u00eb! Duket se me k\u00ebt\u00eb gj\u00eb LD pati sukses q\u00eb tzi kompensoj\u00eb humbjet e thella t\u00eb saj n\u00eb elektoratin shqiptar.<br \/>\nDuket e pabesueshme, por psh. n\u00eb em\u00ebr t\u00eb K\u00ebshillit Nacional mund t\u00eb fitoj\u00eb p\u00eblqimin p\u00ebr zgjedhje drejtori i nj\u00eb shkolle, i cili n\u00eb konkurrenc\u00ebn e deritashme nga numri i votave qe e zgjedhin at\u00eb t\u00eb ket\u00eb fituar vet\u00ebm 2 vota.<br \/>\nLigji p\u00ebr popujt pakic\u00eb p\u00ebrcakton q\u00eb pakicat kan\u00eb t\u00eb drejt\u00eb n\u00eb p\u00ebrfaq\u00ebsim proporcional n\u00eb sektorin publik dhe organet shtet\u00ebrore e vendore, mir\u00ebpo rasti i p\u00ebrmendur tregon q\u00eb partiakizimi i ligjit nd\u00ebrmjet dy partive \u00ebsht\u00eb shpeshher\u00eb problem nga i cili komuniteti shqiptar nuk mund t\u00eb \u00e7lirohet duke krijuar mund\u00ebsin\u00eb q\u00eb n\u00eb em\u00ebr t\u00eb demokratizimit t\u00eb shoq\u00ebris\u00eb dhe n\u00eb em\u00ebr t\u00eb qytetarit, sken\u00ebs s\u00eb vendimmarrjes tzi ngjiten edhe ata q\u00eb szjan\u00eb emra t\u00eb p\u00ebrve\u00e7\u00ebm n\u00eb l\u00ebmin e kultur\u00ebs dhe arsimit shqip n\u00eb Mal t\u00eb Zi.<br \/>\nDuke u nisur nga dispozitat e t\u00eb drejt\u00ebs nd\u00ebrkomb\u00ebtare dhe t\u00eb drejt\u00ebs s\u00eb vendimmarrjes ligjore t\u00eb pakicave si dhe r\u00ebnd\u00ebsis\u00eb s\u00eb barazis\u00eb n\u00eb p\u00ebrfaq\u00ebsim e n\u00eb m\u00ebnyr\u00eb q\u00eb kjo t\u00eb mos bastardhohet deri n\u00eb fund si di\u00e7ka krejt n\u00eb rregull me ligj, mendojm\u00eb q\u00eb problemi nuk b\u00ebn t\u00eb anashkalohet duke mos iu drejtuar gjyqit kushtetues pa \u00e7ka edhe atij Evropian. Megjith\u00ebse \u00e7\u00ebshtja paraqitet shum\u00eb e koklavitur p\u00ebr vet\u00eb rastin e legjitimitetit t\u00eb Kuvendit zgjedhor t\u00eb K\u00ebshillit q\u00eb u p\u00ebrligj nga pjes\u00ebmarrja n\u00eb t\u00eb e disa intelektual\u00ebve t\u00eb hutuar t\u00eb cil\u00ebt dihej se nuk do t\u00eb zgjidheshin ngase Kuvendi ishte i instrumentalizuar sipas skemave t\u00eb kuvendeve partiake alla LD, q\u00eb v\u00ebrtet b\u00ebhen rrall\u00eb, por b\u00ebhen p\u00ebrmall\u00eb. K\u00ebta intelektual\u00eb t\u00eb hutuar si pjes\u00ebmarr\u00ebs vet\u00ebm se kan\u00eb pasur rastin t\u00eb &#8220;mall\u00ebngjehen&#8221; nga &#8220;nostalgjit\u00eb&#8221; e kuvendeve t\u00eb dikurshme t\u00eb partis\u00eb s\u00eb vetme nacionale. P\u00ebr tzi v\u00ebn\u00eb vul\u00ebn mund t\u00eb rrim\u00eb krejt t\u00eb qet\u00eb, sepse pjes\u00ebmarrja n\u00eb k\u00ebt\u00eb k\u00ebshill siguron ruajtjen e identitetit edhe p\u00ebr mandatin q\u00eb vjen.<br \/>\n<strong>Muhamet Nika<br \/>\nKOHA JAVORE<\/strong><\/p>\n","protected":false},"excerpt":{"rendered":"<p><img loading=\"lazy\" class=\"alignleft attachment wp-att-1453\" style=\"float: left;\" src=\"http:\/\/www.visit-ulcinj.com\/blog\/wp-content\/uploads\/2008\/04\/muhamet-nika-2.thumbnail.jpg\" alt=\"MUHAMET NIKA (2)\" width=\"140\" height=\"140\" \/><\/p>\n","protected":false},"author":1,"featured_media":0,"comment_status":"open","ping_status":"closed","sticky":false,"template":"","format":"standard","meta":{"spay_email":"","jetpack_publicize_message":"","jetpack_is_tweetstorm":false,"jetpack_publicize_feature_enabled":true},"categories":[6,12],"tags":[2889,128,944,2394,1649],"jetpack_publicize_connections":[],"yoast_head":"<!-- This site is optimized with the Yoast SEO plugin v19.1 - https:\/\/yoast.com\/wordpress\/plugins\/seo\/ -->\n<title>Si p\u00ebrfaq\u00ebsohemi me k\u00ebshillin nacional Shqiptar - Lajme nga Ulqini<\/title>\n<meta name=\"robots\" content=\"index, follow, max-snippet:-1, max-image-preview:large, max-video-preview:-1\" \/>\n<link rel=\"canonical\" href=\"https:\/\/www.visit-ulcinj.com\/blog\/2008\/04\/29\/si-perfaqesohemi-me-keshillin-nacional-shqiptar\/\" \/>\n<meta property=\"og:locale\" content=\"en_US\" \/>\n<meta property=\"og:type\" content=\"article\" \/>\n<meta property=\"og:title\" content=\"Si p\u00ebrfaq\u00ebsohemi me k\u00ebshillin nacional Shqiptar - Lajme nga Ulqini\" \/>\n<meta property=\"og:url\" content=\"https:\/\/www.visit-ulcinj.com\/blog\/2008\/04\/29\/si-perfaqesohemi-me-keshillin-nacional-shqiptar\/\" \/>\n<meta property=\"og:site_name\" content=\"Lajme nga Ulqini\" \/>\n<meta property=\"article:published_time\" content=\"2008-04-29T20:31:42+00:00\" \/>\n<meta property=\"og:image\" content=\"http:\/\/www.visit-ulcinj.com\/blog\/wp-content\/uploads\/2008\/04\/muhamet-nika-2.thumbnail.jpg\" \/>\n<meta name=\"twitter:label1\" content=\"Written by\" \/>\n\t<meta name=\"twitter:data1\" content=\"ulqini\" \/>\n\t<meta name=\"twitter:label2\" content=\"Est. reading time\" \/>\n\t<meta name=\"twitter:data2\" content=\"6 minutes\" \/>\n<script type=\"application\/ld+json\" class=\"yoast-schema-graph\">{\"@context\":\"https:\/\/schema.org\",\"@graph\":[{\"@type\":\"WebSite\",\"@id\":\"https:\/\/www.visit-ulcinj.com\/blog\/#website\",\"url\":\"https:\/\/www.visit-ulcinj.com\/blog\/\",\"name\":\"Lajme nga Ulqini\",\"description\":\"Lajme,Vijesti,Ulqini,Ulqin,Crna Gora,Mali i Zi\",\"potentialAction\":[{\"@type\":\"SearchAction\",\"target\":{\"@type\":\"EntryPoint\",\"urlTemplate\":\"https:\/\/www.visit-ulcinj.com\/blog\/?s={search_term_string}\"},\"query-input\":\"required name=search_term_string\"}],\"inLanguage\":\"en-US\"},{\"@type\":\"ImageObject\",\"inLanguage\":\"en-US\",\"@id\":\"https:\/\/www.visit-ulcinj.com\/blog\/2008\/04\/29\/si-perfaqesohemi-me-keshillin-nacional-shqiptar\/#primaryimage\",\"url\":\"http:\/\/www.visit-ulcinj.com\/blog\/wp-content\/uploads\/2008\/04\/muhamet-nika-2.thumbnail.jpg\",\"contentUrl\":\"http:\/\/www.visit-ulcinj.com\/blog\/wp-content\/uploads\/2008\/04\/muhamet-nika-2.thumbnail.jpg\"},{\"@type\":\"WebPage\",\"@id\":\"https:\/\/www.visit-ulcinj.com\/blog\/2008\/04\/29\/si-perfaqesohemi-me-keshillin-nacional-shqiptar\/#webpage\",\"url\":\"https:\/\/www.visit-ulcinj.com\/blog\/2008\/04\/29\/si-perfaqesohemi-me-keshillin-nacional-shqiptar\/\",\"name\":\"Si p\u00ebrfaq\u00ebsohemi me k\u00ebshillin nacional Shqiptar - Lajme nga Ulqini\",\"isPartOf\":{\"@id\":\"https:\/\/www.visit-ulcinj.com\/blog\/#website\"},\"primaryImageOfPage\":{\"@id\":\"https:\/\/www.visit-ulcinj.com\/blog\/2008\/04\/29\/si-perfaqesohemi-me-keshillin-nacional-shqiptar\/#primaryimage\"},\"datePublished\":\"2008-04-29T20:31:42+00:00\",\"dateModified\":\"2008-04-29T20:31:42+00:00\",\"author\":{\"@id\":\"https:\/\/www.visit-ulcinj.com\/blog\/#\/schema\/person\/dcab619c614d3038751c63bc2aadc06d\"},\"breadcrumb\":{\"@id\":\"https:\/\/www.visit-ulcinj.com\/blog\/2008\/04\/29\/si-perfaqesohemi-me-keshillin-nacional-shqiptar\/#breadcrumb\"},\"inLanguage\":\"en-US\",\"potentialAction\":[{\"@type\":\"ReadAction\",\"target\":[\"https:\/\/www.visit-ulcinj.com\/blog\/2008\/04\/29\/si-perfaqesohemi-me-keshillin-nacional-shqiptar\/\"]}]},{\"@type\":\"BreadcrumbList\",\"@id\":\"https:\/\/www.visit-ulcinj.com\/blog\/2008\/04\/29\/si-perfaqesohemi-me-keshillin-nacional-shqiptar\/#breadcrumb\",\"itemListElement\":[{\"@type\":\"ListItem\",\"position\":1,\"name\":\"Si p\u00ebrfaq\u00ebsohemi me k\u00ebshillin nacional Shqiptar\"}]},{\"@type\":\"Person\",\"@id\":\"https:\/\/www.visit-ulcinj.com\/blog\/#\/schema\/person\/dcab619c614d3038751c63bc2aadc06d\",\"name\":\"ulqini\",\"sameAs\":[\"http:\/\/www.visit-ulcinj.com\"],\"url\":\"https:\/\/www.visit-ulcinj.com\/blog\/author\/admin\/\"}]}<\/script>\n<!-- \/ Yoast SEO plugin. -->","yoast_head_json":{"title":"Si p\u00ebrfaq\u00ebsohemi me k\u00ebshillin nacional Shqiptar - Lajme nga Ulqini","robots":{"index":"index","follow":"follow","max-snippet":"max-snippet:-1","max-image-preview":"max-image-preview:large","max-video-preview":"max-video-preview:-1"},"canonical":"https:\/\/www.visit-ulcinj.com\/blog\/2008\/04\/29\/si-perfaqesohemi-me-keshillin-nacional-shqiptar\/","og_locale":"en_US","og_type":"article","og_title":"Si p\u00ebrfaq\u00ebsohemi me k\u00ebshillin nacional Shqiptar - Lajme nga Ulqini","og_url":"https:\/\/www.visit-ulcinj.com\/blog\/2008\/04\/29\/si-perfaqesohemi-me-keshillin-nacional-shqiptar\/","og_site_name":"Lajme nga Ulqini","article_published_time":"2008-04-29T20:31:42+00:00","og_image":[{"url":"http:\/\/www.visit-ulcinj.com\/blog\/wp-content\/uploads\/2008\/04\/muhamet-nika-2.thumbnail.jpg"}],"twitter_misc":{"Written by":"ulqini","Est. reading time":"6 minutes"},"schema":{"@context":"https:\/\/schema.org","@graph":[{"@type":"WebSite","@id":"https:\/\/www.visit-ulcinj.com\/blog\/#website","url":"https:\/\/www.visit-ulcinj.com\/blog\/","name":"Lajme nga Ulqini","description":"Lajme,Vijesti,Ulqini,Ulqin,Crna Gora,Mali i Zi","potentialAction":[{"@type":"SearchAction","target":{"@type":"EntryPoint","urlTemplate":"https:\/\/www.visit-ulcinj.com\/blog\/?s={search_term_string}"},"query-input":"required name=search_term_string"}],"inLanguage":"en-US"},{"@type":"ImageObject","inLanguage":"en-US","@id":"https:\/\/www.visit-ulcinj.com\/blog\/2008\/04\/29\/si-perfaqesohemi-me-keshillin-nacional-shqiptar\/#primaryimage","url":"http:\/\/www.visit-ulcinj.com\/blog\/wp-content\/uploads\/2008\/04\/muhamet-nika-2.thumbnail.jpg","contentUrl":"http:\/\/www.visit-ulcinj.com\/blog\/wp-content\/uploads\/2008\/04\/muhamet-nika-2.thumbnail.jpg"},{"@type":"WebPage","@id":"https:\/\/www.visit-ulcinj.com\/blog\/2008\/04\/29\/si-perfaqesohemi-me-keshillin-nacional-shqiptar\/#webpage","url":"https:\/\/www.visit-ulcinj.com\/blog\/2008\/04\/29\/si-perfaqesohemi-me-keshillin-nacional-shqiptar\/","name":"Si p\u00ebrfaq\u00ebsohemi me k\u00ebshillin nacional Shqiptar - Lajme nga Ulqini","isPartOf":{"@id":"https:\/\/www.visit-ulcinj.com\/blog\/#website"},"primaryImageOfPage":{"@id":"https:\/\/www.visit-ulcinj.com\/blog\/2008\/04\/29\/si-perfaqesohemi-me-keshillin-nacional-shqiptar\/#primaryimage"},"datePublished":"2008-04-29T20:31:42+00:00","dateModified":"2008-04-29T20:31:42+00:00","author":{"@id":"https:\/\/www.visit-ulcinj.com\/blog\/#\/schema\/person\/dcab619c614d3038751c63bc2aadc06d"},"breadcrumb":{"@id":"https:\/\/www.visit-ulcinj.com\/blog\/2008\/04\/29\/si-perfaqesohemi-me-keshillin-nacional-shqiptar\/#breadcrumb"},"inLanguage":"en-US","potentialAction":[{"@type":"ReadAction","target":["https:\/\/www.visit-ulcinj.com\/blog\/2008\/04\/29\/si-perfaqesohemi-me-keshillin-nacional-shqiptar\/"]}]},{"@type":"BreadcrumbList","@id":"https:\/\/www.visit-ulcinj.com\/blog\/2008\/04\/29\/si-perfaqesohemi-me-keshillin-nacional-shqiptar\/#breadcrumb","itemListElement":[{"@type":"ListItem","position":1,"name":"Si p\u00ebrfaq\u00ebsohemi me k\u00ebshillin nacional Shqiptar"}]},{"@type":"Person","@id":"https:\/\/www.visit-ulcinj.com\/blog\/#\/schema\/person\/dcab619c614d3038751c63bc2aadc06d","name":"ulqini","sameAs":["http:\/\/www.visit-ulcinj.com"],"url":"https:\/\/www.visit-ulcinj.com\/blog\/author\/admin\/"}]}},"jetpack_featured_media_url":"","jetpack_sharing_enabled":true,"jetpack_shortlink":"https:\/\/wp.me\/pe6lTn-nq","_links":{"self":[{"href":"https:\/\/www.visit-ulcinj.com\/blog\/wp-json\/wp\/v2\/posts\/1452"}],"collection":[{"href":"https:\/\/www.visit-ulcinj.com\/blog\/wp-json\/wp\/v2\/posts"}],"about":[{"href":"https:\/\/www.visit-ulcinj.com\/blog\/wp-json\/wp\/v2\/types\/post"}],"author":[{"embeddable":true,"href":"https:\/\/www.visit-ulcinj.com\/blog\/wp-json\/wp\/v2\/users\/1"}],"replies":[{"embeddable":true,"href":"https:\/\/www.visit-ulcinj.com\/blog\/wp-json\/wp\/v2\/comments?post=1452"}],"version-history":[{"count":0,"href":"https:\/\/www.visit-ulcinj.com\/blog\/wp-json\/wp\/v2\/posts\/1452\/revisions"}],"wp:attachment":[{"href":"https:\/\/www.visit-ulcinj.com\/blog\/wp-json\/wp\/v2\/media?parent=1452"}],"wp:term":[{"taxonomy":"category","embeddable":true,"href":"https:\/\/www.visit-ulcinj.com\/blog\/wp-json\/wp\/v2\/categories?post=1452"},{"taxonomy":"post_tag","embeddable":true,"href":"https:\/\/www.visit-ulcinj.com\/blog\/wp-json\/wp\/v2\/tags?post=1452"}],"curies":[{"name":"wp","href":"https:\/\/api.w.org\/{rel}","templated":true}]}}