{"id":14525,"date":"2009-03-17T19:29:14","date_gmt":"2009-03-17T18:29:14","guid":{"rendered":"http:\/\/www.visit-ulcinj.com\/blog\/?p=14525"},"modified":"2009-03-17T19:29:14","modified_gmt":"2009-03-17T18:29:14","slug":"lirita-dua-te-rri-ashtu-si-jam","status":"publish","type":"post","link":"https:\/\/www.visit-ulcinj.com\/blog\/2009\/03\/17\/lirita-dua-te-rri-ashtu-si-jam\/","title":{"rendered":"Lirita: Dua t\u00eb rri ashtu si jam"},"content":{"rendered":"<p><a href=\"http:\/\/www.visit-ulcinj.com\/blog\/wp-content\/uploads\/2009\/03\/lirita2.jpg\"><img loading=\"lazy\" class=\"alignleft size-full wp-image-14526\" title=\"lirita-big-brother-albania-2\" src=\"http:\/\/www.visit-ulcinj.com\/blog\/wp-content\/uploads\/2009\/03\/lirita2.jpg\" alt=\"lirita-big-brother-albania-2\" width=\"300\" height=\"205\" \/><\/a>16\/03\/09 15:03<\/p>\n<p>Debati i Adit me Mimoz\u00ebn ka krijuar p\u00ebrplasje mendimesh midis banor\u00ebve. Lirita i thot\u00eb Aid\u00ebs q\u00eb sipas mendimit t\u00eb saj nuk \u00ebsht\u00eb mir\u00eb t\u00eb p\u00ebrzihesh me mendimin t\u00eb tjer\u00ebve. Aida i thot\u00eb q\u00eb nuk e kuptonte pozicionimin e saj neutral, pasi ajo duhej t\u00eb thonte dicka. Lirita shprehet se nuk i p\u00eblqen t\u00eb b\u00ebhet d\u00ebshmitare n\u00eb nj\u00eb debat, p\u00ebr arsye se bisedat jan\u00eb t\u00eb regjistruara dhe ato mund ta sqarojn\u00eb m\u00eb mir\u00eb situat\u00ebn. Ajo thot\u00eb:-\u201cNuk dua t\u00eb b\u00ebhem as e mir\u00eb dhe as e keqe. Dua t\u00eb rri ashtu si jam!\u201d Aida i thot\u00eb q\u00eb n\u00eb momentin q\u00eb shikon q\u00eb b\u00ebhet nj\u00eb padrejt\u00ebsi ndaj nj\u00eb personi, t\u00eb gjith\u00eb e kan\u00eb t\u00eb drejt\u00ebn t\u00eb flasin. Sipas Aid\u00ebs Lirita duhet t\u00eb reagonte.<\/p>\n","protected":false},"excerpt":{"rendered":"<p>16\/03\/09 15:03 Debati i Adit me Mimoz\u00ebn ka krijuar p\u00ebrplasje mendimesh midis banor\u00ebve. Lirita i thot\u00eb Aid\u00ebs q\u00eb sipas mendimit t\u00eb saj nuk \u00ebsht\u00eb mir\u00eb t\u00eb p\u00ebrzihesh me mendimin t\u00eb tjer\u00ebve. Aida i thot\u00eb q\u00eb nuk e kuptonte pozicionimin e saj neutral, pasi ajo duhej t\u00eb thonte dicka. Lirita shprehet se nuk i p\u00eblqen t\u00eb [&hellip;]<\/p>\n","protected":false},"author":1,"featured_media":0,"comment_status":"open","ping_status":"closed","sticky":false,"template":"","format":"standard","meta":{"spay_email":"","jetpack_publicize_message":"","jetpack_is_tweetstorm":false,"jetpack_publicize_feature_enabled":true},"categories":[6502],"tags":[1414,6537,6883,6516,6712,6567,6542,8078,6891],"jetpack_publicize_connections":[],"yoast_head":"<!-- This site is optimized with the Yoast SEO plugin v19.1 - https:\/\/yoast.com\/wordpress\/plugins\/seo\/ -->\n<title>Lirita: Dua t\u00c3\u00ab rri ashtu si jam | Big Brother Albania 2<\/title>\n<meta name=\"description\" content=\"Big Brother Albania 2 - Debati i Adit me Mimoz\u00c3\u00abn ka krijuar p\u00c3\u00abrplasje mendimesh midis banor\u00c3\u00abve. Lirita i thot\u00c3\u00ab Aid\u00c3\u00abs q\u00c3\u00ab sipas mendimit t\u00c3\u00ab saj nuk \u00c3\u00absht\u00c3\u00ab mir\u00c3\u00ab t\u00c3\u00ab p\u00c3\u00abrzihesh me mendimin t\u00c3\u00ab tjer\u00c3\u00abve.\" \/>\n<meta name=\"robots\" content=\"index, follow, max-snippet:-1, max-image-preview:large, max-video-preview:-1\" \/>\n<link rel=\"canonical\" href=\"https:\/\/www.visit-ulcinj.com\/blog\/2009\/03\/17\/lirita-dua-te-rri-ashtu-si-jam\/\" \/>\n<meta property=\"og:locale\" content=\"en_US\" \/>\n<meta property=\"og:type\" content=\"article\" \/>\n<meta property=\"og:title\" content=\"Lirita: Dua t\u00c3\u00ab rri ashtu si jam | Big Brother Albania 2\" \/>\n<meta property=\"og:description\" content=\"Big Brother Albania 2 - Debati i Adit me Mimoz\u00c3\u00abn ka krijuar p\u00c3\u00abrplasje mendimesh midis banor\u00c3\u00abve. Lirita i thot\u00c3\u00ab Aid\u00c3\u00abs q\u00c3\u00ab sipas mendimit t\u00c3\u00ab saj nuk \u00c3\u00absht\u00c3\u00ab mir\u00c3\u00ab t\u00c3\u00ab p\u00c3\u00abrzihesh me mendimin t\u00c3\u00ab tjer\u00c3\u00abve.\" \/>\n<meta property=\"og:url\" content=\"https:\/\/www.visit-ulcinj.com\/blog\/2009\/03\/17\/lirita-dua-te-rri-ashtu-si-jam\/\" \/>\n<meta property=\"og:site_name\" content=\"Lajme nga Ulqini\" \/>\n<meta property=\"article:published_time\" content=\"2009-03-17T18:29:14+00:00\" \/>\n<meta property=\"og:image\" content=\"http:\/\/www.visit-ulcinj.com\/blog\/wp-content\/uploads\/2009\/03\/lirita2.jpg\" \/>\n<meta name=\"twitter:label1\" content=\"Written by\" \/>\n\t<meta name=\"twitter:data1\" content=\"ulqini\" \/>\n\t<meta name=\"twitter:label2\" content=\"Est. reading time\" \/>\n\t<meta name=\"twitter:data2\" content=\"1 minute\" \/>\n<script type=\"application\/ld+json\" class=\"yoast-schema-graph\">{\"@context\":\"https:\/\/schema.org\",\"@graph\":[{\"@type\":\"WebSite\",\"@id\":\"https:\/\/www.visit-ulcinj.com\/blog\/#website\",\"url\":\"https:\/\/www.visit-ulcinj.com\/blog\/\",\"name\":\"Lajme nga Ulqini\",\"description\":\"Lajme,Vijesti,Ulqini,Ulqin,Crna Gora,Mali i Zi\",\"potentialAction\":[{\"@type\":\"SearchAction\",\"target\":{\"@type\":\"EntryPoint\",\"urlTemplate\":\"https:\/\/www.visit-ulcinj.com\/blog\/?s={search_term_string}\"},\"query-input\":\"required name=search_term_string\"}],\"inLanguage\":\"en-US\"},{\"@type\":\"ImageObject\",\"inLanguage\":\"en-US\",\"@id\":\"https:\/\/www.visit-ulcinj.com\/blog\/2009\/03\/17\/lirita-dua-te-rri-ashtu-si-jam\/#primaryimage\",\"url\":\"http:\/\/www.visit-ulcinj.com\/blog\/wp-content\/uploads\/2009\/03\/lirita2.jpg\",\"contentUrl\":\"http:\/\/www.visit-ulcinj.com\/blog\/wp-content\/uploads\/2009\/03\/lirita2.jpg\"},{\"@type\":\"WebPage\",\"@id\":\"https:\/\/www.visit-ulcinj.com\/blog\/2009\/03\/17\/lirita-dua-te-rri-ashtu-si-jam\/#webpage\",\"url\":\"https:\/\/www.visit-ulcinj.com\/blog\/2009\/03\/17\/lirita-dua-te-rri-ashtu-si-jam\/\",\"name\":\"Lirita: Dua t\u00c3\u00ab rri ashtu si jam | Big Brother Albania 2\",\"isPartOf\":{\"@id\":\"https:\/\/www.visit-ulcinj.com\/blog\/#website\"},\"primaryImageOfPage\":{\"@id\":\"https:\/\/www.visit-ulcinj.com\/blog\/2009\/03\/17\/lirita-dua-te-rri-ashtu-si-jam\/#primaryimage\"},\"datePublished\":\"2009-03-17T18:29:14+00:00\",\"dateModified\":\"2009-03-17T18:29:14+00:00\",\"author\":{\"@id\":\"https:\/\/www.visit-ulcinj.com\/blog\/#\/schema\/person\/dcab619c614d3038751c63bc2aadc06d\"},\"description\":\"Big Brother Albania 2 - Debati i Adit me Mimoz\u00c3\u00abn ka krijuar p\u00c3\u00abrplasje mendimesh midis banor\u00c3\u00abve. Lirita i thot\u00c3\u00ab Aid\u00c3\u00abs q\u00c3\u00ab sipas mendimit t\u00c3\u00ab saj nuk \u00c3\u00absht\u00c3\u00ab mir\u00c3\u00ab t\u00c3\u00ab p\u00c3\u00abrzihesh me mendimin t\u00c3\u00ab tjer\u00c3\u00abve.\",\"breadcrumb\":{\"@id\":\"https:\/\/www.visit-ulcinj.com\/blog\/2009\/03\/17\/lirita-dua-te-rri-ashtu-si-jam\/#breadcrumb\"},\"inLanguage\":\"en-US\",\"potentialAction\":[{\"@type\":\"ReadAction\",\"target\":[\"https:\/\/www.visit-ulcinj.com\/blog\/2009\/03\/17\/lirita-dua-te-rri-ashtu-si-jam\/\"]}]},{\"@type\":\"BreadcrumbList\",\"@id\":\"https:\/\/www.visit-ulcinj.com\/blog\/2009\/03\/17\/lirita-dua-te-rri-ashtu-si-jam\/#breadcrumb\",\"itemListElement\":[{\"@type\":\"ListItem\",\"position\":1,\"name\":\"Lirita: Dua t\u00eb rri ashtu si jam\"}]},{\"@type\":\"Person\",\"@id\":\"https:\/\/www.visit-ulcinj.com\/blog\/#\/schema\/person\/dcab619c614d3038751c63bc2aadc06d\",\"name\":\"ulqini\",\"sameAs\":[\"http:\/\/www.visit-ulcinj.com\"],\"url\":\"https:\/\/www.visit-ulcinj.com\/blog\/author\/admin\/\"}]}<\/script>\n<!-- \/ Yoast SEO plugin. -->","yoast_head_json":{"title":"Lirita: Dua t\u00c3\u00ab rri ashtu si jam | Big Brother Albania 2","description":"Big Brother Albania 2 - Debati i Adit me Mimoz\u00c3\u00abn ka krijuar p\u00c3\u00abrplasje mendimesh midis banor\u00c3\u00abve. Lirita i thot\u00c3\u00ab Aid\u00c3\u00abs q\u00c3\u00ab sipas mendimit t\u00c3\u00ab saj nuk \u00c3\u00absht\u00c3\u00ab mir\u00c3\u00ab t\u00c3\u00ab p\u00c3\u00abrzihesh me mendimin t\u00c3\u00ab tjer\u00c3\u00abve.","robots":{"index":"index","follow":"follow","max-snippet":"max-snippet:-1","max-image-preview":"max-image-preview:large","max-video-preview":"max-video-preview:-1"},"canonical":"https:\/\/www.visit-ulcinj.com\/blog\/2009\/03\/17\/lirita-dua-te-rri-ashtu-si-jam\/","og_locale":"en_US","og_type":"article","og_title":"Lirita: Dua t\u00c3\u00ab rri ashtu si jam | Big Brother Albania 2","og_description":"Big Brother Albania 2 - Debati i Adit me Mimoz\u00c3\u00abn ka krijuar p\u00c3\u00abrplasje mendimesh midis banor\u00c3\u00abve. Lirita i thot\u00c3\u00ab Aid\u00c3\u00abs q\u00c3\u00ab sipas mendimit t\u00c3\u00ab saj nuk \u00c3\u00absht\u00c3\u00ab mir\u00c3\u00ab t\u00c3\u00ab p\u00c3\u00abrzihesh me mendimin t\u00c3\u00ab tjer\u00c3\u00abve.","og_url":"https:\/\/www.visit-ulcinj.com\/blog\/2009\/03\/17\/lirita-dua-te-rri-ashtu-si-jam\/","og_site_name":"Lajme nga Ulqini","article_published_time":"2009-03-17T18:29:14+00:00","og_image":[{"url":"http:\/\/www.visit-ulcinj.com\/blog\/wp-content\/uploads\/2009\/03\/lirita2.jpg"}],"twitter_misc":{"Written by":"ulqini","Est. reading time":"1 minute"},"schema":{"@context":"https:\/\/schema.org","@graph":[{"@type":"WebSite","@id":"https:\/\/www.visit-ulcinj.com\/blog\/#website","url":"https:\/\/www.visit-ulcinj.com\/blog\/","name":"Lajme nga Ulqini","description":"Lajme,Vijesti,Ulqini,Ulqin,Crna Gora,Mali i Zi","potentialAction":[{"@type":"SearchAction","target":{"@type":"EntryPoint","urlTemplate":"https:\/\/www.visit-ulcinj.com\/blog\/?s={search_term_string}"},"query-input":"required name=search_term_string"}],"inLanguage":"en-US"},{"@type":"ImageObject","inLanguage":"en-US","@id":"https:\/\/www.visit-ulcinj.com\/blog\/2009\/03\/17\/lirita-dua-te-rri-ashtu-si-jam\/#primaryimage","url":"http:\/\/www.visit-ulcinj.com\/blog\/wp-content\/uploads\/2009\/03\/lirita2.jpg","contentUrl":"http:\/\/www.visit-ulcinj.com\/blog\/wp-content\/uploads\/2009\/03\/lirita2.jpg"},{"@type":"WebPage","@id":"https:\/\/www.visit-ulcinj.com\/blog\/2009\/03\/17\/lirita-dua-te-rri-ashtu-si-jam\/#webpage","url":"https:\/\/www.visit-ulcinj.com\/blog\/2009\/03\/17\/lirita-dua-te-rri-ashtu-si-jam\/","name":"Lirita: Dua t\u00c3\u00ab rri ashtu si jam | Big Brother Albania 2","isPartOf":{"@id":"https:\/\/www.visit-ulcinj.com\/blog\/#website"},"primaryImageOfPage":{"@id":"https:\/\/www.visit-ulcinj.com\/blog\/2009\/03\/17\/lirita-dua-te-rri-ashtu-si-jam\/#primaryimage"},"datePublished":"2009-03-17T18:29:14+00:00","dateModified":"2009-03-17T18:29:14+00:00","author":{"@id":"https:\/\/www.visit-ulcinj.com\/blog\/#\/schema\/person\/dcab619c614d3038751c63bc2aadc06d"},"description":"Big Brother Albania 2 - Debati i Adit me Mimoz\u00c3\u00abn ka krijuar p\u00c3\u00abrplasje mendimesh midis banor\u00c3\u00abve. Lirita i thot\u00c3\u00ab Aid\u00c3\u00abs q\u00c3\u00ab sipas mendimit t\u00c3\u00ab saj nuk \u00c3\u00absht\u00c3\u00ab mir\u00c3\u00ab t\u00c3\u00ab p\u00c3\u00abrzihesh me mendimin t\u00c3\u00ab tjer\u00c3\u00abve.","breadcrumb":{"@id":"https:\/\/www.visit-ulcinj.com\/blog\/2009\/03\/17\/lirita-dua-te-rri-ashtu-si-jam\/#breadcrumb"},"inLanguage":"en-US","potentialAction":[{"@type":"ReadAction","target":["https:\/\/www.visit-ulcinj.com\/blog\/2009\/03\/17\/lirita-dua-te-rri-ashtu-si-jam\/"]}]},{"@type":"BreadcrumbList","@id":"https:\/\/www.visit-ulcinj.com\/blog\/2009\/03\/17\/lirita-dua-te-rri-ashtu-si-jam\/#breadcrumb","itemListElement":[{"@type":"ListItem","position":1,"name":"Lirita: Dua t\u00eb rri ashtu si jam"}]},{"@type":"Person","@id":"https:\/\/www.visit-ulcinj.com\/blog\/#\/schema\/person\/dcab619c614d3038751c63bc2aadc06d","name":"ulqini","sameAs":["http:\/\/www.visit-ulcinj.com"],"url":"https:\/\/www.visit-ulcinj.com\/blog\/author\/admin\/"}]}},"jetpack_featured_media_url":"","jetpack_sharing_enabled":true,"jetpack_shortlink":"https:\/\/wp.me\/pe6lTn-3Mh","_links":{"self":[{"href":"https:\/\/www.visit-ulcinj.com\/blog\/wp-json\/wp\/v2\/posts\/14525"}],"collection":[{"href":"https:\/\/www.visit-ulcinj.com\/blog\/wp-json\/wp\/v2\/posts"}],"about":[{"href":"https:\/\/www.visit-ulcinj.com\/blog\/wp-json\/wp\/v2\/types\/post"}],"author":[{"embeddable":true,"href":"https:\/\/www.visit-ulcinj.com\/blog\/wp-json\/wp\/v2\/users\/1"}],"replies":[{"embeddable":true,"href":"https:\/\/www.visit-ulcinj.com\/blog\/wp-json\/wp\/v2\/comments?post=14525"}],"version-history":[{"count":0,"href":"https:\/\/www.visit-ulcinj.com\/blog\/wp-json\/wp\/v2\/posts\/14525\/revisions"}],"wp:attachment":[{"href":"https:\/\/www.visit-ulcinj.com\/blog\/wp-json\/wp\/v2\/media?parent=14525"}],"wp:term":[{"taxonomy":"category","embeddable":true,"href":"https:\/\/www.visit-ulcinj.com\/blog\/wp-json\/wp\/v2\/categories?post=14525"},{"taxonomy":"post_tag","embeddable":true,"href":"https:\/\/www.visit-ulcinj.com\/blog\/wp-json\/wp\/v2\/tags?post=14525"}],"curies":[{"name":"wp","href":"https:\/\/api.w.org\/{rel}","templated":true}]}}