{"id":14530,"date":"2009-03-17T19:33:19","date_gmt":"2009-03-17T18:33:19","guid":{"rendered":"http:\/\/www.visit-ulcinj.com\/blog\/?p=14530"},"modified":"2009-03-17T19:33:19","modified_gmt":"2009-03-17T18:33:19","slug":"adi-jam-ne-boten-e-dyshimit","status":"publish","type":"post","link":"https:\/\/www.visit-ulcinj.com\/blog\/2009\/03\/17\/adi-jam-ne-boten-e-dyshimit\/","title":{"rendered":"Adi: Jam n\u00eb bot\u00ebn e dyshimit"},"content":{"rendered":"<p><em><span class=\"newsdate\"><span style=\"color: #0000ee; text-decoration: underline;\"><a href=\"http:\/\/www.visit-ulcinj.com\/blog\/wp-content\/uploads\/2009\/03\/bika-adi-dhe-moza.jpg\"><img loading=\"lazy\" class=\"alignleft size-full wp-image-14532\" title=\"bika-adi-dhe-moza-big-brother-albania-2\" src=\"http:\/\/www.visit-ulcinj.com\/blog\/wp-content\/uploads\/2009\/03\/bika-adi-dhe-moza.jpg\" alt=\"bika-adi-dhe-moza-big-brother-albania-2\" width=\"300\" height=\"205\" \/><\/a><\/span>16\/03\/09 16:03<\/span><\/em><\/p>\n<p>Adi dhe Mimoza mundohen t\u00eb sqarojn\u00eb s\u00ebrisht keqkuptimin midis tyre. Mimoza i thot\u00eb q\u00eb nuk e kuptoi arsyen pse ai e rihapi si diskutim pasi ato u sqaruan nj\u00ebher\u00eb. Arsyeja sipas tij ishte se ai kishte d\u00ebgjuar fjal\u00eb kund\u00ebr tij. Mimoza mundohet ta sqaroj\u00eb duke i th\u00ebn\u00eb q\u00eb ajo e kishte diskutuar me vajzat keqkuptimin e saj, pasi n\u00eb at\u00eb moment ajo ndihej keq.Ajo shton se Aida n\u00eb asnj\u00eb moment nuk kishte folur keq p\u00ebr t\u00eb. Bised\u00ebs i bashkohet Republika e cila jep mendimin e saj n\u00eb lidhje me debatin. Sipas saj Adela nuk kishte asnj\u00eb t\u00eb drejt\u00eb q\u00eb foli n\u00eb em\u00ebr t\u00eb personave t\u00eb tjer\u00eb. Ai thot\u00eb q\u00eb brenda n\u00eb sht\u00ebpi b\u00ebhen shum\u00eb thashetheme dhe nuk i beson askujt. Ai thot\u00eb:-\u201cUn\u00eb jam n\u00eb bot\u00ebn e dyshimit!\u201d Sipas tij e vetmja gj\u00eb q\u00eb e shqet\u00ebson p\u00ebr momentin \u00ebsht\u00eb q\u00eb t\u00eb rregulloj shoq\u00ebrin\u00eb e tij me Mimoz\u00ebn. Sipas Republik\u00ebs ai nuk duhej ta b\u00ebnte debatin n\u00eb sy t\u00eb t\u00eb gjith\u00ebve por ai e kund\u00ebrshton duke i th\u00ebn\u00eb q\u00eb nuk kishte m\u00ebnyr\u00eb tjet\u00ebr.<\/p>\n","protected":false},"excerpt":{"rendered":"<p>16\/03\/09 16:03 Adi dhe Mimoza mundohen t\u00eb sqarojn\u00eb s\u00ebrisht keqkuptimin midis tyre. Mimoza i thot\u00eb q\u00eb nuk e kuptoi arsyen pse ai e rihapi si diskutim pasi ato u sqaruan nj\u00ebher\u00eb. Arsyeja sipas tij ishte se ai kishte d\u00ebgjuar fjal\u00eb kund\u00ebr tij. Mimoza mundohet ta sqaroj\u00eb duke i th\u00ebn\u00eb q\u00eb ajo e kishte diskutuar me [&hellip;]<\/p>\n","protected":false},"author":1,"featured_media":0,"comment_status":"open","ping_status":"closed","sticky":false,"template":"","format":"standard","meta":{"spay_email":"","jetpack_publicize_message":"","jetpack_is_tweetstorm":false,"jetpack_publicize_feature_enabled":true},"categories":[6502],"tags":[1414,6883,6516,6712,6544,7302,262,6891],"jetpack_publicize_connections":[],"yoast_head":"<!-- This site is optimized with the Yoast SEO plugin v19.1 - https:\/\/yoast.com\/wordpress\/plugins\/seo\/ -->\n<title>Adi: Jam n\u00c3\u00ab bot\u00c3\u00abn e dyshimit | Big Brother Albania 2<\/title>\n<meta name=\"description\" content=\"Big Brother Albania 2 - Adi dhe Mimoza mundohen t\u00c3\u00ab sqarojn\u00c3\u00ab s\u00c3\u00abrisht keqkuptimin midis tyre. Mimoza i thot\u00c3\u00ab q\u00c3\u00ab nuk e kuptoi arsyen pse ai e rihapi si diskutim pasi ato u sqaruan nj\u00c3\u00abher\u00c3\u00ab.\" \/>\n<meta name=\"robots\" content=\"index, follow, max-snippet:-1, max-image-preview:large, max-video-preview:-1\" \/>\n<link rel=\"canonical\" href=\"https:\/\/www.visit-ulcinj.com\/blog\/2009\/03\/17\/adi-jam-ne-boten-e-dyshimit\/\" \/>\n<meta property=\"og:locale\" content=\"en_US\" \/>\n<meta property=\"og:type\" content=\"article\" \/>\n<meta property=\"og:title\" content=\"Adi: Jam n\u00c3\u00ab bot\u00c3\u00abn e dyshimit | Big Brother Albania 2\" \/>\n<meta property=\"og:description\" content=\"Big Brother Albania 2 - Adi dhe Mimoza mundohen t\u00c3\u00ab sqarojn\u00c3\u00ab s\u00c3\u00abrisht keqkuptimin midis tyre. Mimoza i thot\u00c3\u00ab q\u00c3\u00ab nuk e kuptoi arsyen pse ai e rihapi si diskutim pasi ato u sqaruan nj\u00c3\u00abher\u00c3\u00ab.\" \/>\n<meta property=\"og:url\" content=\"https:\/\/www.visit-ulcinj.com\/blog\/2009\/03\/17\/adi-jam-ne-boten-e-dyshimit\/\" \/>\n<meta property=\"og:site_name\" content=\"Lajme nga Ulqini\" \/>\n<meta property=\"article:published_time\" content=\"2009-03-17T18:33:19+00:00\" \/>\n<meta property=\"og:image\" content=\"http:\/\/www.visit-ulcinj.com\/blog\/wp-content\/uploads\/2009\/03\/bika-adi-dhe-moza.jpg\" \/>\n<meta name=\"twitter:label1\" content=\"Written by\" \/>\n\t<meta name=\"twitter:data1\" content=\"ulqini\" \/>\n\t<meta name=\"twitter:label2\" content=\"Est. reading time\" \/>\n\t<meta name=\"twitter:data2\" content=\"1 minute\" \/>\n<script type=\"application\/ld+json\" class=\"yoast-schema-graph\">{\"@context\":\"https:\/\/schema.org\",\"@graph\":[{\"@type\":\"WebSite\",\"@id\":\"https:\/\/www.visit-ulcinj.com\/blog\/#website\",\"url\":\"https:\/\/www.visit-ulcinj.com\/blog\/\",\"name\":\"Lajme nga Ulqini\",\"description\":\"Lajme,Vijesti,Ulqini,Ulqin,Crna Gora,Mali i Zi\",\"potentialAction\":[{\"@type\":\"SearchAction\",\"target\":{\"@type\":\"EntryPoint\",\"urlTemplate\":\"https:\/\/www.visit-ulcinj.com\/blog\/?s={search_term_string}\"},\"query-input\":\"required name=search_term_string\"}],\"inLanguage\":\"en-US\"},{\"@type\":\"ImageObject\",\"inLanguage\":\"en-US\",\"@id\":\"https:\/\/www.visit-ulcinj.com\/blog\/2009\/03\/17\/adi-jam-ne-boten-e-dyshimit\/#primaryimage\",\"url\":\"http:\/\/www.visit-ulcinj.com\/blog\/wp-content\/uploads\/2009\/03\/bika-adi-dhe-moza.jpg\",\"contentUrl\":\"http:\/\/www.visit-ulcinj.com\/blog\/wp-content\/uploads\/2009\/03\/bika-adi-dhe-moza.jpg\"},{\"@type\":\"WebPage\",\"@id\":\"https:\/\/www.visit-ulcinj.com\/blog\/2009\/03\/17\/adi-jam-ne-boten-e-dyshimit\/#webpage\",\"url\":\"https:\/\/www.visit-ulcinj.com\/blog\/2009\/03\/17\/adi-jam-ne-boten-e-dyshimit\/\",\"name\":\"Adi: Jam n\u00c3\u00ab bot\u00c3\u00abn e dyshimit | Big Brother Albania 2\",\"isPartOf\":{\"@id\":\"https:\/\/www.visit-ulcinj.com\/blog\/#website\"},\"primaryImageOfPage\":{\"@id\":\"https:\/\/www.visit-ulcinj.com\/blog\/2009\/03\/17\/adi-jam-ne-boten-e-dyshimit\/#primaryimage\"},\"datePublished\":\"2009-03-17T18:33:19+00:00\",\"dateModified\":\"2009-03-17T18:33:19+00:00\",\"author\":{\"@id\":\"https:\/\/www.visit-ulcinj.com\/blog\/#\/schema\/person\/dcab619c614d3038751c63bc2aadc06d\"},\"description\":\"Big Brother Albania 2 - Adi dhe Mimoza mundohen t\u00c3\u00ab sqarojn\u00c3\u00ab s\u00c3\u00abrisht keqkuptimin midis tyre. Mimoza i thot\u00c3\u00ab q\u00c3\u00ab nuk e kuptoi arsyen pse ai e rihapi si diskutim pasi ato u sqaruan nj\u00c3\u00abher\u00c3\u00ab.\",\"breadcrumb\":{\"@id\":\"https:\/\/www.visit-ulcinj.com\/blog\/2009\/03\/17\/adi-jam-ne-boten-e-dyshimit\/#breadcrumb\"},\"inLanguage\":\"en-US\",\"potentialAction\":[{\"@type\":\"ReadAction\",\"target\":[\"https:\/\/www.visit-ulcinj.com\/blog\/2009\/03\/17\/adi-jam-ne-boten-e-dyshimit\/\"]}]},{\"@type\":\"BreadcrumbList\",\"@id\":\"https:\/\/www.visit-ulcinj.com\/blog\/2009\/03\/17\/adi-jam-ne-boten-e-dyshimit\/#breadcrumb\",\"itemListElement\":[{\"@type\":\"ListItem\",\"position\":1,\"name\":\"Adi: Jam n\u00eb bot\u00ebn e dyshimit\"}]},{\"@type\":\"Person\",\"@id\":\"https:\/\/www.visit-ulcinj.com\/blog\/#\/schema\/person\/dcab619c614d3038751c63bc2aadc06d\",\"name\":\"ulqini\",\"sameAs\":[\"http:\/\/www.visit-ulcinj.com\"],\"url\":\"https:\/\/www.visit-ulcinj.com\/blog\/author\/admin\/\"}]}<\/script>\n<!-- \/ Yoast SEO plugin. -->","yoast_head_json":{"title":"Adi: Jam n\u00c3\u00ab bot\u00c3\u00abn e dyshimit | Big Brother Albania 2","description":"Big Brother Albania 2 - Adi dhe Mimoza mundohen t\u00c3\u00ab sqarojn\u00c3\u00ab s\u00c3\u00abrisht keqkuptimin midis tyre. Mimoza i thot\u00c3\u00ab q\u00c3\u00ab nuk e kuptoi arsyen pse ai e rihapi si diskutim pasi ato u sqaruan nj\u00c3\u00abher\u00c3\u00ab.","robots":{"index":"index","follow":"follow","max-snippet":"max-snippet:-1","max-image-preview":"max-image-preview:large","max-video-preview":"max-video-preview:-1"},"canonical":"https:\/\/www.visit-ulcinj.com\/blog\/2009\/03\/17\/adi-jam-ne-boten-e-dyshimit\/","og_locale":"en_US","og_type":"article","og_title":"Adi: Jam n\u00c3\u00ab bot\u00c3\u00abn e dyshimit | Big Brother Albania 2","og_description":"Big Brother Albania 2 - Adi dhe Mimoza mundohen t\u00c3\u00ab sqarojn\u00c3\u00ab s\u00c3\u00abrisht keqkuptimin midis tyre. Mimoza i thot\u00c3\u00ab q\u00c3\u00ab nuk e kuptoi arsyen pse ai e rihapi si diskutim pasi ato u sqaruan nj\u00c3\u00abher\u00c3\u00ab.","og_url":"https:\/\/www.visit-ulcinj.com\/blog\/2009\/03\/17\/adi-jam-ne-boten-e-dyshimit\/","og_site_name":"Lajme nga Ulqini","article_published_time":"2009-03-17T18:33:19+00:00","og_image":[{"url":"http:\/\/www.visit-ulcinj.com\/blog\/wp-content\/uploads\/2009\/03\/bika-adi-dhe-moza.jpg"}],"twitter_misc":{"Written by":"ulqini","Est. reading time":"1 minute"},"schema":{"@context":"https:\/\/schema.org","@graph":[{"@type":"WebSite","@id":"https:\/\/www.visit-ulcinj.com\/blog\/#website","url":"https:\/\/www.visit-ulcinj.com\/blog\/","name":"Lajme nga Ulqini","description":"Lajme,Vijesti,Ulqini,Ulqin,Crna Gora,Mali i Zi","potentialAction":[{"@type":"SearchAction","target":{"@type":"EntryPoint","urlTemplate":"https:\/\/www.visit-ulcinj.com\/blog\/?s={search_term_string}"},"query-input":"required name=search_term_string"}],"inLanguage":"en-US"},{"@type":"ImageObject","inLanguage":"en-US","@id":"https:\/\/www.visit-ulcinj.com\/blog\/2009\/03\/17\/adi-jam-ne-boten-e-dyshimit\/#primaryimage","url":"http:\/\/www.visit-ulcinj.com\/blog\/wp-content\/uploads\/2009\/03\/bika-adi-dhe-moza.jpg","contentUrl":"http:\/\/www.visit-ulcinj.com\/blog\/wp-content\/uploads\/2009\/03\/bika-adi-dhe-moza.jpg"},{"@type":"WebPage","@id":"https:\/\/www.visit-ulcinj.com\/blog\/2009\/03\/17\/adi-jam-ne-boten-e-dyshimit\/#webpage","url":"https:\/\/www.visit-ulcinj.com\/blog\/2009\/03\/17\/adi-jam-ne-boten-e-dyshimit\/","name":"Adi: Jam n\u00c3\u00ab bot\u00c3\u00abn e dyshimit | Big Brother Albania 2","isPartOf":{"@id":"https:\/\/www.visit-ulcinj.com\/blog\/#website"},"primaryImageOfPage":{"@id":"https:\/\/www.visit-ulcinj.com\/blog\/2009\/03\/17\/adi-jam-ne-boten-e-dyshimit\/#primaryimage"},"datePublished":"2009-03-17T18:33:19+00:00","dateModified":"2009-03-17T18:33:19+00:00","author":{"@id":"https:\/\/www.visit-ulcinj.com\/blog\/#\/schema\/person\/dcab619c614d3038751c63bc2aadc06d"},"description":"Big Brother Albania 2 - Adi dhe Mimoza mundohen t\u00c3\u00ab sqarojn\u00c3\u00ab s\u00c3\u00abrisht keqkuptimin midis tyre. Mimoza i thot\u00c3\u00ab q\u00c3\u00ab nuk e kuptoi arsyen pse ai e rihapi si diskutim pasi ato u sqaruan nj\u00c3\u00abher\u00c3\u00ab.","breadcrumb":{"@id":"https:\/\/www.visit-ulcinj.com\/blog\/2009\/03\/17\/adi-jam-ne-boten-e-dyshimit\/#breadcrumb"},"inLanguage":"en-US","potentialAction":[{"@type":"ReadAction","target":["https:\/\/www.visit-ulcinj.com\/blog\/2009\/03\/17\/adi-jam-ne-boten-e-dyshimit\/"]}]},{"@type":"BreadcrumbList","@id":"https:\/\/www.visit-ulcinj.com\/blog\/2009\/03\/17\/adi-jam-ne-boten-e-dyshimit\/#breadcrumb","itemListElement":[{"@type":"ListItem","position":1,"name":"Adi: Jam n\u00eb bot\u00ebn e dyshimit"}]},{"@type":"Person","@id":"https:\/\/www.visit-ulcinj.com\/blog\/#\/schema\/person\/dcab619c614d3038751c63bc2aadc06d","name":"ulqini","sameAs":["http:\/\/www.visit-ulcinj.com"],"url":"https:\/\/www.visit-ulcinj.com\/blog\/author\/admin\/"}]}},"jetpack_featured_media_url":"","jetpack_sharing_enabled":true,"jetpack_shortlink":"https:\/\/wp.me\/pe6lTn-3Mm","_links":{"self":[{"href":"https:\/\/www.visit-ulcinj.com\/blog\/wp-json\/wp\/v2\/posts\/14530"}],"collection":[{"href":"https:\/\/www.visit-ulcinj.com\/blog\/wp-json\/wp\/v2\/posts"}],"about":[{"href":"https:\/\/www.visit-ulcinj.com\/blog\/wp-json\/wp\/v2\/types\/post"}],"author":[{"embeddable":true,"href":"https:\/\/www.visit-ulcinj.com\/blog\/wp-json\/wp\/v2\/users\/1"}],"replies":[{"embeddable":true,"href":"https:\/\/www.visit-ulcinj.com\/blog\/wp-json\/wp\/v2\/comments?post=14530"}],"version-history":[{"count":0,"href":"https:\/\/www.visit-ulcinj.com\/blog\/wp-json\/wp\/v2\/posts\/14530\/revisions"}],"wp:attachment":[{"href":"https:\/\/www.visit-ulcinj.com\/blog\/wp-json\/wp\/v2\/media?parent=14530"}],"wp:term":[{"taxonomy":"category","embeddable":true,"href":"https:\/\/www.visit-ulcinj.com\/blog\/wp-json\/wp\/v2\/categories?post=14530"},{"taxonomy":"post_tag","embeddable":true,"href":"https:\/\/www.visit-ulcinj.com\/blog\/wp-json\/wp\/v2\/tags?post=14530"}],"curies":[{"name":"wp","href":"https:\/\/api.w.org\/{rel}","templated":true}]}}