{"id":14536,"date":"2009-03-17T20:38:23","date_gmt":"2009-03-17T19:38:23","guid":{"rendered":"http:\/\/www.visit-ulcinj.com\/blog\/?p=14536"},"modified":"2009-03-17T20:56:11","modified_gmt":"2009-03-17T19:56:11","slug":"berlusconi-paralajmeron-investime-ne-mal-te-zi","status":"publish","type":"post","link":"https:\/\/www.visit-ulcinj.com\/blog\/2009\/03\/17\/berlusconi-paralajmeron-investime-ne-mal-te-zi\/","title":{"rendered":"Video &#8211; Berlusconi paralajm\u00ebron investime n\u00eb Mal t\u00eb Zi"},"content":{"rendered":"<p><a href=\"http:\/\/www.visit-ulcinj.com\/blog\/wp-content\/uploads\/2009\/03\/gjukanovic_berluskoni.jpg\"><img loading=\"lazy\" class=\"alignleft size-full wp-image-14537\" title=\"gjukanovic_berluskoni\" src=\"http:\/\/www.visit-ulcinj.com\/blog\/wp-content\/uploads\/2009\/03\/gjukanovic_berluskoni.jpg\" alt=\"gjukanovic_berluskoni\" width=\"570\" height=\"400\" \/><\/a>Italia synon t\u00eb jet\u00eb n\u00eb mesin e pes\u00eb investitor\u00ebve t\u00eb par\u00eb t\u00eb huaj n\u00eb Mal t\u00eb Zi, dhe \u00ebsht\u00eb kryesisht e interesuar p\u00ebr investime n\u00eb energjetik\u00eb dhe turiz\u00ebm, deklaroi t\u00eb h\u00ebn\u00ebn mbr\u00ebma n\u00eb Podgoric\u00eb kryeministri italian, Silvio Berlusconi, pas takimit me kryeministrin malazez Djukanovic.<\/p>\n<p>Sipas kryeministrit italian, Podgorica mund t\u00eb llogaris\u00eb gjithashtu edhe n\u00eb mb\u00ebshtetjen italiane n\u00eb proceset euroatlantike, ngase ajo an\u00ebtar\u00ebsimin e t\u00eb gjitha vendeve ballkanike gjithmon\u00eb e ka konsideruar si nj\u00eb zgjidhje t\u00eb duhur shtetet e Ballkanit Per\u00ebndimor.<\/p>\n<p><strong>Gazeta Express<\/strong><\/p>\n<p><strong>\n\t\t<style type=\"text\/css\">\n\t\t\t#gallery-1 {\n\t\t\t\tmargin: auto;\n\t\t\t}\n\t\t\t#gallery-1 .gallery-item {\n\t\t\t\tfloat: left;\n\t\t\t\tmargin-top: 10px;\n\t\t\t\ttext-align: center;\n\t\t\t\twidth: 33%;\n\t\t\t}\n\t\t\t#gallery-1 img {\n\t\t\t\tborder: 2px solid #cfcfcf;\n\t\t\t}\n\t\t\t#gallery-1 .gallery-caption {\n\t\t\t\tmargin-left: 0;\n\t\t\t}\n\t\t\t\/* see gallery_shortcode() in wp-includes\/media.php *\/\n\t\t<\/style>\n\t\t<div id='gallery-1' class='gallery galleryid-14536 gallery-columns-3 gallery-size-thumbnail'><dl class='gallery-item'>\n\t\t\t<dt class='gallery-icon landscape'>\n\t\t\t\t<a href='https:\/\/www.visit-ulcinj.com\/blog\/2009\/03\/17\/berlusconi-paralajmeron-investime-ne-mal-te-zi\/gjukanovic_berluskoni\/'><img width=\"150\" height=\"150\" src=\"https:\/\/www.visit-ulcinj.com\/blog\/wp-content\/uploads\/2009\/03\/gjukanovic_berluskoni-150x150.jpg\" class=\"attachment-thumbnail size-thumbnail\" alt=\"\" loading=\"lazy\" \/><\/a>\n\t\t\t<\/dt><\/dl><dl class='gallery-item'>\n\t\t\t<dt class='gallery-icon landscape'>\n\t\t\t\t<a href='https:\/\/www.visit-ulcinj.com\/blog\/2009\/03\/17\/berlusconi-paralajmeron-investime-ne-mal-te-zi\/gjukanovic_berluskoni1\/'><img width=\"150\" height=\"150\" src=\"https:\/\/www.visit-ulcinj.com\/blog\/wp-content\/uploads\/2009\/03\/gjukanovic_berluskoni1-150x150.jpg\" class=\"attachment-thumbnail size-thumbnail\" alt=\"\" loading=\"lazy\" \/><\/a>\n\t\t\t<\/dt><\/dl><dl class='gallery-item'>\n\t\t\t<dt class='gallery-icon landscape'>\n\t\t\t\t<a href='https:\/\/www.visit-ulcinj.com\/blog\/2009\/03\/17\/berlusconi-paralajmeron-investime-ne-mal-te-zi\/gjukanovic_berluskoni2\/'><img width=\"150\" height=\"150\" src=\"https:\/\/www.visit-ulcinj.com\/blog\/wp-content\/uploads\/2009\/03\/gjukanovic_berluskoni2-150x150.jpg\" class=\"attachment-thumbnail size-thumbnail\" alt=\"\" loading=\"lazy\" \/><\/a>\n\t\t\t<\/dt><\/dl><br style=\"clear: both\" \/>\n\t\t<\/div>\n<\/p>\n<p><\/strong><\/p>\n<p><strong><\/strong><\/p>\n<p><strong><!--YouTube Error: bad URL entered--><br \/>\n<\/strong><\/p>\n","protected":false},"excerpt":{"rendered":"<p>Italia synon t\u00eb jet\u00eb n\u00eb mesin e pes\u00eb investitor\u00ebve t\u00eb par\u00eb t\u00eb huaj n\u00eb Mal t\u00eb Zi, dhe \u00ebsht\u00eb kryesisht e interesuar p\u00ebr investime n\u00eb energjetik\u00eb dhe turiz\u00ebm, deklaroi t\u00eb h\u00ebn\u00ebn mbr\u00ebma n\u00eb Podgoric\u00eb kryeministri italian, Silvio Berlusconi, pas takimit me kryeministrin malazez Djukanovic. Sipas kryeministrit italian, Podgorica mund t\u00eb llogaris\u00eb gjithashtu edhe n\u00eb mb\u00ebshtetjen [&hellip;]<\/p>\n","protected":false},"author":1,"featured_media":0,"comment_status":"open","ping_status":"closed","sticky":false,"template":"","format":"standard","meta":{"spay_email":"","jetpack_publicize_message":"","jetpack_is_tweetstorm":false,"jetpack_publicize_feature_enabled":true},"categories":[12],"tags":[8079,2433,2806,92],"jetpack_publicize_connections":[],"yoast_head":"<!-- This site is optimized with the Yoast SEO plugin v19.1 - https:\/\/yoast.com\/wordpress\/plugins\/seo\/ -->\n<title>Video - Berlusconi paralajm\u00ebron investime n\u00eb Mal t\u00eb Zi - Lajme nga Ulqini<\/title>\n<meta name=\"description\" content=\"Italia synon t\u00eb jet\u00eb n\u00eb mesin e pes\u00eb investitor\u00ebve t\u00eb par\u00eb t\u00eb huaj n\u00eb Mal t\u00eb Zi, dhe \u00ebsht\u00eb kryesisht e interesuar p\u00ebr investime n\u00eb energjetik\u00eb dhe\" \/>\n<meta name=\"robots\" content=\"index, follow, max-snippet:-1, max-image-preview:large, max-video-preview:-1\" \/>\n<link rel=\"canonical\" href=\"https:\/\/www.visit-ulcinj.com\/blog\/2009\/03\/17\/berlusconi-paralajmeron-investime-ne-mal-te-zi\/\" \/>\n<meta property=\"og:locale\" content=\"en_US\" \/>\n<meta property=\"og:type\" content=\"article\" \/>\n<meta property=\"og:title\" content=\"Video - Berlusconi paralajm\u00ebron investime n\u00eb Mal t\u00eb Zi - Lajme nga Ulqini\" \/>\n<meta property=\"og:description\" content=\"Italia synon t\u00eb jet\u00eb n\u00eb mesin e pes\u00eb investitor\u00ebve t\u00eb par\u00eb t\u00eb huaj n\u00eb Mal t\u00eb Zi, dhe \u00ebsht\u00eb kryesisht e interesuar p\u00ebr investime n\u00eb energjetik\u00eb dhe\" \/>\n<meta property=\"og:url\" content=\"https:\/\/www.visit-ulcinj.com\/blog\/2009\/03\/17\/berlusconi-paralajmeron-investime-ne-mal-te-zi\/\" \/>\n<meta property=\"og:site_name\" content=\"Lajme nga Ulqini\" \/>\n<meta property=\"article:published_time\" content=\"2009-03-17T19:38:23+00:00\" \/>\n<meta property=\"article:modified_time\" content=\"2009-03-17T19:56:11+00:00\" \/>\n<meta property=\"og:image\" content=\"https:\/\/www.visit-ulcinj.com\/blog\/wp-content\/uploads\/2009\/03\/gjukanovic_berluskoni-150x150.jpg\" \/>\n<meta name=\"twitter:label1\" content=\"Written by\" \/>\n\t<meta name=\"twitter:data1\" content=\"ulqini\" \/>\n\t<meta name=\"twitter:label2\" content=\"Est. reading time\" \/>\n\t<meta name=\"twitter:data2\" content=\"1 minute\" \/>\n<script type=\"application\/ld+json\" class=\"yoast-schema-graph\">{\"@context\":\"https:\/\/schema.org\",\"@graph\":[{\"@type\":\"WebSite\",\"@id\":\"https:\/\/www.visit-ulcinj.com\/blog\/#website\",\"url\":\"https:\/\/www.visit-ulcinj.com\/blog\/\",\"name\":\"Lajme nga Ulqini\",\"description\":\"Lajme,Vijesti,Ulqini,Ulqin,Crna Gora,Mali i Zi\",\"potentialAction\":[{\"@type\":\"SearchAction\",\"target\":{\"@type\":\"EntryPoint\",\"urlTemplate\":\"https:\/\/www.visit-ulcinj.com\/blog\/?s={search_term_string}\"},\"query-input\":\"required name=search_term_string\"}],\"inLanguage\":\"en-US\"},{\"@type\":\"ImageObject\",\"inLanguage\":\"en-US\",\"@id\":\"https:\/\/www.visit-ulcinj.com\/blog\/2009\/03\/17\/berlusconi-paralajmeron-investime-ne-mal-te-zi\/#primaryimage\",\"url\":\"https:\/\/www.visit-ulcinj.com\/blog\/wp-content\/uploads\/2009\/03\/gjukanovic_berluskoni.jpg\",\"contentUrl\":\"https:\/\/www.visit-ulcinj.com\/blog\/wp-content\/uploads\/2009\/03\/gjukanovic_berluskoni.jpg\",\"width\":\"640\",\"height\":\"427\"},{\"@type\":\"WebPage\",\"@id\":\"https:\/\/www.visit-ulcinj.com\/blog\/2009\/03\/17\/berlusconi-paralajmeron-investime-ne-mal-te-zi\/#webpage\",\"url\":\"https:\/\/www.visit-ulcinj.com\/blog\/2009\/03\/17\/berlusconi-paralajmeron-investime-ne-mal-te-zi\/\",\"name\":\"Video - Berlusconi paralajm\u00ebron investime n\u00eb Mal t\u00eb Zi - Lajme nga Ulqini\",\"isPartOf\":{\"@id\":\"https:\/\/www.visit-ulcinj.com\/blog\/#website\"},\"primaryImageOfPage\":{\"@id\":\"https:\/\/www.visit-ulcinj.com\/blog\/2009\/03\/17\/berlusconi-paralajmeron-investime-ne-mal-te-zi\/#primaryimage\"},\"datePublished\":\"2009-03-17T19:38:23+00:00\",\"dateModified\":\"2009-03-17T19:56:11+00:00\",\"author\":{\"@id\":\"https:\/\/www.visit-ulcinj.com\/blog\/#\/schema\/person\/dcab619c614d3038751c63bc2aadc06d\"},\"description\":\"Italia synon t\u00eb jet\u00eb n\u00eb mesin e pes\u00eb investitor\u00ebve t\u00eb par\u00eb t\u00eb huaj n\u00eb Mal t\u00eb Zi, dhe \u00ebsht\u00eb kryesisht e interesuar p\u00ebr investime n\u00eb energjetik\u00eb dhe\",\"breadcrumb\":{\"@id\":\"https:\/\/www.visit-ulcinj.com\/blog\/2009\/03\/17\/berlusconi-paralajmeron-investime-ne-mal-te-zi\/#breadcrumb\"},\"inLanguage\":\"en-US\",\"potentialAction\":[{\"@type\":\"ReadAction\",\"target\":[\"https:\/\/www.visit-ulcinj.com\/blog\/2009\/03\/17\/berlusconi-paralajmeron-investime-ne-mal-te-zi\/\"]}]},{\"@type\":\"BreadcrumbList\",\"@id\":\"https:\/\/www.visit-ulcinj.com\/blog\/2009\/03\/17\/berlusconi-paralajmeron-investime-ne-mal-te-zi\/#breadcrumb\",\"itemListElement\":[{\"@type\":\"ListItem\",\"position\":1,\"name\":\"Video &#8211; Berlusconi paralajm\u00ebron investime n\u00eb Mal t\u00eb Zi\"}]},{\"@type\":\"Person\",\"@id\":\"https:\/\/www.visit-ulcinj.com\/blog\/#\/schema\/person\/dcab619c614d3038751c63bc2aadc06d\",\"name\":\"ulqini\",\"sameAs\":[\"http:\/\/www.visit-ulcinj.com\"],\"url\":\"https:\/\/www.visit-ulcinj.com\/blog\/author\/admin\/\"}]}<\/script>\n<!-- \/ Yoast SEO plugin. -->","yoast_head_json":{"title":"Video - Berlusconi paralajm\u00ebron investime n\u00eb Mal t\u00eb Zi - Lajme nga Ulqini","description":"Italia synon t\u00eb jet\u00eb n\u00eb mesin e pes\u00eb investitor\u00ebve t\u00eb par\u00eb t\u00eb huaj n\u00eb Mal t\u00eb Zi, dhe \u00ebsht\u00eb kryesisht e interesuar p\u00ebr investime n\u00eb energjetik\u00eb dhe","robots":{"index":"index","follow":"follow","max-snippet":"max-snippet:-1","max-image-preview":"max-image-preview:large","max-video-preview":"max-video-preview:-1"},"canonical":"https:\/\/www.visit-ulcinj.com\/blog\/2009\/03\/17\/berlusconi-paralajmeron-investime-ne-mal-te-zi\/","og_locale":"en_US","og_type":"article","og_title":"Video - Berlusconi paralajm\u00ebron investime n\u00eb Mal t\u00eb Zi - Lajme nga Ulqini","og_description":"Italia synon t\u00eb jet\u00eb n\u00eb mesin e pes\u00eb investitor\u00ebve t\u00eb par\u00eb t\u00eb huaj n\u00eb Mal t\u00eb Zi, dhe \u00ebsht\u00eb kryesisht e interesuar p\u00ebr investime n\u00eb energjetik\u00eb dhe","og_url":"https:\/\/www.visit-ulcinj.com\/blog\/2009\/03\/17\/berlusconi-paralajmeron-investime-ne-mal-te-zi\/","og_site_name":"Lajme nga Ulqini","article_published_time":"2009-03-17T19:38:23+00:00","article_modified_time":"2009-03-17T19:56:11+00:00","og_image":[{"url":"https:\/\/www.visit-ulcinj.com\/blog\/wp-content\/uploads\/2009\/03\/gjukanovic_berluskoni-150x150.jpg"}],"twitter_misc":{"Written by":"ulqini","Est. reading time":"1 minute"},"schema":{"@context":"https:\/\/schema.org","@graph":[{"@type":"WebSite","@id":"https:\/\/www.visit-ulcinj.com\/blog\/#website","url":"https:\/\/www.visit-ulcinj.com\/blog\/","name":"Lajme nga Ulqini","description":"Lajme,Vijesti,Ulqini,Ulqin,Crna Gora,Mali i Zi","potentialAction":[{"@type":"SearchAction","target":{"@type":"EntryPoint","urlTemplate":"https:\/\/www.visit-ulcinj.com\/blog\/?s={search_term_string}"},"query-input":"required name=search_term_string"}],"inLanguage":"en-US"},{"@type":"ImageObject","inLanguage":"en-US","@id":"https:\/\/www.visit-ulcinj.com\/blog\/2009\/03\/17\/berlusconi-paralajmeron-investime-ne-mal-te-zi\/#primaryimage","url":"https:\/\/www.visit-ulcinj.com\/blog\/wp-content\/uploads\/2009\/03\/gjukanovic_berluskoni.jpg","contentUrl":"https:\/\/www.visit-ulcinj.com\/blog\/wp-content\/uploads\/2009\/03\/gjukanovic_berluskoni.jpg","width":"640","height":"427"},{"@type":"WebPage","@id":"https:\/\/www.visit-ulcinj.com\/blog\/2009\/03\/17\/berlusconi-paralajmeron-investime-ne-mal-te-zi\/#webpage","url":"https:\/\/www.visit-ulcinj.com\/blog\/2009\/03\/17\/berlusconi-paralajmeron-investime-ne-mal-te-zi\/","name":"Video - Berlusconi paralajm\u00ebron investime n\u00eb Mal t\u00eb Zi - Lajme nga Ulqini","isPartOf":{"@id":"https:\/\/www.visit-ulcinj.com\/blog\/#website"},"primaryImageOfPage":{"@id":"https:\/\/www.visit-ulcinj.com\/blog\/2009\/03\/17\/berlusconi-paralajmeron-investime-ne-mal-te-zi\/#primaryimage"},"datePublished":"2009-03-17T19:38:23+00:00","dateModified":"2009-03-17T19:56:11+00:00","author":{"@id":"https:\/\/www.visit-ulcinj.com\/blog\/#\/schema\/person\/dcab619c614d3038751c63bc2aadc06d"},"description":"Italia synon t\u00eb jet\u00eb n\u00eb mesin e pes\u00eb investitor\u00ebve t\u00eb par\u00eb t\u00eb huaj n\u00eb Mal t\u00eb Zi, dhe \u00ebsht\u00eb kryesisht e interesuar p\u00ebr investime n\u00eb energjetik\u00eb dhe","breadcrumb":{"@id":"https:\/\/www.visit-ulcinj.com\/blog\/2009\/03\/17\/berlusconi-paralajmeron-investime-ne-mal-te-zi\/#breadcrumb"},"inLanguage":"en-US","potentialAction":[{"@type":"ReadAction","target":["https:\/\/www.visit-ulcinj.com\/blog\/2009\/03\/17\/berlusconi-paralajmeron-investime-ne-mal-te-zi\/"]}]},{"@type":"BreadcrumbList","@id":"https:\/\/www.visit-ulcinj.com\/blog\/2009\/03\/17\/berlusconi-paralajmeron-investime-ne-mal-te-zi\/#breadcrumb","itemListElement":[{"@type":"ListItem","position":1,"name":"Video &#8211; Berlusconi paralajm\u00ebron investime n\u00eb Mal t\u00eb Zi"}]},{"@type":"Person","@id":"https:\/\/www.visit-ulcinj.com\/blog\/#\/schema\/person\/dcab619c614d3038751c63bc2aadc06d","name":"ulqini","sameAs":["http:\/\/www.visit-ulcinj.com"],"url":"https:\/\/www.visit-ulcinj.com\/blog\/author\/admin\/"}]}},"jetpack_featured_media_url":"","jetpack_sharing_enabled":true,"jetpack_shortlink":"https:\/\/wp.me\/pe6lTn-3Ms","_links":{"self":[{"href":"https:\/\/www.visit-ulcinj.com\/blog\/wp-json\/wp\/v2\/posts\/14536"}],"collection":[{"href":"https:\/\/www.visit-ulcinj.com\/blog\/wp-json\/wp\/v2\/posts"}],"about":[{"href":"https:\/\/www.visit-ulcinj.com\/blog\/wp-json\/wp\/v2\/types\/post"}],"author":[{"embeddable":true,"href":"https:\/\/www.visit-ulcinj.com\/blog\/wp-json\/wp\/v2\/users\/1"}],"replies":[{"embeddable":true,"href":"https:\/\/www.visit-ulcinj.com\/blog\/wp-json\/wp\/v2\/comments?post=14536"}],"version-history":[{"count":0,"href":"https:\/\/www.visit-ulcinj.com\/blog\/wp-json\/wp\/v2\/posts\/14536\/revisions"}],"wp:attachment":[{"href":"https:\/\/www.visit-ulcinj.com\/blog\/wp-json\/wp\/v2\/media?parent=14536"}],"wp:term":[{"taxonomy":"category","embeddable":true,"href":"https:\/\/www.visit-ulcinj.com\/blog\/wp-json\/wp\/v2\/categories?post=14536"},{"taxonomy":"post_tag","embeddable":true,"href":"https:\/\/www.visit-ulcinj.com\/blog\/wp-json\/wp\/v2\/tags?post=14536"}],"curies":[{"name":"wp","href":"https:\/\/api.w.org\/{rel}","templated":true}]}}