{"id":1457,"date":"2008-04-30T04:01:20","date_gmt":"2008-04-30T09:01:20","guid":{"rendered":"http:\/\/www.visit-ulcinj.com\/blog\/?p=1457"},"modified":"2008-04-30T04:25:06","modified_gmt":"2008-04-30T09:25:06","slug":"interviste-me-sopranon-maida-resulbegu","status":"publish","type":"post","link":"https:\/\/www.visit-ulcinj.com\/blog\/2008\/04\/30\/interviste-me-sopranon-maida-resulbegu\/","title":{"rendered":"Intervist\u00eb me sopranon Maida Resulbegu"},"content":{"rendered":"<p><strong><img loading=\"lazy\" class=\"alignleft\" style=\"float: left;\" src=\"http:\/\/www.kohajavore.cg.yu\/slike\/1209369111.jpg\" alt=\"Maida Resulbegu\" width=\"280\" height=\"194\" \/>Asnj\u00ebher\u00eb nuk ndjehem keq n\u00eb sken\u00eb<br \/>\n<\/strong>Edhe pse \u00ebsht\u00eb vet\u00ebm 17 vje\u00e7are, Maida Resulbegu tashm\u00eb ka b\u00ebr\u00eb em\u00ebr si sopranoja e par\u00eb n\u00eb hap\u00ebsirat shqiptare n\u00eb Mal t\u00eb Zi. Ka mbaruar Shkoll\u00ebn e Ul\u00ebt t\u00eb Muzik\u00ebs n\u00eb Ulqin dhe at\u00eb t\u00eb Mesme n\u00eb Kotorr, nd\u00ebrkoh\u00eb q\u00eb vazhdon t\u00eb m\u00ebsoj\u00eb p\u00ebr kanto te sopranoja e njohur Suzana Frash\u00ebri si parap\u00ebrgatitje p\u00ebr Akademin\u00eb e Arteve.<br \/>\nAjo thot\u00eb se z\u00ebrin e ka dhunti nga Zoti, por shum\u00eb\u00e7ka q\u00eb ka arritur deri tani ia dedikon pun\u00ebs dhe sakrific\u00ebs s\u00eb madhe. Maida \u00ebsht\u00eb fituese e disa \u00e7mimeve n\u00eb nivel vendor dhe nd\u00ebrkomb\u00ebtar dhe ka marr\u00eb pjes\u00eb n\u00eb shum\u00eb koncerte, madje p\u00ebrkrah emrave t\u00eb njohur t\u00eb muzik\u00ebs. D\u00ebshira e saj \u00ebsht\u00eb q\u00eb s\u00eb shpejti t\u00eb organizoj\u00eb koncertin e saj t\u00eb par\u00eb solistik.<br \/>\n<strong>Koha javore:<\/strong> Znj. Resulbegu, kur keni filluar t\u00eb merreni me muzik\u00eb dhe si lindi dashuria Juaj p\u00ebr t\u00eb?<br \/>\n<strong>M. Resulbegu:<\/strong> Me muzik\u00eb kam filluar t\u00eb merrem qysh n\u00eb mosh\u00ebn 6 vje\u00e7are, m\u00eb sakt\u00ebsisht me piano, kurse me kanto n\u00eb mosh\u00ebn 14 vje\u00e7are. Kam mbaruar me sukses Shkoll\u00ebn e Ul\u00ebt t\u00eb Muzik\u00ebs n\u00eb Ulqin, kurse m\u00eb pas Shkoll\u00ebn e Mesme t\u00eb Muzik\u00ebs n\u00eb Kotorr p\u00ebr kanto, n\u00eb klas\u00ebn e prof. Mirela Shqasni. Tani vazhdoj t\u00eb m\u00ebsoj p\u00ebr kanto n\u00eb Tiran\u00eb si parap\u00ebrgatitje p\u00ebr Akademi t\u00eb Arteve.<br \/>\n<strong>Koha javore:<\/strong> Pse u p\u00ebrcaktuat p\u00ebr kanto? Ishte d\u00ebshir\u00eb personale?<img loading=\"lazy\" class=\"alignright\" style=\"float: right;\" src=\"http:\/\/www.visit-ulcinj.com\/blog\/wp-content\/uploads\/2008\/04\/jusuf-lika.jpg\" alt=\"jusuf lika\" width=\"185\" height=\"193\" \/><br \/>\n<strong>M. Resulbegu:<\/strong> Ia fillova nga kurioziteti edhe pse si f\u00ebmij\u00eb k\u00ebndoja gjithmon\u00eb k\u00ebng\u00eb t\u00eb lehta. Drejtori i Shkoll\u00ebs s\u00eb Muzik\u00ebs n\u00eb Ulqin, prof. Jusuf Lika ishte personi q\u00eb m\u00eb propozoi t\u00eb filloja jet\u00ebn time artistike n\u00eb kanto.<br \/>\n<strong>Koha javore:<\/strong> Ke m\u00ebsuar n\u00eb Kotorr, kurse tani n\u00eb Tiran\u00eb. Cili \u00ebsht\u00eb dallimi sa i p\u00ebrket m\u00ebnyr\u00ebs s\u00eb m\u00ebsimit?<br \/>\n<strong>M. Resulbegu:<\/strong> Dallimi mes shkoll\u00ebs s\u00eb Kotorrit dhe Tiran\u00ebs \u00ebsht\u00eb me t\u00eb v\u00ebrtet\u00eb i madh. N\u00eb fakt, kemi t\u00eb b\u00ebjm\u00eb me nj\u00eb shkoll\u00eb t\u00eb mesme dhe Akademi dhe ndoshta edhe krahasimi nuk \u00ebsht\u00eb i mundur. Sigurisht Akademia ku un\u00eb i b\u00ebj m\u00ebsimet \u00ebsht\u00eb n\u00eb nivel shum\u00eb t\u00eb lart\u00eb.<br \/>\n<strong>Koha javore:<\/strong> \u00c7far\u00eb ofron konkretisht Tirana?<br \/>\n<strong>M. Resulbegu:<\/strong> Tirana ofron mund\u00ebsi shum\u00eb t\u00eb m\u00ebdha p\u00ebr mua. Mund\u00ebsia m\u00eb e madhe \u00ebsht\u00eb q\u00eb mund t\u00eb b\u00ebj nj\u00eb m\u00ebsim t\u00eb mir\u00ebfillt\u00eb \u00e7far\u00eb \u00ebsht\u00eb shum\u00eb e r\u00ebnd\u00ebsishme p\u00ebr mosh\u00ebn time.<br \/>\n<strong>Koha javore:<\/strong> Pse zgjodh\u00ebt sopranon prof. Suzana Frash\u00ebrin p\u00ebr t\u00eb vazhduar p\u00ebrgatitjen Tuaj p\u00ebr kanto?<br \/>\n<strong>Maida Resulbegu:<\/strong> \u00cbsht\u00eb profesoresh\u00eb e cila k\u00ebrkon disiplin\u00eb dhe punon me shum\u00eb pasion.<br \/>\n<strong>Koha javore:<\/strong> Gjithnj\u00eb n\u00eb koncerte Ju shohim n\u00ebn p\u00ebrcjelljen e pianistes Merita Subashiq?<br \/>\n<strong>M. Resulbegu:<\/strong> Po, \u00ebsht\u00eb e v\u00ebrtet\u00eb. Merita m\u00eb p\u00ebrcjell\u00eb n\u00eb \u00e7do koncert n\u00eb vend. Un\u00eb e ndiej veten shum\u00eb t\u00eb sigurt n\u00ebn p\u00ebrcjelljen e saj. Ajo m\u00eb njeh mir\u00eb pasi q\u00eb m\u00eb ka shoq\u00ebruar rregullisht qysh n\u00eb fillimet e mia.<br \/>\n<strong>Koha javore:<\/strong> \u00c7far\u00eb keni dhunti dhe \u00e7far\u00eb keni arritur me pun\u00eb n\u00eb karrier\u00ebn Tuaj t\u00eb deritashme?<br \/>\n<strong>M. Resulbegu:<\/strong> Mendoj se z\u00ebrin e kam dhunti, edhe pse nivelin e tash\u00ebm t\u00eb k\u00ebndimit e kam arritur me nj\u00eb pun\u00eb dhe sakrific\u00eb shum\u00eb t\u00eb madhe.<br \/>\n<strong>Koha javore:<\/strong> Kur jeni ndjer\u00eb m\u00eb s\u00eb miri n\u00eb sken\u00eb?<br \/>\n<strong>M. Resulbegu:<\/strong> Artisti pa sken\u00eb \u00ebsht\u00eb si zogu n\u00eb kafaz. Ndoshta koncerti q\u00eb e mbaj n\u00eb mend \u00ebsht\u00eb koncerti im i par\u00eb.<br \/>\n<strong>Koha javore:<\/strong> Po m\u00eb s\u00eb keqi?<br \/>\n<strong>M. Resulbegu:<\/strong> Asnj\u00ebher\u00eb nuk ndjehem keq n\u00eb sken\u00eb.<br \/>\n<strong>Koha javore:<\/strong> Ju ka tradh\u00ebtuar ndonj\u00ebher\u00eb z\u00ebri?<br \/>\n<strong>M. Resulbegu:<\/strong> Ndodh, por gjithmon\u00eb n\u00eb sken\u00eb mundohem t\u00eb jap maksimumin dhe kam besim te vetja.<br \/>\n<strong>Koha javore:<\/strong> K\u00ebng\u00ebt e cil\u00ebve kompozitor\u00eb p\u00eblqen tzi k\u00ebndosh m\u00eb tep\u00ebr?<br \/>\n<strong>M. Resulbegu:<\/strong> M\u00eb p\u00eblqejn\u00eb t\u00eb gjith\u00eb, por do t\u00eb ve\u00e7oja Rossinin, Mozzartin dhe Verdin.<br \/>\n<strong>Koha javore:<\/strong> \u00c7far\u00eb do t\u00eb thot\u00eb p\u00ebr Ju fakti q\u00eb jeni sopranoja e par\u00eb n\u00eb Ulqin dhe n\u00eb hap\u00ebsir\u00ebn shqiptare n\u00eb Mal t\u00eb Zi?<br \/>\n<strong>M. Resulbegu:<\/strong> Ulqinit dhe shqiptar\u00ebve n\u00eb Mal t\u00eb Zi n\u00eb p\u00ebrgjith\u00ebsi nuk u ka munguar kurr\u00eb talenti muzikor, por un\u00eb pata fatin t\u00eb jem e para q\u00eb arrita tzi shpalosi k\u00ebto vlera artistike muzikore n\u00eb fush\u00ebn e muzik\u00ebs klasike.<br \/>\n<strong>Koha javore:<\/strong> Ke marr\u00eb pjes\u00eb n\u00eb shum\u00eb koncerte dhe aktivitete t\u00eb ndryshme, por deri tani nuk ke pasur koncert solistik. Kur planifikon t\u00eb kesh koncertin e par\u00eb solistik?<br \/>\n<strong>M. Resulbegu:<\/strong> Mendoj ta kem k\u00ebt\u00eb ver\u00eb. Ai do t\u00eb jet\u00eb i p\u00ebrgatitur enkas p\u00ebr turist\u00ebt dhe bashk\u00ebvendasit e mi n\u00eb Ulqin.<br \/>\n<strong>Koha javore:<\/strong> Tashm\u00eb i jeni futur rrug\u00ebs s\u00eb muzik\u00ebs. A e keni ndar\u00eb mendjen p\u00ebr t\u00eb vazhduar Akademin e Arteve?<br \/>\n<strong>M. Resulbegu:<\/strong> Po, e them me kuptimin e plot\u00eb t\u00eb fjal\u00ebs. Dhe do t\u00eb regjistrohem n\u00eb klas\u00ebn e zyshes sime t\u00eb tashme, prof. Suzana Frash\u00ebri, n\u00eb Akademin\u00eb e Arteve n\u00eb Tiran\u00eb.<br \/>\n<strong>Koha javore:<\/strong> Ku e shihni veten n\u00eb t\u00eb ardhmen?<br \/>\n<strong>M. Resulbegu:<\/strong> T\u00eb ardhmen time e shoh n\u00eb Mal t\u00eb Zi, pasi q\u00eb besoj se do t\u00eb mzi ofroj\u00eb t\u00eb gjitha mund\u00ebsit\u00eb q\u00eb t\u00eb veproj dhe punoj k\u00ebtu.<br \/>\n<strong>Bisedoi: I. Kallaba<br \/>\nKOHA JAVORE<\/strong><\/p>\n","protected":false},"excerpt":{"rendered":"<p><img loading=\"lazy\" class=\"alignleft\" style=\"float: left;\" src=\"http:\/\/www.kohajavore.cg.yu\/slike\/1209369111.jpg\" alt=\"Maida Resulbegu\" width=\"140\" height=\"140\" \/><\/p>\n","protected":false},"author":1,"featured_media":0,"comment_status":"open","ping_status":"closed","sticky":false,"template":"","format":"standard","meta":{"spay_email":"","jetpack_publicize_message":"","jetpack_is_tweetstorm":false,"jetpack_publicize_feature_enabled":true},"categories":[5,12],"tags":[2898,2440,1896,2899,2897,2894,2893,42],"jetpack_publicize_connections":[],"yoast_head":"<!-- This site is optimized with the Yoast SEO plugin v19.1 - https:\/\/yoast.com\/wordpress\/plugins\/seo\/ -->\n<title>Intervist\u00eb me sopranon Maida Resulbegu - Lajme nga Ulqini<\/title>\n<meta name=\"robots\" content=\"index, follow, max-snippet:-1, max-image-preview:large, max-video-preview:-1\" \/>\n<link rel=\"canonical\" href=\"https:\/\/www.visit-ulcinj.com\/blog\/2008\/04\/30\/interviste-me-sopranon-maida-resulbegu\/\" \/>\n<meta property=\"og:locale\" content=\"en_US\" \/>\n<meta property=\"og:type\" content=\"article\" \/>\n<meta property=\"og:title\" content=\"Intervist\u00eb me sopranon Maida Resulbegu - Lajme nga Ulqini\" \/>\n<meta property=\"og:url\" content=\"https:\/\/www.visit-ulcinj.com\/blog\/2008\/04\/30\/interviste-me-sopranon-maida-resulbegu\/\" \/>\n<meta property=\"og:site_name\" content=\"Lajme nga Ulqini\" \/>\n<meta property=\"article:published_time\" content=\"2008-04-30T09:01:20+00:00\" \/>\n<meta property=\"article:modified_time\" content=\"2008-04-30T09:25:06+00:00\" \/>\n<meta property=\"og:image\" content=\"http:\/\/www.kohajavore.cg.yu\/slike\/1209369111.jpg\" \/>\n<meta name=\"twitter:label1\" content=\"Written by\" \/>\n\t<meta name=\"twitter:data1\" content=\"ulqini\" \/>\n\t<meta name=\"twitter:label2\" content=\"Est. reading time\" \/>\n\t<meta name=\"twitter:data2\" content=\"5 minutes\" \/>\n<script type=\"application\/ld+json\" class=\"yoast-schema-graph\">{\"@context\":\"https:\/\/schema.org\",\"@graph\":[{\"@type\":\"WebSite\",\"@id\":\"https:\/\/www.visit-ulcinj.com\/blog\/#website\",\"url\":\"https:\/\/www.visit-ulcinj.com\/blog\/\",\"name\":\"Lajme nga Ulqini\",\"description\":\"Lajme,Vijesti,Ulqini,Ulqin,Crna Gora,Mali i Zi\",\"potentialAction\":[{\"@type\":\"SearchAction\",\"target\":{\"@type\":\"EntryPoint\",\"urlTemplate\":\"https:\/\/www.visit-ulcinj.com\/blog\/?s={search_term_string}\"},\"query-input\":\"required name=search_term_string\"}],\"inLanguage\":\"en-US\"},{\"@type\":\"ImageObject\",\"inLanguage\":\"en-US\",\"@id\":\"https:\/\/www.visit-ulcinj.com\/blog\/2008\/04\/30\/interviste-me-sopranon-maida-resulbegu\/#primaryimage\",\"url\":\"http:\/\/www.kohajavore.cg.yu\/slike\/1209369111.jpg\",\"contentUrl\":\"http:\/\/www.kohajavore.cg.yu\/slike\/1209369111.jpg\"},{\"@type\":\"WebPage\",\"@id\":\"https:\/\/www.visit-ulcinj.com\/blog\/2008\/04\/30\/interviste-me-sopranon-maida-resulbegu\/#webpage\",\"url\":\"https:\/\/www.visit-ulcinj.com\/blog\/2008\/04\/30\/interviste-me-sopranon-maida-resulbegu\/\",\"name\":\"Intervist\u00eb me sopranon Maida Resulbegu - Lajme nga Ulqini\",\"isPartOf\":{\"@id\":\"https:\/\/www.visit-ulcinj.com\/blog\/#website\"},\"primaryImageOfPage\":{\"@id\":\"https:\/\/www.visit-ulcinj.com\/blog\/2008\/04\/30\/interviste-me-sopranon-maida-resulbegu\/#primaryimage\"},\"datePublished\":\"2008-04-30T09:01:20+00:00\",\"dateModified\":\"2008-04-30T09:25:06+00:00\",\"author\":{\"@id\":\"https:\/\/www.visit-ulcinj.com\/blog\/#\/schema\/person\/dcab619c614d3038751c63bc2aadc06d\"},\"breadcrumb\":{\"@id\":\"https:\/\/www.visit-ulcinj.com\/blog\/2008\/04\/30\/interviste-me-sopranon-maida-resulbegu\/#breadcrumb\"},\"inLanguage\":\"en-US\",\"potentialAction\":[{\"@type\":\"ReadAction\",\"target\":[\"https:\/\/www.visit-ulcinj.com\/blog\/2008\/04\/30\/interviste-me-sopranon-maida-resulbegu\/\"]}]},{\"@type\":\"BreadcrumbList\",\"@id\":\"https:\/\/www.visit-ulcinj.com\/blog\/2008\/04\/30\/interviste-me-sopranon-maida-resulbegu\/#breadcrumb\",\"itemListElement\":[{\"@type\":\"ListItem\",\"position\":1,\"name\":\"Intervist\u00eb me sopranon Maida Resulbegu\"}]},{\"@type\":\"Person\",\"@id\":\"https:\/\/www.visit-ulcinj.com\/blog\/#\/schema\/person\/dcab619c614d3038751c63bc2aadc06d\",\"name\":\"ulqini\",\"sameAs\":[\"http:\/\/www.visit-ulcinj.com\"],\"url\":\"https:\/\/www.visit-ulcinj.com\/blog\/author\/admin\/\"}]}<\/script>\n<!-- \/ Yoast SEO plugin. -->","yoast_head_json":{"title":"Intervist\u00eb me sopranon Maida Resulbegu - Lajme nga Ulqini","robots":{"index":"index","follow":"follow","max-snippet":"max-snippet:-1","max-image-preview":"max-image-preview:large","max-video-preview":"max-video-preview:-1"},"canonical":"https:\/\/www.visit-ulcinj.com\/blog\/2008\/04\/30\/interviste-me-sopranon-maida-resulbegu\/","og_locale":"en_US","og_type":"article","og_title":"Intervist\u00eb me sopranon Maida Resulbegu - Lajme nga Ulqini","og_url":"https:\/\/www.visit-ulcinj.com\/blog\/2008\/04\/30\/interviste-me-sopranon-maida-resulbegu\/","og_site_name":"Lajme nga Ulqini","article_published_time":"2008-04-30T09:01:20+00:00","article_modified_time":"2008-04-30T09:25:06+00:00","og_image":[{"url":"http:\/\/www.kohajavore.cg.yu\/slike\/1209369111.jpg"}],"twitter_misc":{"Written by":"ulqini","Est. reading time":"5 minutes"},"schema":{"@context":"https:\/\/schema.org","@graph":[{"@type":"WebSite","@id":"https:\/\/www.visit-ulcinj.com\/blog\/#website","url":"https:\/\/www.visit-ulcinj.com\/blog\/","name":"Lajme nga Ulqini","description":"Lajme,Vijesti,Ulqini,Ulqin,Crna Gora,Mali i Zi","potentialAction":[{"@type":"SearchAction","target":{"@type":"EntryPoint","urlTemplate":"https:\/\/www.visit-ulcinj.com\/blog\/?s={search_term_string}"},"query-input":"required name=search_term_string"}],"inLanguage":"en-US"},{"@type":"ImageObject","inLanguage":"en-US","@id":"https:\/\/www.visit-ulcinj.com\/blog\/2008\/04\/30\/interviste-me-sopranon-maida-resulbegu\/#primaryimage","url":"http:\/\/www.kohajavore.cg.yu\/slike\/1209369111.jpg","contentUrl":"http:\/\/www.kohajavore.cg.yu\/slike\/1209369111.jpg"},{"@type":"WebPage","@id":"https:\/\/www.visit-ulcinj.com\/blog\/2008\/04\/30\/interviste-me-sopranon-maida-resulbegu\/#webpage","url":"https:\/\/www.visit-ulcinj.com\/blog\/2008\/04\/30\/interviste-me-sopranon-maida-resulbegu\/","name":"Intervist\u00eb me sopranon Maida Resulbegu - Lajme nga Ulqini","isPartOf":{"@id":"https:\/\/www.visit-ulcinj.com\/blog\/#website"},"primaryImageOfPage":{"@id":"https:\/\/www.visit-ulcinj.com\/blog\/2008\/04\/30\/interviste-me-sopranon-maida-resulbegu\/#primaryimage"},"datePublished":"2008-04-30T09:01:20+00:00","dateModified":"2008-04-30T09:25:06+00:00","author":{"@id":"https:\/\/www.visit-ulcinj.com\/blog\/#\/schema\/person\/dcab619c614d3038751c63bc2aadc06d"},"breadcrumb":{"@id":"https:\/\/www.visit-ulcinj.com\/blog\/2008\/04\/30\/interviste-me-sopranon-maida-resulbegu\/#breadcrumb"},"inLanguage":"en-US","potentialAction":[{"@type":"ReadAction","target":["https:\/\/www.visit-ulcinj.com\/blog\/2008\/04\/30\/interviste-me-sopranon-maida-resulbegu\/"]}]},{"@type":"BreadcrumbList","@id":"https:\/\/www.visit-ulcinj.com\/blog\/2008\/04\/30\/interviste-me-sopranon-maida-resulbegu\/#breadcrumb","itemListElement":[{"@type":"ListItem","position":1,"name":"Intervist\u00eb me sopranon Maida Resulbegu"}]},{"@type":"Person","@id":"https:\/\/www.visit-ulcinj.com\/blog\/#\/schema\/person\/dcab619c614d3038751c63bc2aadc06d","name":"ulqini","sameAs":["http:\/\/www.visit-ulcinj.com"],"url":"https:\/\/www.visit-ulcinj.com\/blog\/author\/admin\/"}]}},"jetpack_featured_media_url":"","jetpack_sharing_enabled":true,"jetpack_shortlink":"https:\/\/wp.me\/pe6lTn-nv","_links":{"self":[{"href":"https:\/\/www.visit-ulcinj.com\/blog\/wp-json\/wp\/v2\/posts\/1457"}],"collection":[{"href":"https:\/\/www.visit-ulcinj.com\/blog\/wp-json\/wp\/v2\/posts"}],"about":[{"href":"https:\/\/www.visit-ulcinj.com\/blog\/wp-json\/wp\/v2\/types\/post"}],"author":[{"embeddable":true,"href":"https:\/\/www.visit-ulcinj.com\/blog\/wp-json\/wp\/v2\/users\/1"}],"replies":[{"embeddable":true,"href":"https:\/\/www.visit-ulcinj.com\/blog\/wp-json\/wp\/v2\/comments?post=1457"}],"version-history":[{"count":0,"href":"https:\/\/www.visit-ulcinj.com\/blog\/wp-json\/wp\/v2\/posts\/1457\/revisions"}],"wp:attachment":[{"href":"https:\/\/www.visit-ulcinj.com\/blog\/wp-json\/wp\/v2\/media?parent=1457"}],"wp:term":[{"taxonomy":"category","embeddable":true,"href":"https:\/\/www.visit-ulcinj.com\/blog\/wp-json\/wp\/v2\/categories?post=1457"},{"taxonomy":"post_tag","embeddable":true,"href":"https:\/\/www.visit-ulcinj.com\/blog\/wp-json\/wp\/v2\/tags?post=1457"}],"curies":[{"name":"wp","href":"https:\/\/api.w.org\/{rel}","templated":true}]}}