{"id":14572,"date":"2009-03-18T13:11:40","date_gmt":"2009-03-18T12:11:40","guid":{"rendered":"http:\/\/www.visit-ulcinj.com\/blog\/?p=14572"},"modified":"2009-03-18T13:49:41","modified_gmt":"2009-03-18T12:49:41","slug":"sinishtaj-nuk-eshte-anetar-i-ash-sethohet-ne-raportin-ash","status":"publish","type":"post","link":"https:\/\/www.visit-ulcinj.com\/blog\/2009\/03\/18\/sinishtaj-nuk-eshte-anetar-i-ash-sethohet-ne-raportin-ash\/","title":{"rendered":"Sinishtaj nuk \u00ebsht\u00eb  an\u00ebtar me i ASH-s\u00eb,thohet ne raportin (ASH)"},"content":{"rendered":"<p><strong><a href=\"http:\/\/www.visit-ulcinj.com\/blog\/wp-content\/uploads\/2009\/03\/alternativa-shqiptare_albanska-alternativa.jpg\"><img loading=\"lazy\" class=\"alignleft size-full wp-image-14573\" title=\"alternativa-shqiptare_albanska-alternativa\" src=\"http:\/\/www.visit-ulcinj.com\/blog\/wp-content\/uploads\/2009\/03\/alternativa-shqiptare_albanska-alternativa.jpg\" alt=\"alternativa-shqiptare_albanska-alternativa\" width=\"570\" height=\"400\" \/><\/a>Raporti nga  Alternativa Shqiptare-Sinishtaj nuk \u00ebsht\u00eb  an\u00ebtar i ASH-s\u00eb<\/strong><\/p>\n<p>Podgoric\u00eb, 17 Mars (MINA) &#8211; Vaselj Sinishtaj dhe pes\u00eb koleg\u00ebve t\u00eb tij nga Kryesia e Alternativ\u00ebs Shqiptare (ASH) nuk jan\u00eb m\u00eb  an\u00ebtar\u00eb t\u00eb partis\u00eb.<\/p>\n<p>&#8220;Grupit t\u00eb paknaqur  te ish an\u00ebtar\u00ebve t\u00eb ASH, ku jasht\u00eb vendimit partis\u00eb s\u00eb tyre kan kandidu n\u00eb list\u00ebn e grupit t\u00eb qytetare Perspektiva, n\u00eb baz\u00eb t\u00eb statusit t\u00eb Alternativ\u00ebs Shqiptare k\u00ebtyre antar\u00ebve i pushon  an\u00ebtar\u00ebsimi n\u00eb k\u00ebt parti,&#8221; thohet n\u00eb komunikimin e Alternativ\u00ebs Shqiptare.<\/p>\n<p>Me normat e stutusit t\u00eb Alternativ\u00ebs Shqiptare k\u00ebtyre antar\u00ebve i pushon  an\u00ebtar\u00ebsimi n\u00eb k\u00ebt parti:Vasel Sinishtaj,Smail Maliq \u00c7unmulaj,Lindon Gjelaj,Rexhep \u00c7unmulaj, Rexhep Gjokoviqi dhe Mark Gegaj thohet n\u00eb deklarat pa ndonji vendim t\u00eb ve\u00e7ant.<strong><\/p>\n<p>MINA<\/strong><\/p>\n<p><strong><!--YouTube Error: bad URL entered--><br \/>\n<\/strong><\/p>\n","protected":false},"excerpt":{"rendered":"<p>Raporti nga Alternativa Shqiptare-Sinishtaj nuk \u00ebsht\u00eb an\u00ebtar i ASH-s\u00eb Podgoric\u00eb, 17 Mars (MINA) &#8211; Vaselj Sinishtaj dhe pes\u00eb koleg\u00ebve t\u00eb tij nga Kryesia e Alternativ\u00ebs Shqiptare (ASH) nuk jan\u00eb m\u00eb an\u00ebtar\u00eb t\u00eb partis\u00eb. &#8220;Grupit t\u00eb paknaqur te ish an\u00ebtar\u00ebve t\u00eb ASH, ku jasht\u00eb vendimit partis\u00eb s\u00eb tyre kan kandidu n\u00eb list\u00ebn e grupit t\u00eb qytetare [&hellip;]<\/p>\n","protected":false},"author":1,"featured_media":0,"comment_status":"open","ping_status":"closed","sticky":false,"template":"","format":"standard","meta":{"spay_email":"","jetpack_publicize_message":"","jetpack_is_tweetstorm":false,"jetpack_publicize_feature_enabled":true},"categories":[6],"tags":[8084,2060,8083,8085,8086,8082,2822],"jetpack_publicize_connections":[],"yoast_head":"<!-- This site is optimized with the Yoast SEO plugin v19.1 - https:\/\/yoast.com\/wordpress\/plugins\/seo\/ -->\n<title>Sinishtaj nuk \u00ebsht\u00eb an\u00ebtar me i ASH-s\u00eb,thohet ne raportin (ASH) - Lajme nga Ulqini<\/title>\n<meta name=\"description\" content=\"Raporti nga Alternativa Shqiptare-Sinishtaj nuk \u00ebsht\u00eb an\u00ebtar i ASH-s\u00eb Podgoric\u00eb, 17 Mars (MINA) - Vaselj Sinishtaj dhe pes\u00eb koleg\u00ebve t\u00eb tij nga Kryesia e\" \/>\n<meta name=\"robots\" content=\"index, follow, max-snippet:-1, max-image-preview:large, max-video-preview:-1\" \/>\n<link rel=\"canonical\" href=\"https:\/\/www.visit-ulcinj.com\/blog\/2009\/03\/18\/sinishtaj-nuk-eshte-anetar-i-ash-sethohet-ne-raportin-ash\/\" \/>\n<meta property=\"og:locale\" content=\"en_US\" \/>\n<meta property=\"og:type\" content=\"article\" \/>\n<meta property=\"og:title\" content=\"Sinishtaj nuk \u00ebsht\u00eb an\u00ebtar me i ASH-s\u00eb,thohet ne raportin (ASH) - Lajme nga Ulqini\" \/>\n<meta property=\"og:description\" content=\"Raporti nga Alternativa Shqiptare-Sinishtaj nuk \u00ebsht\u00eb an\u00ebtar i ASH-s\u00eb Podgoric\u00eb, 17 Mars (MINA) - Vaselj Sinishtaj dhe pes\u00eb koleg\u00ebve t\u00eb tij nga Kryesia e\" \/>\n<meta property=\"og:url\" content=\"https:\/\/www.visit-ulcinj.com\/blog\/2009\/03\/18\/sinishtaj-nuk-eshte-anetar-i-ash-sethohet-ne-raportin-ash\/\" \/>\n<meta property=\"og:site_name\" content=\"Lajme nga Ulqini\" \/>\n<meta property=\"article:published_time\" content=\"2009-03-18T12:11:40+00:00\" \/>\n<meta property=\"article:modified_time\" content=\"2009-03-18T12:49:41+00:00\" \/>\n<meta property=\"og:image\" content=\"http:\/\/www.visit-ulcinj.com\/blog\/wp-content\/uploads\/2009\/03\/alternativa-shqiptare_albanska-alternativa.jpg\" \/>\n<meta name=\"twitter:label1\" content=\"Written by\" \/>\n\t<meta name=\"twitter:data1\" content=\"ulqini\" \/>\n\t<meta name=\"twitter:label2\" content=\"Est. reading time\" \/>\n\t<meta name=\"twitter:data2\" content=\"1 minute\" \/>\n<script type=\"application\/ld+json\" class=\"yoast-schema-graph\">{\"@context\":\"https:\/\/schema.org\",\"@graph\":[{\"@type\":\"WebSite\",\"@id\":\"https:\/\/www.visit-ulcinj.com\/blog\/#website\",\"url\":\"https:\/\/www.visit-ulcinj.com\/blog\/\",\"name\":\"Lajme nga Ulqini\",\"description\":\"Lajme,Vijesti,Ulqini,Ulqin,Crna Gora,Mali i Zi\",\"potentialAction\":[{\"@type\":\"SearchAction\",\"target\":{\"@type\":\"EntryPoint\",\"urlTemplate\":\"https:\/\/www.visit-ulcinj.com\/blog\/?s={search_term_string}\"},\"query-input\":\"required name=search_term_string\"}],\"inLanguage\":\"en-US\"},{\"@type\":\"ImageObject\",\"inLanguage\":\"en-US\",\"@id\":\"https:\/\/www.visit-ulcinj.com\/blog\/2009\/03\/18\/sinishtaj-nuk-eshte-anetar-i-ash-sethohet-ne-raportin-ash\/#primaryimage\",\"url\":\"https:\/\/www.visit-ulcinj.com\/blog\/wp-content\/uploads\/2009\/03\/alternativa-shqiptare_albanska-alternativa.jpg\",\"contentUrl\":\"https:\/\/www.visit-ulcinj.com\/blog\/wp-content\/uploads\/2009\/03\/alternativa-shqiptare_albanska-alternativa.jpg\",\"width\":\"900\",\"height\":\"675\"},{\"@type\":\"WebPage\",\"@id\":\"https:\/\/www.visit-ulcinj.com\/blog\/2009\/03\/18\/sinishtaj-nuk-eshte-anetar-i-ash-sethohet-ne-raportin-ash\/#webpage\",\"url\":\"https:\/\/www.visit-ulcinj.com\/blog\/2009\/03\/18\/sinishtaj-nuk-eshte-anetar-i-ash-sethohet-ne-raportin-ash\/\",\"name\":\"Sinishtaj nuk \u00ebsht\u00eb an\u00ebtar me i ASH-s\u00eb,thohet ne raportin (ASH) - Lajme nga Ulqini\",\"isPartOf\":{\"@id\":\"https:\/\/www.visit-ulcinj.com\/blog\/#website\"},\"primaryImageOfPage\":{\"@id\":\"https:\/\/www.visit-ulcinj.com\/blog\/2009\/03\/18\/sinishtaj-nuk-eshte-anetar-i-ash-sethohet-ne-raportin-ash\/#primaryimage\"},\"datePublished\":\"2009-03-18T12:11:40+00:00\",\"dateModified\":\"2009-03-18T12:49:41+00:00\",\"author\":{\"@id\":\"https:\/\/www.visit-ulcinj.com\/blog\/#\/schema\/person\/dcab619c614d3038751c63bc2aadc06d\"},\"description\":\"Raporti nga Alternativa Shqiptare-Sinishtaj nuk \u00ebsht\u00eb an\u00ebtar i ASH-s\u00eb Podgoric\u00eb, 17 Mars (MINA) - Vaselj Sinishtaj dhe pes\u00eb koleg\u00ebve t\u00eb tij nga Kryesia e\",\"breadcrumb\":{\"@id\":\"https:\/\/www.visit-ulcinj.com\/blog\/2009\/03\/18\/sinishtaj-nuk-eshte-anetar-i-ash-sethohet-ne-raportin-ash\/#breadcrumb\"},\"inLanguage\":\"en-US\",\"potentialAction\":[{\"@type\":\"ReadAction\",\"target\":[\"https:\/\/www.visit-ulcinj.com\/blog\/2009\/03\/18\/sinishtaj-nuk-eshte-anetar-i-ash-sethohet-ne-raportin-ash\/\"]}]},{\"@type\":\"BreadcrumbList\",\"@id\":\"https:\/\/www.visit-ulcinj.com\/blog\/2009\/03\/18\/sinishtaj-nuk-eshte-anetar-i-ash-sethohet-ne-raportin-ash\/#breadcrumb\",\"itemListElement\":[{\"@type\":\"ListItem\",\"position\":1,\"name\":\"Sinishtaj nuk \u00ebsht\u00eb an\u00ebtar me i ASH-s\u00eb,thohet ne raportin (ASH)\"}]},{\"@type\":\"Person\",\"@id\":\"https:\/\/www.visit-ulcinj.com\/blog\/#\/schema\/person\/dcab619c614d3038751c63bc2aadc06d\",\"name\":\"ulqini\",\"sameAs\":[\"http:\/\/www.visit-ulcinj.com\"],\"url\":\"https:\/\/www.visit-ulcinj.com\/blog\/author\/admin\/\"}]}<\/script>\n<!-- \/ Yoast SEO plugin. -->","yoast_head_json":{"title":"Sinishtaj nuk \u00ebsht\u00eb an\u00ebtar me i ASH-s\u00eb,thohet ne raportin (ASH) - Lajme nga Ulqini","description":"Raporti nga Alternativa Shqiptare-Sinishtaj nuk \u00ebsht\u00eb an\u00ebtar i ASH-s\u00eb Podgoric\u00eb, 17 Mars (MINA) - Vaselj Sinishtaj dhe pes\u00eb koleg\u00ebve t\u00eb tij nga Kryesia e","robots":{"index":"index","follow":"follow","max-snippet":"max-snippet:-1","max-image-preview":"max-image-preview:large","max-video-preview":"max-video-preview:-1"},"canonical":"https:\/\/www.visit-ulcinj.com\/blog\/2009\/03\/18\/sinishtaj-nuk-eshte-anetar-i-ash-sethohet-ne-raportin-ash\/","og_locale":"en_US","og_type":"article","og_title":"Sinishtaj nuk \u00ebsht\u00eb an\u00ebtar me i ASH-s\u00eb,thohet ne raportin (ASH) - Lajme nga Ulqini","og_description":"Raporti nga Alternativa Shqiptare-Sinishtaj nuk \u00ebsht\u00eb an\u00ebtar i ASH-s\u00eb Podgoric\u00eb, 17 Mars (MINA) - Vaselj Sinishtaj dhe pes\u00eb koleg\u00ebve t\u00eb tij nga Kryesia e","og_url":"https:\/\/www.visit-ulcinj.com\/blog\/2009\/03\/18\/sinishtaj-nuk-eshte-anetar-i-ash-sethohet-ne-raportin-ash\/","og_site_name":"Lajme nga Ulqini","article_published_time":"2009-03-18T12:11:40+00:00","article_modified_time":"2009-03-18T12:49:41+00:00","og_image":[{"url":"http:\/\/www.visit-ulcinj.com\/blog\/wp-content\/uploads\/2009\/03\/alternativa-shqiptare_albanska-alternativa.jpg"}],"twitter_misc":{"Written by":"ulqini","Est. reading time":"1 minute"},"schema":{"@context":"https:\/\/schema.org","@graph":[{"@type":"WebSite","@id":"https:\/\/www.visit-ulcinj.com\/blog\/#website","url":"https:\/\/www.visit-ulcinj.com\/blog\/","name":"Lajme nga Ulqini","description":"Lajme,Vijesti,Ulqini,Ulqin,Crna Gora,Mali i Zi","potentialAction":[{"@type":"SearchAction","target":{"@type":"EntryPoint","urlTemplate":"https:\/\/www.visit-ulcinj.com\/blog\/?s={search_term_string}"},"query-input":"required name=search_term_string"}],"inLanguage":"en-US"},{"@type":"ImageObject","inLanguage":"en-US","@id":"https:\/\/www.visit-ulcinj.com\/blog\/2009\/03\/18\/sinishtaj-nuk-eshte-anetar-i-ash-sethohet-ne-raportin-ash\/#primaryimage","url":"https:\/\/www.visit-ulcinj.com\/blog\/wp-content\/uploads\/2009\/03\/alternativa-shqiptare_albanska-alternativa.jpg","contentUrl":"https:\/\/www.visit-ulcinj.com\/blog\/wp-content\/uploads\/2009\/03\/alternativa-shqiptare_albanska-alternativa.jpg","width":"900","height":"675"},{"@type":"WebPage","@id":"https:\/\/www.visit-ulcinj.com\/blog\/2009\/03\/18\/sinishtaj-nuk-eshte-anetar-i-ash-sethohet-ne-raportin-ash\/#webpage","url":"https:\/\/www.visit-ulcinj.com\/blog\/2009\/03\/18\/sinishtaj-nuk-eshte-anetar-i-ash-sethohet-ne-raportin-ash\/","name":"Sinishtaj nuk \u00ebsht\u00eb an\u00ebtar me i ASH-s\u00eb,thohet ne raportin (ASH) - Lajme nga Ulqini","isPartOf":{"@id":"https:\/\/www.visit-ulcinj.com\/blog\/#website"},"primaryImageOfPage":{"@id":"https:\/\/www.visit-ulcinj.com\/blog\/2009\/03\/18\/sinishtaj-nuk-eshte-anetar-i-ash-sethohet-ne-raportin-ash\/#primaryimage"},"datePublished":"2009-03-18T12:11:40+00:00","dateModified":"2009-03-18T12:49:41+00:00","author":{"@id":"https:\/\/www.visit-ulcinj.com\/blog\/#\/schema\/person\/dcab619c614d3038751c63bc2aadc06d"},"description":"Raporti nga Alternativa Shqiptare-Sinishtaj nuk \u00ebsht\u00eb an\u00ebtar i ASH-s\u00eb Podgoric\u00eb, 17 Mars (MINA) - Vaselj Sinishtaj dhe pes\u00eb koleg\u00ebve t\u00eb tij nga Kryesia e","breadcrumb":{"@id":"https:\/\/www.visit-ulcinj.com\/blog\/2009\/03\/18\/sinishtaj-nuk-eshte-anetar-i-ash-sethohet-ne-raportin-ash\/#breadcrumb"},"inLanguage":"en-US","potentialAction":[{"@type":"ReadAction","target":["https:\/\/www.visit-ulcinj.com\/blog\/2009\/03\/18\/sinishtaj-nuk-eshte-anetar-i-ash-sethohet-ne-raportin-ash\/"]}]},{"@type":"BreadcrumbList","@id":"https:\/\/www.visit-ulcinj.com\/blog\/2009\/03\/18\/sinishtaj-nuk-eshte-anetar-i-ash-sethohet-ne-raportin-ash\/#breadcrumb","itemListElement":[{"@type":"ListItem","position":1,"name":"Sinishtaj nuk \u00ebsht\u00eb an\u00ebtar me i ASH-s\u00eb,thohet ne raportin (ASH)"}]},{"@type":"Person","@id":"https:\/\/www.visit-ulcinj.com\/blog\/#\/schema\/person\/dcab619c614d3038751c63bc2aadc06d","name":"ulqini","sameAs":["http:\/\/www.visit-ulcinj.com"],"url":"https:\/\/www.visit-ulcinj.com\/blog\/author\/admin\/"}]}},"jetpack_featured_media_url":"","jetpack_sharing_enabled":true,"jetpack_shortlink":"https:\/\/wp.me\/pe6lTn-3N2","_links":{"self":[{"href":"https:\/\/www.visit-ulcinj.com\/blog\/wp-json\/wp\/v2\/posts\/14572"}],"collection":[{"href":"https:\/\/www.visit-ulcinj.com\/blog\/wp-json\/wp\/v2\/posts"}],"about":[{"href":"https:\/\/www.visit-ulcinj.com\/blog\/wp-json\/wp\/v2\/types\/post"}],"author":[{"embeddable":true,"href":"https:\/\/www.visit-ulcinj.com\/blog\/wp-json\/wp\/v2\/users\/1"}],"replies":[{"embeddable":true,"href":"https:\/\/www.visit-ulcinj.com\/blog\/wp-json\/wp\/v2\/comments?post=14572"}],"version-history":[{"count":0,"href":"https:\/\/www.visit-ulcinj.com\/blog\/wp-json\/wp\/v2\/posts\/14572\/revisions"}],"wp:attachment":[{"href":"https:\/\/www.visit-ulcinj.com\/blog\/wp-json\/wp\/v2\/media?parent=14572"}],"wp:term":[{"taxonomy":"category","embeddable":true,"href":"https:\/\/www.visit-ulcinj.com\/blog\/wp-json\/wp\/v2\/categories?post=14572"},{"taxonomy":"post_tag","embeddable":true,"href":"https:\/\/www.visit-ulcinj.com\/blog\/wp-json\/wp\/v2\/tags?post=14572"}],"curies":[{"name":"wp","href":"https:\/\/api.w.org\/{rel}","templated":true}]}}