{"id":14590,"date":"2009-03-18T18:12:45","date_gmt":"2009-03-18T17:12:45","guid":{"rendered":"http:\/\/www.visit-ulcinj.com\/blog\/?p=14590"},"modified":"2009-03-18T18:12:45","modified_gmt":"2009-03-18T17:12:45","slug":"ne-ulqin-qendroi-per-vizite-pune-ambasadorja-e-ukrahines-ne-podgorice-oksana-sljusarenko","status":"publish","type":"post","link":"https:\/\/www.visit-ulcinj.com\/blog\/2009\/03\/18\/ne-ulqin-qendroi-per-vizite-pune-ambasadorja-e-ukrahines-ne-podgorice-oksana-sljusarenko\/","title":{"rendered":"N\u00eb Ulqin q\u00ebndroi p\u00ebr vizit\u00eb pune Ambasadorja e Ukrahin\u00ebs n\u00eb Podgoric\u00eb Oksana Sljusarenko"},"content":{"rendered":"<p><strong><a href=\"http:\/\/www.visit-ulcinj.com\/blog\/wp-content\/uploads\/2009\/03\/gezim-hajdinaga_oksana-slusarenko_ulcinj_montenegro.jpg\"><img loading=\"lazy\" class=\"alignleft size-full wp-image-14591\" title=\"gezim-hajdinaga_oksana-slusarenko_ulcinj_montenegro\" src=\"http:\/\/www.visit-ulcinj.com\/blog\/wp-content\/uploads\/2009\/03\/gezim-hajdinaga_oksana-slusarenko_ulcinj_montenegro.jpg\" alt=\"gezim-hajdinaga_oksana-slusarenko_ulcinj_montenegro\" width=\"570\" height=\"400\" \/><\/a>N\u00eb Ulqin q\u00ebndroi p\u00ebr vizit\u00eb pune Ambasadorja e Ukrahin\u00ebs n\u00eb Podgoric\u00eb Oksana Sljusarenko.<\/strong><br \/>\nN\u00eb takimin q\u00eb ajo pati me Kryetarin Hajdinaga b\u00ebri nj\u00eb prezantim t\u00eb shkurt\u00ebr t\u00eb Ukrahin\u00ebs dhe u ndal n\u00eb aktivitetetet e larmishme q\u00eb ka zhvilluar ambasada gjat\u00eb k\u00ebsaj kohe ve\u00e7mas ata q\u00eb kan\u00eb p\u00ebr q\u00ebllim bashk\u00ebpunimin e nd\u00ebrsjellt\u00eb nd\u00ebrmjet dy vendeve por sipas saj fusha t\u00eb shumta bashk\u00ebpunimi kan\u00eb mundesi t\u00eb jet\u00ebsohen edhe me Ulqinin.<br \/>\nNga ana tjet\u00ebr Kryetari Hajdinaga, duke i d\u00ebshiruar mir\u00ebseardhje n\u00eb Ulqin, foli p\u00ebr resurset e qytetit dhe mund\u00ebsit\u00eb e zhvillimit t\u00eb tij.<br \/>\nHajdinaga\u00a0 u pajtua\u00a0 me Ambasadoren Sljusarenko q\u00eb ekzistojn\u00eb fusha t\u00eb shumta t\u00eb bashk\u00ebpunimit dhe u shpreh i gatsh\u00ebm q\u00eb t\u00eb punohet n\u00eb k\u00ebt\u00eb drejtim. Ai insistoi n\u00eb kontakte nd\u00ebrmjet afarist\u00ebve dhe firmave t\u00eb specializuara, vizit\u00eb panaireve dhe aktiviteteve kulturore t\u00eb t\u00eb dy vendeve.<br \/>\nU la q\u00eb takimet t\u00eb vazhdojn\u00eb dhe pal\u00ebt t\u00eb ken\u00eb qasje m\u00eb p\u00ebr s\u00eb af\u00ebrmi p\u00ebr at\u00eb q\u00eb ndodh n\u00eb t\u00eb dy vendet e q\u00eb jan\u00eb me interes t\u00eb nd\u00ebrsjellt\u00eb.<\/p>\n<p><strong>Municipality of Ulcinj \/ Ulqin -Montenegro<\/strong><\/p>\n\n\t\t<style type=\"text\/css\">\n\t\t\t#gallery-1 {\n\t\t\t\tmargin: auto;\n\t\t\t}\n\t\t\t#gallery-1 .gallery-item {\n\t\t\t\tfloat: left;\n\t\t\t\tmargin-top: 10px;\n\t\t\t\ttext-align: center;\n\t\t\t\twidth: 33%;\n\t\t\t}\n\t\t\t#gallery-1 img {\n\t\t\t\tborder: 2px solid #cfcfcf;\n\t\t\t}\n\t\t\t#gallery-1 .gallery-caption {\n\t\t\t\tmargin-left: 0;\n\t\t\t}\n\t\t\t\/* see gallery_shortcode() in wp-includes\/media.php *\/\n\t\t<\/style>\n\t\t<div id='gallery-1' class='gallery galleryid-14590 gallery-columns-3 gallery-size-thumbnail'><dl class='gallery-item'>\n\t\t\t<dt class='gallery-icon landscape'>\n\t\t\t\t<a href='https:\/\/www.visit-ulcinj.com\/blog\/2009\/03\/18\/ne-ulqin-qendroi-per-vizite-pune-ambasadorja-e-ukrahines-ne-podgorice-oksana-sljusarenko\/gezim-hajdinaga_oksana-slusarenko_ulcinj_montenegro\/'><img width=\"150\" height=\"150\" src=\"https:\/\/www.visit-ulcinj.com\/blog\/wp-content\/uploads\/2009\/03\/gezim-hajdinaga_oksana-slusarenko_ulcinj_montenegro-150x150.jpg\" class=\"attachment-thumbnail size-thumbnail\" alt=\"\" loading=\"lazy\" \/><\/a>\n\t\t\t<\/dt><\/dl><dl class='gallery-item'>\n\t\t\t<dt class='gallery-icon landscape'>\n\t\t\t\t<a href='https:\/\/www.visit-ulcinj.com\/blog\/2009\/03\/18\/ne-ulqin-qendroi-per-vizite-pune-ambasadorja-e-ukrahines-ne-podgorice-oksana-sljusarenko\/gezim-hajdinaga_oksana-slusarenko_ulcinj_montenegro1\/'><img width=\"150\" height=\"150\" src=\"https:\/\/www.visit-ulcinj.com\/blog\/wp-content\/uploads\/2009\/03\/gezim-hajdinaga_oksana-slusarenko_ulcinj_montenegro1-150x150.jpg\" class=\"attachment-thumbnail size-thumbnail\" alt=\"\" loading=\"lazy\" \/><\/a>\n\t\t\t<\/dt><\/dl><dl class='gallery-item'>\n\t\t\t<dt class='gallery-icon landscape'>\n\t\t\t\t<a href='https:\/\/www.visit-ulcinj.com\/blog\/2009\/03\/18\/ne-ulqin-qendroi-per-vizite-pune-ambasadorja-e-ukrahines-ne-podgorice-oksana-sljusarenko\/gezim-hajdinaga_oksana-slusarenko_ulcinj_montenegro2\/'><img width=\"150\" height=\"150\" src=\"https:\/\/www.visit-ulcinj.com\/blog\/wp-content\/uploads\/2009\/03\/gezim-hajdinaga_oksana-slusarenko_ulcinj_montenegro2-150x150.jpg\" class=\"attachment-thumbnail size-thumbnail\" alt=\"\" loading=\"lazy\" \/><\/a>\n\t\t\t<\/dt><\/dl><br style=\"clear: both\" \/>\n\t\t<\/div>\n\n","protected":false},"excerpt":{"rendered":"<p>N\u00eb Ulqin q\u00ebndroi p\u00ebr vizit\u00eb pune Ambasadorja e Ukrahin\u00ebs n\u00eb Podgoric\u00eb Oksana Sljusarenko. N\u00eb takimin q\u00eb ajo pati me Kryetarin Hajdinaga b\u00ebri nj\u00eb prezantim t\u00eb shkurt\u00ebr t\u00eb Ukrahin\u00ebs dhe u ndal n\u00eb aktivitetetet e larmishme q\u00eb ka zhvilluar ambasada gjat\u00eb k\u00ebsaj kohe ve\u00e7mas ata q\u00eb kan\u00eb p\u00ebr q\u00ebllim bashk\u00ebpunimin e nd\u00ebrsjellt\u00eb nd\u00ebrmjet dy vendeve por [&hellip;]<\/p>\n","protected":false},"author":1,"featured_media":0,"comment_status":"open","ping_status":"closed","sticky":false,"template":"","format":"standard","meta":{"spay_email":"","jetpack_publicize_message":"","jetpack_is_tweetstorm":false,"jetpack_publicize_feature_enabled":true},"categories":[1],"tags":[2611,7629,8092,8091,8093],"jetpack_publicize_connections":[],"yoast_head":"<!-- This site is optimized with the Yoast SEO plugin v19.1 - https:\/\/yoast.com\/wordpress\/plugins\/seo\/ -->\n<title>N\u00eb Ulqin q\u00ebndroi p\u00ebr vizit\u00eb pune Ambasadorja e Ukrahin\u00ebs n\u00eb Podgoric\u00eb Oksana Sljusarenko - Lajme nga Ulqini<\/title>\n<meta name=\"description\" content=\"N\u00eb Ulqin q\u00ebndroi p\u00ebr vizit\u00eb pune Ambasadorja e Ukrahin\u00ebs n\u00eb Podgoric\u00eb Oksana Sljusarenko. N\u00eb takimin q\u00eb ajo pati me Kryetarin Hajdinaga b\u00ebri nj\u00eb prezantim\" \/>\n<meta name=\"robots\" content=\"index, follow, max-snippet:-1, max-image-preview:large, max-video-preview:-1\" \/>\n<link rel=\"canonical\" href=\"https:\/\/www.visit-ulcinj.com\/blog\/2009\/03\/18\/ne-ulqin-qendroi-per-vizite-pune-ambasadorja-e-ukrahines-ne-podgorice-oksana-sljusarenko\/\" \/>\n<meta property=\"og:locale\" content=\"en_US\" \/>\n<meta property=\"og:type\" content=\"article\" \/>\n<meta property=\"og:title\" content=\"N\u00eb Ulqin q\u00ebndroi p\u00ebr vizit\u00eb pune Ambasadorja e Ukrahin\u00ebs n\u00eb Podgoric\u00eb Oksana Sljusarenko - Lajme nga Ulqini\" \/>\n<meta property=\"og:description\" content=\"N\u00eb Ulqin q\u00ebndroi p\u00ebr vizit\u00eb pune Ambasadorja e Ukrahin\u00ebs n\u00eb Podgoric\u00eb Oksana Sljusarenko. N\u00eb takimin q\u00eb ajo pati me Kryetarin Hajdinaga b\u00ebri nj\u00eb prezantim\" \/>\n<meta property=\"og:url\" content=\"https:\/\/www.visit-ulcinj.com\/blog\/2009\/03\/18\/ne-ulqin-qendroi-per-vizite-pune-ambasadorja-e-ukrahines-ne-podgorice-oksana-sljusarenko\/\" \/>\n<meta property=\"og:site_name\" content=\"Lajme nga Ulqini\" \/>\n<meta property=\"article:published_time\" content=\"2009-03-18T17:12:45+00:00\" \/>\n<meta property=\"og:image\" content=\"https:\/\/www.visit-ulcinj.com\/blog\/wp-content\/uploads\/2009\/03\/gezim-hajdinaga_oksana-slusarenko_ulcinj_montenegro-150x150.jpg\" \/>\n<meta name=\"twitter:label1\" content=\"Written by\" \/>\n\t<meta name=\"twitter:data1\" content=\"ulqini\" \/>\n\t<meta name=\"twitter:label2\" content=\"Est. reading time\" \/>\n\t<meta name=\"twitter:data2\" content=\"1 minute\" \/>\n<script type=\"application\/ld+json\" class=\"yoast-schema-graph\">{\"@context\":\"https:\/\/schema.org\",\"@graph\":[{\"@type\":\"WebSite\",\"@id\":\"https:\/\/www.visit-ulcinj.com\/blog\/#website\",\"url\":\"https:\/\/www.visit-ulcinj.com\/blog\/\",\"name\":\"Lajme nga Ulqini\",\"description\":\"Lajme,Vijesti,Ulqini,Ulqin,Crna Gora,Mali i Zi\",\"potentialAction\":[{\"@type\":\"SearchAction\",\"target\":{\"@type\":\"EntryPoint\",\"urlTemplate\":\"https:\/\/www.visit-ulcinj.com\/blog\/?s={search_term_string}\"},\"query-input\":\"required name=search_term_string\"}],\"inLanguage\":\"en-US\"},{\"@type\":\"ImageObject\",\"inLanguage\":\"en-US\",\"@id\":\"https:\/\/www.visit-ulcinj.com\/blog\/2009\/03\/18\/ne-ulqin-qendroi-per-vizite-pune-ambasadorja-e-ukrahines-ne-podgorice-oksana-sljusarenko\/#primaryimage\",\"url\":\"https:\/\/www.visit-ulcinj.com\/blog\/wp-content\/uploads\/2009\/03\/gezim-hajdinaga_oksana-slusarenko_ulcinj_montenegro.jpg\",\"contentUrl\":\"https:\/\/www.visit-ulcinj.com\/blog\/wp-content\/uploads\/2009\/03\/gezim-hajdinaga_oksana-slusarenko_ulcinj_montenegro.jpg\",\"width\":\"1024\",\"height\":\"768\"},{\"@type\":\"WebPage\",\"@id\":\"https:\/\/www.visit-ulcinj.com\/blog\/2009\/03\/18\/ne-ulqin-qendroi-per-vizite-pune-ambasadorja-e-ukrahines-ne-podgorice-oksana-sljusarenko\/#webpage\",\"url\":\"https:\/\/www.visit-ulcinj.com\/blog\/2009\/03\/18\/ne-ulqin-qendroi-per-vizite-pune-ambasadorja-e-ukrahines-ne-podgorice-oksana-sljusarenko\/\",\"name\":\"N\u00eb Ulqin q\u00ebndroi p\u00ebr vizit\u00eb pune Ambasadorja e Ukrahin\u00ebs n\u00eb Podgoric\u00eb Oksana Sljusarenko - Lajme nga Ulqini\",\"isPartOf\":{\"@id\":\"https:\/\/www.visit-ulcinj.com\/blog\/#website\"},\"primaryImageOfPage\":{\"@id\":\"https:\/\/www.visit-ulcinj.com\/blog\/2009\/03\/18\/ne-ulqin-qendroi-per-vizite-pune-ambasadorja-e-ukrahines-ne-podgorice-oksana-sljusarenko\/#primaryimage\"},\"datePublished\":\"2009-03-18T17:12:45+00:00\",\"dateModified\":\"2009-03-18T17:12:45+00:00\",\"author\":{\"@id\":\"https:\/\/www.visit-ulcinj.com\/blog\/#\/schema\/person\/dcab619c614d3038751c63bc2aadc06d\"},\"description\":\"N\u00eb Ulqin q\u00ebndroi p\u00ebr vizit\u00eb pune Ambasadorja e Ukrahin\u00ebs n\u00eb Podgoric\u00eb Oksana Sljusarenko. N\u00eb takimin q\u00eb ajo pati me Kryetarin Hajdinaga b\u00ebri nj\u00eb prezantim\",\"breadcrumb\":{\"@id\":\"https:\/\/www.visit-ulcinj.com\/blog\/2009\/03\/18\/ne-ulqin-qendroi-per-vizite-pune-ambasadorja-e-ukrahines-ne-podgorice-oksana-sljusarenko\/#breadcrumb\"},\"inLanguage\":\"en-US\",\"potentialAction\":[{\"@type\":\"ReadAction\",\"target\":[\"https:\/\/www.visit-ulcinj.com\/blog\/2009\/03\/18\/ne-ulqin-qendroi-per-vizite-pune-ambasadorja-e-ukrahines-ne-podgorice-oksana-sljusarenko\/\"]}]},{\"@type\":\"BreadcrumbList\",\"@id\":\"https:\/\/www.visit-ulcinj.com\/blog\/2009\/03\/18\/ne-ulqin-qendroi-per-vizite-pune-ambasadorja-e-ukrahines-ne-podgorice-oksana-sljusarenko\/#breadcrumb\",\"itemListElement\":[{\"@type\":\"ListItem\",\"position\":1,\"name\":\"N\u00eb Ulqin q\u00ebndroi p\u00ebr vizit\u00eb pune Ambasadorja e Ukrahin\u00ebs n\u00eb Podgoric\u00eb Oksana Sljusarenko\"}]},{\"@type\":\"Person\",\"@id\":\"https:\/\/www.visit-ulcinj.com\/blog\/#\/schema\/person\/dcab619c614d3038751c63bc2aadc06d\",\"name\":\"ulqini\",\"sameAs\":[\"http:\/\/www.visit-ulcinj.com\"],\"url\":\"https:\/\/www.visit-ulcinj.com\/blog\/author\/admin\/\"}]}<\/script>\n<!-- \/ Yoast SEO plugin. -->","yoast_head_json":{"title":"N\u00eb Ulqin q\u00ebndroi p\u00ebr vizit\u00eb pune Ambasadorja e Ukrahin\u00ebs n\u00eb Podgoric\u00eb Oksana Sljusarenko - Lajme nga Ulqini","description":"N\u00eb Ulqin q\u00ebndroi p\u00ebr vizit\u00eb pune Ambasadorja e Ukrahin\u00ebs n\u00eb Podgoric\u00eb Oksana Sljusarenko. N\u00eb takimin q\u00eb ajo pati me Kryetarin Hajdinaga b\u00ebri nj\u00eb prezantim","robots":{"index":"index","follow":"follow","max-snippet":"max-snippet:-1","max-image-preview":"max-image-preview:large","max-video-preview":"max-video-preview:-1"},"canonical":"https:\/\/www.visit-ulcinj.com\/blog\/2009\/03\/18\/ne-ulqin-qendroi-per-vizite-pune-ambasadorja-e-ukrahines-ne-podgorice-oksana-sljusarenko\/","og_locale":"en_US","og_type":"article","og_title":"N\u00eb Ulqin q\u00ebndroi p\u00ebr vizit\u00eb pune Ambasadorja e Ukrahin\u00ebs n\u00eb Podgoric\u00eb Oksana Sljusarenko - Lajme nga Ulqini","og_description":"N\u00eb Ulqin q\u00ebndroi p\u00ebr vizit\u00eb pune Ambasadorja e Ukrahin\u00ebs n\u00eb Podgoric\u00eb Oksana Sljusarenko. N\u00eb takimin q\u00eb ajo pati me Kryetarin Hajdinaga b\u00ebri nj\u00eb prezantim","og_url":"https:\/\/www.visit-ulcinj.com\/blog\/2009\/03\/18\/ne-ulqin-qendroi-per-vizite-pune-ambasadorja-e-ukrahines-ne-podgorice-oksana-sljusarenko\/","og_site_name":"Lajme nga Ulqini","article_published_time":"2009-03-18T17:12:45+00:00","og_image":[{"url":"https:\/\/www.visit-ulcinj.com\/blog\/wp-content\/uploads\/2009\/03\/gezim-hajdinaga_oksana-slusarenko_ulcinj_montenegro-150x150.jpg"}],"twitter_misc":{"Written by":"ulqini","Est. reading time":"1 minute"},"schema":{"@context":"https:\/\/schema.org","@graph":[{"@type":"WebSite","@id":"https:\/\/www.visit-ulcinj.com\/blog\/#website","url":"https:\/\/www.visit-ulcinj.com\/blog\/","name":"Lajme nga Ulqini","description":"Lajme,Vijesti,Ulqini,Ulqin,Crna Gora,Mali i Zi","potentialAction":[{"@type":"SearchAction","target":{"@type":"EntryPoint","urlTemplate":"https:\/\/www.visit-ulcinj.com\/blog\/?s={search_term_string}"},"query-input":"required name=search_term_string"}],"inLanguage":"en-US"},{"@type":"ImageObject","inLanguage":"en-US","@id":"https:\/\/www.visit-ulcinj.com\/blog\/2009\/03\/18\/ne-ulqin-qendroi-per-vizite-pune-ambasadorja-e-ukrahines-ne-podgorice-oksana-sljusarenko\/#primaryimage","url":"https:\/\/www.visit-ulcinj.com\/blog\/wp-content\/uploads\/2009\/03\/gezim-hajdinaga_oksana-slusarenko_ulcinj_montenegro.jpg","contentUrl":"https:\/\/www.visit-ulcinj.com\/blog\/wp-content\/uploads\/2009\/03\/gezim-hajdinaga_oksana-slusarenko_ulcinj_montenegro.jpg","width":"1024","height":"768"},{"@type":"WebPage","@id":"https:\/\/www.visit-ulcinj.com\/blog\/2009\/03\/18\/ne-ulqin-qendroi-per-vizite-pune-ambasadorja-e-ukrahines-ne-podgorice-oksana-sljusarenko\/#webpage","url":"https:\/\/www.visit-ulcinj.com\/blog\/2009\/03\/18\/ne-ulqin-qendroi-per-vizite-pune-ambasadorja-e-ukrahines-ne-podgorice-oksana-sljusarenko\/","name":"N\u00eb Ulqin q\u00ebndroi p\u00ebr vizit\u00eb pune Ambasadorja e Ukrahin\u00ebs n\u00eb Podgoric\u00eb Oksana Sljusarenko - Lajme nga Ulqini","isPartOf":{"@id":"https:\/\/www.visit-ulcinj.com\/blog\/#website"},"primaryImageOfPage":{"@id":"https:\/\/www.visit-ulcinj.com\/blog\/2009\/03\/18\/ne-ulqin-qendroi-per-vizite-pune-ambasadorja-e-ukrahines-ne-podgorice-oksana-sljusarenko\/#primaryimage"},"datePublished":"2009-03-18T17:12:45+00:00","dateModified":"2009-03-18T17:12:45+00:00","author":{"@id":"https:\/\/www.visit-ulcinj.com\/blog\/#\/schema\/person\/dcab619c614d3038751c63bc2aadc06d"},"description":"N\u00eb Ulqin q\u00ebndroi p\u00ebr vizit\u00eb pune Ambasadorja e Ukrahin\u00ebs n\u00eb Podgoric\u00eb Oksana Sljusarenko. N\u00eb takimin q\u00eb ajo pati me Kryetarin Hajdinaga b\u00ebri nj\u00eb prezantim","breadcrumb":{"@id":"https:\/\/www.visit-ulcinj.com\/blog\/2009\/03\/18\/ne-ulqin-qendroi-per-vizite-pune-ambasadorja-e-ukrahines-ne-podgorice-oksana-sljusarenko\/#breadcrumb"},"inLanguage":"en-US","potentialAction":[{"@type":"ReadAction","target":["https:\/\/www.visit-ulcinj.com\/blog\/2009\/03\/18\/ne-ulqin-qendroi-per-vizite-pune-ambasadorja-e-ukrahines-ne-podgorice-oksana-sljusarenko\/"]}]},{"@type":"BreadcrumbList","@id":"https:\/\/www.visit-ulcinj.com\/blog\/2009\/03\/18\/ne-ulqin-qendroi-per-vizite-pune-ambasadorja-e-ukrahines-ne-podgorice-oksana-sljusarenko\/#breadcrumb","itemListElement":[{"@type":"ListItem","position":1,"name":"N\u00eb Ulqin q\u00ebndroi p\u00ebr vizit\u00eb pune Ambasadorja e Ukrahin\u00ebs n\u00eb Podgoric\u00eb Oksana Sljusarenko"}]},{"@type":"Person","@id":"https:\/\/www.visit-ulcinj.com\/blog\/#\/schema\/person\/dcab619c614d3038751c63bc2aadc06d","name":"ulqini","sameAs":["http:\/\/www.visit-ulcinj.com"],"url":"https:\/\/www.visit-ulcinj.com\/blog\/author\/admin\/"}]}},"jetpack_featured_media_url":"","jetpack_sharing_enabled":true,"jetpack_shortlink":"https:\/\/wp.me\/pe6lTn-3Nk","_links":{"self":[{"href":"https:\/\/www.visit-ulcinj.com\/blog\/wp-json\/wp\/v2\/posts\/14590"}],"collection":[{"href":"https:\/\/www.visit-ulcinj.com\/blog\/wp-json\/wp\/v2\/posts"}],"about":[{"href":"https:\/\/www.visit-ulcinj.com\/blog\/wp-json\/wp\/v2\/types\/post"}],"author":[{"embeddable":true,"href":"https:\/\/www.visit-ulcinj.com\/blog\/wp-json\/wp\/v2\/users\/1"}],"replies":[{"embeddable":true,"href":"https:\/\/www.visit-ulcinj.com\/blog\/wp-json\/wp\/v2\/comments?post=14590"}],"version-history":[{"count":0,"href":"https:\/\/www.visit-ulcinj.com\/blog\/wp-json\/wp\/v2\/posts\/14590\/revisions"}],"wp:attachment":[{"href":"https:\/\/www.visit-ulcinj.com\/blog\/wp-json\/wp\/v2\/media?parent=14590"}],"wp:term":[{"taxonomy":"category","embeddable":true,"href":"https:\/\/www.visit-ulcinj.com\/blog\/wp-json\/wp\/v2\/categories?post=14590"},{"taxonomy":"post_tag","embeddable":true,"href":"https:\/\/www.visit-ulcinj.com\/blog\/wp-json\/wp\/v2\/tags?post=14590"}],"curies":[{"name":"wp","href":"https:\/\/api.w.org\/{rel}","templated":true}]}}