{"id":14635,"date":"2009-03-18T21:16:59","date_gmt":"2009-03-18T20:16:59","guid":{"rendered":"http:\/\/www.visit-ulcinj.com\/blog\/?p=14635"},"modified":"2012-02-14T18:05:31","modified_gmt":"2012-02-14T17:05:31","slug":"intervista-me-arta-bajramin","status":"publish","type":"post","link":"https:\/\/www.visit-ulcinj.com\/blog\/2009\/03\/18\/intervista-me-arta-bajramin\/","title":{"rendered":"Intervista me Arta Bajramin"},"content":{"rendered":"<p align=\"justify\"><span style=\"font-weight: bold;\"><a href=\"http:\/\/www.visit-ulcinj.com\/blog\/wp-content\/uploads\/2009\/03\/arta-bajrami.jpg\"><img loading=\"lazy\" class=\"alignleft size-full wp-image-14636\" title=\"arta-bajrami\" src=\"http:\/\/www.visit-ulcinj.com\/blog\/wp-content\/uploads\/2009\/03\/arta-bajrami.jpg\" alt=\"arta-bajrami\" width=\"570\" height=\"347\" \/><\/a>Cili \u00ebsht\u00eb zakoni yt m\u00eb i mir\u00eb?<\/span><\/p>\n<p><span style=\"font-style: italic;\">Ka shume por do te veqoja dy gjera; jam shum zemergjere dhe shume dorelire. <\/span><\/p>\n<p><span style=\"font-weight: bold;\">Po m\u00eb i keqi?<\/span><\/p>\n<p><span style=\"font-style: italic;\">Kokefortesia.<\/span><\/p>\n<p><span style=\"font-weight: bold;\">Pa cilin makijazh nuk mund t\u00eb b\u00ebsh dot?<\/span><\/p>\n<p><span style=\"font-style: italic;\">Mundem edhe pa te fare, absolutisht. Por me pelqen te perdor shkelqim per buz pershembull.<\/span><\/p>\n<p><span style=\"font-weight: bold;\">Pa cilin aksesor nuk do t\u00eb mund t\u00eb rrish dot?<\/span><\/p>\n<p><span style=\"font-style: italic;\">Vethet jan aksesroret e preferuar per mua.<\/span><\/p>\n<p><span style=\"font-weight: bold;\">Cilat jan\u00eb ikonat e tua t\u00eb mod\u00ebs?<\/span><\/p>\n<p>Paj, sigurisht se ka shume ne skenen internacionale. Se fundi i fejuari me dhuroi nje fustan nga Roberto Cavalli dhe vertet eshte aq ekskluziv saqe verehet menjehere qe eshte kreacion i ndonje emri te madh ne boten e modes. Koheve te fundit po me pelqejn shume edhe kreacionet nga Valentino,Elie Saab, dhe Donna Karan.<\/p>\n<p><span style=\"font-weight: bold;\">Cila \u00ebsht\u00eb modelja jote e preferuar?<\/span><\/p>\n<p><span style=\"font-style: italic;\">Nuk kam asnje te preferuar.<\/span><\/p>\n<p><span style=\"font-weight: bold;\">Cila \u00ebsht\u00eb k\u00ebshilla m\u00eb e mir\u00eb e mod\u00ebs q\u00eb nuk e ke marr\u00eb kurr\u00eb?<\/span><\/p>\n<p><span style=\"font-style: italic;\">Nje keshille qe nuk e kam marre kurre nuk mund te ket qene e mire, sepaku ashtu kam menduar une dhe ajo qfare une mendoj eshte me rendesi per mua dhe jo qfar me keshillojne te tjeret.<\/span><\/p>\n<p><span style=\"font-weight: bold;\">Cila \u00ebsht\u00eb fraza q\u00eb t\u00eb duket m\u00eb e bezdisshmja p\u00ebr ta rip\u00ebrs\u00ebritur?<\/span><\/p>\n<p><span style=\"font-style: italic;\">Nuk jam per riperseritje te gjerave. Preferoj te ec perpara pa e kthyer koken mbrapa. <\/span><\/p>\n<p><span style=\"font-weight: bold;\">N\u00ebse do t\u00eb kishe qen\u00eb ngjyr\u00eb, cil\u00ebn ngjyr\u00eb do t\u00eb preferoje t\u00eb ishe?<\/span><\/p>\n<p><span style=\"font-style: italic;\">E kuqe.<\/span><\/p>\n<p><span style=\"font-weight: bold;\">Po n\u00ebse do t\u00eb kishe qen\u00eb k\u00ebng\u00eb?<\/span><\/p>\n<p><span style=\"font-style: italic;\">Himni kombetar Shqiptar, hahahah (edhepse himni nuk eshte kenge).<\/span><\/p>\n<p><span style=\"font-weight: bold;\">Nj\u00eb gur i \u00e7muar? <\/span><\/p>\n<p><span style=\"font-style: italic;\">Diamant. Vetem nje gje ta sqaroj mire, nuk do doja te zbukuroja gishterinjte e askujt, hahah.<\/span><\/p>\n<p><span style=\"font-weight: bold;\">Nj\u00eb stin\u00eb? <\/span><\/p>\n<p><span style=\"font-style: italic;\">Vera.<\/span><\/p>\n<p><span style=\"font-weight: bold;\">Nj\u00eb pije?<\/span><\/p>\n<p><span style=\"font-style: italic;\">Uji (qe te freskon dhe te ben vetem mire). Por per dike ndoshta do te doja te isha nga ajo rakija e rende qe te djeg fytin dhe te deh derisa ta humbasesh trurin, hahaha.<\/span><\/p>\n<p><span style=\"font-weight: bold;\">Nj\u00eb veshje? <\/span><\/p>\n<p><span style=\"font-style: italic;\">Kapele pasiqe rri vetem mbi koken e tjereve (nese po me kuptoni qka po dua te them, hahah).<\/span><\/p>\n<p><span style=\"font-weight: bold;\">Nj\u00eb gjendje shpirt\u00ebrore? <\/span><\/p>\n<p><span style=\"font-style: italic;\">E sapo dashuruar.<\/span><\/p>\n<p><span style=\"font-weight: bold;\">Nj\u00eb mbiem\u00ebr? <\/span><\/p>\n<p><span style=\"font-style: italic;\">Bajrami.<\/span><\/p>\n<p><span style=\"font-weight: bold;\">Cila \u00ebsht\u00eb dita m\u00eb e lumtur e jet\u00ebs t\u00ebnde?<\/span><\/p>\n<p><span style=\"font-style: italic;\">Ka shume dhe secila ka vendin e vet, prandaj nuk dua te vecoj asnje.<\/span><\/p>\n<p><span style=\"font-weight: bold;\">Cila \u00ebsht\u00eb gj\u00ebja e par\u00eb q\u00eb b\u00ebn kur zgjohesh n\u00eb m\u00ebngjes? <\/span><\/p>\n<p><span style=\"font-style: italic;\">Gjeja e pare qe bej kur te zgjohem ne mengjes eshte: hap syte (haha).<\/span><\/p>\n<p><span style=\"font-weight: bold;\">\u00c7far\u00eb ka gjithmon\u00eb mbi komodin\u00ebn t\u00ebnde?<\/span><\/p>\n<p><span style=\"font-style: italic;\">Parfume, qirinje me aroma te ndryshme dhe bonbon qokollata.<\/span><\/p>\n<p><span style=\"font-weight: bold;\">Cili \u00ebsht\u00eb ushqimi yt i preferuar? <\/span><\/p>\n<p><span style=\"font-style: italic;\">Ushqimi italian.<\/span><\/p>\n<p><span style=\"font-weight: bold;\">Cilat jan\u00eb pushimet q\u00eb do t\u00eb p\u00eblqenin m\u00eb shum\u00eb? <\/span><\/p>\n<p><span style=\"font-style: italic;\">Cdo pushim me pelqen, jam aq e ngarkuar saqe cdo pushim edhe ai me i vogli me ben te ndjehem mire.<\/span><\/p>\n<p><span style=\"font-weight: bold;\">Cili \u00ebsht\u00eb albumi i par\u00eb muzikor q\u00eb ke d\u00ebgjuar?<\/span><\/p>\n<p><span style=\"font-style: italic;\">Njeriu bashkekohor rritet me muziken dhe kenget. Ne fillim degjon ate qe degjojne prinderit pastaj me vone krijon edhe shijen personale per muziken. Eshte e veshtire te rikujtosh se cilat kenge kam degjuar te parat. <\/span><\/p>\n<p><span style=\"font-weight: bold;\">A ke frik\u00eb nga plakja?<\/span><\/p>\n<p><br style=\"font-style: italic;\" \/><span style=\"font-style: italic;\">Jo, perkundrazi deshiroj te shof anen pozitive te saj. E verej qysh tani se sa ndryshon shkalla e pjekurise sime tani me ate te para 2 viteve pershembull. I gezohem faktit se kur te plakem do jem aq e pjekur saqe vetem fjale te matura dhe te menduara mire e mire do nxjerr nga goja. <\/span><\/p>\n<p><span style=\"font-weight: bold;\">Mes gjith\u00eb dhuratave q\u00eb t\u00eb kan\u00eb b\u00ebr\u00eb n\u00eb gjith\u00eb k\u00ebto koh\u00eb, cila \u00ebsht\u00eb m\u00eb e preferuara p\u00ebr ty? <\/span><\/p>\n<p><span style=\"font-style: italic;\">Nuk kam deshire te vecoj ndonjeren pasi qe ka shume dhe secila e ka vendin e vet ne zemren time. E thash edhe me larte qe nuk preferoj te vecoj pasi qe jeta nuk ka vetem nje dhurate te qmuar por ka shume dhe do te ledoja vetveten apo edhe tjeret sikur te vecoja nje nga to.<\/span><\/p>\n<p><span style=\"font-weight: bold;\">Cili \u00ebsht\u00eb shkrimtari yt i preferuar? <\/span><\/p>\n<p><span style=\"font-style: italic;\">Nuk kam kohe per te lexuar edhe aq. Bota ka dhene shkrimtare shum te medhenj por ne Shqiptaret nuk do te ishim Shqiptare po te mos ishim kaq krenar sa jemi prandaj edhe une po permend nje nga te preferuarit e mi dhe me qellim po e permend kete. Eshte ky i madhi yne, Ismail Kadare. Me dhemb fakti qe nuk e shperblye akoma me qmimin Nobel pasi qe e meriton me te vertete. <\/span><\/p>\n<p><span style=\"font-weight: bold;\">Cila \u00ebsht\u00eb banda muzikore q\u00eb p\u00eblqen m\u00eb shum\u00eb? <\/span><\/p>\n<p><span style=\"font-style: italic;\">Tani sikur nuk po ka grupe muzikore aq legjendare sikur ne kohen e femijerise sime (vitet 80 dhe fillim 90) kur kishte aq shume grupe dhe aq te mire si Metallica, Guns n&#8217;Roses, U2, Queen etj etj.<\/span><\/p>\n<p><span style=\"font-weight: bold;\">Po skuadra jote e zemr\u00ebs, cila \u00ebsht\u00eb? <\/span><\/p>\n<p><span style=\"font-style: italic;\">Klubi i basketbollistik i Prishtines.<\/span><\/p>\n<p><span style=\"font-weight: bold;\">Cilat jan\u00eb tre gj\u00ebrat q\u00eb \u00ebnd\u00ebrron t\u00eb b\u00ebsh deri n\u00eb fund t\u00eb jet\u00ebs? <\/span><\/p>\n<p><span style=\"font-style: italic;\">Kam arritur pothuajse gjithqka qe kam enderruar. Nje enderr e parealizur per mua eshte krijimi i familjes (gje qe do te ndodhe ndoshta edhe se shpejti). Tjeter te them te drejten nuk me bije ndermend per momentin. Do te doja te kisha aq shume para saqe ti ipja FUND njehere e pergjithmone skamjes ne mesin e Shqiptareve kudo qe jane por ja qe kjo eshte nje enderr shume e qilter e Artes si tinejgjere por ne kete moshe nuk preferoj te kem endrra qe nuk mund te behen realitet.<\/span><\/p>\n<p><span style=\"font-weight: bold;\">N\u00ebse do t\u00eb mund t\u00eb ftoje p\u00ebr dark\u00eb ndonj\u00eb personazh, edhe ata t\u00eb koh\u00ebs s\u00eb shkuar, k\u00eb do t\u00eb zgjidhje?<\/span><\/p>\n<p><span style=\"font-style: italic;\">Do e ftoja ish presidentin e USA-se zotin Bill Clinton te cilin do e falenderoja per ndihmen qe ne dha ne vitin 1999. Por jo vetem kaq. Nuk do te isha Shqiptare e vertete sikur mos te provoja qe akoma te perfitoj nga ai, hahaha. Pra do e lusja qe te behet sa me i mire me gruan e tij Hillary Clinton (tani ministre e puneve te jashtme te USA-se) dhe ti kendoj tere naten ne vesh asaj qe te na ndihmoj akoma neve Shqiptareve.<\/span><\/p>\n<p><span style=\"font-weight: bold;\">N\u00ebse do t\u00eb kishe mund\u00ebsi p\u00ebr t\u00eb jetuar n\u00eb nj\u00eb koh\u00eb tjet\u00ebr, cil\u00ebn epok\u00eb do t\u00eb zgjidhje?<\/span><\/p>\n<p><span style=\"font-style: italic;\">Do doja te jetoja ne kohen e Ilireve dhe une te isha Mbreteresha Teuta, hahaha.<\/span><\/p>\n<p><span style=\"font-weight: bold;\">Cili \u00ebsht\u00eb mashkulli m\u00eb seksi n\u00eb bot\u00eb p\u00ebr ty? <\/span><\/p>\n<p><span style=\"font-style: italic;\">I fejuari im.<\/span><\/p>\n<p><span style=\"font-weight: bold;\">Cili \u00ebsht\u00eb defekti m\u00eb i sh\u00ebmtuar t\u00eb nj\u00eb mashkull sipas teje?<\/span><\/p>\n<p><span style=\"font-style: italic;\">Mendjemadhesia.<\/span><\/p>\n<p><span style=\"font-weight: bold;\">Eksluzive Shqiperiacom<\/span><\/p>\n<p><span style=\"font-weight: bold;\">Erald Hoxha<\/span><\/p>\n<p><strong><a href=\"..\/2009\/03\/18\/intervista-me-arta-bajramin\/\" rel=\"nofollow\"><strong>Me shume per Arta Bajrami<\/strong><\/a><\/strong><\/p>\n<p><span style=\"font-weight: bold;\"><br \/>\n<\/span><\/p>\n<p align=\"justify\"><span style=\"font-weight: bold;\"><\/p>\n<p><\/span><\/p>\n<p>&nbsp;<\/p>\n<p align=\"justify\"><span style=\"font-weight: bold;\"><!--YouTube Error: bad URL entered--><\/span><\/p>\n","protected":false},"excerpt":{"rendered":"<p>Cili \u00ebsht\u00eb zakoni yt m\u00eb i mir\u00eb? Ka shume por do te veqoja dy gjera; jam shum zemergjere dhe shume dorelire. Po m\u00eb i keqi? Kokefortesia. Pa cilin makijazh nuk mund t\u00eb b\u00ebsh dot? Mundem edhe pa te fare, absolutisht. Por me pelqen te perdor shkelqim per buz pershembull. Pa cilin aksesor nuk do t\u00eb [&hellip;]<\/p>\n","protected":false},"author":1,"featured_media":0,"comment_status":"open","ping_status":"closed","sticky":false,"template":"","format":"standard","meta":{"spay_email":"","jetpack_publicize_message":"","jetpack_is_tweetstorm":false,"jetpack_publicize_feature_enabled":true},"categories":[1],"tags":[4955,8104],"jetpack_publicize_connections":[],"yoast_head":"<!-- This site is optimized with the Yoast SEO plugin v19.1 - https:\/\/yoast.com\/wordpress\/plugins\/seo\/ -->\n<title>Intervista me Arta Bajramin - Lajme nga Ulqini<\/title>\n<meta name=\"description\" content=\"Cili \u00ebsht\u00eb zakoni yt m\u00eb i mir\u00eb? Ka shume por do te veqoja dy gjera; jam shum zemergjere dhe shume dorelire. Po m\u00eb i keqi? Kokefortesia. Pa cilin makijazh\" \/>\n<meta name=\"robots\" content=\"index, follow, max-snippet:-1, max-image-preview:large, max-video-preview:-1\" \/>\n<link rel=\"canonical\" href=\"https:\/\/www.visit-ulcinj.com\/blog\/2009\/03\/18\/intervista-me-arta-bajramin\/\" \/>\n<meta property=\"og:locale\" content=\"en_US\" \/>\n<meta property=\"og:type\" content=\"article\" \/>\n<meta property=\"og:title\" content=\"Intervista me Arta Bajramin - Lajme nga Ulqini\" \/>\n<meta property=\"og:description\" content=\"Cili \u00ebsht\u00eb zakoni yt m\u00eb i mir\u00eb? Ka shume por do te veqoja dy gjera; jam shum zemergjere dhe shume dorelire. Po m\u00eb i keqi? Kokefortesia. Pa cilin makijazh\" \/>\n<meta property=\"og:url\" content=\"https:\/\/www.visit-ulcinj.com\/blog\/2009\/03\/18\/intervista-me-arta-bajramin\/\" \/>\n<meta property=\"og:site_name\" content=\"Lajme nga Ulqini\" \/>\n<meta property=\"article:published_time\" content=\"2009-03-18T20:16:59+00:00\" \/>\n<meta property=\"article:modified_time\" content=\"2012-02-14T17:05:31+00:00\" \/>\n<meta property=\"og:image\" content=\"https:\/\/www.visit-ulcinj.com\/blog\/wp-content\/uploads\/2009\/03\/arta-bajrami-150x150.jpg\" \/>\n<meta name=\"twitter:label1\" content=\"Written by\" \/>\n\t<meta name=\"twitter:data1\" content=\"ulqini\" \/>\n\t<meta name=\"twitter:label2\" content=\"Est. reading time\" \/>\n\t<meta name=\"twitter:data2\" content=\"5 minutes\" \/>\n<script type=\"application\/ld+json\" class=\"yoast-schema-graph\">{\"@context\":\"https:\/\/schema.org\",\"@graph\":[{\"@type\":\"WebSite\",\"@id\":\"https:\/\/www.visit-ulcinj.com\/blog\/#website\",\"url\":\"https:\/\/www.visit-ulcinj.com\/blog\/\",\"name\":\"Lajme nga Ulqini\",\"description\":\"Lajme,Vijesti,Ulqini,Ulqin,Crna Gora,Mali i Zi\",\"potentialAction\":[{\"@type\":\"SearchAction\",\"target\":{\"@type\":\"EntryPoint\",\"urlTemplate\":\"https:\/\/www.visit-ulcinj.com\/blog\/?s={search_term_string}\"},\"query-input\":\"required name=search_term_string\"}],\"inLanguage\":\"en-US\"},{\"@type\":\"ImageObject\",\"inLanguage\":\"en-US\",\"@id\":\"https:\/\/www.visit-ulcinj.com\/blog\/2009\/03\/18\/intervista-me-arta-bajramin\/#primaryimage\",\"url\":\"http:\/\/www.visit-ulcinj.com\/blog\/wp-content\/uploads\/2009\/03\/arta-bajrami.jpg\",\"contentUrl\":\"http:\/\/www.visit-ulcinj.com\/blog\/wp-content\/uploads\/2009\/03\/arta-bajrami.jpg\"},{\"@type\":\"WebPage\",\"@id\":\"https:\/\/www.visit-ulcinj.com\/blog\/2009\/03\/18\/intervista-me-arta-bajramin\/#webpage\",\"url\":\"https:\/\/www.visit-ulcinj.com\/blog\/2009\/03\/18\/intervista-me-arta-bajramin\/\",\"name\":\"Intervista me Arta Bajramin - Lajme nga Ulqini\",\"isPartOf\":{\"@id\":\"https:\/\/www.visit-ulcinj.com\/blog\/#website\"},\"primaryImageOfPage\":{\"@id\":\"https:\/\/www.visit-ulcinj.com\/blog\/2009\/03\/18\/intervista-me-arta-bajramin\/#primaryimage\"},\"datePublished\":\"2009-03-18T20:16:59+00:00\",\"dateModified\":\"2012-02-14T17:05:31+00:00\",\"author\":{\"@id\":\"https:\/\/www.visit-ulcinj.com\/blog\/#\/schema\/person\/dcab619c614d3038751c63bc2aadc06d\"},\"description\":\"Cili \u00ebsht\u00eb zakoni yt m\u00eb i mir\u00eb? Ka shume por do te veqoja dy gjera; jam shum zemergjere dhe shume dorelire. Po m\u00eb i keqi? Kokefortesia. Pa cilin makijazh\",\"breadcrumb\":{\"@id\":\"https:\/\/www.visit-ulcinj.com\/blog\/2009\/03\/18\/intervista-me-arta-bajramin\/#breadcrumb\"},\"inLanguage\":\"en-US\",\"potentialAction\":[{\"@type\":\"ReadAction\",\"target\":[\"https:\/\/www.visit-ulcinj.com\/blog\/2009\/03\/18\/intervista-me-arta-bajramin\/\"]}]},{\"@type\":\"BreadcrumbList\",\"@id\":\"https:\/\/www.visit-ulcinj.com\/blog\/2009\/03\/18\/intervista-me-arta-bajramin\/#breadcrumb\",\"itemListElement\":[{\"@type\":\"ListItem\",\"position\":1,\"name\":\"Intervista me Arta Bajramin\"}]},{\"@type\":\"Person\",\"@id\":\"https:\/\/www.visit-ulcinj.com\/blog\/#\/schema\/person\/dcab619c614d3038751c63bc2aadc06d\",\"name\":\"ulqini\",\"sameAs\":[\"http:\/\/www.visit-ulcinj.com\"],\"url\":\"https:\/\/www.visit-ulcinj.com\/blog\/author\/admin\/\"}]}<\/script>\n<!-- \/ Yoast SEO plugin. -->","yoast_head_json":{"title":"Intervista me Arta Bajramin - Lajme nga Ulqini","description":"Cili \u00ebsht\u00eb zakoni yt m\u00eb i mir\u00eb? Ka shume por do te veqoja dy gjera; jam shum zemergjere dhe shume dorelire. Po m\u00eb i keqi? Kokefortesia. Pa cilin makijazh","robots":{"index":"index","follow":"follow","max-snippet":"max-snippet:-1","max-image-preview":"max-image-preview:large","max-video-preview":"max-video-preview:-1"},"canonical":"https:\/\/www.visit-ulcinj.com\/blog\/2009\/03\/18\/intervista-me-arta-bajramin\/","og_locale":"en_US","og_type":"article","og_title":"Intervista me Arta Bajramin - Lajme nga Ulqini","og_description":"Cili \u00ebsht\u00eb zakoni yt m\u00eb i mir\u00eb? Ka shume por do te veqoja dy gjera; jam shum zemergjere dhe shume dorelire. Po m\u00eb i keqi? Kokefortesia. Pa cilin makijazh","og_url":"https:\/\/www.visit-ulcinj.com\/blog\/2009\/03\/18\/intervista-me-arta-bajramin\/","og_site_name":"Lajme nga Ulqini","article_published_time":"2009-03-18T20:16:59+00:00","article_modified_time":"2012-02-14T17:05:31+00:00","og_image":[{"url":"https:\/\/www.visit-ulcinj.com\/blog\/wp-content\/uploads\/2009\/03\/arta-bajrami-150x150.jpg"}],"twitter_misc":{"Written by":"ulqini","Est. reading time":"5 minutes"},"schema":{"@context":"https:\/\/schema.org","@graph":[{"@type":"WebSite","@id":"https:\/\/www.visit-ulcinj.com\/blog\/#website","url":"https:\/\/www.visit-ulcinj.com\/blog\/","name":"Lajme nga Ulqini","description":"Lajme,Vijesti,Ulqini,Ulqin,Crna Gora,Mali i Zi","potentialAction":[{"@type":"SearchAction","target":{"@type":"EntryPoint","urlTemplate":"https:\/\/www.visit-ulcinj.com\/blog\/?s={search_term_string}"},"query-input":"required name=search_term_string"}],"inLanguage":"en-US"},{"@type":"ImageObject","inLanguage":"en-US","@id":"https:\/\/www.visit-ulcinj.com\/blog\/2009\/03\/18\/intervista-me-arta-bajramin\/#primaryimage","url":"http:\/\/www.visit-ulcinj.com\/blog\/wp-content\/uploads\/2009\/03\/arta-bajrami.jpg","contentUrl":"http:\/\/www.visit-ulcinj.com\/blog\/wp-content\/uploads\/2009\/03\/arta-bajrami.jpg"},{"@type":"WebPage","@id":"https:\/\/www.visit-ulcinj.com\/blog\/2009\/03\/18\/intervista-me-arta-bajramin\/#webpage","url":"https:\/\/www.visit-ulcinj.com\/blog\/2009\/03\/18\/intervista-me-arta-bajramin\/","name":"Intervista me Arta Bajramin - Lajme nga Ulqini","isPartOf":{"@id":"https:\/\/www.visit-ulcinj.com\/blog\/#website"},"primaryImageOfPage":{"@id":"https:\/\/www.visit-ulcinj.com\/blog\/2009\/03\/18\/intervista-me-arta-bajramin\/#primaryimage"},"datePublished":"2009-03-18T20:16:59+00:00","dateModified":"2012-02-14T17:05:31+00:00","author":{"@id":"https:\/\/www.visit-ulcinj.com\/blog\/#\/schema\/person\/dcab619c614d3038751c63bc2aadc06d"},"description":"Cili \u00ebsht\u00eb zakoni yt m\u00eb i mir\u00eb? Ka shume por do te veqoja dy gjera; jam shum zemergjere dhe shume dorelire. Po m\u00eb i keqi? Kokefortesia. Pa cilin makijazh","breadcrumb":{"@id":"https:\/\/www.visit-ulcinj.com\/blog\/2009\/03\/18\/intervista-me-arta-bajramin\/#breadcrumb"},"inLanguage":"en-US","potentialAction":[{"@type":"ReadAction","target":["https:\/\/www.visit-ulcinj.com\/blog\/2009\/03\/18\/intervista-me-arta-bajramin\/"]}]},{"@type":"BreadcrumbList","@id":"https:\/\/www.visit-ulcinj.com\/blog\/2009\/03\/18\/intervista-me-arta-bajramin\/#breadcrumb","itemListElement":[{"@type":"ListItem","position":1,"name":"Intervista me Arta Bajramin"}]},{"@type":"Person","@id":"https:\/\/www.visit-ulcinj.com\/blog\/#\/schema\/person\/dcab619c614d3038751c63bc2aadc06d","name":"ulqini","sameAs":["http:\/\/www.visit-ulcinj.com"],"url":"https:\/\/www.visit-ulcinj.com\/blog\/author\/admin\/"}]}},"jetpack_featured_media_url":"","jetpack_sharing_enabled":true,"jetpack_shortlink":"https:\/\/wp.me\/pe6lTn-3O3","_links":{"self":[{"href":"https:\/\/www.visit-ulcinj.com\/blog\/wp-json\/wp\/v2\/posts\/14635"}],"collection":[{"href":"https:\/\/www.visit-ulcinj.com\/blog\/wp-json\/wp\/v2\/posts"}],"about":[{"href":"https:\/\/www.visit-ulcinj.com\/blog\/wp-json\/wp\/v2\/types\/post"}],"author":[{"embeddable":true,"href":"https:\/\/www.visit-ulcinj.com\/blog\/wp-json\/wp\/v2\/users\/1"}],"replies":[{"embeddable":true,"href":"https:\/\/www.visit-ulcinj.com\/blog\/wp-json\/wp\/v2\/comments?post=14635"}],"version-history":[{"count":1,"href":"https:\/\/www.visit-ulcinj.com\/blog\/wp-json\/wp\/v2\/posts\/14635\/revisions"}],"predecessor-version":[{"id":57395,"href":"https:\/\/www.visit-ulcinj.com\/blog\/wp-json\/wp\/v2\/posts\/14635\/revisions\/57395"}],"wp:attachment":[{"href":"https:\/\/www.visit-ulcinj.com\/blog\/wp-json\/wp\/v2\/media?parent=14635"}],"wp:term":[{"taxonomy":"category","embeddable":true,"href":"https:\/\/www.visit-ulcinj.com\/blog\/wp-json\/wp\/v2\/categories?post=14635"},{"taxonomy":"post_tag","embeddable":true,"href":"https:\/\/www.visit-ulcinj.com\/blog\/wp-json\/wp\/v2\/tags?post=14635"}],"curies":[{"name":"wp","href":"https:\/\/api.w.org\/{rel}","templated":true}]}}