{"id":1468,"date":"2008-05-02T11:20:43","date_gmt":"2008-05-02T16:20:43","guid":{"rendered":"http:\/\/www.visit-ulcinj.com\/blog\/?p=1468"},"modified":"2008-05-02T11:20:43","modified_gmt":"2008-05-02T16:20:43","slug":"albion-duraku-garuesi-me-i-mire-i-turneut","status":"publish","type":"post","link":"https:\/\/www.visit-ulcinj.com\/blog\/2008\/05\/02\/albion-duraku-garuesi-me-i-mire-i-turneut\/","title":{"rendered":"Albion Duraku, garuesi m\u00eb i mir\u00eb i Turneut"},"content":{"rendered":"<p><img loading=\"lazy\" class=\"alignleft\" style=\"float: left;\" src=\"http:\/\/www.kohajavore.cg.yu\/slike\/1209369082.jpg\" alt=\"KOHA JAVORE\" width=\"280\" height=\"373\" \/><strong>Turneu internacional i karates\u00eb<\/strong><br \/>\nKK &#8220;Ulqini&#8221; fitoi gjithsej 49 medalje: 13 t\u00eb arta, 12 t\u00eb argjendta, 24 t\u00eb bronzta dhe dy kupa &#8211; nj\u00eb p\u00ebr garuesin m\u00eb t\u00eb mir\u00eb dhe nj\u00eb p\u00ebr vendin e dyt\u00eb n\u00eb renditjen e p\u00ebrgjithshme. Blerta Tahiri, Albion Duraku dhe Antigona Rama fituan nga dy medalje t\u00eb arta. Trajner\u00ebt e KK &#8220;Ulqini&#8221;-t ankohen p\u00ebr referimin tendencioz.<br \/>\nKlubi i Karates\u00eb &#8220;Ulqini&#8221; arriti t\u00eb renditet n\u00eb vendin e dyt\u00eb n\u00eb renditjen e p\u00ebrgjithshme, menj\u00ebher\u00eb pas KK &#8220;Buduqnost&#8221; t\u00eb Podgoric\u00ebs, n\u00eb Turneun I Internacional t\u00eb Karates\u00eb &#8220;Seiken 2008&#8221;, i cili u mbajt t\u00eb diel\u00ebn n\u00eb Podgoric\u00eb. Turneu u organizua nga KK &#8220;Seiken&#8221; n\u00eb bashk\u00ebpunim me Federat\u00ebn e Karates\u00eb s\u00eb Malit t\u00eb Zi dhe n\u00eb t\u00eb mor\u00ebn pjes\u00eb 29 klube me mbi 750 garues.<br \/>\nVendi i tret\u00eb n\u00eb renditjen e p\u00ebrgjithshme i takoi KK &#8220;Omlladinac&#8221; nga Podgorica, vendi i kat\u00ebrt KK &#8220;Ris&#8221; nga Plevla, nd\u00ebrsa vendi i pest\u00eb KK &#8220;Onogosht&#8221; nga Nikshiqi. Po ashtu, garuesi i KK &#8220;Ulqini&#8221;-t, Albion Duraku u shpall garuesi m\u00eb i mir\u00eb i turneut, nd\u00ebrsa garuesja m\u00eb e mir\u00eb u shpall Andrijana Vuk\u00e7eviq e KK &#8220;Buduqnost&#8221;.<br \/>\nNga Klubi i Karates\u00eb &#8220;Ulqini&#8221; me medalje t\u00eb arta u shp\u00ebrblyen shum\u00eb garues. Blerta Tahiri, Albion Duraku dhe Antigona Rama fituan nga dy medalje t\u00eb arta, nd\u00ebrsa nga nj\u00eb medalje t\u00eb art\u00eb fituan Edisa Shaba, Jehona Musliq, Seida Suma, Rexhep Shaba, Granit Rexha, Lulzim Suma dhe Bujar Kova\u00e7i. P\u00ebrve\u00e7 medaljeve t\u00eb arta, k\u00ebta garues u kuror\u00ebzuan edhe me medalje t\u00eb tjera.<br \/>\nMe nga disa medalje t\u00eb tjera u shp\u00ebrblyen k\u00ebta garues: Mirjeta Nika, Xhemale Elezi, Doriana Taipi, Izabella Llukiq, Blendisa Osmani, Erika Muriq, Alisa Muriq, Albiona Sukaliq, Xheneta Gjeka, Almeida Ceka, Nermin Suma, Bleard Osmani, Ensar Marshiq, Tufik Shurlla,Albion Nika, Edin Kraja, Ilir Muja, Ramazan Gjeka, Bajram Tagani, Petar Barlloviq, Diamant Rexha, Ermal Musliq, Bledar Kabashi, Arlind Llolla, Edon Ceka, Shp\u00ebtim Gjeka, Mark Daboviq dhe Besnik Duraku.<br \/>\n&#8220;Suksesi nuk mungoi as k\u00ebsaj radhe, edhe pse ishim duksh\u00ebm t\u00eb d\u00ebmtuar nga ana e refer\u00ebve. Ne arrit\u00ebm q\u00eb t\u00eb fitojm\u00eb gjithsej 49 medalje n\u00eb disiplinat ekipore dhe individuale: 13 t\u00eb arta, 12 t\u00eb argjendta, 24 t\u00eb bronzta dhe dy kupa &#8211; nj\u00eb p\u00ebr garuesin m\u00eb t\u00eb mir\u00eb dhe nj\u00eb p\u00ebr vendin e dyt\u00eb n\u00eb renditjen e p\u00ebrgjithshme. Sa i p\u00ebrket referimit, \u00e7do her\u00eb ka pasur anime, por k\u00ebsaj here animi u b\u00eb shum\u00eb haptas, duke na d\u00ebmtuar duksh\u00ebm. Arsyen sze dijm\u00eb, por shpresojm\u00eb q\u00eb her\u00ebve tjera nuk do t\u00eb ndodhin k\u00ebso padrejt\u00ebsish si n\u00eb k\u00ebt\u00eb gar\u00eb. Synimi jon\u00eb \u00ebsht\u00eb q\u00eb t\u00eb vazhdojm\u00eb me rezultate t\u00eb mira, me q\u00ebllim q\u00eb t\u00eb jemi n\u00eb mesin e m\u00eb t\u00eb mir\u00ebve si\u00e7 kemi qen\u00eb deri tash me pun\u00eb dhe me drejt\u00ebsi dhe jo q\u00eb dikush t\u00eb mundohet t\u00eb na dob\u00ebsoj\u00eb, t\u00eb na ndaloj\u00eb hovin e rezultateve n\u00eb m\u00ebnyr\u00eb t\u00eb padrejt\u00eb&#8221;, shprehen t\u00eb pak\u00ebnaqur me padrejt\u00ebsit\u00eb e b\u00ebra kryetrajneri i Klubit, Ruzhdi Rama dhe trajner\u00ebt Naim Duraku, Mirsad Nasradini dhe Kujtim Sukaliqi.<br \/>\nAta fal\u00ebnderojn\u00eb nd\u00ebrmarrjen &#8220;Tani Turs&#8221; dhe pronarin e saj Artan All\u00ebn, si dhe Man Taipin, t\u00eb cil\u00ebt mund\u00ebsuan pjes\u00ebmarrjen e tyre n\u00eb k\u00ebt\u00eb gar\u00eb.<br \/>\n<strong>(Kohapress)<\/strong><\/p>\n<!--YouTube Error: bad URL entered-->\n","protected":false},"excerpt":{"rendered":"<p><img loading=\"lazy\" class=\"alignleft\" style=\"float: left;\" src=\"http:\/\/www.kohajavore.cg.yu\/slike\/1209369082.jpg\" alt=\"KOHA JAVORE\" width=\"140\" height=\"140\" \/><\/p>\n","protected":false},"author":1,"featured_media":0,"comment_status":"open","ping_status":"closed","sticky":false,"template":"","format":"standard","meta":{"spay_email":"","jetpack_publicize_message":"","jetpack_is_tweetstorm":false,"jetpack_publicize_feature_enabled":true},"categories":[12,3],"tags":[2906,2919,2912,2911,2914,2065,2926,2923,2930,2916,2925,2909,2624,2935,2074,2907,2920,2931,2927,2917,2910,2924,2063,2921,2908,2067,2079,2934,2929,2625,2078,2077,2915,2073,2922,2933,2076,2932,2928,2918,2936,2066,2913],"jetpack_publicize_connections":[],"yoast_head":"<!-- This site is optimized with the Yoast SEO plugin v19.1 - https:\/\/yoast.com\/wordpress\/plugins\/seo\/ -->\n<title>Albion Duraku, garuesi m\u00eb i mir\u00eb i Turneut - Lajme nga Ulqini<\/title>\n<meta name=\"robots\" content=\"index, follow, max-snippet:-1, max-image-preview:large, max-video-preview:-1\" \/>\n<link rel=\"canonical\" href=\"https:\/\/www.visit-ulcinj.com\/blog\/2008\/05\/02\/albion-duraku-garuesi-me-i-mire-i-turneut\/\" \/>\n<meta property=\"og:locale\" content=\"en_US\" \/>\n<meta property=\"og:type\" content=\"article\" \/>\n<meta property=\"og:title\" content=\"Albion Duraku, garuesi m\u00eb i mir\u00eb i Turneut - Lajme nga Ulqini\" \/>\n<meta property=\"og:url\" content=\"https:\/\/www.visit-ulcinj.com\/blog\/2008\/05\/02\/albion-duraku-garuesi-me-i-mire-i-turneut\/\" \/>\n<meta property=\"og:site_name\" content=\"Lajme nga Ulqini\" \/>\n<meta property=\"article:published_time\" content=\"2008-05-02T16:20:43+00:00\" \/>\n<meta property=\"og:image\" content=\"http:\/\/www.kohajavore.cg.yu\/slike\/1209369082.jpg\" \/>\n<meta name=\"twitter:label1\" content=\"Written by\" \/>\n\t<meta name=\"twitter:data1\" content=\"ulqini\" \/>\n\t<meta name=\"twitter:label2\" content=\"Est. reading time\" \/>\n\t<meta name=\"twitter:data2\" content=\"3 minutes\" \/>\n<script type=\"application\/ld+json\" class=\"yoast-schema-graph\">{\"@context\":\"https:\/\/schema.org\",\"@graph\":[{\"@type\":\"WebSite\",\"@id\":\"https:\/\/www.visit-ulcinj.com\/blog\/#website\",\"url\":\"https:\/\/www.visit-ulcinj.com\/blog\/\",\"name\":\"Lajme nga Ulqini\",\"description\":\"Lajme,Vijesti,Ulqini,Ulqin,Crna Gora,Mali i Zi\",\"potentialAction\":[{\"@type\":\"SearchAction\",\"target\":{\"@type\":\"EntryPoint\",\"urlTemplate\":\"https:\/\/www.visit-ulcinj.com\/blog\/?s={search_term_string}\"},\"query-input\":\"required name=search_term_string\"}],\"inLanguage\":\"en-US\"},{\"@type\":\"ImageObject\",\"inLanguage\":\"en-US\",\"@id\":\"https:\/\/www.visit-ulcinj.com\/blog\/2008\/05\/02\/albion-duraku-garuesi-me-i-mire-i-turneut\/#primaryimage\",\"url\":\"http:\/\/www.kohajavore.cg.yu\/slike\/1209369082.jpg\",\"contentUrl\":\"http:\/\/www.kohajavore.cg.yu\/slike\/1209369082.jpg\"},{\"@type\":\"WebPage\",\"@id\":\"https:\/\/www.visit-ulcinj.com\/blog\/2008\/05\/02\/albion-duraku-garuesi-me-i-mire-i-turneut\/#webpage\",\"url\":\"https:\/\/www.visit-ulcinj.com\/blog\/2008\/05\/02\/albion-duraku-garuesi-me-i-mire-i-turneut\/\",\"name\":\"Albion Duraku, garuesi m\u00eb i mir\u00eb i Turneut - Lajme nga Ulqini\",\"isPartOf\":{\"@id\":\"https:\/\/www.visit-ulcinj.com\/blog\/#website\"},\"primaryImageOfPage\":{\"@id\":\"https:\/\/www.visit-ulcinj.com\/blog\/2008\/05\/02\/albion-duraku-garuesi-me-i-mire-i-turneut\/#primaryimage\"},\"datePublished\":\"2008-05-02T16:20:43+00:00\",\"dateModified\":\"2008-05-02T16:20:43+00:00\",\"author\":{\"@id\":\"https:\/\/www.visit-ulcinj.com\/blog\/#\/schema\/person\/dcab619c614d3038751c63bc2aadc06d\"},\"breadcrumb\":{\"@id\":\"https:\/\/www.visit-ulcinj.com\/blog\/2008\/05\/02\/albion-duraku-garuesi-me-i-mire-i-turneut\/#breadcrumb\"},\"inLanguage\":\"en-US\",\"potentialAction\":[{\"@type\":\"ReadAction\",\"target\":[\"https:\/\/www.visit-ulcinj.com\/blog\/2008\/05\/02\/albion-duraku-garuesi-me-i-mire-i-turneut\/\"]}]},{\"@type\":\"BreadcrumbList\",\"@id\":\"https:\/\/www.visit-ulcinj.com\/blog\/2008\/05\/02\/albion-duraku-garuesi-me-i-mire-i-turneut\/#breadcrumb\",\"itemListElement\":[{\"@type\":\"ListItem\",\"position\":1,\"name\":\"Albion Duraku, garuesi m\u00eb i mir\u00eb i Turneut\"}]},{\"@type\":\"Person\",\"@id\":\"https:\/\/www.visit-ulcinj.com\/blog\/#\/schema\/person\/dcab619c614d3038751c63bc2aadc06d\",\"name\":\"ulqini\",\"sameAs\":[\"http:\/\/www.visit-ulcinj.com\"],\"url\":\"https:\/\/www.visit-ulcinj.com\/blog\/author\/admin\/\"}]}<\/script>\n<!-- \/ Yoast SEO plugin. -->","yoast_head_json":{"title":"Albion Duraku, garuesi m\u00eb i mir\u00eb i Turneut - Lajme nga Ulqini","robots":{"index":"index","follow":"follow","max-snippet":"max-snippet:-1","max-image-preview":"max-image-preview:large","max-video-preview":"max-video-preview:-1"},"canonical":"https:\/\/www.visit-ulcinj.com\/blog\/2008\/05\/02\/albion-duraku-garuesi-me-i-mire-i-turneut\/","og_locale":"en_US","og_type":"article","og_title":"Albion Duraku, garuesi m\u00eb i mir\u00eb i Turneut - Lajme nga Ulqini","og_url":"https:\/\/www.visit-ulcinj.com\/blog\/2008\/05\/02\/albion-duraku-garuesi-me-i-mire-i-turneut\/","og_site_name":"Lajme nga Ulqini","article_published_time":"2008-05-02T16:20:43+00:00","og_image":[{"url":"http:\/\/www.kohajavore.cg.yu\/slike\/1209369082.jpg"}],"twitter_misc":{"Written by":"ulqini","Est. reading time":"3 minutes"},"schema":{"@context":"https:\/\/schema.org","@graph":[{"@type":"WebSite","@id":"https:\/\/www.visit-ulcinj.com\/blog\/#website","url":"https:\/\/www.visit-ulcinj.com\/blog\/","name":"Lajme nga Ulqini","description":"Lajme,Vijesti,Ulqini,Ulqin,Crna Gora,Mali i Zi","potentialAction":[{"@type":"SearchAction","target":{"@type":"EntryPoint","urlTemplate":"https:\/\/www.visit-ulcinj.com\/blog\/?s={search_term_string}"},"query-input":"required name=search_term_string"}],"inLanguage":"en-US"},{"@type":"ImageObject","inLanguage":"en-US","@id":"https:\/\/www.visit-ulcinj.com\/blog\/2008\/05\/02\/albion-duraku-garuesi-me-i-mire-i-turneut\/#primaryimage","url":"http:\/\/www.kohajavore.cg.yu\/slike\/1209369082.jpg","contentUrl":"http:\/\/www.kohajavore.cg.yu\/slike\/1209369082.jpg"},{"@type":"WebPage","@id":"https:\/\/www.visit-ulcinj.com\/blog\/2008\/05\/02\/albion-duraku-garuesi-me-i-mire-i-turneut\/#webpage","url":"https:\/\/www.visit-ulcinj.com\/blog\/2008\/05\/02\/albion-duraku-garuesi-me-i-mire-i-turneut\/","name":"Albion Duraku, garuesi m\u00eb i mir\u00eb i Turneut - Lajme nga Ulqini","isPartOf":{"@id":"https:\/\/www.visit-ulcinj.com\/blog\/#website"},"primaryImageOfPage":{"@id":"https:\/\/www.visit-ulcinj.com\/blog\/2008\/05\/02\/albion-duraku-garuesi-me-i-mire-i-turneut\/#primaryimage"},"datePublished":"2008-05-02T16:20:43+00:00","dateModified":"2008-05-02T16:20:43+00:00","author":{"@id":"https:\/\/www.visit-ulcinj.com\/blog\/#\/schema\/person\/dcab619c614d3038751c63bc2aadc06d"},"breadcrumb":{"@id":"https:\/\/www.visit-ulcinj.com\/blog\/2008\/05\/02\/albion-duraku-garuesi-me-i-mire-i-turneut\/#breadcrumb"},"inLanguage":"en-US","potentialAction":[{"@type":"ReadAction","target":["https:\/\/www.visit-ulcinj.com\/blog\/2008\/05\/02\/albion-duraku-garuesi-me-i-mire-i-turneut\/"]}]},{"@type":"BreadcrumbList","@id":"https:\/\/www.visit-ulcinj.com\/blog\/2008\/05\/02\/albion-duraku-garuesi-me-i-mire-i-turneut\/#breadcrumb","itemListElement":[{"@type":"ListItem","position":1,"name":"Albion Duraku, garuesi m\u00eb i mir\u00eb i Turneut"}]},{"@type":"Person","@id":"https:\/\/www.visit-ulcinj.com\/blog\/#\/schema\/person\/dcab619c614d3038751c63bc2aadc06d","name":"ulqini","sameAs":["http:\/\/www.visit-ulcinj.com"],"url":"https:\/\/www.visit-ulcinj.com\/blog\/author\/admin\/"}]}},"jetpack_featured_media_url":"","jetpack_sharing_enabled":true,"jetpack_shortlink":"https:\/\/wp.me\/pe6lTn-nG","_links":{"self":[{"href":"https:\/\/www.visit-ulcinj.com\/blog\/wp-json\/wp\/v2\/posts\/1468"}],"collection":[{"href":"https:\/\/www.visit-ulcinj.com\/blog\/wp-json\/wp\/v2\/posts"}],"about":[{"href":"https:\/\/www.visit-ulcinj.com\/blog\/wp-json\/wp\/v2\/types\/post"}],"author":[{"embeddable":true,"href":"https:\/\/www.visit-ulcinj.com\/blog\/wp-json\/wp\/v2\/users\/1"}],"replies":[{"embeddable":true,"href":"https:\/\/www.visit-ulcinj.com\/blog\/wp-json\/wp\/v2\/comments?post=1468"}],"version-history":[{"count":0,"href":"https:\/\/www.visit-ulcinj.com\/blog\/wp-json\/wp\/v2\/posts\/1468\/revisions"}],"wp:attachment":[{"href":"https:\/\/www.visit-ulcinj.com\/blog\/wp-json\/wp\/v2\/media?parent=1468"}],"wp:term":[{"taxonomy":"category","embeddable":true,"href":"https:\/\/www.visit-ulcinj.com\/blog\/wp-json\/wp\/v2\/categories?post=1468"},{"taxonomy":"post_tag","embeddable":true,"href":"https:\/\/www.visit-ulcinj.com\/blog\/wp-json\/wp\/v2\/tags?post=1468"}],"curies":[{"name":"wp","href":"https:\/\/api.w.org\/{rel}","templated":true}]}}