{"id":14687,"date":"2009-03-19T13:02:48","date_gmt":"2009-03-19T12:02:48","guid":{"rendered":"http:\/\/www.visit-ulcinj.com\/blog\/?p=14687"},"modified":"2009-03-19T13:02:48","modified_gmt":"2009-03-19T12:02:48","slug":"aida-e-kemi-nenvleresuar-adelen","status":"publish","type":"post","link":"https:\/\/www.visit-ulcinj.com\/blog\/2009\/03\/19\/aida-e-kemi-nenvleresuar-adelen\/","title":{"rendered":"Aida: E kemi n\u00ebnvler\u00ebsuar Adel\u00ebn"},"content":{"rendered":"<p><em><span class=\"newsdate\"><span style=\"font-style: normal;\"><a href=\"http:\/\/www.visit-ulcinj.com\/blog\/wp-content\/uploads\/2009\/03\/vajzat1.jpg\"><img loading=\"lazy\" class=\"alignleft size-full wp-image-14688\" title=\"vajzat-big-brother-albania-2\" src=\"http:\/\/www.visit-ulcinj.com\/blog\/wp-content\/uploads\/2009\/03\/vajzat1.jpg\" alt=\"vajzat-big-brother-albania-2\" width=\"300\" height=\"205\" \/><\/a><\/span>16\/03\/09 17:11<\/span><\/em><\/p>\n<p>Aida diskuton n\u00eb lidhje me debatin e saj, me Lirit\u00ebn.Mesid\u00ebn dhe Mimoz\u00ebn. Sipas saj personat n\u00eb sht\u00ebpi ruhen q\u00eb t\u00eb mos krijojn\u00eb armiq\u00ebsira duke mos e shprehur mendimin e tyre. Ajo diskuton p\u00ebr Adelajd\u00ebn duke th\u00ebn\u00eb q\u00eb ajo nuk kishte pse t\u00eb fliste n\u00eb em\u00ebr t\u00eb saj duke i dh\u00ebn\u00eb diskutimit tjet\u00ebr ngjyrim. \u201cPaska q\u00ebn\u00eb shum\u00eb e zgjuar, e kemi n\u00ebnvler\u00ebsuar!\u201d-shton ajo p\u00ebr Adelajd\u00ebn. Aida thot\u00eb q\u00eb \u00ebsht\u00eb munduar t\u00eb justifikoj\u00eb sjelljet e saj,por mendon q\u00eb \u00ebsht\u00eb gabuar. Ajo thot\u00eb:-\u201cNep\u00ebrk\u00eb e zez\u00eb!\u201d Mesida i thot\u00eb:-\u201cPaskemi patur nj\u00eb Zhuljet\u00eb t\u00eb dyt\u00eb n\u00eb sht\u00ebpi!\u201d Aida thot\u00eb q\u00eb konfliktet q\u00eb ka patur, kan\u00eb q\u00ebn\u00eb p\u00ebr arsye se ka par\u00eb dicka t\u00eb padrejt\u00eb. \u201cUn\u00eb kam p\u00ebr ta nxjerr\u00eb kush \u00ebsht\u00eb Adelajda!\u201d-thot\u00eb ajo<br \/>\nMimoz\u00ebs i b\u00ebn p\u00ebrshtypje sjellja e Adelajdes me Bjordin sepse sipas saj ata kan\u00eb dicka, por ajo nuk e tregon. Ajo thot\u00eb q\u00eb i kishte par\u00eb duke u puthur nj\u00eb nat\u00eb.<\/p>\n","protected":false},"excerpt":{"rendered":"<p>16\/03\/09 17:11 Aida diskuton n\u00eb lidhje me debatin e saj, me Lirit\u00ebn.Mesid\u00ebn dhe Mimoz\u00ebn. Sipas saj personat n\u00eb sht\u00ebpi ruhen q\u00eb t\u00eb mos krijojn\u00eb armiq\u00ebsira duke mos e shprehur mendimin e tyre. Ajo diskuton p\u00ebr Adelajd\u00ebn duke th\u00ebn\u00eb q\u00eb ajo nuk kishte pse t\u00eb fliste n\u00eb em\u00ebr t\u00eb saj duke i dh\u00ebn\u00eb diskutimit tjet\u00ebr ngjyrim. [&hellip;]<\/p>\n","protected":false},"author":1,"featured_media":0,"comment_status":"open","ping_status":"closed","sticky":false,"template":"","format":"standard","meta":{"spay_email":"","jetpack_publicize_message":"","jetpack_is_tweetstorm":false,"jetpack_publicize_feature_enabled":true},"categories":[6502],"tags":[8125,6537,6883,6516,6712,6544,6891],"jetpack_publicize_connections":[],"yoast_head":"<!-- This site is optimized with the Yoast SEO plugin v19.1 - https:\/\/yoast.com\/wordpress\/plugins\/seo\/ -->\n<title>Aida: E kemi n\u00c3\u00abnvler\u00c3\u00absuar Adel\u00c3\u00abn | Big Brother Albania 2<\/title>\n<meta name=\"description\" content=\"Big Brother Albania 2 - Aida diskuton n\u00c3\u00ab lidhje me debatin e saj, me Lirit\u00c3\u00abn.Mesid\u00c3\u00abn dhe Mimoz\u00c3\u00abn\" \/>\n<meta name=\"robots\" content=\"index, follow, max-snippet:-1, max-image-preview:large, max-video-preview:-1\" \/>\n<link rel=\"canonical\" href=\"https:\/\/www.visit-ulcinj.com\/blog\/2009\/03\/19\/aida-e-kemi-nenvleresuar-adelen\/\" \/>\n<meta property=\"og:locale\" content=\"en_US\" \/>\n<meta property=\"og:type\" content=\"article\" \/>\n<meta property=\"og:title\" content=\"Aida: E kemi n\u00c3\u00abnvler\u00c3\u00absuar Adel\u00c3\u00abn | Big Brother Albania 2\" \/>\n<meta property=\"og:description\" content=\"Big Brother Albania 2 - Aida diskuton n\u00c3\u00ab lidhje me debatin e saj, me Lirit\u00c3\u00abn.Mesid\u00c3\u00abn dhe Mimoz\u00c3\u00abn\" \/>\n<meta property=\"og:url\" content=\"https:\/\/www.visit-ulcinj.com\/blog\/2009\/03\/19\/aida-e-kemi-nenvleresuar-adelen\/\" \/>\n<meta property=\"og:site_name\" content=\"Lajme nga Ulqini\" \/>\n<meta property=\"article:published_time\" content=\"2009-03-19T12:02:48+00:00\" \/>\n<meta property=\"og:image\" content=\"http:\/\/www.visit-ulcinj.com\/blog\/wp-content\/uploads\/2009\/03\/vajzat1.jpg\" \/>\n<meta name=\"twitter:label1\" content=\"Written by\" \/>\n\t<meta name=\"twitter:data1\" content=\"ulqini\" \/>\n\t<meta name=\"twitter:label2\" content=\"Est. reading time\" \/>\n\t<meta name=\"twitter:data2\" content=\"1 minute\" \/>\n<script type=\"application\/ld+json\" class=\"yoast-schema-graph\">{\"@context\":\"https:\/\/schema.org\",\"@graph\":[{\"@type\":\"WebSite\",\"@id\":\"https:\/\/www.visit-ulcinj.com\/blog\/#website\",\"url\":\"https:\/\/www.visit-ulcinj.com\/blog\/\",\"name\":\"Lajme nga Ulqini\",\"description\":\"Lajme,Vijesti,Ulqini,Ulqin,Crna Gora,Mali i Zi\",\"potentialAction\":[{\"@type\":\"SearchAction\",\"target\":{\"@type\":\"EntryPoint\",\"urlTemplate\":\"https:\/\/www.visit-ulcinj.com\/blog\/?s={search_term_string}\"},\"query-input\":\"required name=search_term_string\"}],\"inLanguage\":\"en-US\"},{\"@type\":\"ImageObject\",\"inLanguage\":\"en-US\",\"@id\":\"https:\/\/www.visit-ulcinj.com\/blog\/2009\/03\/19\/aida-e-kemi-nenvleresuar-adelen\/#primaryimage\",\"url\":\"http:\/\/www.visit-ulcinj.com\/blog\/wp-content\/uploads\/2009\/03\/vajzat1.jpg\",\"contentUrl\":\"http:\/\/www.visit-ulcinj.com\/blog\/wp-content\/uploads\/2009\/03\/vajzat1.jpg\"},{\"@type\":\"WebPage\",\"@id\":\"https:\/\/www.visit-ulcinj.com\/blog\/2009\/03\/19\/aida-e-kemi-nenvleresuar-adelen\/#webpage\",\"url\":\"https:\/\/www.visit-ulcinj.com\/blog\/2009\/03\/19\/aida-e-kemi-nenvleresuar-adelen\/\",\"name\":\"Aida: E kemi n\u00c3\u00abnvler\u00c3\u00absuar Adel\u00c3\u00abn | Big Brother Albania 2\",\"isPartOf\":{\"@id\":\"https:\/\/www.visit-ulcinj.com\/blog\/#website\"},\"primaryImageOfPage\":{\"@id\":\"https:\/\/www.visit-ulcinj.com\/blog\/2009\/03\/19\/aida-e-kemi-nenvleresuar-adelen\/#primaryimage\"},\"datePublished\":\"2009-03-19T12:02:48+00:00\",\"dateModified\":\"2009-03-19T12:02:48+00:00\",\"author\":{\"@id\":\"https:\/\/www.visit-ulcinj.com\/blog\/#\/schema\/person\/dcab619c614d3038751c63bc2aadc06d\"},\"description\":\"Big Brother Albania 2 - Aida diskuton n\u00c3\u00ab lidhje me debatin e saj, me Lirit\u00c3\u00abn.Mesid\u00c3\u00abn dhe Mimoz\u00c3\u00abn\",\"breadcrumb\":{\"@id\":\"https:\/\/www.visit-ulcinj.com\/blog\/2009\/03\/19\/aida-e-kemi-nenvleresuar-adelen\/#breadcrumb\"},\"inLanguage\":\"en-US\",\"potentialAction\":[{\"@type\":\"ReadAction\",\"target\":[\"https:\/\/www.visit-ulcinj.com\/blog\/2009\/03\/19\/aida-e-kemi-nenvleresuar-adelen\/\"]}]},{\"@type\":\"BreadcrumbList\",\"@id\":\"https:\/\/www.visit-ulcinj.com\/blog\/2009\/03\/19\/aida-e-kemi-nenvleresuar-adelen\/#breadcrumb\",\"itemListElement\":[{\"@type\":\"ListItem\",\"position\":1,\"name\":\"Aida: E kemi n\u00ebnvler\u00ebsuar Adel\u00ebn\"}]},{\"@type\":\"Person\",\"@id\":\"https:\/\/www.visit-ulcinj.com\/blog\/#\/schema\/person\/dcab619c614d3038751c63bc2aadc06d\",\"name\":\"ulqini\",\"sameAs\":[\"http:\/\/www.visit-ulcinj.com\"],\"url\":\"https:\/\/www.visit-ulcinj.com\/blog\/author\/admin\/\"}]}<\/script>\n<!-- \/ Yoast SEO plugin. -->","yoast_head_json":{"title":"Aida: E kemi n\u00c3\u00abnvler\u00c3\u00absuar Adel\u00c3\u00abn | Big Brother Albania 2","description":"Big Brother Albania 2 - Aida diskuton n\u00c3\u00ab lidhje me debatin e saj, me Lirit\u00c3\u00abn.Mesid\u00c3\u00abn dhe Mimoz\u00c3\u00abn","robots":{"index":"index","follow":"follow","max-snippet":"max-snippet:-1","max-image-preview":"max-image-preview:large","max-video-preview":"max-video-preview:-1"},"canonical":"https:\/\/www.visit-ulcinj.com\/blog\/2009\/03\/19\/aida-e-kemi-nenvleresuar-adelen\/","og_locale":"en_US","og_type":"article","og_title":"Aida: E kemi n\u00c3\u00abnvler\u00c3\u00absuar Adel\u00c3\u00abn | Big Brother Albania 2","og_description":"Big Brother Albania 2 - Aida diskuton n\u00c3\u00ab lidhje me debatin e saj, me Lirit\u00c3\u00abn.Mesid\u00c3\u00abn dhe Mimoz\u00c3\u00abn","og_url":"https:\/\/www.visit-ulcinj.com\/blog\/2009\/03\/19\/aida-e-kemi-nenvleresuar-adelen\/","og_site_name":"Lajme nga Ulqini","article_published_time":"2009-03-19T12:02:48+00:00","og_image":[{"url":"http:\/\/www.visit-ulcinj.com\/blog\/wp-content\/uploads\/2009\/03\/vajzat1.jpg"}],"twitter_misc":{"Written by":"ulqini","Est. reading time":"1 minute"},"schema":{"@context":"https:\/\/schema.org","@graph":[{"@type":"WebSite","@id":"https:\/\/www.visit-ulcinj.com\/blog\/#website","url":"https:\/\/www.visit-ulcinj.com\/blog\/","name":"Lajme nga Ulqini","description":"Lajme,Vijesti,Ulqini,Ulqin,Crna Gora,Mali i Zi","potentialAction":[{"@type":"SearchAction","target":{"@type":"EntryPoint","urlTemplate":"https:\/\/www.visit-ulcinj.com\/blog\/?s={search_term_string}"},"query-input":"required name=search_term_string"}],"inLanguage":"en-US"},{"@type":"ImageObject","inLanguage":"en-US","@id":"https:\/\/www.visit-ulcinj.com\/blog\/2009\/03\/19\/aida-e-kemi-nenvleresuar-adelen\/#primaryimage","url":"http:\/\/www.visit-ulcinj.com\/blog\/wp-content\/uploads\/2009\/03\/vajzat1.jpg","contentUrl":"http:\/\/www.visit-ulcinj.com\/blog\/wp-content\/uploads\/2009\/03\/vajzat1.jpg"},{"@type":"WebPage","@id":"https:\/\/www.visit-ulcinj.com\/blog\/2009\/03\/19\/aida-e-kemi-nenvleresuar-adelen\/#webpage","url":"https:\/\/www.visit-ulcinj.com\/blog\/2009\/03\/19\/aida-e-kemi-nenvleresuar-adelen\/","name":"Aida: E kemi n\u00c3\u00abnvler\u00c3\u00absuar Adel\u00c3\u00abn | Big Brother Albania 2","isPartOf":{"@id":"https:\/\/www.visit-ulcinj.com\/blog\/#website"},"primaryImageOfPage":{"@id":"https:\/\/www.visit-ulcinj.com\/blog\/2009\/03\/19\/aida-e-kemi-nenvleresuar-adelen\/#primaryimage"},"datePublished":"2009-03-19T12:02:48+00:00","dateModified":"2009-03-19T12:02:48+00:00","author":{"@id":"https:\/\/www.visit-ulcinj.com\/blog\/#\/schema\/person\/dcab619c614d3038751c63bc2aadc06d"},"description":"Big Brother Albania 2 - Aida diskuton n\u00c3\u00ab lidhje me debatin e saj, me Lirit\u00c3\u00abn.Mesid\u00c3\u00abn dhe Mimoz\u00c3\u00abn","breadcrumb":{"@id":"https:\/\/www.visit-ulcinj.com\/blog\/2009\/03\/19\/aida-e-kemi-nenvleresuar-adelen\/#breadcrumb"},"inLanguage":"en-US","potentialAction":[{"@type":"ReadAction","target":["https:\/\/www.visit-ulcinj.com\/blog\/2009\/03\/19\/aida-e-kemi-nenvleresuar-adelen\/"]}]},{"@type":"BreadcrumbList","@id":"https:\/\/www.visit-ulcinj.com\/blog\/2009\/03\/19\/aida-e-kemi-nenvleresuar-adelen\/#breadcrumb","itemListElement":[{"@type":"ListItem","position":1,"name":"Aida: E kemi n\u00ebnvler\u00ebsuar Adel\u00ebn"}]},{"@type":"Person","@id":"https:\/\/www.visit-ulcinj.com\/blog\/#\/schema\/person\/dcab619c614d3038751c63bc2aadc06d","name":"ulqini","sameAs":["http:\/\/www.visit-ulcinj.com"],"url":"https:\/\/www.visit-ulcinj.com\/blog\/author\/admin\/"}]}},"jetpack_featured_media_url":"","jetpack_sharing_enabled":true,"jetpack_shortlink":"https:\/\/wp.me\/pe6lTn-3OT","_links":{"self":[{"href":"https:\/\/www.visit-ulcinj.com\/blog\/wp-json\/wp\/v2\/posts\/14687"}],"collection":[{"href":"https:\/\/www.visit-ulcinj.com\/blog\/wp-json\/wp\/v2\/posts"}],"about":[{"href":"https:\/\/www.visit-ulcinj.com\/blog\/wp-json\/wp\/v2\/types\/post"}],"author":[{"embeddable":true,"href":"https:\/\/www.visit-ulcinj.com\/blog\/wp-json\/wp\/v2\/users\/1"}],"replies":[{"embeddable":true,"href":"https:\/\/www.visit-ulcinj.com\/blog\/wp-json\/wp\/v2\/comments?post=14687"}],"version-history":[{"count":0,"href":"https:\/\/www.visit-ulcinj.com\/blog\/wp-json\/wp\/v2\/posts\/14687\/revisions"}],"wp:attachment":[{"href":"https:\/\/www.visit-ulcinj.com\/blog\/wp-json\/wp\/v2\/media?parent=14687"}],"wp:term":[{"taxonomy":"category","embeddable":true,"href":"https:\/\/www.visit-ulcinj.com\/blog\/wp-json\/wp\/v2\/categories?post=14687"},{"taxonomy":"post_tag","embeddable":true,"href":"https:\/\/www.visit-ulcinj.com\/blog\/wp-json\/wp\/v2\/tags?post=14687"}],"curies":[{"name":"wp","href":"https:\/\/api.w.org\/{rel}","templated":true}]}}