{"id":1469,"date":"2008-05-02T11:40:59","date_gmt":"2008-05-02T16:40:59","guid":{"rendered":"http:\/\/www.visit-ulcinj.com\/blog\/?p=1469"},"modified":"2008-05-02T11:43:03","modified_gmt":"2008-05-02T16:43:03","slug":"ulcinj-cijela-crna-gora-na-kopakabani","status":"publish","type":"post","link":"https:\/\/www.visit-ulcinj.com\/blog\/2008\/05\/02\/ulcinj-cijela-crna-gora-na-kopakabani\/","title":{"rendered":"Ulcinj &#8211; Cijela Crna Gora na Kopakabani"},"content":{"rendered":"<p><img loading=\"lazy\" class=\"alignleft\" style=\"float: left;\" src=\"http:\/\/www.hollegro.cg.yu\/gallery\/copa\/images\/Copacabana08_jpg.jpg\" alt=\"Copakabana Beach_Ulcinj\" width=\"252\" height=\"195\" \/><strong>Za prvi maj u ulcinju koncert poznatih muzi?ara iz regiona, sportska i kulinarska takmi?enja<\/strong><br \/>\nNa ulcinjskoj Kopakabani sjutra ?e, povodom prvomajskih praznika biti odr\u017eana manifestacija Crna Gora, jedan grad sa impresivnom listom imena u?esnika muzi?kog spektakla.<br \/>\nNa jednoj od najljep\u0161ih pla\u017ea Jadrana, posjetioce ?e zabavljati grupa Dis Time Band, poznati pjeva?i Biljana Mitrovi?, Bojan Deli?, Violeta Marniku, grupa Respect, Nikola Radovi? Duo, Nina \u017di\u017ei? i crnogorski predstavnik na ovogodi\u0161njoj Evroviziji Stefan Filipovi?. Zatim, nastupi?e i ulcinjska Klapa, humorista Rajko Joli?i?, Kulturno-umjetni?ka dru\u0161tva Ulcinj, \u0160toj i Besa, DJ Aldo i Amanda. Da manifestacija poprimi karakter spektakla, pobrinu?e se poznata hrvatska grupa Colonia, koja ?e od 15 do 16 i od 17 do 18 ?asova zabavljati, kako organizator procjenjuje, najmanje deset hiljada obo\u017eavalaca. Pored njih, program ?e upotpuniti i plesa?i iz klubova Beauty iz Podgorice i Matrix iz Nik\u0161i?a.<img loading=\"lazy\" class=\"alignright\" style=\"float: right;\" src=\"http:\/\/www.hollegro.cg.yu\/gallery\/copa\/images\/Copacabana03_jpg.jpg\" alt=\"Copakabana Beach_Ulcinj\" width=\"239\" height=\"185\" \/><br \/>\nOrganizatori planiraju da ova manifestacija koja ?e okupiti ljubitelje pjesme, igre i dobre zabave iz ?itave Crne Gore, postane tradicionalna. Svi koji do?u pored muzi?kog dijela programa, mo?i ?e da u\u017eivaju, zabave se i opuste uz razne sportske discipline, a bi?e organizovan i turnir u fudbalu na pijesku Pro Beach Soccer, takmi?enje kajaka\u0161a, turnir u odbojci na pijesku, kao i igre bez granica. U okviru sportskog programa, posjetiocima ?e se predstaviti i ?lanovi Karate kluba Ulcinj.<br \/>\nOrganizatori su najavili i takmi?enje u spremanju jela nacionalne kuhinje Op\u0161tine Ulcinj, na kome ?e najbolji biti nagra?eni zlatnom, srebrnom i bronzanom vilju\u0161kom. Pobjednike ?e izabrati \u017eiri sastavljen od eksperata fakulteta za turizam i posjetioci koji ?e mo?i da degustiraju specijalitete.<br \/>\n<img loading=\"lazy\" class=\"alignleft\" style=\"float: left;\" src=\"http:\/\/www.hollegro.cg.yu\/images\/preljaskrelja.jpg\" alt=\"\" width=\"140\" height=\"186\" \/>Kulturno-umjetni?ki program ?e voditi Dragan Simovi?, a manifestacija ?e po?eti ta?no u podne.<br \/>\nDirektor kompanije Holegro Prelja \u0160krelja kazao je ju?e za Vijesti da manifestacija na simboli?an na?in predstavlja po?etak sezone.<br \/>\nOn je naglasio da je to, prije svega, marketin\u0161ki nastup od koga ?e koristiti imati Kopakabana, Ulcinj i cijela Crna Gora.<br \/>\n&#8211; Tra\u017eimo u nama ono \u0161to nas spaja, a ne razdvaja &#8211; kazao je \u0160krelja.<br \/>\nManifestaciju, koja bi trebalo da postane tradicionalna, organizuje kompanija Holegro pod pokroviteljstvom Op\u0161tine Ulcinj.<br \/>\n<strong><\/strong><\/p>\n<p><strong>BESPLATAN PREVOZ<br \/>\n<\/strong>Iz Holegra su najavili da ?e u svim gradovima Crne Gore biti organizovan besplatan prevoz do Kopakabane. Dva autobusa krenu?e ispred podgori?kog Doma vojske u devet sati ujutro.<br \/>\n&#8211; \u017delimo da svi ljudi u Crnoj Gori, koji nikada nijesu bili na Kopakabani, do?u i u\u017eivaju u njenim ?arima &#8211; kazao je \u0160krelja.<br \/>\nU slu?aju da u ?etvrtak osvane ki\u0161ni dan, organizator ?e manifestaciju odlo\u017eiti za 17. ili 18. maj.<br \/>\n<strong>S.A.- M.V.<br \/>\nVIJESTI<\/strong><\/p>\n<!-- vimeo error: not a vimeo video -->\n","protected":false},"excerpt":{"rendered":"<p><img loading=\"lazy\" class=\"alignleft\" style=\"float: left;\" src=\"http:\/\/www.hollegro.cg.yu\/gallery\/copa\/images\/Copacabana08_jpg.jpg\" alt=\"Copakabana Beach_Ulcinj\" width=\"140\" height=\"140\" \/><\/p>\n","protected":false},"author":1,"featured_media":0,"comment_status":"open","ping_status":"closed","sticky":false,"template":"","format":"standard","meta":{"spay_email":"","jetpack_publicize_message":"","jetpack_is_tweetstorm":false,"jetpack_publicize_feature_enabled":true},"categories":[12,15],"tags":[2945,2851,2853,20,2938,2940,2859,2855,2946,2939,2943,2947,2942,2854,2948,2937,2846,2852,19,2858,2941,2944],"jetpack_publicize_connections":[],"yoast_head":"<!-- This site is optimized with the Yoast SEO plugin v19.1 - https:\/\/yoast.com\/wordpress\/plugins\/seo\/ -->\n<title>Ulcinj - Cijela Crna Gora na Kopakabani - Lajme nga Ulqini<\/title>\n<meta name=\"robots\" content=\"index, follow, max-snippet:-1, max-image-preview:large, max-video-preview:-1\" \/>\n<link rel=\"canonical\" href=\"https:\/\/www.visit-ulcinj.com\/blog\/2008\/05\/02\/ulcinj-cijela-crna-gora-na-kopakabani\/\" \/>\n<meta property=\"og:locale\" content=\"en_US\" \/>\n<meta property=\"og:type\" content=\"article\" \/>\n<meta property=\"og:title\" content=\"Ulcinj - Cijela Crna Gora na Kopakabani - Lajme nga Ulqini\" \/>\n<meta property=\"og:url\" content=\"https:\/\/www.visit-ulcinj.com\/blog\/2008\/05\/02\/ulcinj-cijela-crna-gora-na-kopakabani\/\" \/>\n<meta property=\"og:site_name\" content=\"Lajme nga Ulqini\" \/>\n<meta property=\"article:published_time\" content=\"2008-05-02T16:40:59+00:00\" \/>\n<meta property=\"article:modified_time\" content=\"2008-05-02T16:43:03+00:00\" \/>\n<meta property=\"og:image\" content=\"http:\/\/www.hollegro.cg.yu\/gallery\/copa\/images\/Copacabana08_jpg.jpg\" \/>\n<meta name=\"twitter:label1\" content=\"Written by\" \/>\n\t<meta name=\"twitter:data1\" content=\"ulqini\" \/>\n\t<meta name=\"twitter:label2\" content=\"Est. reading time\" \/>\n\t<meta name=\"twitter:data2\" content=\"2 minutes\" \/>\n<script type=\"application\/ld+json\" class=\"yoast-schema-graph\">{\"@context\":\"https:\/\/schema.org\",\"@graph\":[{\"@type\":\"WebSite\",\"@id\":\"https:\/\/www.visit-ulcinj.com\/blog\/#website\",\"url\":\"https:\/\/www.visit-ulcinj.com\/blog\/\",\"name\":\"Lajme nga Ulqini\",\"description\":\"Lajme,Vijesti,Ulqini,Ulqin,Crna Gora,Mali i Zi\",\"potentialAction\":[{\"@type\":\"SearchAction\",\"target\":{\"@type\":\"EntryPoint\",\"urlTemplate\":\"https:\/\/www.visit-ulcinj.com\/blog\/?s={search_term_string}\"},\"query-input\":\"required name=search_term_string\"}],\"inLanguage\":\"en-US\"},{\"@type\":\"ImageObject\",\"inLanguage\":\"en-US\",\"@id\":\"https:\/\/www.visit-ulcinj.com\/blog\/2008\/05\/02\/ulcinj-cijela-crna-gora-na-kopakabani\/#primaryimage\",\"url\":\"http:\/\/www.hollegro.cg.yu\/gallery\/copa\/images\/Copacabana08_jpg.jpg\",\"contentUrl\":\"http:\/\/www.hollegro.cg.yu\/gallery\/copa\/images\/Copacabana08_jpg.jpg\"},{\"@type\":\"WebPage\",\"@id\":\"https:\/\/www.visit-ulcinj.com\/blog\/2008\/05\/02\/ulcinj-cijela-crna-gora-na-kopakabani\/#webpage\",\"url\":\"https:\/\/www.visit-ulcinj.com\/blog\/2008\/05\/02\/ulcinj-cijela-crna-gora-na-kopakabani\/\",\"name\":\"Ulcinj - Cijela Crna Gora na Kopakabani - Lajme nga Ulqini\",\"isPartOf\":{\"@id\":\"https:\/\/www.visit-ulcinj.com\/blog\/#website\"},\"primaryImageOfPage\":{\"@id\":\"https:\/\/www.visit-ulcinj.com\/blog\/2008\/05\/02\/ulcinj-cijela-crna-gora-na-kopakabani\/#primaryimage\"},\"datePublished\":\"2008-05-02T16:40:59+00:00\",\"dateModified\":\"2008-05-02T16:43:03+00:00\",\"author\":{\"@id\":\"https:\/\/www.visit-ulcinj.com\/blog\/#\/schema\/person\/dcab619c614d3038751c63bc2aadc06d\"},\"breadcrumb\":{\"@id\":\"https:\/\/www.visit-ulcinj.com\/blog\/2008\/05\/02\/ulcinj-cijela-crna-gora-na-kopakabani\/#breadcrumb\"},\"inLanguage\":\"en-US\",\"potentialAction\":[{\"@type\":\"ReadAction\",\"target\":[\"https:\/\/www.visit-ulcinj.com\/blog\/2008\/05\/02\/ulcinj-cijela-crna-gora-na-kopakabani\/\"]}]},{\"@type\":\"BreadcrumbList\",\"@id\":\"https:\/\/www.visit-ulcinj.com\/blog\/2008\/05\/02\/ulcinj-cijela-crna-gora-na-kopakabani\/#breadcrumb\",\"itemListElement\":[{\"@type\":\"ListItem\",\"position\":1,\"name\":\"Ulcinj &#8211; Cijela Crna Gora na Kopakabani\"}]},{\"@type\":\"Person\",\"@id\":\"https:\/\/www.visit-ulcinj.com\/blog\/#\/schema\/person\/dcab619c614d3038751c63bc2aadc06d\",\"name\":\"ulqini\",\"sameAs\":[\"http:\/\/www.visit-ulcinj.com\"],\"url\":\"https:\/\/www.visit-ulcinj.com\/blog\/author\/admin\/\"}]}<\/script>\n<!-- \/ Yoast SEO plugin. -->","yoast_head_json":{"title":"Ulcinj - Cijela Crna Gora na Kopakabani - Lajme nga Ulqini","robots":{"index":"index","follow":"follow","max-snippet":"max-snippet:-1","max-image-preview":"max-image-preview:large","max-video-preview":"max-video-preview:-1"},"canonical":"https:\/\/www.visit-ulcinj.com\/blog\/2008\/05\/02\/ulcinj-cijela-crna-gora-na-kopakabani\/","og_locale":"en_US","og_type":"article","og_title":"Ulcinj - Cijela Crna Gora na Kopakabani - Lajme nga Ulqini","og_url":"https:\/\/www.visit-ulcinj.com\/blog\/2008\/05\/02\/ulcinj-cijela-crna-gora-na-kopakabani\/","og_site_name":"Lajme nga Ulqini","article_published_time":"2008-05-02T16:40:59+00:00","article_modified_time":"2008-05-02T16:43:03+00:00","og_image":[{"url":"http:\/\/www.hollegro.cg.yu\/gallery\/copa\/images\/Copacabana08_jpg.jpg"}],"twitter_misc":{"Written by":"ulqini","Est. reading time":"2 minutes"},"schema":{"@context":"https:\/\/schema.org","@graph":[{"@type":"WebSite","@id":"https:\/\/www.visit-ulcinj.com\/blog\/#website","url":"https:\/\/www.visit-ulcinj.com\/blog\/","name":"Lajme nga Ulqini","description":"Lajme,Vijesti,Ulqini,Ulqin,Crna Gora,Mali i Zi","potentialAction":[{"@type":"SearchAction","target":{"@type":"EntryPoint","urlTemplate":"https:\/\/www.visit-ulcinj.com\/blog\/?s={search_term_string}"},"query-input":"required name=search_term_string"}],"inLanguage":"en-US"},{"@type":"ImageObject","inLanguage":"en-US","@id":"https:\/\/www.visit-ulcinj.com\/blog\/2008\/05\/02\/ulcinj-cijela-crna-gora-na-kopakabani\/#primaryimage","url":"http:\/\/www.hollegro.cg.yu\/gallery\/copa\/images\/Copacabana08_jpg.jpg","contentUrl":"http:\/\/www.hollegro.cg.yu\/gallery\/copa\/images\/Copacabana08_jpg.jpg"},{"@type":"WebPage","@id":"https:\/\/www.visit-ulcinj.com\/blog\/2008\/05\/02\/ulcinj-cijela-crna-gora-na-kopakabani\/#webpage","url":"https:\/\/www.visit-ulcinj.com\/blog\/2008\/05\/02\/ulcinj-cijela-crna-gora-na-kopakabani\/","name":"Ulcinj - Cijela Crna Gora na Kopakabani - Lajme nga Ulqini","isPartOf":{"@id":"https:\/\/www.visit-ulcinj.com\/blog\/#website"},"primaryImageOfPage":{"@id":"https:\/\/www.visit-ulcinj.com\/blog\/2008\/05\/02\/ulcinj-cijela-crna-gora-na-kopakabani\/#primaryimage"},"datePublished":"2008-05-02T16:40:59+00:00","dateModified":"2008-05-02T16:43:03+00:00","author":{"@id":"https:\/\/www.visit-ulcinj.com\/blog\/#\/schema\/person\/dcab619c614d3038751c63bc2aadc06d"},"breadcrumb":{"@id":"https:\/\/www.visit-ulcinj.com\/blog\/2008\/05\/02\/ulcinj-cijela-crna-gora-na-kopakabani\/#breadcrumb"},"inLanguage":"en-US","potentialAction":[{"@type":"ReadAction","target":["https:\/\/www.visit-ulcinj.com\/blog\/2008\/05\/02\/ulcinj-cijela-crna-gora-na-kopakabani\/"]}]},{"@type":"BreadcrumbList","@id":"https:\/\/www.visit-ulcinj.com\/blog\/2008\/05\/02\/ulcinj-cijela-crna-gora-na-kopakabani\/#breadcrumb","itemListElement":[{"@type":"ListItem","position":1,"name":"Ulcinj &#8211; Cijela Crna Gora na Kopakabani"}]},{"@type":"Person","@id":"https:\/\/www.visit-ulcinj.com\/blog\/#\/schema\/person\/dcab619c614d3038751c63bc2aadc06d","name":"ulqini","sameAs":["http:\/\/www.visit-ulcinj.com"],"url":"https:\/\/www.visit-ulcinj.com\/blog\/author\/admin\/"}]}},"jetpack_featured_media_url":"","jetpack_sharing_enabled":true,"jetpack_shortlink":"https:\/\/wp.me\/pe6lTn-nH","_links":{"self":[{"href":"https:\/\/www.visit-ulcinj.com\/blog\/wp-json\/wp\/v2\/posts\/1469"}],"collection":[{"href":"https:\/\/www.visit-ulcinj.com\/blog\/wp-json\/wp\/v2\/posts"}],"about":[{"href":"https:\/\/www.visit-ulcinj.com\/blog\/wp-json\/wp\/v2\/types\/post"}],"author":[{"embeddable":true,"href":"https:\/\/www.visit-ulcinj.com\/blog\/wp-json\/wp\/v2\/users\/1"}],"replies":[{"embeddable":true,"href":"https:\/\/www.visit-ulcinj.com\/blog\/wp-json\/wp\/v2\/comments?post=1469"}],"version-history":[{"count":0,"href":"https:\/\/www.visit-ulcinj.com\/blog\/wp-json\/wp\/v2\/posts\/1469\/revisions"}],"wp:attachment":[{"href":"https:\/\/www.visit-ulcinj.com\/blog\/wp-json\/wp\/v2\/media?parent=1469"}],"wp:term":[{"taxonomy":"category","embeddable":true,"href":"https:\/\/www.visit-ulcinj.com\/blog\/wp-json\/wp\/v2\/categories?post=1469"},{"taxonomy":"post_tag","embeddable":true,"href":"https:\/\/www.visit-ulcinj.com\/blog\/wp-json\/wp\/v2\/tags?post=1469"}],"curies":[{"name":"wp","href":"https:\/\/api.w.org\/{rel}","templated":true}]}}