{"id":14690,"date":"2009-03-19T13:34:53","date_gmt":"2009-03-19T12:34:53","guid":{"rendered":"http:\/\/www.visit-ulcinj.com\/blog\/?p=14690"},"modified":"2009-03-19T13:34:53","modified_gmt":"2009-03-19T12:34:53","slug":"ulqin-programi-edukativ-mbi-integrimet-evropiane","status":"publish","type":"post","link":"https:\/\/www.visit-ulcinj.com\/blog\/2009\/03\/19\/ulqin-programi-edukativ-mbi-integrimet-evropiane\/","title":{"rendered":"Ulqin: Programi edukativ mbi Integrimet Evropiane"},"content":{"rendered":"<p><a href=\"http:\/\/www.visit-ulcinj.com\/blog\/wp-content\/uploads\/2009\/03\/evropa-per-te-gjithe-_horizonti-i-ri_ulqin.jpg\"><img loading=\"lazy\" class=\"alignleft size-full wp-image-14698\" title=\"evropa-per-te-gjithe-_horizonti-i-ri_ulqin\" src=\"http:\/\/www.visit-ulcinj.com\/blog\/wp-content\/uploads\/2009\/03\/evropa-per-te-gjithe-_horizonti-i-ri_ulqin.jpg\" alt=\"evropa-per-te-gjithe-_horizonti-i-ri_ulqin\" width=\"570\" height=\"400\" \/><\/a>Organizata e Shoq\u00ebris\u00eb Civile \u201cHorizonti i Ri\u201d, e mb\u00ebshtetur nga Fondacioni\u00a0 Instituti p\u00ebr Shoq\u00ebri t\u00eb Hapur (Zyra n\u00eb Mal t\u00eb Zi), p\u00ebr her\u00eb t\u00eb par\u00eb n\u00eb Ulqin organizon Programin edukativ p\u00ebr Integrimet Evropiane.<br \/>\nProgrami edukativ p\u00ebr Integrimet Evropiane \u00ebsht\u00eb form\u00eb e edukimit joformal i cili ofron nj\u00eb mund\u00ebsi t\u00eb ve\u00e7ant\u00eb p\u00ebr arsimim mbi historikun, iden\u00eb, korniz\u00ebn institucionale t\u00eb Bashkimit Evropian si dhe procesin aktual t\u00eb integrimit n\u00eb BE, n\u00ebp\u00ebr t\u00eb cilin po kalon Mali i Zi.<br \/>\nKy program u dedikohet nx\u00ebn\u00ebsve t\u00eb shkollave t\u00eb mesme t\u00eb Ulqinit q\u00eb kan\u00eb ishprehur nteresim p\u00ebr zhvillimin e njohurive mbi Bashkimin Evropian dhe \u00e7\u00ebshtjeve q\u00eb kan\u00eb t\u00eb b\u00ebjn\u00eb me Integrimet Evropiane.<br \/>\nProgrami do t\u00eb zgjas dy muaj dhe \u00ebsht\u00eb i organizuar n\u00eb disa grupe temash, ku p\u00ebrve\u00e7 ligj\u00ebrimit nx\u00ebn\u00ebsit do t\u00eb ken\u00eb mund\u00ebsi t\u00eb zhvillojn\u00eb edhe shum\u00eb shkatht\u00ebsi tjera, si\u00e7 \u00ebsht\u00eb puna n\u00eb grup, teknikat e komunikimit, prezantimit, diskutimi interaktiv, etj)<br \/>\nLigj\u00ebrues t\u00eb k\u00ebtij programi jan\u00eb ekspert\u00eb vendor n\u00eb fush\u00ebn e studimeve evropiane.<br \/>\nN\u00eb nj\u00eb atmosfer\u00eb solemne dhe n\u00eb m\u00ebnyr\u00eb simbolike, fillimin e k\u00ebtij Programi edukativ e shpalli t\u00eb hapur Kryetari i komun\u00ebs s\u00eb Ulqinit, z. G\u00ebzim Hajdinaga, i clili t\u00eb gjith\u00eb pjesmarr\u00ebsve n\u00eb k\u00ebt\u00eb projekt iu uroj suksese dhe eksperienca pozitive n\u00eb fush\u00ebn e integrimeve evropiane.<br \/>\n<strong><br \/>\n<a href=\"http:\/\/www.ngo-horizonti.org\/index.php?option=com_content&amp;task=view&amp;id=43&amp;Itemid=1\" target=\"_blank\">HORIZONTI I RI<\/a><\/strong><\/p>\n\n\t\t<style type=\"text\/css\">\n\t\t\t#gallery-1 {\n\t\t\t\tmargin: auto;\n\t\t\t}\n\t\t\t#gallery-1 .gallery-item {\n\t\t\t\tfloat: left;\n\t\t\t\tmargin-top: 10px;\n\t\t\t\ttext-align: center;\n\t\t\t\twidth: 33%;\n\t\t\t}\n\t\t\t#gallery-1 img {\n\t\t\t\tborder: 2px solid #cfcfcf;\n\t\t\t}\n\t\t\t#gallery-1 .gallery-caption {\n\t\t\t\tmargin-left: 0;\n\t\t\t}\n\t\t\t\/* see gallery_shortcode() in wp-includes\/media.php *\/\n\t\t<\/style>\n\t\t<div id='gallery-1' class='gallery galleryid-14690 gallery-columns-3 gallery-size-thumbnail'><dl class='gallery-item'>\n\t\t\t<dt class='gallery-icon landscape'>\n\t\t\t\t<a href='https:\/\/www.visit-ulcinj.com\/blog\/2009\/03\/19\/ulqin-programi-edukativ-mbi-integrimet-evropiane\/evropa-per-te-gjithe-_horizonti-i-ri_ulqin\/'><img width=\"150\" height=\"150\" src=\"https:\/\/www.visit-ulcinj.com\/blog\/wp-content\/uploads\/2009\/03\/evropa-per-te-gjithe-_horizonti-i-ri_ulqin-150x150.jpg\" class=\"attachment-thumbnail size-thumbnail\" alt=\"\" loading=\"lazy\" srcset=\"https:\/\/www.visit-ulcinj.com\/blog\/wp-content\/uploads\/2009\/03\/evropa-per-te-gjithe-_horizonti-i-ri_ulqin-150x150.jpg 150w, https:\/\/www.visit-ulcinj.com\/blog\/wp-content\/uploads\/2009\/03\/evropa-per-te-gjithe-_horizonti-i-ri_ulqin-300x298.jpg 300w, https:\/\/www.visit-ulcinj.com\/blog\/wp-content\/uploads\/2009\/03\/evropa-per-te-gjithe-_horizonti-i-ri_ulqin.jpg 595w\" sizes=\"(max-width: 150px) 100vw, 150px\" \/><\/a>\n\t\t\t<\/dt><\/dl><dl class='gallery-item'>\n\t\t\t<dt class='gallery-icon landscape'>\n\t\t\t\t<a href='https:\/\/www.visit-ulcinj.com\/blog\/2009\/03\/19\/ulqin-programi-edukativ-mbi-integrimet-evropiane\/ulqin_programi-edukativ-mbi-integrimet-evropiane-_horizonti-i-ri\/'><img width=\"150\" height=\"150\" src=\"https:\/\/www.visit-ulcinj.com\/blog\/wp-content\/uploads\/2009\/03\/ulqin_programi-edukativ-mbi-integrimet-evropiane-_horizonti-i-ri-150x150.jpg\" class=\"attachment-thumbnail size-thumbnail\" alt=\"\" loading=\"lazy\" \/><\/a>\n\t\t\t<\/dt><\/dl><dl class='gallery-item'>\n\t\t\t<dt class='gallery-icon landscape'>\n\t\t\t\t<a href='https:\/\/www.visit-ulcinj.com\/blog\/2009\/03\/19\/ulqin-programi-edukativ-mbi-integrimet-evropiane\/ulqin_programi-edukativ-mbi-integrimet-evropiane-_horizonti-i-ri1\/'><img width=\"150\" height=\"150\" src=\"https:\/\/www.visit-ulcinj.com\/blog\/wp-content\/uploads\/2009\/03\/ulqin_programi-edukativ-mbi-integrimet-evropiane-_horizonti-i-ri1-150x150.jpg\" class=\"attachment-thumbnail size-thumbnail\" alt=\"\" loading=\"lazy\" \/><\/a>\n\t\t\t<\/dt><\/dl><br style=\"clear: both\" \/><dl class='gallery-item'>\n\t\t\t<dt class='gallery-icon landscape'>\n\t\t\t\t<a href='https:\/\/www.visit-ulcinj.com\/blog\/2009\/03\/19\/ulqin-programi-edukativ-mbi-integrimet-evropiane\/ulqin_programi-edukativ-mbi-integrimet-evropiane-_horizonti-i-ri2\/'><img width=\"150\" height=\"150\" src=\"https:\/\/www.visit-ulcinj.com\/blog\/wp-content\/uploads\/2009\/03\/ulqin_programi-edukativ-mbi-integrimet-evropiane-_horizonti-i-ri2-150x150.jpg\" class=\"attachment-thumbnail size-thumbnail\" alt=\"\" loading=\"lazy\" \/><\/a>\n\t\t\t<\/dt><\/dl><dl class='gallery-item'>\n\t\t\t<dt class='gallery-icon landscape'>\n\t\t\t\t<a href='https:\/\/www.visit-ulcinj.com\/blog\/2009\/03\/19\/ulqin-programi-edukativ-mbi-integrimet-evropiane\/ulqin_programi-edukativ-mbi-integrimet-evropiane-_horizonti-i-ri3\/'><img width=\"150\" height=\"150\" src=\"https:\/\/www.visit-ulcinj.com\/blog\/wp-content\/uploads\/2009\/03\/ulqin_programi-edukativ-mbi-integrimet-evropiane-_horizonti-i-ri3-150x150.jpg\" class=\"attachment-thumbnail size-thumbnail\" alt=\"\" loading=\"lazy\" \/><\/a>\n\t\t\t<\/dt><\/dl><dl class='gallery-item'>\n\t\t\t<dt class='gallery-icon landscape'>\n\t\t\t\t<a href='https:\/\/www.visit-ulcinj.com\/blog\/2009\/03\/19\/ulqin-programi-edukativ-mbi-integrimet-evropiane\/ulqin_programi-edukativ-mbi-integrimet-evropiane-_horizonti-i-ri4\/'><img width=\"150\" height=\"150\" src=\"https:\/\/www.visit-ulcinj.com\/blog\/wp-content\/uploads\/2009\/03\/ulqin_programi-edukativ-mbi-integrimet-evropiane-_horizonti-i-ri4-150x150.jpg\" class=\"attachment-thumbnail size-thumbnail\" alt=\"\" loading=\"lazy\" \/><\/a>\n\t\t\t<\/dt><\/dl><br style=\"clear: both\" \/>\n\t\t<\/div>\n\n","protected":false},"excerpt":{"rendered":"<p>Organizata e Shoq\u00ebris\u00eb Civile \u201cHorizonti i Ri\u201d, e mb\u00ebshtetur nga Fondacioni\u00a0 Instituti p\u00ebr Shoq\u00ebri t\u00eb Hapur (Zyra n\u00eb Mal t\u00eb Zi), p\u00ebr her\u00eb t\u00eb par\u00eb n\u00eb Ulqin organizon Programin edukativ p\u00ebr Integrimet Evropiane. Programi edukativ p\u00ebr Integrimet Evropiane \u00ebsht\u00eb form\u00eb e edukimit joformal i cili ofron nj\u00eb mund\u00ebsi t\u00eb ve\u00e7ant\u00eb p\u00ebr arsimim mbi historikun, iden\u00eb, [&hellip;]<\/p>\n","protected":false},"author":1,"featured_media":0,"comment_status":"open","ping_status":"closed","sticky":false,"template":"","format":"standard","meta":{"spay_email":"","jetpack_publicize_message":"","jetpack_is_tweetstorm":false,"jetpack_publicize_feature_enabled":true},"categories":[11],"tags":[8130,8133,8128,8131,8132,8129,18],"jetpack_publicize_connections":[],"yoast_head":"<!-- This site is optimized with the Yoast SEO plugin v19.1 - https:\/\/yoast.com\/wordpress\/plugins\/seo\/ -->\n<title>Ulqin: Programi edukativ mbi Integrimet Evropiane - Lajme nga Ulqini<\/title>\n<meta name=\"description\" content=\"Organizata e Shoq\u00ebris\u00eb Civile \u201cHorizonti i Ri\u201d, e mb\u00ebshtetur nga Fondacioni\u00a0 Instituti p\u00ebr Shoq\u00ebri t\u00eb Hapur (Zyra n\u00eb Mal t\u00eb Zi), p\u00ebr her\u00eb t\u00eb par\u00eb n\u00eb Ulqin\" \/>\n<meta name=\"robots\" content=\"index, follow, max-snippet:-1, max-image-preview:large, max-video-preview:-1\" \/>\n<link rel=\"canonical\" href=\"https:\/\/www.visit-ulcinj.com\/blog\/2009\/03\/19\/ulqin-programi-edukativ-mbi-integrimet-evropiane\/\" \/>\n<meta property=\"og:locale\" content=\"en_US\" \/>\n<meta property=\"og:type\" content=\"article\" \/>\n<meta property=\"og:title\" content=\"Ulqin: Programi edukativ mbi Integrimet Evropiane - Lajme nga Ulqini\" \/>\n<meta property=\"og:description\" content=\"Organizata e Shoq\u00ebris\u00eb Civile \u201cHorizonti i Ri\u201d, e mb\u00ebshtetur nga Fondacioni\u00a0 Instituti p\u00ebr Shoq\u00ebri t\u00eb Hapur (Zyra n\u00eb Mal t\u00eb Zi), p\u00ebr her\u00eb t\u00eb par\u00eb n\u00eb Ulqin\" \/>\n<meta property=\"og:url\" content=\"https:\/\/www.visit-ulcinj.com\/blog\/2009\/03\/19\/ulqin-programi-edukativ-mbi-integrimet-evropiane\/\" \/>\n<meta property=\"og:site_name\" content=\"Lajme nga Ulqini\" \/>\n<meta property=\"article:published_time\" content=\"2009-03-19T12:34:53+00:00\" \/>\n<meta property=\"og:image\" content=\"https:\/\/www.visit-ulcinj.com\/blog\/wp-content\/uploads\/2009\/03\/evropa-per-te-gjithe-_horizonti-i-ri_ulqin-150x150.jpg\" \/>\n<meta name=\"twitter:label1\" content=\"Written by\" \/>\n\t<meta name=\"twitter:data1\" content=\"ulqini\" \/>\n\t<meta name=\"twitter:label2\" content=\"Est. reading time\" \/>\n\t<meta name=\"twitter:data2\" content=\"1 minute\" \/>\n<script type=\"application\/ld+json\" class=\"yoast-schema-graph\">{\"@context\":\"https:\/\/schema.org\",\"@graph\":[{\"@type\":\"WebSite\",\"@id\":\"https:\/\/www.visit-ulcinj.com\/blog\/#website\",\"url\":\"https:\/\/www.visit-ulcinj.com\/blog\/\",\"name\":\"Lajme nga Ulqini\",\"description\":\"Lajme,Vijesti,Ulqini,Ulqin,Crna Gora,Mali i Zi\",\"potentialAction\":[{\"@type\":\"SearchAction\",\"target\":{\"@type\":\"EntryPoint\",\"urlTemplate\":\"https:\/\/www.visit-ulcinj.com\/blog\/?s={search_term_string}\"},\"query-input\":\"required name=search_term_string\"}],\"inLanguage\":\"en-US\"},{\"@type\":\"ImageObject\",\"inLanguage\":\"en-US\",\"@id\":\"https:\/\/www.visit-ulcinj.com\/blog\/2009\/03\/19\/ulqin-programi-edukativ-mbi-integrimet-evropiane\/#primaryimage\",\"url\":\"https:\/\/www.visit-ulcinj.com\/blog\/wp-content\/uploads\/2009\/03\/evropa-per-te-gjithe-_horizonti-i-ri_ulqin.jpg\",\"contentUrl\":\"https:\/\/www.visit-ulcinj.com\/blog\/wp-content\/uploads\/2009\/03\/evropa-per-te-gjithe-_horizonti-i-ri_ulqin.jpg\",\"width\":\"595\",\"height\":\"593\"},{\"@type\":\"WebPage\",\"@id\":\"https:\/\/www.visit-ulcinj.com\/blog\/2009\/03\/19\/ulqin-programi-edukativ-mbi-integrimet-evropiane\/#webpage\",\"url\":\"https:\/\/www.visit-ulcinj.com\/blog\/2009\/03\/19\/ulqin-programi-edukativ-mbi-integrimet-evropiane\/\",\"name\":\"Ulqin: Programi edukativ mbi Integrimet Evropiane - Lajme nga Ulqini\",\"isPartOf\":{\"@id\":\"https:\/\/www.visit-ulcinj.com\/blog\/#website\"},\"primaryImageOfPage\":{\"@id\":\"https:\/\/www.visit-ulcinj.com\/blog\/2009\/03\/19\/ulqin-programi-edukativ-mbi-integrimet-evropiane\/#primaryimage\"},\"datePublished\":\"2009-03-19T12:34:53+00:00\",\"dateModified\":\"2009-03-19T12:34:53+00:00\",\"author\":{\"@id\":\"https:\/\/www.visit-ulcinj.com\/blog\/#\/schema\/person\/dcab619c614d3038751c63bc2aadc06d\"},\"description\":\"Organizata e Shoq\u00ebris\u00eb Civile \u201cHorizonti i Ri\u201d, e mb\u00ebshtetur nga Fondacioni\u00a0 Instituti p\u00ebr Shoq\u00ebri t\u00eb Hapur (Zyra n\u00eb Mal t\u00eb Zi), p\u00ebr her\u00eb t\u00eb par\u00eb n\u00eb Ulqin\",\"breadcrumb\":{\"@id\":\"https:\/\/www.visit-ulcinj.com\/blog\/2009\/03\/19\/ulqin-programi-edukativ-mbi-integrimet-evropiane\/#breadcrumb\"},\"inLanguage\":\"en-US\",\"potentialAction\":[{\"@type\":\"ReadAction\",\"target\":[\"https:\/\/www.visit-ulcinj.com\/blog\/2009\/03\/19\/ulqin-programi-edukativ-mbi-integrimet-evropiane\/\"]}]},{\"@type\":\"BreadcrumbList\",\"@id\":\"https:\/\/www.visit-ulcinj.com\/blog\/2009\/03\/19\/ulqin-programi-edukativ-mbi-integrimet-evropiane\/#breadcrumb\",\"itemListElement\":[{\"@type\":\"ListItem\",\"position\":1,\"name\":\"Ulqin: Programi edukativ mbi Integrimet Evropiane\"}]},{\"@type\":\"Person\",\"@id\":\"https:\/\/www.visit-ulcinj.com\/blog\/#\/schema\/person\/dcab619c614d3038751c63bc2aadc06d\",\"name\":\"ulqini\",\"sameAs\":[\"http:\/\/www.visit-ulcinj.com\"],\"url\":\"https:\/\/www.visit-ulcinj.com\/blog\/author\/admin\/\"}]}<\/script>\n<!-- \/ Yoast SEO plugin. -->","yoast_head_json":{"title":"Ulqin: Programi edukativ mbi Integrimet Evropiane - Lajme nga Ulqini","description":"Organizata e Shoq\u00ebris\u00eb Civile \u201cHorizonti i Ri\u201d, e mb\u00ebshtetur nga Fondacioni\u00a0 Instituti p\u00ebr Shoq\u00ebri t\u00eb Hapur (Zyra n\u00eb Mal t\u00eb Zi), p\u00ebr her\u00eb t\u00eb par\u00eb n\u00eb Ulqin","robots":{"index":"index","follow":"follow","max-snippet":"max-snippet:-1","max-image-preview":"max-image-preview:large","max-video-preview":"max-video-preview:-1"},"canonical":"https:\/\/www.visit-ulcinj.com\/blog\/2009\/03\/19\/ulqin-programi-edukativ-mbi-integrimet-evropiane\/","og_locale":"en_US","og_type":"article","og_title":"Ulqin: Programi edukativ mbi Integrimet Evropiane - Lajme nga Ulqini","og_description":"Organizata e Shoq\u00ebris\u00eb Civile \u201cHorizonti i Ri\u201d, e mb\u00ebshtetur nga Fondacioni\u00a0 Instituti p\u00ebr Shoq\u00ebri t\u00eb Hapur (Zyra n\u00eb Mal t\u00eb Zi), p\u00ebr her\u00eb t\u00eb par\u00eb n\u00eb Ulqin","og_url":"https:\/\/www.visit-ulcinj.com\/blog\/2009\/03\/19\/ulqin-programi-edukativ-mbi-integrimet-evropiane\/","og_site_name":"Lajme nga Ulqini","article_published_time":"2009-03-19T12:34:53+00:00","og_image":[{"url":"https:\/\/www.visit-ulcinj.com\/blog\/wp-content\/uploads\/2009\/03\/evropa-per-te-gjithe-_horizonti-i-ri_ulqin-150x150.jpg"}],"twitter_misc":{"Written by":"ulqini","Est. reading time":"1 minute"},"schema":{"@context":"https:\/\/schema.org","@graph":[{"@type":"WebSite","@id":"https:\/\/www.visit-ulcinj.com\/blog\/#website","url":"https:\/\/www.visit-ulcinj.com\/blog\/","name":"Lajme nga Ulqini","description":"Lajme,Vijesti,Ulqini,Ulqin,Crna Gora,Mali i Zi","potentialAction":[{"@type":"SearchAction","target":{"@type":"EntryPoint","urlTemplate":"https:\/\/www.visit-ulcinj.com\/blog\/?s={search_term_string}"},"query-input":"required name=search_term_string"}],"inLanguage":"en-US"},{"@type":"ImageObject","inLanguage":"en-US","@id":"https:\/\/www.visit-ulcinj.com\/blog\/2009\/03\/19\/ulqin-programi-edukativ-mbi-integrimet-evropiane\/#primaryimage","url":"https:\/\/www.visit-ulcinj.com\/blog\/wp-content\/uploads\/2009\/03\/evropa-per-te-gjithe-_horizonti-i-ri_ulqin.jpg","contentUrl":"https:\/\/www.visit-ulcinj.com\/blog\/wp-content\/uploads\/2009\/03\/evropa-per-te-gjithe-_horizonti-i-ri_ulqin.jpg","width":"595","height":"593"},{"@type":"WebPage","@id":"https:\/\/www.visit-ulcinj.com\/blog\/2009\/03\/19\/ulqin-programi-edukativ-mbi-integrimet-evropiane\/#webpage","url":"https:\/\/www.visit-ulcinj.com\/blog\/2009\/03\/19\/ulqin-programi-edukativ-mbi-integrimet-evropiane\/","name":"Ulqin: Programi edukativ mbi Integrimet Evropiane - Lajme nga Ulqini","isPartOf":{"@id":"https:\/\/www.visit-ulcinj.com\/blog\/#website"},"primaryImageOfPage":{"@id":"https:\/\/www.visit-ulcinj.com\/blog\/2009\/03\/19\/ulqin-programi-edukativ-mbi-integrimet-evropiane\/#primaryimage"},"datePublished":"2009-03-19T12:34:53+00:00","dateModified":"2009-03-19T12:34:53+00:00","author":{"@id":"https:\/\/www.visit-ulcinj.com\/blog\/#\/schema\/person\/dcab619c614d3038751c63bc2aadc06d"},"description":"Organizata e Shoq\u00ebris\u00eb Civile \u201cHorizonti i Ri\u201d, e mb\u00ebshtetur nga Fondacioni\u00a0 Instituti p\u00ebr Shoq\u00ebri t\u00eb Hapur (Zyra n\u00eb Mal t\u00eb Zi), p\u00ebr her\u00eb t\u00eb par\u00eb n\u00eb Ulqin","breadcrumb":{"@id":"https:\/\/www.visit-ulcinj.com\/blog\/2009\/03\/19\/ulqin-programi-edukativ-mbi-integrimet-evropiane\/#breadcrumb"},"inLanguage":"en-US","potentialAction":[{"@type":"ReadAction","target":["https:\/\/www.visit-ulcinj.com\/blog\/2009\/03\/19\/ulqin-programi-edukativ-mbi-integrimet-evropiane\/"]}]},{"@type":"BreadcrumbList","@id":"https:\/\/www.visit-ulcinj.com\/blog\/2009\/03\/19\/ulqin-programi-edukativ-mbi-integrimet-evropiane\/#breadcrumb","itemListElement":[{"@type":"ListItem","position":1,"name":"Ulqin: Programi edukativ mbi Integrimet Evropiane"}]},{"@type":"Person","@id":"https:\/\/www.visit-ulcinj.com\/blog\/#\/schema\/person\/dcab619c614d3038751c63bc2aadc06d","name":"ulqini","sameAs":["http:\/\/www.visit-ulcinj.com"],"url":"https:\/\/www.visit-ulcinj.com\/blog\/author\/admin\/"}]}},"jetpack_featured_media_url":"","jetpack_sharing_enabled":true,"jetpack_shortlink":"https:\/\/wp.me\/pe6lTn-3OW","_links":{"self":[{"href":"https:\/\/www.visit-ulcinj.com\/blog\/wp-json\/wp\/v2\/posts\/14690"}],"collection":[{"href":"https:\/\/www.visit-ulcinj.com\/blog\/wp-json\/wp\/v2\/posts"}],"about":[{"href":"https:\/\/www.visit-ulcinj.com\/blog\/wp-json\/wp\/v2\/types\/post"}],"author":[{"embeddable":true,"href":"https:\/\/www.visit-ulcinj.com\/blog\/wp-json\/wp\/v2\/users\/1"}],"replies":[{"embeddable":true,"href":"https:\/\/www.visit-ulcinj.com\/blog\/wp-json\/wp\/v2\/comments?post=14690"}],"version-history":[{"count":0,"href":"https:\/\/www.visit-ulcinj.com\/blog\/wp-json\/wp\/v2\/posts\/14690\/revisions"}],"wp:attachment":[{"href":"https:\/\/www.visit-ulcinj.com\/blog\/wp-json\/wp\/v2\/media?parent=14690"}],"wp:term":[{"taxonomy":"category","embeddable":true,"href":"https:\/\/www.visit-ulcinj.com\/blog\/wp-json\/wp\/v2\/categories?post=14690"},{"taxonomy":"post_tag","embeddable":true,"href":"https:\/\/www.visit-ulcinj.com\/blog\/wp-json\/wp\/v2\/tags?post=14690"}],"curies":[{"name":"wp","href":"https:\/\/api.w.org\/{rel}","templated":true}]}}