{"id":14694,"date":"2009-03-19T13:18:39","date_gmt":"2009-03-19T12:18:39","guid":{"rendered":"http:\/\/www.visit-ulcinj.com\/blog\/?p=14694"},"modified":"2009-03-19T13:18:39","modified_gmt":"2009-03-19T12:18:39","slug":"dritani-gabimin-e-ka-moza","status":"publish","type":"post","link":"https:\/\/www.visit-ulcinj.com\/blog\/2009\/03\/19\/dritani-gabimin-e-ka-moza\/","title":{"rendered":"Dritani: Gabimin e ka Moza"},"content":{"rendered":"<p><em><span class=\"newsdate\"><span style=\"font-style: normal;\"><a href=\"http:\/\/www.visit-ulcinj.com\/blog\/wp-content\/uploads\/2009\/03\/tani-dhe-bika.jpg\"><img loading=\"lazy\" class=\"alignleft size-full wp-image-14695\" title=\"tani-dhe-bika-big-brother-albania-2\" src=\"http:\/\/www.visit-ulcinj.com\/blog\/wp-content\/uploads\/2009\/03\/tani-dhe-bika.jpg\" alt=\"tani-dhe-bika-big-brother-albania-2\" width=\"300\" height=\"205\" \/><\/a><\/span>16\/03\/09 18:55<\/span><\/em><\/p>\n<p>Republika diskuton me Dritanin p\u00ebr \u201csinqeritetin\u201d e Adelajd\u00ebs. Ajo thot\u00eb q\u00eb e acaron fakti q\u00eb b\u00ebn t\u00eb drejt\u00ebn pa ja k\u00ebrkuar nj\u00ebri. Dritani nuk \u00ebsht\u00eb plot\u00ebsisht dakort me Republik\u00ebn, pasi thot\u00eb q\u00eb duhen kapur dy aspekte. Ai thot\u00eb q\u00eb nuk ka mund\u00ebsi q\u00eb shum\u00eb persona t\u00eb bien dakort p\u00ebr dicka q\u00eb nuk ekziston, por nga ana tjet\u00ebr dhe Adela nuk ka pse t\u00eb g\u00ebnjej\u00eb p\u00ebr dicka q\u00eb mund t`i kthehet kund\u00ebr. Ai thot\u00eb:-\u201c Gabimin e b\u00ebri Mimoza q\u00eb nuk u sqarua q\u00eb n\u00eb fillim me Adin por shkoi dhe foli me vajzat. Dhe n\u00eb momentin q\u00eb u sqarua nuk foli p\u00ebr keqkuptimin me vajzat.\u201d Ai thot\u00eb q\u00eb nuk \u00ebsht\u00eb e vog\u00ebl.<\/p>\n","protected":false},"excerpt":{"rendered":"<p>16\/03\/09 18:55 Republika diskuton me Dritanin p\u00ebr \u201csinqeritetin\u201d e Adelajd\u00ebs. Ajo thot\u00eb q\u00eb e acaron fakti q\u00eb b\u00ebn t\u00eb drejt\u00ebn pa ja k\u00ebrkuar nj\u00ebri. Dritani nuk \u00ebsht\u00eb plot\u00ebsisht dakort me Republik\u00ebn, pasi thot\u00eb q\u00eb duhen kapur dy aspekte. Ai thot\u00eb q\u00eb nuk ka mund\u00ebsi q\u00eb shum\u00eb persona t\u00eb bien dakort p\u00ebr dicka q\u00eb nuk ekziston, [&hellip;]<\/p>\n","protected":false},"author":1,"featured_media":0,"comment_status":"open","ping_status":"closed","sticky":false,"template":"","format":"standard","meta":{"spay_email":"","jetpack_publicize_message":"","jetpack_is_tweetstorm":false,"jetpack_publicize_feature_enabled":true},"categories":[6502],"tags":[6736,8127,6883,6516,6712,6740,6522,6521,6544,262,6891],"jetpack_publicize_connections":[],"yoast_head":"<!-- This site is optimized with the Yoast SEO plugin v19.1 - https:\/\/yoast.com\/wordpress\/plugins\/seo\/ -->\n<title>Dritani: Gabimin e ka Moza | Big Brother Albania 2<\/title>\n<meta name=\"description\" content=\"Big Brother Albania 2 - Republika diskuton me Dritanin p\u00c3\u00abr \u00e2\u20ac\u0153sinqeritetin\u00e2\u20ac\u009d e Adelajd\u00c3\u00abs. Ajo thot\u00c3\u00ab q\u00c3\u00ab e acaron fakti q\u00c3\u00ab b\u00c3\u00abn t\u00c3\u00ab drejt\u00c3\u00abn pa ja k\u00c3\u00abrkuar nj\u00c3\u00abri\" \/>\n<meta name=\"robots\" content=\"index, follow, max-snippet:-1, max-image-preview:large, max-video-preview:-1\" \/>\n<link rel=\"canonical\" href=\"https:\/\/www.visit-ulcinj.com\/blog\/2009\/03\/19\/dritani-gabimin-e-ka-moza\/\" \/>\n<meta property=\"og:locale\" content=\"en_US\" \/>\n<meta property=\"og:type\" content=\"article\" \/>\n<meta property=\"og:title\" content=\"Dritani: Gabimin e ka Moza | Big Brother Albania 2\" \/>\n<meta property=\"og:description\" content=\"Big Brother Albania 2 - Republika diskuton me Dritanin p\u00c3\u00abr \u00e2\u20ac\u0153sinqeritetin\u00e2\u20ac\u009d e Adelajd\u00c3\u00abs. Ajo thot\u00c3\u00ab q\u00c3\u00ab e acaron fakti q\u00c3\u00ab b\u00c3\u00abn t\u00c3\u00ab drejt\u00c3\u00abn pa ja k\u00c3\u00abrkuar nj\u00c3\u00abri\" \/>\n<meta property=\"og:url\" content=\"https:\/\/www.visit-ulcinj.com\/blog\/2009\/03\/19\/dritani-gabimin-e-ka-moza\/\" \/>\n<meta property=\"og:site_name\" content=\"Lajme nga Ulqini\" \/>\n<meta property=\"article:published_time\" content=\"2009-03-19T12:18:39+00:00\" \/>\n<meta property=\"og:image\" content=\"http:\/\/www.visit-ulcinj.com\/blog\/wp-content\/uploads\/2009\/03\/tani-dhe-bika.jpg\" \/>\n<meta name=\"twitter:label1\" content=\"Written by\" \/>\n\t<meta name=\"twitter:data1\" content=\"ulqini\" \/>\n\t<meta name=\"twitter:label2\" content=\"Est. reading time\" \/>\n\t<meta name=\"twitter:data2\" content=\"1 minute\" \/>\n<script type=\"application\/ld+json\" class=\"yoast-schema-graph\">{\"@context\":\"https:\/\/schema.org\",\"@graph\":[{\"@type\":\"WebSite\",\"@id\":\"https:\/\/www.visit-ulcinj.com\/blog\/#website\",\"url\":\"https:\/\/www.visit-ulcinj.com\/blog\/\",\"name\":\"Lajme nga Ulqini\",\"description\":\"Lajme,Vijesti,Ulqini,Ulqin,Crna Gora,Mali i Zi\",\"potentialAction\":[{\"@type\":\"SearchAction\",\"target\":{\"@type\":\"EntryPoint\",\"urlTemplate\":\"https:\/\/www.visit-ulcinj.com\/blog\/?s={search_term_string}\"},\"query-input\":\"required name=search_term_string\"}],\"inLanguage\":\"en-US\"},{\"@type\":\"ImageObject\",\"inLanguage\":\"en-US\",\"@id\":\"https:\/\/www.visit-ulcinj.com\/blog\/2009\/03\/19\/dritani-gabimin-e-ka-moza\/#primaryimage\",\"url\":\"http:\/\/www.visit-ulcinj.com\/blog\/wp-content\/uploads\/2009\/03\/tani-dhe-bika.jpg\",\"contentUrl\":\"http:\/\/www.visit-ulcinj.com\/blog\/wp-content\/uploads\/2009\/03\/tani-dhe-bika.jpg\"},{\"@type\":\"WebPage\",\"@id\":\"https:\/\/www.visit-ulcinj.com\/blog\/2009\/03\/19\/dritani-gabimin-e-ka-moza\/#webpage\",\"url\":\"https:\/\/www.visit-ulcinj.com\/blog\/2009\/03\/19\/dritani-gabimin-e-ka-moza\/\",\"name\":\"Dritani: Gabimin e ka Moza | Big Brother Albania 2\",\"isPartOf\":{\"@id\":\"https:\/\/www.visit-ulcinj.com\/blog\/#website\"},\"primaryImageOfPage\":{\"@id\":\"https:\/\/www.visit-ulcinj.com\/blog\/2009\/03\/19\/dritani-gabimin-e-ka-moza\/#primaryimage\"},\"datePublished\":\"2009-03-19T12:18:39+00:00\",\"dateModified\":\"2009-03-19T12:18:39+00:00\",\"author\":{\"@id\":\"https:\/\/www.visit-ulcinj.com\/blog\/#\/schema\/person\/dcab619c614d3038751c63bc2aadc06d\"},\"description\":\"Big Brother Albania 2 - Republika diskuton me Dritanin p\u00c3\u00abr \u00e2\u20ac\u0153sinqeritetin\u00e2\u20ac\u009d e Adelajd\u00c3\u00abs. Ajo thot\u00c3\u00ab q\u00c3\u00ab e acaron fakti q\u00c3\u00ab b\u00c3\u00abn t\u00c3\u00ab drejt\u00c3\u00abn pa ja k\u00c3\u00abrkuar nj\u00c3\u00abri\",\"breadcrumb\":{\"@id\":\"https:\/\/www.visit-ulcinj.com\/blog\/2009\/03\/19\/dritani-gabimin-e-ka-moza\/#breadcrumb\"},\"inLanguage\":\"en-US\",\"potentialAction\":[{\"@type\":\"ReadAction\",\"target\":[\"https:\/\/www.visit-ulcinj.com\/blog\/2009\/03\/19\/dritani-gabimin-e-ka-moza\/\"]}]},{\"@type\":\"BreadcrumbList\",\"@id\":\"https:\/\/www.visit-ulcinj.com\/blog\/2009\/03\/19\/dritani-gabimin-e-ka-moza\/#breadcrumb\",\"itemListElement\":[{\"@type\":\"ListItem\",\"position\":1,\"name\":\"Dritani: Gabimin e ka Moza\"}]},{\"@type\":\"Person\",\"@id\":\"https:\/\/www.visit-ulcinj.com\/blog\/#\/schema\/person\/dcab619c614d3038751c63bc2aadc06d\",\"name\":\"ulqini\",\"sameAs\":[\"http:\/\/www.visit-ulcinj.com\"],\"url\":\"https:\/\/www.visit-ulcinj.com\/blog\/author\/admin\/\"}]}<\/script>\n<!-- \/ Yoast SEO plugin. -->","yoast_head_json":{"title":"Dritani: Gabimin e ka Moza | Big Brother Albania 2","description":"Big Brother Albania 2 - Republika diskuton me Dritanin p\u00c3\u00abr \u00e2\u20ac\u0153sinqeritetin\u00e2\u20ac\u009d e Adelajd\u00c3\u00abs. Ajo thot\u00c3\u00ab q\u00c3\u00ab e acaron fakti q\u00c3\u00ab b\u00c3\u00abn t\u00c3\u00ab drejt\u00c3\u00abn pa ja k\u00c3\u00abrkuar nj\u00c3\u00abri","robots":{"index":"index","follow":"follow","max-snippet":"max-snippet:-1","max-image-preview":"max-image-preview:large","max-video-preview":"max-video-preview:-1"},"canonical":"https:\/\/www.visit-ulcinj.com\/blog\/2009\/03\/19\/dritani-gabimin-e-ka-moza\/","og_locale":"en_US","og_type":"article","og_title":"Dritani: Gabimin e ka Moza | Big Brother Albania 2","og_description":"Big Brother Albania 2 - Republika diskuton me Dritanin p\u00c3\u00abr \u00e2\u20ac\u0153sinqeritetin\u00e2\u20ac\u009d e Adelajd\u00c3\u00abs. Ajo thot\u00c3\u00ab q\u00c3\u00ab e acaron fakti q\u00c3\u00ab b\u00c3\u00abn t\u00c3\u00ab drejt\u00c3\u00abn pa ja k\u00c3\u00abrkuar nj\u00c3\u00abri","og_url":"https:\/\/www.visit-ulcinj.com\/blog\/2009\/03\/19\/dritani-gabimin-e-ka-moza\/","og_site_name":"Lajme nga Ulqini","article_published_time":"2009-03-19T12:18:39+00:00","og_image":[{"url":"http:\/\/www.visit-ulcinj.com\/blog\/wp-content\/uploads\/2009\/03\/tani-dhe-bika.jpg"}],"twitter_misc":{"Written by":"ulqini","Est. reading time":"1 minute"},"schema":{"@context":"https:\/\/schema.org","@graph":[{"@type":"WebSite","@id":"https:\/\/www.visit-ulcinj.com\/blog\/#website","url":"https:\/\/www.visit-ulcinj.com\/blog\/","name":"Lajme nga Ulqini","description":"Lajme,Vijesti,Ulqini,Ulqin,Crna Gora,Mali i Zi","potentialAction":[{"@type":"SearchAction","target":{"@type":"EntryPoint","urlTemplate":"https:\/\/www.visit-ulcinj.com\/blog\/?s={search_term_string}"},"query-input":"required name=search_term_string"}],"inLanguage":"en-US"},{"@type":"ImageObject","inLanguage":"en-US","@id":"https:\/\/www.visit-ulcinj.com\/blog\/2009\/03\/19\/dritani-gabimin-e-ka-moza\/#primaryimage","url":"http:\/\/www.visit-ulcinj.com\/blog\/wp-content\/uploads\/2009\/03\/tani-dhe-bika.jpg","contentUrl":"http:\/\/www.visit-ulcinj.com\/blog\/wp-content\/uploads\/2009\/03\/tani-dhe-bika.jpg"},{"@type":"WebPage","@id":"https:\/\/www.visit-ulcinj.com\/blog\/2009\/03\/19\/dritani-gabimin-e-ka-moza\/#webpage","url":"https:\/\/www.visit-ulcinj.com\/blog\/2009\/03\/19\/dritani-gabimin-e-ka-moza\/","name":"Dritani: Gabimin e ka Moza | Big Brother Albania 2","isPartOf":{"@id":"https:\/\/www.visit-ulcinj.com\/blog\/#website"},"primaryImageOfPage":{"@id":"https:\/\/www.visit-ulcinj.com\/blog\/2009\/03\/19\/dritani-gabimin-e-ka-moza\/#primaryimage"},"datePublished":"2009-03-19T12:18:39+00:00","dateModified":"2009-03-19T12:18:39+00:00","author":{"@id":"https:\/\/www.visit-ulcinj.com\/blog\/#\/schema\/person\/dcab619c614d3038751c63bc2aadc06d"},"description":"Big Brother Albania 2 - Republika diskuton me Dritanin p\u00c3\u00abr \u00e2\u20ac\u0153sinqeritetin\u00e2\u20ac\u009d e Adelajd\u00c3\u00abs. Ajo thot\u00c3\u00ab q\u00c3\u00ab e acaron fakti q\u00c3\u00ab b\u00c3\u00abn t\u00c3\u00ab drejt\u00c3\u00abn pa ja k\u00c3\u00abrkuar nj\u00c3\u00abri","breadcrumb":{"@id":"https:\/\/www.visit-ulcinj.com\/blog\/2009\/03\/19\/dritani-gabimin-e-ka-moza\/#breadcrumb"},"inLanguage":"en-US","potentialAction":[{"@type":"ReadAction","target":["https:\/\/www.visit-ulcinj.com\/blog\/2009\/03\/19\/dritani-gabimin-e-ka-moza\/"]}]},{"@type":"BreadcrumbList","@id":"https:\/\/www.visit-ulcinj.com\/blog\/2009\/03\/19\/dritani-gabimin-e-ka-moza\/#breadcrumb","itemListElement":[{"@type":"ListItem","position":1,"name":"Dritani: Gabimin e ka Moza"}]},{"@type":"Person","@id":"https:\/\/www.visit-ulcinj.com\/blog\/#\/schema\/person\/dcab619c614d3038751c63bc2aadc06d","name":"ulqini","sameAs":["http:\/\/www.visit-ulcinj.com"],"url":"https:\/\/www.visit-ulcinj.com\/blog\/author\/admin\/"}]}},"jetpack_featured_media_url":"","jetpack_sharing_enabled":true,"jetpack_shortlink":"https:\/\/wp.me\/pe6lTn-3P0","_links":{"self":[{"href":"https:\/\/www.visit-ulcinj.com\/blog\/wp-json\/wp\/v2\/posts\/14694"}],"collection":[{"href":"https:\/\/www.visit-ulcinj.com\/blog\/wp-json\/wp\/v2\/posts"}],"about":[{"href":"https:\/\/www.visit-ulcinj.com\/blog\/wp-json\/wp\/v2\/types\/post"}],"author":[{"embeddable":true,"href":"https:\/\/www.visit-ulcinj.com\/blog\/wp-json\/wp\/v2\/users\/1"}],"replies":[{"embeddable":true,"href":"https:\/\/www.visit-ulcinj.com\/blog\/wp-json\/wp\/v2\/comments?post=14694"}],"version-history":[{"count":0,"href":"https:\/\/www.visit-ulcinj.com\/blog\/wp-json\/wp\/v2\/posts\/14694\/revisions"}],"wp:attachment":[{"href":"https:\/\/www.visit-ulcinj.com\/blog\/wp-json\/wp\/v2\/media?parent=14694"}],"wp:term":[{"taxonomy":"category","embeddable":true,"href":"https:\/\/www.visit-ulcinj.com\/blog\/wp-json\/wp\/v2\/categories?post=14694"},{"taxonomy":"post_tag","embeddable":true,"href":"https:\/\/www.visit-ulcinj.com\/blog\/wp-json\/wp\/v2\/tags?post=14694"}],"curies":[{"name":"wp","href":"https:\/\/api.w.org\/{rel}","templated":true}]}}