{"id":14709,"date":"2009-03-19T15:15:54","date_gmt":"2009-03-19T14:15:54","guid":{"rendered":"http:\/\/www.visit-ulcinj.com\/blog\/?p=14709"},"modified":"2009-03-19T15:15:54","modified_gmt":"2009-03-19T14:15:54","slug":"dy-femije-refugjate-nga-kosova-digjen-ne-barake","status":"publish","type":"post","link":"https:\/\/www.visit-ulcinj.com\/blog\/2009\/03\/19\/dy-femije-refugjate-nga-kosova-digjen-ne-barake\/","title":{"rendered":"Dy f\u00ebmij\u00eb, refugjat\u00eb nga Kosova, digjen n\u00eb barak\u00eb"},"content":{"rendered":"<div id=\"attachment_14710\" style=\"width: 310px\" class=\"wp-caption alignleft\"><a href=\"http:\/\/www.visit-ulcinj.com\/blog\/wp-content\/uploads\/2009\/03\/dy-femije-refugjate-nga-kosova-digjen-ne-barake.jpg\"><img aria-describedby=\"caption-attachment-14710\" loading=\"lazy\" class=\"size-full wp-image-14710\" title=\"dy-femije-refugjate-nga-kosova-digjen-ne-barake\" src=\"http:\/\/www.visit-ulcinj.com\/blog\/wp-content\/uploads\/2009\/03\/dy-femije-refugjate-nga-kosova-digjen-ne-barake.jpg\" alt=\"dy-femije-refugjate-nga-kosova-digjen-ne-barake\" width=\"300\" height=\"190\" \/><\/a><p id=\"caption-attachment-14710\" class=\"wp-caption-text\">Foto: Pobjeda<\/p><\/div>\n<p><strong>Policia e Podgoric\u00ebs konfirmoi t\u00eb enjten se n\u00eb or\u00ebt e vona t\u00eb nat\u00ebs s\u00eb kaluar, motrat Lindit<\/strong><strong><\/strong><strong>a (10) dhe Vaida Osmani (5) kan\u00eb humbur jet\u00ebn n\u00eb flak\u00ebt e zjarrit q\u00eb ka shp\u00ebrthyer n\u00eb barak\u00ebn ku jetonin n\u00eb lagjen e rom\u00ebve \u201cVrella\u201d t\u00eb kryeqytetit t\u00eb Malit t\u00eb Z<\/strong><strong><\/strong><strong>i.<\/strong><\/p>\n<div id=\"attachment_14711\" style=\"width: 300px\" class=\"wp-caption alignright\"><a href=\"http:\/\/www.visit-ulcinj.com\/blog\/wp-content\/uploads\/2009\/03\/tragedija-na-vrelima-ribnickim.jpg\"><img aria-describedby=\"caption-attachment-14711\" loading=\"lazy\" class=\"size-full wp-image-14711\" title=\"tragedija-na-vrelima-ribnickim\" src=\"http:\/\/www.visit-ulcinj.com\/blog\/wp-content\/uploads\/2009\/03\/tragedija-na-vrelima-ribnickim.jpg\" alt=\"tragedija-na-vrelima-ribnickim\" width=\"290\" height=\"190\" \/><\/a><p id=\"caption-attachment-14711\" class=\"wp-caption-text\">Foto: Vijesti<\/p><\/div>\n<p>Fqinj\u00ebt dhe kush\u00ebrinjt\u00eb e tyre kan\u00eb arritur t\u00eb shp\u00ebtojn\u00eb banuesit tjer\u00eb n\u00eb barak\u00eb, Leunit\u00ebn (14), Anit\u00ebn (8) dhe Leunor\u00ebn (12), si dhe gjyshin Avdiun (60) me bashk\u00ebshorten e tij, Gjyz\u00ebn.<\/p>\n<p>Lindita dhe Vaida kan\u00eb qen\u00eb jetime. Ato i ka rritur e \u00ebma q\u00eb ka vdekur para tre vjet\u00ebsh. P\u00ebrkujdesjen e tyre e ka marr\u00eb gjyshi. Kjo nuk \u00ebsht\u00eb hera e par\u00eb q\u00eb n\u00eb k\u00ebt\u00eb lagje t\u00eb rom\u00ebve n\u00eb Podgoric\u00eb, refugjat\u00eb nga Kosova, ndodhin tragjedi t\u00eb k\u00ebsaj natyre.<em> <\/em><\/p>\n<p><strong><em>KosovaLive<\/em><\/strong><\/p>\n","protected":false},"excerpt":{"rendered":"<p>Policia e Podgoric\u00ebs konfirmoi t\u00eb enjten se n\u00eb or\u00ebt e vona t\u00eb nat\u00ebs s\u00eb kaluar, motrat Lindita (10) dhe Vaida Osmani (5) kan\u00eb humbur jet\u00ebn n\u00eb flak\u00ebt e zjarrit q\u00eb ka shp\u00ebrthyer n\u00eb barak\u00ebn ku jetonin n\u00eb lagjen e rom\u00ebve \u201cVrella\u201d t\u00eb kryeqytetit t\u00eb Malit t\u00eb Zi. Fqinj\u00ebt dhe kush\u00ebrinjt\u00eb e tyre kan\u00eb arritur t\u00eb [&hellip;]<\/p>\n","protected":false},"author":1,"featured_media":0,"comment_status":"open","ping_status":"closed","sticky":false,"template":"","format":"standard","meta":{"spay_email":"","jetpack_publicize_message":"","jetpack_is_tweetstorm":false,"jetpack_publicize_feature_enabled":true},"categories":[12],"tags":[8137,8139,8140,8136,8135,8142,8134,8141,8138],"jetpack_publicize_connections":[],"yoast_head":"<!-- This site is optimized with the Yoast SEO plugin v19.1 - https:\/\/yoast.com\/wordpress\/plugins\/seo\/ -->\n<title>Dy f\u00ebmij\u00eb, refugjat\u00eb nga Kosova, digjen n\u00eb barak\u00eb - Lajme nga Ulqini<\/title>\n<meta name=\"description\" content=\"Policia e Podgoric\u00ebs konfirmoi t\u00eb enjten se n\u00eb or\u00ebt e vona t\u00eb nat\u00ebs s\u00eb kaluar, motrat Lindita (10) dhe Vaida Osmani (5) kan\u00eb humbur jet\u00ebn n\u00eb flak\u00ebt e\" \/>\n<meta name=\"robots\" content=\"index, follow, max-snippet:-1, max-image-preview:large, max-video-preview:-1\" \/>\n<link rel=\"canonical\" href=\"https:\/\/www.visit-ulcinj.com\/blog\/2009\/03\/19\/dy-femije-refugjate-nga-kosova-digjen-ne-barake\/\" \/>\n<meta property=\"og:locale\" content=\"en_US\" \/>\n<meta property=\"og:type\" content=\"article\" \/>\n<meta property=\"og:title\" content=\"Dy f\u00ebmij\u00eb, refugjat\u00eb nga Kosova, digjen n\u00eb barak\u00eb - Lajme nga Ulqini\" \/>\n<meta property=\"og:description\" content=\"Policia e Podgoric\u00ebs konfirmoi t\u00eb enjten se n\u00eb or\u00ebt e vona t\u00eb nat\u00ebs s\u00eb kaluar, motrat Lindita (10) dhe Vaida Osmani (5) kan\u00eb humbur jet\u00ebn n\u00eb flak\u00ebt e\" \/>\n<meta property=\"og:url\" content=\"https:\/\/www.visit-ulcinj.com\/blog\/2009\/03\/19\/dy-femije-refugjate-nga-kosova-digjen-ne-barake\/\" \/>\n<meta property=\"og:site_name\" content=\"Lajme nga Ulqini\" \/>\n<meta property=\"article:published_time\" content=\"2009-03-19T14:15:54+00:00\" \/>\n<meta property=\"og:image\" content=\"http:\/\/www.visit-ulcinj.com\/blog\/wp-content\/uploads\/2009\/03\/dy-femije-refugjate-nga-kosova-digjen-ne-barake.jpg\" \/>\n<meta name=\"twitter:label1\" content=\"Written by\" \/>\n\t<meta name=\"twitter:data1\" content=\"ulqini\" \/>\n\t<meta name=\"twitter:label2\" content=\"Est. reading time\" \/>\n\t<meta name=\"twitter:data2\" content=\"1 minute\" \/>\n<script type=\"application\/ld+json\" class=\"yoast-schema-graph\">{\"@context\":\"https:\/\/schema.org\",\"@graph\":[{\"@type\":\"WebSite\",\"@id\":\"https:\/\/www.visit-ulcinj.com\/blog\/#website\",\"url\":\"https:\/\/www.visit-ulcinj.com\/blog\/\",\"name\":\"Lajme nga Ulqini\",\"description\":\"Lajme,Vijesti,Ulqini,Ulqin,Crna Gora,Mali i Zi\",\"potentialAction\":[{\"@type\":\"SearchAction\",\"target\":{\"@type\":\"EntryPoint\",\"urlTemplate\":\"https:\/\/www.visit-ulcinj.com\/blog\/?s={search_term_string}\"},\"query-input\":\"required name=search_term_string\"}],\"inLanguage\":\"en-US\"},{\"@type\":\"ImageObject\",\"inLanguage\":\"en-US\",\"@id\":\"https:\/\/www.visit-ulcinj.com\/blog\/2009\/03\/19\/dy-femije-refugjate-nga-kosova-digjen-ne-barake\/#primaryimage\",\"url\":\"https:\/\/www.visit-ulcinj.com\/blog\/wp-content\/uploads\/2009\/03\/dy-femije-refugjate-nga-kosova-digjen-ne-barake.jpg\",\"contentUrl\":\"https:\/\/www.visit-ulcinj.com\/blog\/wp-content\/uploads\/2009\/03\/dy-femije-refugjate-nga-kosova-digjen-ne-barake.jpg\",\"width\":\"300\",\"height\":\"190\"},{\"@type\":\"WebPage\",\"@id\":\"https:\/\/www.visit-ulcinj.com\/blog\/2009\/03\/19\/dy-femije-refugjate-nga-kosova-digjen-ne-barake\/#webpage\",\"url\":\"https:\/\/www.visit-ulcinj.com\/blog\/2009\/03\/19\/dy-femije-refugjate-nga-kosova-digjen-ne-barake\/\",\"name\":\"Dy f\u00ebmij\u00eb, refugjat\u00eb nga Kosova, digjen n\u00eb barak\u00eb - Lajme nga Ulqini\",\"isPartOf\":{\"@id\":\"https:\/\/www.visit-ulcinj.com\/blog\/#website\"},\"primaryImageOfPage\":{\"@id\":\"https:\/\/www.visit-ulcinj.com\/blog\/2009\/03\/19\/dy-femije-refugjate-nga-kosova-digjen-ne-barake\/#primaryimage\"},\"datePublished\":\"2009-03-19T14:15:54+00:00\",\"dateModified\":\"2009-03-19T14:15:54+00:00\",\"author\":{\"@id\":\"https:\/\/www.visit-ulcinj.com\/blog\/#\/schema\/person\/dcab619c614d3038751c63bc2aadc06d\"},\"description\":\"Policia e Podgoric\u00ebs konfirmoi t\u00eb enjten se n\u00eb or\u00ebt e vona t\u00eb nat\u00ebs s\u00eb kaluar, motrat Lindita (10) dhe Vaida Osmani (5) kan\u00eb humbur jet\u00ebn n\u00eb flak\u00ebt e\",\"breadcrumb\":{\"@id\":\"https:\/\/www.visit-ulcinj.com\/blog\/2009\/03\/19\/dy-femije-refugjate-nga-kosova-digjen-ne-barake\/#breadcrumb\"},\"inLanguage\":\"en-US\",\"potentialAction\":[{\"@type\":\"ReadAction\",\"target\":[\"https:\/\/www.visit-ulcinj.com\/blog\/2009\/03\/19\/dy-femije-refugjate-nga-kosova-digjen-ne-barake\/\"]}]},{\"@type\":\"BreadcrumbList\",\"@id\":\"https:\/\/www.visit-ulcinj.com\/blog\/2009\/03\/19\/dy-femije-refugjate-nga-kosova-digjen-ne-barake\/#breadcrumb\",\"itemListElement\":[{\"@type\":\"ListItem\",\"position\":1,\"name\":\"Dy f\u00ebmij\u00eb, refugjat\u00eb nga Kosova, digjen n\u00eb barak\u00eb\"}]},{\"@type\":\"Person\",\"@id\":\"https:\/\/www.visit-ulcinj.com\/blog\/#\/schema\/person\/dcab619c614d3038751c63bc2aadc06d\",\"name\":\"ulqini\",\"sameAs\":[\"http:\/\/www.visit-ulcinj.com\"],\"url\":\"https:\/\/www.visit-ulcinj.com\/blog\/author\/admin\/\"}]}<\/script>\n<!-- \/ Yoast SEO plugin. -->","yoast_head_json":{"title":"Dy f\u00ebmij\u00eb, refugjat\u00eb nga Kosova, digjen n\u00eb barak\u00eb - Lajme nga Ulqini","description":"Policia e Podgoric\u00ebs konfirmoi t\u00eb enjten se n\u00eb or\u00ebt e vona t\u00eb nat\u00ebs s\u00eb kaluar, motrat Lindita (10) dhe Vaida Osmani (5) kan\u00eb humbur jet\u00ebn n\u00eb flak\u00ebt e","robots":{"index":"index","follow":"follow","max-snippet":"max-snippet:-1","max-image-preview":"max-image-preview:large","max-video-preview":"max-video-preview:-1"},"canonical":"https:\/\/www.visit-ulcinj.com\/blog\/2009\/03\/19\/dy-femije-refugjate-nga-kosova-digjen-ne-barake\/","og_locale":"en_US","og_type":"article","og_title":"Dy f\u00ebmij\u00eb, refugjat\u00eb nga Kosova, digjen n\u00eb barak\u00eb - Lajme nga Ulqini","og_description":"Policia e Podgoric\u00ebs konfirmoi t\u00eb enjten se n\u00eb or\u00ebt e vona t\u00eb nat\u00ebs s\u00eb kaluar, motrat Lindita (10) dhe Vaida Osmani (5) kan\u00eb humbur jet\u00ebn n\u00eb flak\u00ebt e","og_url":"https:\/\/www.visit-ulcinj.com\/blog\/2009\/03\/19\/dy-femije-refugjate-nga-kosova-digjen-ne-barake\/","og_site_name":"Lajme nga Ulqini","article_published_time":"2009-03-19T14:15:54+00:00","og_image":[{"url":"http:\/\/www.visit-ulcinj.com\/blog\/wp-content\/uploads\/2009\/03\/dy-femije-refugjate-nga-kosova-digjen-ne-barake.jpg"}],"twitter_misc":{"Written by":"ulqini","Est. reading time":"1 minute"},"schema":{"@context":"https:\/\/schema.org","@graph":[{"@type":"WebSite","@id":"https:\/\/www.visit-ulcinj.com\/blog\/#website","url":"https:\/\/www.visit-ulcinj.com\/blog\/","name":"Lajme nga Ulqini","description":"Lajme,Vijesti,Ulqini,Ulqin,Crna Gora,Mali i Zi","potentialAction":[{"@type":"SearchAction","target":{"@type":"EntryPoint","urlTemplate":"https:\/\/www.visit-ulcinj.com\/blog\/?s={search_term_string}"},"query-input":"required name=search_term_string"}],"inLanguage":"en-US"},{"@type":"ImageObject","inLanguage":"en-US","@id":"https:\/\/www.visit-ulcinj.com\/blog\/2009\/03\/19\/dy-femije-refugjate-nga-kosova-digjen-ne-barake\/#primaryimage","url":"https:\/\/www.visit-ulcinj.com\/blog\/wp-content\/uploads\/2009\/03\/dy-femije-refugjate-nga-kosova-digjen-ne-barake.jpg","contentUrl":"https:\/\/www.visit-ulcinj.com\/blog\/wp-content\/uploads\/2009\/03\/dy-femije-refugjate-nga-kosova-digjen-ne-barake.jpg","width":"300","height":"190"},{"@type":"WebPage","@id":"https:\/\/www.visit-ulcinj.com\/blog\/2009\/03\/19\/dy-femije-refugjate-nga-kosova-digjen-ne-barake\/#webpage","url":"https:\/\/www.visit-ulcinj.com\/blog\/2009\/03\/19\/dy-femije-refugjate-nga-kosova-digjen-ne-barake\/","name":"Dy f\u00ebmij\u00eb, refugjat\u00eb nga Kosova, digjen n\u00eb barak\u00eb - Lajme nga Ulqini","isPartOf":{"@id":"https:\/\/www.visit-ulcinj.com\/blog\/#website"},"primaryImageOfPage":{"@id":"https:\/\/www.visit-ulcinj.com\/blog\/2009\/03\/19\/dy-femije-refugjate-nga-kosova-digjen-ne-barake\/#primaryimage"},"datePublished":"2009-03-19T14:15:54+00:00","dateModified":"2009-03-19T14:15:54+00:00","author":{"@id":"https:\/\/www.visit-ulcinj.com\/blog\/#\/schema\/person\/dcab619c614d3038751c63bc2aadc06d"},"description":"Policia e Podgoric\u00ebs konfirmoi t\u00eb enjten se n\u00eb or\u00ebt e vona t\u00eb nat\u00ebs s\u00eb kaluar, motrat Lindita (10) dhe Vaida Osmani (5) kan\u00eb humbur jet\u00ebn n\u00eb flak\u00ebt e","breadcrumb":{"@id":"https:\/\/www.visit-ulcinj.com\/blog\/2009\/03\/19\/dy-femije-refugjate-nga-kosova-digjen-ne-barake\/#breadcrumb"},"inLanguage":"en-US","potentialAction":[{"@type":"ReadAction","target":["https:\/\/www.visit-ulcinj.com\/blog\/2009\/03\/19\/dy-femije-refugjate-nga-kosova-digjen-ne-barake\/"]}]},{"@type":"BreadcrumbList","@id":"https:\/\/www.visit-ulcinj.com\/blog\/2009\/03\/19\/dy-femije-refugjate-nga-kosova-digjen-ne-barake\/#breadcrumb","itemListElement":[{"@type":"ListItem","position":1,"name":"Dy f\u00ebmij\u00eb, refugjat\u00eb nga Kosova, digjen n\u00eb barak\u00eb"}]},{"@type":"Person","@id":"https:\/\/www.visit-ulcinj.com\/blog\/#\/schema\/person\/dcab619c614d3038751c63bc2aadc06d","name":"ulqini","sameAs":["http:\/\/www.visit-ulcinj.com"],"url":"https:\/\/www.visit-ulcinj.com\/blog\/author\/admin\/"}]}},"jetpack_featured_media_url":"","jetpack_sharing_enabled":true,"jetpack_shortlink":"https:\/\/wp.me\/pe6lTn-3Pf","_links":{"self":[{"href":"https:\/\/www.visit-ulcinj.com\/blog\/wp-json\/wp\/v2\/posts\/14709"}],"collection":[{"href":"https:\/\/www.visit-ulcinj.com\/blog\/wp-json\/wp\/v2\/posts"}],"about":[{"href":"https:\/\/www.visit-ulcinj.com\/blog\/wp-json\/wp\/v2\/types\/post"}],"author":[{"embeddable":true,"href":"https:\/\/www.visit-ulcinj.com\/blog\/wp-json\/wp\/v2\/users\/1"}],"replies":[{"embeddable":true,"href":"https:\/\/www.visit-ulcinj.com\/blog\/wp-json\/wp\/v2\/comments?post=14709"}],"version-history":[{"count":0,"href":"https:\/\/www.visit-ulcinj.com\/blog\/wp-json\/wp\/v2\/posts\/14709\/revisions"}],"wp:attachment":[{"href":"https:\/\/www.visit-ulcinj.com\/blog\/wp-json\/wp\/v2\/media?parent=14709"}],"wp:term":[{"taxonomy":"category","embeddable":true,"href":"https:\/\/www.visit-ulcinj.com\/blog\/wp-json\/wp\/v2\/categories?post=14709"},{"taxonomy":"post_tag","embeddable":true,"href":"https:\/\/www.visit-ulcinj.com\/blog\/wp-json\/wp\/v2\/tags?post=14709"}],"curies":[{"name":"wp","href":"https:\/\/api.w.org\/{rel}","templated":true}]}}