{"id":14721,"date":"2009-03-19T15:31:03","date_gmt":"2009-03-19T14:31:03","guid":{"rendered":"http:\/\/www.visit-ulcinj.com\/blog\/?p=14721"},"modified":"2009-03-19T15:31:03","modified_gmt":"2009-03-19T14:31:03","slug":"komandanti-dritani-denon-djemte","status":"publish","type":"post","link":"https:\/\/www.visit-ulcinj.com\/blog\/2009\/03\/19\/komandanti-dritani-denon-djemte\/","title":{"rendered":"Komandanti Dritani : d\u00ebnon djemt\u00eb"},"content":{"rendered":"<p><em><span class=\"newsdate\"><span style=\"font-style: normal;\"><a href=\"http:\/\/www.visit-ulcinj.com\/blog\/wp-content\/uploads\/2009\/03\/djemte-bejne-pompa-copy.jpg\"><img loading=\"lazy\" class=\"alignleft size-full wp-image-14722\" title=\"djemte-bejne-pompa-big-brother-albania-2\" src=\"http:\/\/www.visit-ulcinj.com\/blog\/wp-content\/uploads\/2009\/03\/djemte-bejne-pompa-copy.jpg\" alt=\"djemte-bejne-pompa-big-brother-albania-2\" width=\"300\" height=\"205\" \/><\/a><\/span>17\/03\/09 08:15<\/span><\/em><\/p>\n<p>Komandant Dritani duke b\u00ebr\u00eb kontrollin e dhom\u00ebs s\u00eb djemve, ka v\u00ebn\u00eb re se ata nuk i kishin rregulluar ato si\u00e7 duhej. Gjat\u00eb k\u00ebtij inspektimi, Adi e ka prezantuar rregullimin e krevatit t\u00eb vet si model spanjoll. Dritani u ka t\u00ebrhequr v\u00ebrejtjen djemve p\u00ebr krevatin bosh t\u00eb l\u00ebn\u00eb rr\u00ebmuj\u00eb, gj\u00eb p\u00ebr t\u00eb cil\u00ebn Adi ka th\u00ebn\u00eb se i p\u00ebrkiste nj\u00eb ushtari q\u00eb u plagos dje dhe tani ishte n\u00eb spitalin ushtarak ku po mjekohej p\u00ebr t\u00ebrheqje zorr\u00ebsh. Fjal\u00ebt e tij i kan\u00eb b\u00ebr\u00eb djemt\u00eb dhe Dritanin t\u00eb qeshin me t\u00eb madhe. Si d\u00ebnim p\u00ebr rr\u00ebmuj\u00ebn n\u00eb dhom\u00eb, ai i ka d\u00ebnuar djemt\u00eb t\u00eb b\u00ebjn\u00eb pompa.<\/p>\n","protected":false},"excerpt":{"rendered":"<p>17\/03\/09 08:15 Komandant Dritani duke b\u00ebr\u00eb kontrollin e dhom\u00ebs s\u00eb djemve, ka v\u00ebn\u00eb re se ata nuk i kishin rregulluar ato si\u00e7 duhej. Gjat\u00eb k\u00ebtij inspektimi, Adi e ka prezantuar rregullimin e krevatit t\u00eb vet si model spanjoll. Dritani u ka t\u00ebrhequr v\u00ebrejtjen djemve p\u00ebr krevatin bosh t\u00eb l\u00ebn\u00eb rr\u00ebmuj\u00eb, gj\u00eb p\u00ebr t\u00eb cil\u00ebn Adi [&hellip;]<\/p>\n","protected":false},"author":1,"featured_media":0,"comment_status":"open","ping_status":"closed","sticky":false,"template":"","format":"standard","meta":{"spay_email":"","jetpack_publicize_message":"","jetpack_is_tweetstorm":false,"jetpack_publicize_feature_enabled":true},"categories":[6502],"tags":[6883,6516,6712,8143,6521,8144,6891],"jetpack_publicize_connections":[],"yoast_head":"<!-- This site is optimized with the Yoast SEO plugin v19.1 - https:\/\/yoast.com\/wordpress\/plugins\/seo\/ -->\n<title>Komandanti Dritani : d\u00c3\u00abnon djemt\u00c3\u00ab | Big Brother Albania 2<\/title>\n<meta name=\"description\" content=\"Big Brother Albania 2 - Komandant Dritani duke b\u00c3\u00abr\u00c3\u00ab kontrollin e dhom\u00c3\u00abs s\u00c3\u00ab djemve, ka v\u00c3\u00abn\u00c3\u00ab re se ata nuk i kishin rregulluar ato si\u00c3\u00a7 duhej.\" \/>\n<meta name=\"robots\" content=\"index, follow, max-snippet:-1, max-image-preview:large, max-video-preview:-1\" \/>\n<link rel=\"canonical\" href=\"https:\/\/www.visit-ulcinj.com\/blog\/2009\/03\/19\/komandanti-dritani-denon-djemte\/\" \/>\n<meta property=\"og:locale\" content=\"en_US\" \/>\n<meta property=\"og:type\" content=\"article\" \/>\n<meta property=\"og:title\" content=\"Komandanti Dritani : d\u00c3\u00abnon djemt\u00c3\u00ab | Big Brother Albania 2\" \/>\n<meta property=\"og:description\" content=\"Big Brother Albania 2 - Komandant Dritani duke b\u00c3\u00abr\u00c3\u00ab kontrollin e dhom\u00c3\u00abs s\u00c3\u00ab djemve, ka v\u00c3\u00abn\u00c3\u00ab re se ata nuk i kishin rregulluar ato si\u00c3\u00a7 duhej.\" \/>\n<meta property=\"og:url\" content=\"https:\/\/www.visit-ulcinj.com\/blog\/2009\/03\/19\/komandanti-dritani-denon-djemte\/\" \/>\n<meta property=\"og:site_name\" content=\"Lajme nga Ulqini\" \/>\n<meta property=\"article:published_time\" content=\"2009-03-19T14:31:03+00:00\" \/>\n<meta property=\"og:image\" content=\"http:\/\/www.visit-ulcinj.com\/blog\/wp-content\/uploads\/2009\/03\/djemte-bejne-pompa-copy.jpg\" \/>\n<meta name=\"twitter:label1\" content=\"Written by\" \/>\n\t<meta name=\"twitter:data1\" content=\"ulqini\" \/>\n\t<meta name=\"twitter:label2\" content=\"Est. reading time\" \/>\n\t<meta name=\"twitter:data2\" content=\"1 minute\" \/>\n<script type=\"application\/ld+json\" class=\"yoast-schema-graph\">{\"@context\":\"https:\/\/schema.org\",\"@graph\":[{\"@type\":\"WebSite\",\"@id\":\"https:\/\/www.visit-ulcinj.com\/blog\/#website\",\"url\":\"https:\/\/www.visit-ulcinj.com\/blog\/\",\"name\":\"Lajme nga Ulqini\",\"description\":\"Lajme,Vijesti,Ulqini,Ulqin,Crna Gora,Mali i Zi\",\"potentialAction\":[{\"@type\":\"SearchAction\",\"target\":{\"@type\":\"EntryPoint\",\"urlTemplate\":\"https:\/\/www.visit-ulcinj.com\/blog\/?s={search_term_string}\"},\"query-input\":\"required name=search_term_string\"}],\"inLanguage\":\"en-US\"},{\"@type\":\"ImageObject\",\"inLanguage\":\"en-US\",\"@id\":\"https:\/\/www.visit-ulcinj.com\/blog\/2009\/03\/19\/komandanti-dritani-denon-djemte\/#primaryimage\",\"url\":\"http:\/\/www.visit-ulcinj.com\/blog\/wp-content\/uploads\/2009\/03\/djemte-bejne-pompa-copy.jpg\",\"contentUrl\":\"http:\/\/www.visit-ulcinj.com\/blog\/wp-content\/uploads\/2009\/03\/djemte-bejne-pompa-copy.jpg\"},{\"@type\":\"WebPage\",\"@id\":\"https:\/\/www.visit-ulcinj.com\/blog\/2009\/03\/19\/komandanti-dritani-denon-djemte\/#webpage\",\"url\":\"https:\/\/www.visit-ulcinj.com\/blog\/2009\/03\/19\/komandanti-dritani-denon-djemte\/\",\"name\":\"Komandanti Dritani : d\u00c3\u00abnon djemt\u00c3\u00ab | Big Brother Albania 2\",\"isPartOf\":{\"@id\":\"https:\/\/www.visit-ulcinj.com\/blog\/#website\"},\"primaryImageOfPage\":{\"@id\":\"https:\/\/www.visit-ulcinj.com\/blog\/2009\/03\/19\/komandanti-dritani-denon-djemte\/#primaryimage\"},\"datePublished\":\"2009-03-19T14:31:03+00:00\",\"dateModified\":\"2009-03-19T14:31:03+00:00\",\"author\":{\"@id\":\"https:\/\/www.visit-ulcinj.com\/blog\/#\/schema\/person\/dcab619c614d3038751c63bc2aadc06d\"},\"description\":\"Big Brother Albania 2 - Komandant Dritani duke b\u00c3\u00abr\u00c3\u00ab kontrollin e dhom\u00c3\u00abs s\u00c3\u00ab djemve, ka v\u00c3\u00abn\u00c3\u00ab re se ata nuk i kishin rregulluar ato si\u00c3\u00a7 duhej.\",\"breadcrumb\":{\"@id\":\"https:\/\/www.visit-ulcinj.com\/blog\/2009\/03\/19\/komandanti-dritani-denon-djemte\/#breadcrumb\"},\"inLanguage\":\"en-US\",\"potentialAction\":[{\"@type\":\"ReadAction\",\"target\":[\"https:\/\/www.visit-ulcinj.com\/blog\/2009\/03\/19\/komandanti-dritani-denon-djemte\/\"]}]},{\"@type\":\"BreadcrumbList\",\"@id\":\"https:\/\/www.visit-ulcinj.com\/blog\/2009\/03\/19\/komandanti-dritani-denon-djemte\/#breadcrumb\",\"itemListElement\":[{\"@type\":\"ListItem\",\"position\":1,\"name\":\"Komandanti Dritani : d\u00ebnon djemt\u00eb\"}]},{\"@type\":\"Person\",\"@id\":\"https:\/\/www.visit-ulcinj.com\/blog\/#\/schema\/person\/dcab619c614d3038751c63bc2aadc06d\",\"name\":\"ulqini\",\"sameAs\":[\"http:\/\/www.visit-ulcinj.com\"],\"url\":\"https:\/\/www.visit-ulcinj.com\/blog\/author\/admin\/\"}]}<\/script>\n<!-- \/ Yoast SEO plugin. -->","yoast_head_json":{"title":"Komandanti Dritani : d\u00c3\u00abnon djemt\u00c3\u00ab | Big Brother Albania 2","description":"Big Brother Albania 2 - Komandant Dritani duke b\u00c3\u00abr\u00c3\u00ab kontrollin e dhom\u00c3\u00abs s\u00c3\u00ab djemve, ka v\u00c3\u00abn\u00c3\u00ab re se ata nuk i kishin rregulluar ato si\u00c3\u00a7 duhej.","robots":{"index":"index","follow":"follow","max-snippet":"max-snippet:-1","max-image-preview":"max-image-preview:large","max-video-preview":"max-video-preview:-1"},"canonical":"https:\/\/www.visit-ulcinj.com\/blog\/2009\/03\/19\/komandanti-dritani-denon-djemte\/","og_locale":"en_US","og_type":"article","og_title":"Komandanti Dritani : d\u00c3\u00abnon djemt\u00c3\u00ab | Big Brother Albania 2","og_description":"Big Brother Albania 2 - Komandant Dritani duke b\u00c3\u00abr\u00c3\u00ab kontrollin e dhom\u00c3\u00abs s\u00c3\u00ab djemve, ka v\u00c3\u00abn\u00c3\u00ab re se ata nuk i kishin rregulluar ato si\u00c3\u00a7 duhej.","og_url":"https:\/\/www.visit-ulcinj.com\/blog\/2009\/03\/19\/komandanti-dritani-denon-djemte\/","og_site_name":"Lajme nga Ulqini","article_published_time":"2009-03-19T14:31:03+00:00","og_image":[{"url":"http:\/\/www.visit-ulcinj.com\/blog\/wp-content\/uploads\/2009\/03\/djemte-bejne-pompa-copy.jpg"}],"twitter_misc":{"Written by":"ulqini","Est. reading time":"1 minute"},"schema":{"@context":"https:\/\/schema.org","@graph":[{"@type":"WebSite","@id":"https:\/\/www.visit-ulcinj.com\/blog\/#website","url":"https:\/\/www.visit-ulcinj.com\/blog\/","name":"Lajme nga Ulqini","description":"Lajme,Vijesti,Ulqini,Ulqin,Crna Gora,Mali i Zi","potentialAction":[{"@type":"SearchAction","target":{"@type":"EntryPoint","urlTemplate":"https:\/\/www.visit-ulcinj.com\/blog\/?s={search_term_string}"},"query-input":"required name=search_term_string"}],"inLanguage":"en-US"},{"@type":"ImageObject","inLanguage":"en-US","@id":"https:\/\/www.visit-ulcinj.com\/blog\/2009\/03\/19\/komandanti-dritani-denon-djemte\/#primaryimage","url":"http:\/\/www.visit-ulcinj.com\/blog\/wp-content\/uploads\/2009\/03\/djemte-bejne-pompa-copy.jpg","contentUrl":"http:\/\/www.visit-ulcinj.com\/blog\/wp-content\/uploads\/2009\/03\/djemte-bejne-pompa-copy.jpg"},{"@type":"WebPage","@id":"https:\/\/www.visit-ulcinj.com\/blog\/2009\/03\/19\/komandanti-dritani-denon-djemte\/#webpage","url":"https:\/\/www.visit-ulcinj.com\/blog\/2009\/03\/19\/komandanti-dritani-denon-djemte\/","name":"Komandanti Dritani : d\u00c3\u00abnon djemt\u00c3\u00ab | Big Brother Albania 2","isPartOf":{"@id":"https:\/\/www.visit-ulcinj.com\/blog\/#website"},"primaryImageOfPage":{"@id":"https:\/\/www.visit-ulcinj.com\/blog\/2009\/03\/19\/komandanti-dritani-denon-djemte\/#primaryimage"},"datePublished":"2009-03-19T14:31:03+00:00","dateModified":"2009-03-19T14:31:03+00:00","author":{"@id":"https:\/\/www.visit-ulcinj.com\/blog\/#\/schema\/person\/dcab619c614d3038751c63bc2aadc06d"},"description":"Big Brother Albania 2 - Komandant Dritani duke b\u00c3\u00abr\u00c3\u00ab kontrollin e dhom\u00c3\u00abs s\u00c3\u00ab djemve, ka v\u00c3\u00abn\u00c3\u00ab re se ata nuk i kishin rregulluar ato si\u00c3\u00a7 duhej.","breadcrumb":{"@id":"https:\/\/www.visit-ulcinj.com\/blog\/2009\/03\/19\/komandanti-dritani-denon-djemte\/#breadcrumb"},"inLanguage":"en-US","potentialAction":[{"@type":"ReadAction","target":["https:\/\/www.visit-ulcinj.com\/blog\/2009\/03\/19\/komandanti-dritani-denon-djemte\/"]}]},{"@type":"BreadcrumbList","@id":"https:\/\/www.visit-ulcinj.com\/blog\/2009\/03\/19\/komandanti-dritani-denon-djemte\/#breadcrumb","itemListElement":[{"@type":"ListItem","position":1,"name":"Komandanti Dritani : d\u00ebnon djemt\u00eb"}]},{"@type":"Person","@id":"https:\/\/www.visit-ulcinj.com\/blog\/#\/schema\/person\/dcab619c614d3038751c63bc2aadc06d","name":"ulqini","sameAs":["http:\/\/www.visit-ulcinj.com"],"url":"https:\/\/www.visit-ulcinj.com\/blog\/author\/admin\/"}]}},"jetpack_featured_media_url":"","jetpack_sharing_enabled":true,"jetpack_shortlink":"https:\/\/wp.me\/pe6lTn-3Pr","_links":{"self":[{"href":"https:\/\/www.visit-ulcinj.com\/blog\/wp-json\/wp\/v2\/posts\/14721"}],"collection":[{"href":"https:\/\/www.visit-ulcinj.com\/blog\/wp-json\/wp\/v2\/posts"}],"about":[{"href":"https:\/\/www.visit-ulcinj.com\/blog\/wp-json\/wp\/v2\/types\/post"}],"author":[{"embeddable":true,"href":"https:\/\/www.visit-ulcinj.com\/blog\/wp-json\/wp\/v2\/users\/1"}],"replies":[{"embeddable":true,"href":"https:\/\/www.visit-ulcinj.com\/blog\/wp-json\/wp\/v2\/comments?post=14721"}],"version-history":[{"count":0,"href":"https:\/\/www.visit-ulcinj.com\/blog\/wp-json\/wp\/v2\/posts\/14721\/revisions"}],"wp:attachment":[{"href":"https:\/\/www.visit-ulcinj.com\/blog\/wp-json\/wp\/v2\/media?parent=14721"}],"wp:term":[{"taxonomy":"category","embeddable":true,"href":"https:\/\/www.visit-ulcinj.com\/blog\/wp-json\/wp\/v2\/categories?post=14721"},{"taxonomy":"post_tag","embeddable":true,"href":"https:\/\/www.visit-ulcinj.com\/blog\/wp-json\/wp\/v2\/tags?post=14721"}],"curies":[{"name":"wp","href":"https:\/\/api.w.org\/{rel}","templated":true}]}}