{"id":14725,"date":"2009-03-19T16:37:48","date_gmt":"2009-03-19T15:37:48","guid":{"rendered":"http:\/\/www.visit-ulcinj.com\/blog\/?p=14725"},"modified":"2009-03-19T16:37:48","modified_gmt":"2009-03-19T15:37:48","slug":"stervitja-big-brother-albania-2","status":"publish","type":"post","link":"https:\/\/www.visit-ulcinj.com\/blog\/2009\/03\/19\/stervitja-big-brother-albania-2\/","title":{"rendered":"St\u00ebrvitja &#8211; Big Brother Albania 2"},"content":{"rendered":"<p><em><span class=\"newsdate\"><a href=\"http:\/\/www.visit-ulcinj.com\/blog\/wp-content\/uploads\/2009\/03\/banoret-gjatw-stervitjes-copy.jpg\"><img loading=\"lazy\" class=\"alignleft size-full wp-image-14726\" title=\"banoret-gjatw-stervitjes-big-brother-albania-2\" src=\"http:\/\/www.visit-ulcinj.com\/blog\/wp-content\/uploads\/2009\/03\/banoret-gjatw-stervitjes-copy.jpg\" alt=\"banoret-gjatw-stervitjes-big-brother-albania-2\" width=\"300\" height=\"205\" \/><\/a>17\/03\/09 08:55<\/span><\/em><\/p>\n<p>Banor\u00ebt, pasi jan\u00eb v\u00ebn\u00eb t\u00eb gjith\u00eb n\u00eb rresht, kan\u00eb dal\u00eb nga sht\u00ebpia n\u00eb oborr, me hap ushtarak. Ata jan\u00eb mbledhur n\u00eb k\u00ebndin e flamurit, ku Dritani i ka v\u00ebn\u00eb n\u00eb rresht, sipas gjat\u00ebsis\u00eb. Dritani ka th\u00ebn\u00eb se rreshtimi duhet t\u00eb ishte gjithmon\u00eb i till\u00eb, nga m\u00eb i gjati, tek m\u00eb i shkurtri. E fundit e rreshtit ka qen\u00eb Adelajda, e cila u duk e pak\u00ebnaqur q\u00eb kishte rezultuar m\u00eb e shkurtra. P\u00ebrpara se t\u00eb ngrihej flamuri, Dritani u ka th\u00ebn\u00eb se do t\u2019u m\u00ebsonte disa gj\u00ebra, q\u00eb ata nuk do t\u00eb kishin rast tjet\u00ebr n\u00eb jet\u00eb p\u00ebr t\u2019i m\u00ebsuar, si\u00e7 ishin pozicionet\u201deja n\u00eb rradh\u00eb\u201d, \u201cgatitu\u201d, \u201cqet\u00ebsohu\u201d, etj. M\u00eb pas, nga Adi, n\u00ebn shoq\u00ebrimin e tingjuve t\u00eb trompet\u00ebs, \u00ebsht\u00eb ngritur flamuri. Pas k\u00ebsaj, banor\u00ebt kan\u00eb vazhduar st\u00ebrvitjen, deri n\u00eb r\u00ebnien e siren\u00ebs, q\u00eb sh\u00ebnonte p\u00ebrfundimin e saj.<\/p>\n","protected":false},"excerpt":{"rendered":"<p>17\/03\/09 08:55 Banor\u00ebt, pasi jan\u00eb v\u00ebn\u00eb t\u00eb gjith\u00eb n\u00eb rresht, kan\u00eb dal\u00eb nga sht\u00ebpia n\u00eb oborr, me hap ushtarak. Ata jan\u00eb mbledhur n\u00eb k\u00ebndin e flamurit, ku Dritani i ka v\u00ebn\u00eb n\u00eb rresht, sipas gjat\u00ebsis\u00eb. Dritani ka th\u00ebn\u00eb se rreshtimi duhet t\u00eb ishte gjithmon\u00eb i till\u00eb, nga m\u00eb i gjati, tek m\u00eb i shkurtri. E [&hellip;]<\/p>\n","protected":false},"author":1,"featured_media":0,"comment_status":"open","ping_status":"closed","sticky":false,"template":"","format":"standard","meta":{"spay_email":"","jetpack_publicize_message":"","jetpack_is_tweetstorm":false,"jetpack_publicize_feature_enabled":true},"categories":[6502],"tags":[6883,6516,6712,6521,8145,6891],"jetpack_publicize_connections":[],"yoast_head":"<!-- This site is optimized with the Yoast SEO plugin v19.1 - https:\/\/yoast.com\/wordpress\/plugins\/seo\/ -->\n<title>St\u00c3\u00abrvitja - Big Brother Albania 2<\/title>\n<meta name=\"description\" content=\"Big Brother Albania 2 - Banor\u00c3\u00abt, pasi jan\u00c3\u00ab v\u00c3\u00abn\u00c3\u00ab t\u00c3\u00ab gjith\u00c3\u00ab n\u00c3\u00ab rresht, kan\u00c3\u00ab dal\u00c3\u00ab nga sht\u00c3\u00abpia n\u00c3\u00ab oborr, me hap ushtarak.\" \/>\n<meta name=\"robots\" content=\"index, follow, max-snippet:-1, max-image-preview:large, max-video-preview:-1\" \/>\n<link rel=\"canonical\" href=\"https:\/\/www.visit-ulcinj.com\/blog\/2009\/03\/19\/stervitja-big-brother-albania-2\/\" \/>\n<meta property=\"og:locale\" content=\"en_US\" \/>\n<meta property=\"og:type\" content=\"article\" \/>\n<meta property=\"og:title\" content=\"St\u00c3\u00abrvitja - Big Brother Albania 2\" \/>\n<meta property=\"og:description\" content=\"Big Brother Albania 2 - Banor\u00c3\u00abt, pasi jan\u00c3\u00ab v\u00c3\u00abn\u00c3\u00ab t\u00c3\u00ab gjith\u00c3\u00ab n\u00c3\u00ab rresht, kan\u00c3\u00ab dal\u00c3\u00ab nga sht\u00c3\u00abpia n\u00c3\u00ab oborr, me hap ushtarak.\" \/>\n<meta property=\"og:url\" content=\"https:\/\/www.visit-ulcinj.com\/blog\/2009\/03\/19\/stervitja-big-brother-albania-2\/\" \/>\n<meta property=\"og:site_name\" content=\"Lajme nga Ulqini\" \/>\n<meta property=\"article:published_time\" content=\"2009-03-19T15:37:48+00:00\" \/>\n<meta property=\"og:image\" content=\"http:\/\/www.visit-ulcinj.com\/blog\/wp-content\/uploads\/2009\/03\/banoret-gjatw-stervitjes-copy.jpg\" \/>\n<meta name=\"twitter:label1\" content=\"Written by\" \/>\n\t<meta name=\"twitter:data1\" content=\"ulqini\" \/>\n\t<meta name=\"twitter:label2\" content=\"Est. reading time\" \/>\n\t<meta name=\"twitter:data2\" content=\"1 minute\" \/>\n<script type=\"application\/ld+json\" class=\"yoast-schema-graph\">{\"@context\":\"https:\/\/schema.org\",\"@graph\":[{\"@type\":\"WebSite\",\"@id\":\"https:\/\/www.visit-ulcinj.com\/blog\/#website\",\"url\":\"https:\/\/www.visit-ulcinj.com\/blog\/\",\"name\":\"Lajme nga Ulqini\",\"description\":\"Lajme,Vijesti,Ulqini,Ulqin,Crna Gora,Mali i Zi\",\"potentialAction\":[{\"@type\":\"SearchAction\",\"target\":{\"@type\":\"EntryPoint\",\"urlTemplate\":\"https:\/\/www.visit-ulcinj.com\/blog\/?s={search_term_string}\"},\"query-input\":\"required name=search_term_string\"}],\"inLanguage\":\"en-US\"},{\"@type\":\"ImageObject\",\"inLanguage\":\"en-US\",\"@id\":\"https:\/\/www.visit-ulcinj.com\/blog\/2009\/03\/19\/stervitja-big-brother-albania-2\/#primaryimage\",\"url\":\"http:\/\/www.visit-ulcinj.com\/blog\/wp-content\/uploads\/2009\/03\/banoret-gjatw-stervitjes-copy.jpg\",\"contentUrl\":\"http:\/\/www.visit-ulcinj.com\/blog\/wp-content\/uploads\/2009\/03\/banoret-gjatw-stervitjes-copy.jpg\"},{\"@type\":\"WebPage\",\"@id\":\"https:\/\/www.visit-ulcinj.com\/blog\/2009\/03\/19\/stervitja-big-brother-albania-2\/#webpage\",\"url\":\"https:\/\/www.visit-ulcinj.com\/blog\/2009\/03\/19\/stervitja-big-brother-albania-2\/\",\"name\":\"St\u00c3\u00abrvitja - Big Brother Albania 2\",\"isPartOf\":{\"@id\":\"https:\/\/www.visit-ulcinj.com\/blog\/#website\"},\"primaryImageOfPage\":{\"@id\":\"https:\/\/www.visit-ulcinj.com\/blog\/2009\/03\/19\/stervitja-big-brother-albania-2\/#primaryimage\"},\"datePublished\":\"2009-03-19T15:37:48+00:00\",\"dateModified\":\"2009-03-19T15:37:48+00:00\",\"author\":{\"@id\":\"https:\/\/www.visit-ulcinj.com\/blog\/#\/schema\/person\/dcab619c614d3038751c63bc2aadc06d\"},\"description\":\"Big Brother Albania 2 - Banor\u00c3\u00abt, pasi jan\u00c3\u00ab v\u00c3\u00abn\u00c3\u00ab t\u00c3\u00ab gjith\u00c3\u00ab n\u00c3\u00ab rresht, kan\u00c3\u00ab dal\u00c3\u00ab nga sht\u00c3\u00abpia n\u00c3\u00ab oborr, me hap ushtarak.\",\"breadcrumb\":{\"@id\":\"https:\/\/www.visit-ulcinj.com\/blog\/2009\/03\/19\/stervitja-big-brother-albania-2\/#breadcrumb\"},\"inLanguage\":\"en-US\",\"potentialAction\":[{\"@type\":\"ReadAction\",\"target\":[\"https:\/\/www.visit-ulcinj.com\/blog\/2009\/03\/19\/stervitja-big-brother-albania-2\/\"]}]},{\"@type\":\"BreadcrumbList\",\"@id\":\"https:\/\/www.visit-ulcinj.com\/blog\/2009\/03\/19\/stervitja-big-brother-albania-2\/#breadcrumb\",\"itemListElement\":[{\"@type\":\"ListItem\",\"position\":1,\"name\":\"St\u00ebrvitja &#8211; Big Brother Albania 2\"}]},{\"@type\":\"Person\",\"@id\":\"https:\/\/www.visit-ulcinj.com\/blog\/#\/schema\/person\/dcab619c614d3038751c63bc2aadc06d\",\"name\":\"ulqini\",\"sameAs\":[\"http:\/\/www.visit-ulcinj.com\"],\"url\":\"https:\/\/www.visit-ulcinj.com\/blog\/author\/admin\/\"}]}<\/script>\n<!-- \/ Yoast SEO plugin. -->","yoast_head_json":{"title":"St\u00c3\u00abrvitja - Big Brother Albania 2","description":"Big Brother Albania 2 - Banor\u00c3\u00abt, pasi jan\u00c3\u00ab v\u00c3\u00abn\u00c3\u00ab t\u00c3\u00ab gjith\u00c3\u00ab n\u00c3\u00ab rresht, kan\u00c3\u00ab dal\u00c3\u00ab nga sht\u00c3\u00abpia n\u00c3\u00ab oborr, me hap ushtarak.","robots":{"index":"index","follow":"follow","max-snippet":"max-snippet:-1","max-image-preview":"max-image-preview:large","max-video-preview":"max-video-preview:-1"},"canonical":"https:\/\/www.visit-ulcinj.com\/blog\/2009\/03\/19\/stervitja-big-brother-albania-2\/","og_locale":"en_US","og_type":"article","og_title":"St\u00c3\u00abrvitja - Big Brother Albania 2","og_description":"Big Brother Albania 2 - Banor\u00c3\u00abt, pasi jan\u00c3\u00ab v\u00c3\u00abn\u00c3\u00ab t\u00c3\u00ab gjith\u00c3\u00ab n\u00c3\u00ab rresht, kan\u00c3\u00ab dal\u00c3\u00ab nga sht\u00c3\u00abpia n\u00c3\u00ab oborr, me hap ushtarak.","og_url":"https:\/\/www.visit-ulcinj.com\/blog\/2009\/03\/19\/stervitja-big-brother-albania-2\/","og_site_name":"Lajme nga Ulqini","article_published_time":"2009-03-19T15:37:48+00:00","og_image":[{"url":"http:\/\/www.visit-ulcinj.com\/blog\/wp-content\/uploads\/2009\/03\/banoret-gjatw-stervitjes-copy.jpg"}],"twitter_misc":{"Written by":"ulqini","Est. reading time":"1 minute"},"schema":{"@context":"https:\/\/schema.org","@graph":[{"@type":"WebSite","@id":"https:\/\/www.visit-ulcinj.com\/blog\/#website","url":"https:\/\/www.visit-ulcinj.com\/blog\/","name":"Lajme nga Ulqini","description":"Lajme,Vijesti,Ulqini,Ulqin,Crna Gora,Mali i Zi","potentialAction":[{"@type":"SearchAction","target":{"@type":"EntryPoint","urlTemplate":"https:\/\/www.visit-ulcinj.com\/blog\/?s={search_term_string}"},"query-input":"required name=search_term_string"}],"inLanguage":"en-US"},{"@type":"ImageObject","inLanguage":"en-US","@id":"https:\/\/www.visit-ulcinj.com\/blog\/2009\/03\/19\/stervitja-big-brother-albania-2\/#primaryimage","url":"http:\/\/www.visit-ulcinj.com\/blog\/wp-content\/uploads\/2009\/03\/banoret-gjatw-stervitjes-copy.jpg","contentUrl":"http:\/\/www.visit-ulcinj.com\/blog\/wp-content\/uploads\/2009\/03\/banoret-gjatw-stervitjes-copy.jpg"},{"@type":"WebPage","@id":"https:\/\/www.visit-ulcinj.com\/blog\/2009\/03\/19\/stervitja-big-brother-albania-2\/#webpage","url":"https:\/\/www.visit-ulcinj.com\/blog\/2009\/03\/19\/stervitja-big-brother-albania-2\/","name":"St\u00c3\u00abrvitja - Big Brother Albania 2","isPartOf":{"@id":"https:\/\/www.visit-ulcinj.com\/blog\/#website"},"primaryImageOfPage":{"@id":"https:\/\/www.visit-ulcinj.com\/blog\/2009\/03\/19\/stervitja-big-brother-albania-2\/#primaryimage"},"datePublished":"2009-03-19T15:37:48+00:00","dateModified":"2009-03-19T15:37:48+00:00","author":{"@id":"https:\/\/www.visit-ulcinj.com\/blog\/#\/schema\/person\/dcab619c614d3038751c63bc2aadc06d"},"description":"Big Brother Albania 2 - Banor\u00c3\u00abt, pasi jan\u00c3\u00ab v\u00c3\u00abn\u00c3\u00ab t\u00c3\u00ab gjith\u00c3\u00ab n\u00c3\u00ab rresht, kan\u00c3\u00ab dal\u00c3\u00ab nga sht\u00c3\u00abpia n\u00c3\u00ab oborr, me hap ushtarak.","breadcrumb":{"@id":"https:\/\/www.visit-ulcinj.com\/blog\/2009\/03\/19\/stervitja-big-brother-albania-2\/#breadcrumb"},"inLanguage":"en-US","potentialAction":[{"@type":"ReadAction","target":["https:\/\/www.visit-ulcinj.com\/blog\/2009\/03\/19\/stervitja-big-brother-albania-2\/"]}]},{"@type":"BreadcrumbList","@id":"https:\/\/www.visit-ulcinj.com\/blog\/2009\/03\/19\/stervitja-big-brother-albania-2\/#breadcrumb","itemListElement":[{"@type":"ListItem","position":1,"name":"St\u00ebrvitja &#8211; Big Brother Albania 2"}]},{"@type":"Person","@id":"https:\/\/www.visit-ulcinj.com\/blog\/#\/schema\/person\/dcab619c614d3038751c63bc2aadc06d","name":"ulqini","sameAs":["http:\/\/www.visit-ulcinj.com"],"url":"https:\/\/www.visit-ulcinj.com\/blog\/author\/admin\/"}]}},"jetpack_featured_media_url":"","jetpack_sharing_enabled":true,"jetpack_shortlink":"https:\/\/wp.me\/pe6lTn-3Pv","_links":{"self":[{"href":"https:\/\/www.visit-ulcinj.com\/blog\/wp-json\/wp\/v2\/posts\/14725"}],"collection":[{"href":"https:\/\/www.visit-ulcinj.com\/blog\/wp-json\/wp\/v2\/posts"}],"about":[{"href":"https:\/\/www.visit-ulcinj.com\/blog\/wp-json\/wp\/v2\/types\/post"}],"author":[{"embeddable":true,"href":"https:\/\/www.visit-ulcinj.com\/blog\/wp-json\/wp\/v2\/users\/1"}],"replies":[{"embeddable":true,"href":"https:\/\/www.visit-ulcinj.com\/blog\/wp-json\/wp\/v2\/comments?post=14725"}],"version-history":[{"count":0,"href":"https:\/\/www.visit-ulcinj.com\/blog\/wp-json\/wp\/v2\/posts\/14725\/revisions"}],"wp:attachment":[{"href":"https:\/\/www.visit-ulcinj.com\/blog\/wp-json\/wp\/v2\/media?parent=14725"}],"wp:term":[{"taxonomy":"category","embeddable":true,"href":"https:\/\/www.visit-ulcinj.com\/blog\/wp-json\/wp\/v2\/categories?post=14725"},{"taxonomy":"post_tag","embeddable":true,"href":"https:\/\/www.visit-ulcinj.com\/blog\/wp-json\/wp\/v2\/tags?post=14725"}],"curies":[{"name":"wp","href":"https:\/\/api.w.org\/{rel}","templated":true}]}}