{"id":14728,"date":"2009-03-19T16:42:10","date_gmt":"2009-03-19T15:42:10","guid":{"rendered":"http:\/\/www.visit-ulcinj.com\/blog\/?p=14728"},"modified":"2009-03-19T16:42:10","modified_gmt":"2009-03-19T15:42:10","slug":"adelajda-e-kam-kaluar-masen","status":"publish","type":"post","link":"https:\/\/www.visit-ulcinj.com\/blog\/2009\/03\/19\/adelajda-e-kam-kaluar-masen\/","title":{"rendered":"Adelajda : E kam kaluar mas\u00ebn!"},"content":{"rendered":"<p><em><span class=\"newsdate\"><a href=\"http:\/\/www.visit-ulcinj.com\/blog\/wp-content\/uploads\/2009\/03\/adi-dhe-adela-copy.jpg\"><img loading=\"lazy\" class=\"alignleft size-full wp-image-14729\" title=\"adi-dhe-adela-big-brother-albania-2\" src=\"http:\/\/www.visit-ulcinj.com\/blog\/wp-content\/uploads\/2009\/03\/adi-dhe-adela-copy.jpg\" alt=\"adi-dhe-adela-big-brother-albania-2\" width=\"300\" height=\"205\" \/><\/a>17\/03\/09 10:15<\/span><\/em><\/p>\n<p>Duke biseduar me Adin, Adelajda i ka th\u00ebn\u00eb se afrimiteti dhe miq\u00ebsia q\u00eb ajo ka me Bjordin, \u00ebsht\u00eb shum\u00eb e bukur, por ajo e kishte kaluar mas\u00ebn me kontaktin fizik. \u201cUn\u00eb i di kufijt\u00eb e mia!- ka th\u00ebn\u00eb ajo, -\u00cbsht\u00eb sikur kam abuzuar me besimin q\u00eb m\u00eb \u00ebsht\u00eb sh\u00ebn\u00eb kur kam ardhur k\u00ebtu.\u201d Ajo ka shtuar se nuk ishte tipi q\u00eb t\u00eb b\u00ebnte t\u00eb tilla gj\u00ebra dhe nuk i kishte ndodhur asnj\u00ebher\u00eb t\u00eb p\u00ebrqafohej apo t\u00eb p\u00ebrqafonte nj\u00eb shok. Ajo tha gjithashtu se ia kishte b\u00ebr\u00eb Bjordit t\u00eb qart\u00eb k\u00ebt\u00eb dhe nj\u00ebkoh\u00ebsisht shprehu frik\u00ebn se gjithcka do t\u00eb p\u00ebrfundonte duke mos i folur m\u00eb njeri-tjetrit. Adelajda i ka th\u00ebn\u00eb Adit se q\u00eb n\u00eb fillim ajo i kishte k\u00ebrkuar t\u00eb mos i afrohej shum\u00eb, sepse ajo nuk ishte si vajzat e tjera q\u00eb nuk e kishin problem, por, sipas saj, ai ngaq\u00eb shihte q\u00eb ajo stepej, i afrohej m\u00eb shum\u00eb. Sipas Adel\u00ebs, Bjordi ka dashur dhe \u00ebsht\u00eb p\u00ebrpjekur ta ndryshoj\u00eb, por problemi nuk q\u00ebndronte tek ajo. Sipas saj, tani q\u00eb ajo i kishte v\u00ebn\u00eb kufij nj\u00ebher\u00eb e mir\u00eb, Bjordi do t\u00eb duronte nj\u00eb a dy dit\u00eb, pastaj do t\u00eb largohej. Ajo, pik\u00ebrisht k\u00ebt\u00eb, kishte dashur t\u00eb evitonte, largimin e tij, sepse sipas Adel\u00ebs, t\u00eb jesh me 14 t\u00eb panjohur e t\u00eb z\u00ebsh nj\u00eb mik t\u00eb mir\u00eb, nuk \u00ebsht\u00eb gj\u00eb e vog\u00ebl.<\/p>\n","protected":false},"excerpt":{"rendered":"<p>17\/03\/09 10:15 Duke biseduar me Adin, Adelajda i ka th\u00ebn\u00eb se afrimiteti dhe miq\u00ebsia q\u00eb ajo ka me Bjordin, \u00ebsht\u00eb shum\u00eb e bukur, por ajo e kishte kaluar mas\u00ebn me kontaktin fizik. \u201cUn\u00eb i di kufijt\u00eb e mia!- ka th\u00ebn\u00eb ajo, -\u00cbsht\u00eb sikur kam abuzuar me besimin q\u00eb m\u00eb \u00ebsht\u00eb sh\u00ebn\u00eb kur kam ardhur k\u00ebtu.\u201d [&hellip;]<\/p>\n","protected":false},"author":1,"featured_media":0,"comment_status":"open","ping_status":"closed","sticky":false,"template":"","format":"standard","meta":{"spay_email":"","jetpack_publicize_message":"","jetpack_is_tweetstorm":false,"jetpack_publicize_feature_enabled":true},"categories":[6502],"tags":[6529,1414,6883,6516,6712,6522,6891],"jetpack_publicize_connections":[],"yoast_head":"<!-- This site is optimized with the Yoast SEO plugin v19.1 - https:\/\/yoast.com\/wordpress\/plugins\/seo\/ -->\n<title>Adelajda : E kam kaluar mas\u00c3\u00abn! | Big Brother Albania 2<\/title>\n<meta name=\"description\" content=\"Big Brother Albania 2 - Duke biseduar me Adin, Adelajda i ka th\u00c3\u00abn\u00c3\u00ab se afrimiteti dhe miq\u00c3\u00absia q\u00c3\u00ab ajo ka me Bjordin\" \/>\n<meta name=\"robots\" content=\"index, follow, max-snippet:-1, max-image-preview:large, max-video-preview:-1\" \/>\n<link rel=\"canonical\" href=\"https:\/\/www.visit-ulcinj.com\/blog\/2009\/03\/19\/adelajda-e-kam-kaluar-masen\/\" \/>\n<meta property=\"og:locale\" content=\"en_US\" \/>\n<meta property=\"og:type\" content=\"article\" \/>\n<meta property=\"og:title\" content=\"Adelajda : E kam kaluar mas\u00c3\u00abn! | Big Brother Albania 2\" \/>\n<meta property=\"og:description\" content=\"Big Brother Albania 2 - Duke biseduar me Adin, Adelajda i ka th\u00c3\u00abn\u00c3\u00ab se afrimiteti dhe miq\u00c3\u00absia q\u00c3\u00ab ajo ka me Bjordin\" \/>\n<meta property=\"og:url\" content=\"https:\/\/www.visit-ulcinj.com\/blog\/2009\/03\/19\/adelajda-e-kam-kaluar-masen\/\" \/>\n<meta property=\"og:site_name\" content=\"Lajme nga Ulqini\" \/>\n<meta property=\"article:published_time\" content=\"2009-03-19T15:42:10+00:00\" \/>\n<meta property=\"og:image\" content=\"http:\/\/www.visit-ulcinj.com\/blog\/wp-content\/uploads\/2009\/03\/adi-dhe-adela-copy.jpg\" \/>\n<meta name=\"twitter:label1\" content=\"Written by\" \/>\n\t<meta name=\"twitter:data1\" content=\"ulqini\" \/>\n\t<meta name=\"twitter:label2\" content=\"Est. reading time\" \/>\n\t<meta name=\"twitter:data2\" content=\"1 minute\" \/>\n<script type=\"application\/ld+json\" class=\"yoast-schema-graph\">{\"@context\":\"https:\/\/schema.org\",\"@graph\":[{\"@type\":\"WebSite\",\"@id\":\"https:\/\/www.visit-ulcinj.com\/blog\/#website\",\"url\":\"https:\/\/www.visit-ulcinj.com\/blog\/\",\"name\":\"Lajme nga Ulqini\",\"description\":\"Lajme,Vijesti,Ulqini,Ulqin,Crna Gora,Mali i Zi\",\"potentialAction\":[{\"@type\":\"SearchAction\",\"target\":{\"@type\":\"EntryPoint\",\"urlTemplate\":\"https:\/\/www.visit-ulcinj.com\/blog\/?s={search_term_string}\"},\"query-input\":\"required name=search_term_string\"}],\"inLanguage\":\"en-US\"},{\"@type\":\"ImageObject\",\"inLanguage\":\"en-US\",\"@id\":\"https:\/\/www.visit-ulcinj.com\/blog\/2009\/03\/19\/adelajda-e-kam-kaluar-masen\/#primaryimage\",\"url\":\"http:\/\/www.visit-ulcinj.com\/blog\/wp-content\/uploads\/2009\/03\/adi-dhe-adela-copy.jpg\",\"contentUrl\":\"http:\/\/www.visit-ulcinj.com\/blog\/wp-content\/uploads\/2009\/03\/adi-dhe-adela-copy.jpg\"},{\"@type\":\"WebPage\",\"@id\":\"https:\/\/www.visit-ulcinj.com\/blog\/2009\/03\/19\/adelajda-e-kam-kaluar-masen\/#webpage\",\"url\":\"https:\/\/www.visit-ulcinj.com\/blog\/2009\/03\/19\/adelajda-e-kam-kaluar-masen\/\",\"name\":\"Adelajda : E kam kaluar mas\u00c3\u00abn! | Big Brother Albania 2\",\"isPartOf\":{\"@id\":\"https:\/\/www.visit-ulcinj.com\/blog\/#website\"},\"primaryImageOfPage\":{\"@id\":\"https:\/\/www.visit-ulcinj.com\/blog\/2009\/03\/19\/adelajda-e-kam-kaluar-masen\/#primaryimage\"},\"datePublished\":\"2009-03-19T15:42:10+00:00\",\"dateModified\":\"2009-03-19T15:42:10+00:00\",\"author\":{\"@id\":\"https:\/\/www.visit-ulcinj.com\/blog\/#\/schema\/person\/dcab619c614d3038751c63bc2aadc06d\"},\"description\":\"Big Brother Albania 2 - Duke biseduar me Adin, Adelajda i ka th\u00c3\u00abn\u00c3\u00ab se afrimiteti dhe miq\u00c3\u00absia q\u00c3\u00ab ajo ka me Bjordin\",\"breadcrumb\":{\"@id\":\"https:\/\/www.visit-ulcinj.com\/blog\/2009\/03\/19\/adelajda-e-kam-kaluar-masen\/#breadcrumb\"},\"inLanguage\":\"en-US\",\"potentialAction\":[{\"@type\":\"ReadAction\",\"target\":[\"https:\/\/www.visit-ulcinj.com\/blog\/2009\/03\/19\/adelajda-e-kam-kaluar-masen\/\"]}]},{\"@type\":\"BreadcrumbList\",\"@id\":\"https:\/\/www.visit-ulcinj.com\/blog\/2009\/03\/19\/adelajda-e-kam-kaluar-masen\/#breadcrumb\",\"itemListElement\":[{\"@type\":\"ListItem\",\"position\":1,\"name\":\"Adelajda : E kam kaluar mas\u00ebn!\"}]},{\"@type\":\"Person\",\"@id\":\"https:\/\/www.visit-ulcinj.com\/blog\/#\/schema\/person\/dcab619c614d3038751c63bc2aadc06d\",\"name\":\"ulqini\",\"sameAs\":[\"http:\/\/www.visit-ulcinj.com\"],\"url\":\"https:\/\/www.visit-ulcinj.com\/blog\/author\/admin\/\"}]}<\/script>\n<!-- \/ Yoast SEO plugin. -->","yoast_head_json":{"title":"Adelajda : E kam kaluar mas\u00c3\u00abn! | Big Brother Albania 2","description":"Big Brother Albania 2 - Duke biseduar me Adin, Adelajda i ka th\u00c3\u00abn\u00c3\u00ab se afrimiteti dhe miq\u00c3\u00absia q\u00c3\u00ab ajo ka me Bjordin","robots":{"index":"index","follow":"follow","max-snippet":"max-snippet:-1","max-image-preview":"max-image-preview:large","max-video-preview":"max-video-preview:-1"},"canonical":"https:\/\/www.visit-ulcinj.com\/blog\/2009\/03\/19\/adelajda-e-kam-kaluar-masen\/","og_locale":"en_US","og_type":"article","og_title":"Adelajda : E kam kaluar mas\u00c3\u00abn! | Big Brother Albania 2","og_description":"Big Brother Albania 2 - Duke biseduar me Adin, Adelajda i ka th\u00c3\u00abn\u00c3\u00ab se afrimiteti dhe miq\u00c3\u00absia q\u00c3\u00ab ajo ka me Bjordin","og_url":"https:\/\/www.visit-ulcinj.com\/blog\/2009\/03\/19\/adelajda-e-kam-kaluar-masen\/","og_site_name":"Lajme nga Ulqini","article_published_time":"2009-03-19T15:42:10+00:00","og_image":[{"url":"http:\/\/www.visit-ulcinj.com\/blog\/wp-content\/uploads\/2009\/03\/adi-dhe-adela-copy.jpg"}],"twitter_misc":{"Written by":"ulqini","Est. reading time":"1 minute"},"schema":{"@context":"https:\/\/schema.org","@graph":[{"@type":"WebSite","@id":"https:\/\/www.visit-ulcinj.com\/blog\/#website","url":"https:\/\/www.visit-ulcinj.com\/blog\/","name":"Lajme nga Ulqini","description":"Lajme,Vijesti,Ulqini,Ulqin,Crna Gora,Mali i Zi","potentialAction":[{"@type":"SearchAction","target":{"@type":"EntryPoint","urlTemplate":"https:\/\/www.visit-ulcinj.com\/blog\/?s={search_term_string}"},"query-input":"required name=search_term_string"}],"inLanguage":"en-US"},{"@type":"ImageObject","inLanguage":"en-US","@id":"https:\/\/www.visit-ulcinj.com\/blog\/2009\/03\/19\/adelajda-e-kam-kaluar-masen\/#primaryimage","url":"http:\/\/www.visit-ulcinj.com\/blog\/wp-content\/uploads\/2009\/03\/adi-dhe-adela-copy.jpg","contentUrl":"http:\/\/www.visit-ulcinj.com\/blog\/wp-content\/uploads\/2009\/03\/adi-dhe-adela-copy.jpg"},{"@type":"WebPage","@id":"https:\/\/www.visit-ulcinj.com\/blog\/2009\/03\/19\/adelajda-e-kam-kaluar-masen\/#webpage","url":"https:\/\/www.visit-ulcinj.com\/blog\/2009\/03\/19\/adelajda-e-kam-kaluar-masen\/","name":"Adelajda : E kam kaluar mas\u00c3\u00abn! | Big Brother Albania 2","isPartOf":{"@id":"https:\/\/www.visit-ulcinj.com\/blog\/#website"},"primaryImageOfPage":{"@id":"https:\/\/www.visit-ulcinj.com\/blog\/2009\/03\/19\/adelajda-e-kam-kaluar-masen\/#primaryimage"},"datePublished":"2009-03-19T15:42:10+00:00","dateModified":"2009-03-19T15:42:10+00:00","author":{"@id":"https:\/\/www.visit-ulcinj.com\/blog\/#\/schema\/person\/dcab619c614d3038751c63bc2aadc06d"},"description":"Big Brother Albania 2 - Duke biseduar me Adin, Adelajda i ka th\u00c3\u00abn\u00c3\u00ab se afrimiteti dhe miq\u00c3\u00absia q\u00c3\u00ab ajo ka me Bjordin","breadcrumb":{"@id":"https:\/\/www.visit-ulcinj.com\/blog\/2009\/03\/19\/adelajda-e-kam-kaluar-masen\/#breadcrumb"},"inLanguage":"en-US","potentialAction":[{"@type":"ReadAction","target":["https:\/\/www.visit-ulcinj.com\/blog\/2009\/03\/19\/adelajda-e-kam-kaluar-masen\/"]}]},{"@type":"BreadcrumbList","@id":"https:\/\/www.visit-ulcinj.com\/blog\/2009\/03\/19\/adelajda-e-kam-kaluar-masen\/#breadcrumb","itemListElement":[{"@type":"ListItem","position":1,"name":"Adelajda : E kam kaluar mas\u00ebn!"}]},{"@type":"Person","@id":"https:\/\/www.visit-ulcinj.com\/blog\/#\/schema\/person\/dcab619c614d3038751c63bc2aadc06d","name":"ulqini","sameAs":["http:\/\/www.visit-ulcinj.com"],"url":"https:\/\/www.visit-ulcinj.com\/blog\/author\/admin\/"}]}},"jetpack_featured_media_url":"","jetpack_sharing_enabled":true,"jetpack_shortlink":"https:\/\/wp.me\/pe6lTn-3Py","_links":{"self":[{"href":"https:\/\/www.visit-ulcinj.com\/blog\/wp-json\/wp\/v2\/posts\/14728"}],"collection":[{"href":"https:\/\/www.visit-ulcinj.com\/blog\/wp-json\/wp\/v2\/posts"}],"about":[{"href":"https:\/\/www.visit-ulcinj.com\/blog\/wp-json\/wp\/v2\/types\/post"}],"author":[{"embeddable":true,"href":"https:\/\/www.visit-ulcinj.com\/blog\/wp-json\/wp\/v2\/users\/1"}],"replies":[{"embeddable":true,"href":"https:\/\/www.visit-ulcinj.com\/blog\/wp-json\/wp\/v2\/comments?post=14728"}],"version-history":[{"count":0,"href":"https:\/\/www.visit-ulcinj.com\/blog\/wp-json\/wp\/v2\/posts\/14728\/revisions"}],"wp:attachment":[{"href":"https:\/\/www.visit-ulcinj.com\/blog\/wp-json\/wp\/v2\/media?parent=14728"}],"wp:term":[{"taxonomy":"category","embeddable":true,"href":"https:\/\/www.visit-ulcinj.com\/blog\/wp-json\/wp\/v2\/categories?post=14728"},{"taxonomy":"post_tag","embeddable":true,"href":"https:\/\/www.visit-ulcinj.com\/blog\/wp-json\/wp\/v2\/tags?post=14728"}],"curies":[{"name":"wp","href":"https:\/\/api.w.org\/{rel}","templated":true}]}}