{"id":1473,"date":"2008-05-03T08:36:44","date_gmt":"2008-05-03T13:36:44","guid":{"rendered":"http:\/\/www.visit-ulcinj.com\/blog\/?p=1473"},"modified":"2008-05-04T03:25:01","modified_gmt":"2008-05-04T08:25:01","slug":"cijela-drzava-u-plazi-copacabana-u-ulcinju","status":"publish","type":"post","link":"https:\/\/www.visit-ulcinj.com\/blog\/2008\/05\/03\/cijela-drzava-u-plazi-copacabana-u-ulcinju\/","title":{"rendered":"Cijela dr\u017eava u pla\u017ei Copacabana u Ulcinju"},"content":{"rendered":"<p><img loading=\"lazy\" class=\"alignleft\" style=\"float: left;\" src=\"http:\/\/www.hollegro.cg.yu\/gallery\/copa\/images\/Copacabana08_jpg.jpg\" alt=\"kopakabana e ulqinit\" width=\"257\" height=\"200\" \/> <strong>Prvomajska manifestacija \u201dCrna Gora &#8211; jedan grad\u201d opravdala ime &#8230;.VIDEO<\/strong><a title=\"KOPAKABANA ULCINJ\" href=\"http:\/\/balkanweb.com\/sitev4\/newsadmin\/video1.php?id=20292\" target=\"_blank\"><img loading=\"lazy\" class=\"alignright\" style=\"float: right;\" src=\"http:\/\/www.balkanweb.com\/sitev4\/images\/video_link.gif\" alt=\"\" width=\"22\" height=\"15\" \/><\/a><br \/>\nULCINJ &#8211; Prvomajska manifestacija Crna Gora jedan grad, koja je odr\u017eana na pla\u017ei Copacabana, u organizaciji kompanije Holegro i pokroviteljstvo op\u0161tine Ulcinj, privukla je posjetioce iz svih krajeva Crne Gore, ali i sa svih meridijana.<br \/>\nHiljade ljudi je uz muziku, pjesmu, dobru hranu u\u017eivalo pod ulcinjskim suncem. Registarske oznake autobusa od ju\u017enih do sjevernih gradova, dokaz su da je manifestacija \u201cCrna Gora &#8211; jedan grad\u201d, opravdala ime.<br \/>\n&#8211; Ovog nema ni u sred ljeta &#8211; ?uli su se komentari mje\u0161tana, dok su posjetici koji prvi put borave u Ulcinju bili odu\u0161evljeni prirodnim ljepotama.<br \/>\nNa Copacabani je odr\u017ean i pravi muzi?ki spektakl, nastup hrvatske grupe Colonija svakako je bio kulminacija svega onog \u0161to se 1. maja de\u0161avalo na ulcinjskoj pla\u017ei.<br \/>\nPored Colonije, nastupali su crnogorski predstavnik na Eurosongu Stefan Filipovi?, crnogorski DIS Time band, Biljana Mitrovi?, Bojan Deli?, Nina \u017di\u017ei?, grupa Respect, duo Cetinje, Violeta Marniku, Ulcinjska klapa, grupa Brotherhood iz Ulcinja, dj Aldo, dj Manijak, poznati humorista Rajko Joli?i? i mnogi drugi. Igra?ko umije?e posjetiocima su pokazali plesni klubovi Beauty iz Podgorice i Matrix iz Nik\u0161i?a, kao i kulturno umjetni?ka dru\u0161tva \u0160toj i Ulcinj i folklorna grupa iz Zatrijeb?a.<img loading=\"lazy\" class=\"alignright\" style=\"float: right;\" src=\"http:\/\/www.hollegro.cg.yu\/gallery\/copa\/images\/Copacabana03_jpg.jpg\" alt=\"kopakabana e ulqinit\" width=\"246\" height=\"204\" \/><br \/>\nOsim muzi?kog dijela programa, manifestacija \u201cCrna Gora &#8211; jedan grad\u201d pru\u017eila je posjetiocima priliku da se takmi?e u raznim sportskim disciplinama, a organizovan je i turnir u fudbalu na pijesku Pro Beach Soccer, takmi?enje kajaka\u0161a, turnir u odbojci na pijesku, kao i igre bez granica. U okviru sportskog programa, posjetiocima su se predstavili i ?lanovi karate kluba Ulcinj neobi?nim performansom.<br \/>\nOdr\u017eano je i takmi?enje ulcinjskih kulinara za \u201eZlatnu vilju\u0161ku\u201c, u kom je zlatnu vilju\u0161ku osvojio hotel restoran &#8221;Albatros&#8221;, srebrnu &#8211; restoran &#8221;Grand&#8221;, dok je bronzana vilju\u0161ka pripala restoranu &#8221;Safari beach&#8221;. Pobjednike je birao \u017eiri sastavljen od eksperata Fakulteta za turizam i posjetioci koji su degustirali specijalitete.<br \/>\n<img loading=\"lazy\" class=\"alignleft\" style=\"float: left;\" src=\"http:\/\/www.hollegro.cg.yu\/gallery\/copa\/images\/Copacabana09_jpg.jpg\" alt=\"kopakabana e ulqinit\" width=\"244\" height=\"189\" \/> Vlasnik kompanije Hollegro Prelja \u0160krelja, kako je kazao, i vi\u0161e je nego zadovoljan posjetom.<br \/>\n&#8211; Ovo je idealna prilika da na najbolji na?in prezentujemo sve prirodne ljepote i pla\u017ee koje Ulcinj ima. Vidim da su svi zadovoljni, od najmla?ih do najstarijih, bilo je za svakoga po ne\u0161to, tako da, siguran sam, ovo ne?e biti posljednji put da gosti Copacabane borave ovdje &#8211; kazao je Prelja.<br \/>\nNi gradona?elnik Gzim Hajdinaga nije krio odu\u0161evljenje prisustvom tolikog broja ljudi.<img loading=\"lazy\" class=\"alignright\" style=\"float: right;\" src=\"http:\/\/www.hollegro.cg.yu\/images\/preljaskrelja.jpg\" alt=\"PRELJA SKRELJA\" width=\"140\" height=\"161\" \/><br \/>\n&#8211; Zadovoljan sam \u0161to je cijela Crna Gora danas u Ulcinju, ali ovaj dan ima i jo\u0161 jedan zna?aj, a to je po?etak turisti?ke sezone. Mi ?emo u cilju turisti?ke promocije Ulcinja, od 7. do 9. maja biti na Kosovu u Pri\u0161tini, nakon ?ega slijedi posjeta Bosni i Hercegovini &#8211; najavio je Hajdinaga, dodav\u0161i da ?e prvomajska manifestacija postati tradicija najju\u017enije crnogorske op\u0161tine.<br \/>\nNa Copacabani je 1. maja otvorena sezona kupanja, le\u017ealjke na pla\u017ei su bile prepune i tra\u017eilo se mjesto vi\u0161e.<br \/>\nManifestacija &#8221;Crna Gora &#8211; jedan grad&#8221;, trajala je cijelog dana, a u sklopu programa organizovan je i koktel &#8221;Atlasmont grupe&#8221;.<br \/>\n<strong>S. Gani?<br \/>\nRepublika<\/strong><\/p>\n<!--YouTube Error: bad URL entered-->\n","protected":false},"excerpt":{"rendered":"<p><img loading=\"lazy\" class=\"alignleft\" style=\"float: left;\" src=\"http:\/\/www.hollegro.cg.yu\/gallery\/copa\/images\/Copacabana08_jpg.jpg\" alt=\"kopakabana e ulqinit\" width=\"140\" height=\"140\" \/><\/p>\n","protected":false},"author":1,"featured_media":0,"comment_status":"open","ping_status":"closed","sticky":false,"template":"","format":"standard","meta":{"spay_email":"","jetpack_publicize_message":"","jetpack_is_tweetstorm":false,"jetpack_publicize_feature_enabled":true},"categories":[12,15],"tags":[1946,2984,2937],"jetpack_publicize_connections":[],"yoast_head":"<!-- This site is optimized with the Yoast SEO plugin v19.1 - https:\/\/yoast.com\/wordpress\/plugins\/seo\/ -->\n<title>Cijela dr\u017eava u pla\u017ei Copacabana u Ulcinju - Lajme nga Ulqini<\/title>\n<meta name=\"robots\" content=\"index, follow, max-snippet:-1, max-image-preview:large, max-video-preview:-1\" \/>\n<link rel=\"canonical\" href=\"https:\/\/www.visit-ulcinj.com\/blog\/2008\/05\/03\/cijela-drzava-u-plazi-copacabana-u-ulcinju\/\" \/>\n<meta property=\"og:locale\" content=\"en_US\" \/>\n<meta property=\"og:type\" content=\"article\" \/>\n<meta property=\"og:title\" content=\"Cijela dr\u017eava u pla\u017ei Copacabana u Ulcinju - Lajme nga Ulqini\" \/>\n<meta property=\"og:url\" content=\"https:\/\/www.visit-ulcinj.com\/blog\/2008\/05\/03\/cijela-drzava-u-plazi-copacabana-u-ulcinju\/\" \/>\n<meta property=\"og:site_name\" content=\"Lajme nga Ulqini\" \/>\n<meta property=\"article:published_time\" content=\"2008-05-03T13:36:44+00:00\" \/>\n<meta property=\"article:modified_time\" content=\"2008-05-04T08:25:01+00:00\" \/>\n<meta property=\"og:image\" content=\"http:\/\/www.hollegro.cg.yu\/gallery\/copa\/images\/Copacabana08_jpg.jpg\" \/>\n<meta name=\"twitter:label1\" content=\"Written by\" \/>\n\t<meta name=\"twitter:data1\" content=\"ulqini\" \/>\n\t<meta name=\"twitter:label2\" content=\"Est. reading time\" \/>\n\t<meta name=\"twitter:data2\" content=\"3 minutes\" \/>\n<script type=\"application\/ld+json\" class=\"yoast-schema-graph\">{\"@context\":\"https:\/\/schema.org\",\"@graph\":[{\"@type\":\"WebSite\",\"@id\":\"https:\/\/www.visit-ulcinj.com\/blog\/#website\",\"url\":\"https:\/\/www.visit-ulcinj.com\/blog\/\",\"name\":\"Lajme nga Ulqini\",\"description\":\"Lajme,Vijesti,Ulqini,Ulqin,Crna Gora,Mali i Zi\",\"potentialAction\":[{\"@type\":\"SearchAction\",\"target\":{\"@type\":\"EntryPoint\",\"urlTemplate\":\"https:\/\/www.visit-ulcinj.com\/blog\/?s={search_term_string}\"},\"query-input\":\"required name=search_term_string\"}],\"inLanguage\":\"en-US\"},{\"@type\":\"ImageObject\",\"inLanguage\":\"en-US\",\"@id\":\"https:\/\/www.visit-ulcinj.com\/blog\/2008\/05\/03\/cijela-drzava-u-plazi-copacabana-u-ulcinju\/#primaryimage\",\"url\":\"http:\/\/www.hollegro.cg.yu\/gallery\/copa\/images\/Copacabana08_jpg.jpg\",\"contentUrl\":\"http:\/\/www.hollegro.cg.yu\/gallery\/copa\/images\/Copacabana08_jpg.jpg\"},{\"@type\":\"WebPage\",\"@id\":\"https:\/\/www.visit-ulcinj.com\/blog\/2008\/05\/03\/cijela-drzava-u-plazi-copacabana-u-ulcinju\/#webpage\",\"url\":\"https:\/\/www.visit-ulcinj.com\/blog\/2008\/05\/03\/cijela-drzava-u-plazi-copacabana-u-ulcinju\/\",\"name\":\"Cijela dr\u017eava u pla\u017ei Copacabana u Ulcinju - Lajme nga Ulqini\",\"isPartOf\":{\"@id\":\"https:\/\/www.visit-ulcinj.com\/blog\/#website\"},\"primaryImageOfPage\":{\"@id\":\"https:\/\/www.visit-ulcinj.com\/blog\/2008\/05\/03\/cijela-drzava-u-plazi-copacabana-u-ulcinju\/#primaryimage\"},\"datePublished\":\"2008-05-03T13:36:44+00:00\",\"dateModified\":\"2008-05-04T08:25:01+00:00\",\"author\":{\"@id\":\"https:\/\/www.visit-ulcinj.com\/blog\/#\/schema\/person\/dcab619c614d3038751c63bc2aadc06d\"},\"breadcrumb\":{\"@id\":\"https:\/\/www.visit-ulcinj.com\/blog\/2008\/05\/03\/cijela-drzava-u-plazi-copacabana-u-ulcinju\/#breadcrumb\"},\"inLanguage\":\"en-US\",\"potentialAction\":[{\"@type\":\"ReadAction\",\"target\":[\"https:\/\/www.visit-ulcinj.com\/blog\/2008\/05\/03\/cijela-drzava-u-plazi-copacabana-u-ulcinju\/\"]}]},{\"@type\":\"BreadcrumbList\",\"@id\":\"https:\/\/www.visit-ulcinj.com\/blog\/2008\/05\/03\/cijela-drzava-u-plazi-copacabana-u-ulcinju\/#breadcrumb\",\"itemListElement\":[{\"@type\":\"ListItem\",\"position\":1,\"name\":\"Cijela dr\u017eava u pla\u017ei Copacabana u Ulcinju\"}]},{\"@type\":\"Person\",\"@id\":\"https:\/\/www.visit-ulcinj.com\/blog\/#\/schema\/person\/dcab619c614d3038751c63bc2aadc06d\",\"name\":\"ulqini\",\"sameAs\":[\"http:\/\/www.visit-ulcinj.com\"],\"url\":\"https:\/\/www.visit-ulcinj.com\/blog\/author\/admin\/\"}]}<\/script>\n<!-- \/ Yoast SEO plugin. -->","yoast_head_json":{"title":"Cijela dr\u017eava u pla\u017ei Copacabana u Ulcinju - Lajme nga Ulqini","robots":{"index":"index","follow":"follow","max-snippet":"max-snippet:-1","max-image-preview":"max-image-preview:large","max-video-preview":"max-video-preview:-1"},"canonical":"https:\/\/www.visit-ulcinj.com\/blog\/2008\/05\/03\/cijela-drzava-u-plazi-copacabana-u-ulcinju\/","og_locale":"en_US","og_type":"article","og_title":"Cijela dr\u017eava u pla\u017ei Copacabana u Ulcinju - Lajme nga Ulqini","og_url":"https:\/\/www.visit-ulcinj.com\/blog\/2008\/05\/03\/cijela-drzava-u-plazi-copacabana-u-ulcinju\/","og_site_name":"Lajme nga Ulqini","article_published_time":"2008-05-03T13:36:44+00:00","article_modified_time":"2008-05-04T08:25:01+00:00","og_image":[{"url":"http:\/\/www.hollegro.cg.yu\/gallery\/copa\/images\/Copacabana08_jpg.jpg"}],"twitter_misc":{"Written by":"ulqini","Est. reading time":"3 minutes"},"schema":{"@context":"https:\/\/schema.org","@graph":[{"@type":"WebSite","@id":"https:\/\/www.visit-ulcinj.com\/blog\/#website","url":"https:\/\/www.visit-ulcinj.com\/blog\/","name":"Lajme nga Ulqini","description":"Lajme,Vijesti,Ulqini,Ulqin,Crna Gora,Mali i Zi","potentialAction":[{"@type":"SearchAction","target":{"@type":"EntryPoint","urlTemplate":"https:\/\/www.visit-ulcinj.com\/blog\/?s={search_term_string}"},"query-input":"required name=search_term_string"}],"inLanguage":"en-US"},{"@type":"ImageObject","inLanguage":"en-US","@id":"https:\/\/www.visit-ulcinj.com\/blog\/2008\/05\/03\/cijela-drzava-u-plazi-copacabana-u-ulcinju\/#primaryimage","url":"http:\/\/www.hollegro.cg.yu\/gallery\/copa\/images\/Copacabana08_jpg.jpg","contentUrl":"http:\/\/www.hollegro.cg.yu\/gallery\/copa\/images\/Copacabana08_jpg.jpg"},{"@type":"WebPage","@id":"https:\/\/www.visit-ulcinj.com\/blog\/2008\/05\/03\/cijela-drzava-u-plazi-copacabana-u-ulcinju\/#webpage","url":"https:\/\/www.visit-ulcinj.com\/blog\/2008\/05\/03\/cijela-drzava-u-plazi-copacabana-u-ulcinju\/","name":"Cijela dr\u017eava u pla\u017ei Copacabana u Ulcinju - Lajme nga Ulqini","isPartOf":{"@id":"https:\/\/www.visit-ulcinj.com\/blog\/#website"},"primaryImageOfPage":{"@id":"https:\/\/www.visit-ulcinj.com\/blog\/2008\/05\/03\/cijela-drzava-u-plazi-copacabana-u-ulcinju\/#primaryimage"},"datePublished":"2008-05-03T13:36:44+00:00","dateModified":"2008-05-04T08:25:01+00:00","author":{"@id":"https:\/\/www.visit-ulcinj.com\/blog\/#\/schema\/person\/dcab619c614d3038751c63bc2aadc06d"},"breadcrumb":{"@id":"https:\/\/www.visit-ulcinj.com\/blog\/2008\/05\/03\/cijela-drzava-u-plazi-copacabana-u-ulcinju\/#breadcrumb"},"inLanguage":"en-US","potentialAction":[{"@type":"ReadAction","target":["https:\/\/www.visit-ulcinj.com\/blog\/2008\/05\/03\/cijela-drzava-u-plazi-copacabana-u-ulcinju\/"]}]},{"@type":"BreadcrumbList","@id":"https:\/\/www.visit-ulcinj.com\/blog\/2008\/05\/03\/cijela-drzava-u-plazi-copacabana-u-ulcinju\/#breadcrumb","itemListElement":[{"@type":"ListItem","position":1,"name":"Cijela dr\u017eava u pla\u017ei Copacabana u Ulcinju"}]},{"@type":"Person","@id":"https:\/\/www.visit-ulcinj.com\/blog\/#\/schema\/person\/dcab619c614d3038751c63bc2aadc06d","name":"ulqini","sameAs":["http:\/\/www.visit-ulcinj.com"],"url":"https:\/\/www.visit-ulcinj.com\/blog\/author\/admin\/"}]}},"jetpack_featured_media_url":"","jetpack_sharing_enabled":true,"jetpack_shortlink":"https:\/\/wp.me\/pe6lTn-nL","_links":{"self":[{"href":"https:\/\/www.visit-ulcinj.com\/blog\/wp-json\/wp\/v2\/posts\/1473"}],"collection":[{"href":"https:\/\/www.visit-ulcinj.com\/blog\/wp-json\/wp\/v2\/posts"}],"about":[{"href":"https:\/\/www.visit-ulcinj.com\/blog\/wp-json\/wp\/v2\/types\/post"}],"author":[{"embeddable":true,"href":"https:\/\/www.visit-ulcinj.com\/blog\/wp-json\/wp\/v2\/users\/1"}],"replies":[{"embeddable":true,"href":"https:\/\/www.visit-ulcinj.com\/blog\/wp-json\/wp\/v2\/comments?post=1473"}],"version-history":[{"count":0,"href":"https:\/\/www.visit-ulcinj.com\/blog\/wp-json\/wp\/v2\/posts\/1473\/revisions"}],"wp:attachment":[{"href":"https:\/\/www.visit-ulcinj.com\/blog\/wp-json\/wp\/v2\/media?parent=1473"}],"wp:term":[{"taxonomy":"category","embeddable":true,"href":"https:\/\/www.visit-ulcinj.com\/blog\/wp-json\/wp\/v2\/categories?post=1473"},{"taxonomy":"post_tag","embeddable":true,"href":"https:\/\/www.visit-ulcinj.com\/blog\/wp-json\/wp\/v2\/tags?post=1473"}],"curies":[{"name":"wp","href":"https:\/\/api.w.org\/{rel}","templated":true}]}}