{"id":14731,"date":"2009-03-19T16:47:08","date_gmt":"2009-03-19T15:47:08","guid":{"rendered":"http:\/\/www.visit-ulcinj.com\/blog\/?p=14731"},"modified":"2009-03-19T16:47:08","modified_gmt":"2009-03-19T15:47:08","slug":"qetsori-per-mimozen-pse-nuk-e-nominon-mimozen","status":"publish","type":"post","link":"https:\/\/www.visit-ulcinj.com\/blog\/2009\/03\/19\/qetsori-per-mimozen-pse-nuk-e-nominon-mimozen\/","title":{"rendered":"Qetsori p\u00ebr Mimoz\u00ebn : Pse nuk e nominon Mimoz\u00ebn?!"},"content":{"rendered":"<p><em><span class=\"newsdate\"><a href=\"http:\/\/www.visit-ulcinj.com\/blog\/wp-content\/uploads\/2009\/03\/qetsori-per-mozen-copy.jpg\"><img loading=\"lazy\" class=\"alignleft size-full wp-image-14732\" title=\"qetsori-per-mozen-big-brother-albania-2\" src=\"http:\/\/www.visit-ulcinj.com\/blog\/wp-content\/uploads\/2009\/03\/qetsori-per-mozen-copy.jpg\" alt=\"qetsori-per-mozen-big-brother-albania-2\" width=\"300\" height=\"205\" \/><\/a>17\/03\/09 11:20<\/span><\/em><\/p>\n<p>Sipas Qetsori, po dalin nga sht\u00ebpia njer\u00ebz q\u00eb kan\u00eb dh\u00ebn\u00eb shum\u00eb gj\u00ebra dhe po rri Mimoza, q\u00eb nuk po jep asgj\u00eb. Republika i ka th\u00ebn\u00eb se n\u00ebse ai e mendonte k\u00ebshtu le ta nominonte, por ajo nuk e b\u00ebnte dot. Sipas saj nuk ishte e v\u00ebrtet\u00eb q\u00eb Mimoza nuk po b\u00ebnte asgj\u00eb, ajo ishte shum\u00eb inteligjente dhe kishte akoma shum\u00eb p\u00ebr t\u00eb dh\u00ebn\u00eb. Ve\u00e7 k\u00ebsaj ajo po b\u00ebnte edhe pun\u00eb. Republika ka th\u00ebn\u00eb se nuk do t\u2019ia falte vetes po ta nominonte, ajo do ta b\u00ebnte k\u00ebt\u00eb kur t\u00eb mos kishte m\u00eb \u00e7\u2019t\u00eb b\u00ebnte. Sipas Qetsorit, nuk ishte aspak e drejt\u00eb q\u00eb Mimoza t\u00eb fshihej pas tyre dhe ai e kishte nominuar pik\u00ebrisht p\u00ebr k\u00ebt\u00eb, sepse ajo m\u00eb shum\u00eb \u201cflinte\u201d gjat\u00eb debateve apo lyhej sesa b\u00ebnte ndonj\u00eb gj\u00eb. Ai shtoi se edhe Bika mund ta nominonte e s\u2019kishte pse t\u00eb mos e b\u00ebnte<\/p>\n","protected":false},"excerpt":{"rendered":"<p>17\/03\/09 11:20 Sipas Qetsori, po dalin nga sht\u00ebpia njer\u00ebz q\u00eb kan\u00eb dh\u00ebn\u00eb shum\u00eb gj\u00ebra dhe po rri Mimoza, q\u00eb nuk po jep asgj\u00eb. Republika i ka th\u00ebn\u00eb se n\u00ebse ai e mendonte k\u00ebshtu le ta nominonte, por ajo nuk e b\u00ebnte dot. Sipas saj nuk ishte e v\u00ebrtet\u00eb q\u00eb Mimoza nuk po b\u00ebnte asgj\u00eb, ajo [&hellip;]<\/p>\n","protected":false},"author":1,"featured_media":0,"comment_status":"open","ping_status":"closed","sticky":false,"template":"","format":"standard","meta":{"spay_email":"","jetpack_publicize_message":"","jetpack_is_tweetstorm":false,"jetpack_publicize_feature_enabled":true},"categories":[6502],"tags":[6529,6883,6516,6712,6522,8146,8147,6900,262,6891],"jetpack_publicize_connections":[],"yoast_head":"<!-- This site is optimized with the Yoast SEO plugin v19.1 - https:\/\/yoast.com\/wordpress\/plugins\/seo\/ -->\n<title>Qetsori p\u00c3\u00abr Mimoz\u00c3\u00abn : Pse nuk e nominon Mimoz\u00c3\u00abn?! | Big Brother Albania 2<\/title>\n<meta name=\"description\" content=\"Big Brother Albania 2 - Sipas Qetsori, po dalin nga sht\u00c3\u00abpia njer\u00c3\u00abz q\u00c3\u00ab kan\u00c3\u00ab dh\u00c3\u00abn\u00c3\u00ab shum\u00c3\u00ab gj\u00c3\u00abra dhe po rri Mimoza\" \/>\n<meta name=\"robots\" content=\"index, follow, max-snippet:-1, max-image-preview:large, max-video-preview:-1\" \/>\n<link rel=\"canonical\" href=\"https:\/\/www.visit-ulcinj.com\/blog\/2009\/03\/19\/qetsori-per-mimozen-pse-nuk-e-nominon-mimozen\/\" \/>\n<meta property=\"og:locale\" content=\"en_US\" \/>\n<meta property=\"og:type\" content=\"article\" \/>\n<meta property=\"og:title\" content=\"Qetsori p\u00c3\u00abr Mimoz\u00c3\u00abn : Pse nuk e nominon Mimoz\u00c3\u00abn?! | Big Brother Albania 2\" \/>\n<meta property=\"og:description\" content=\"Big Brother Albania 2 - Sipas Qetsori, po dalin nga sht\u00c3\u00abpia njer\u00c3\u00abz q\u00c3\u00ab kan\u00c3\u00ab dh\u00c3\u00abn\u00c3\u00ab shum\u00c3\u00ab gj\u00c3\u00abra dhe po rri Mimoza\" \/>\n<meta property=\"og:url\" content=\"https:\/\/www.visit-ulcinj.com\/blog\/2009\/03\/19\/qetsori-per-mimozen-pse-nuk-e-nominon-mimozen\/\" \/>\n<meta property=\"og:site_name\" content=\"Lajme nga Ulqini\" \/>\n<meta property=\"article:published_time\" content=\"2009-03-19T15:47:08+00:00\" \/>\n<meta property=\"og:image\" content=\"http:\/\/www.visit-ulcinj.com\/blog\/wp-content\/uploads\/2009\/03\/qetsori-per-mozen-copy.jpg\" \/>\n<meta name=\"twitter:label1\" content=\"Written by\" \/>\n\t<meta name=\"twitter:data1\" content=\"ulqini\" \/>\n\t<meta name=\"twitter:label2\" content=\"Est. reading time\" \/>\n\t<meta name=\"twitter:data2\" content=\"1 minute\" \/>\n<script type=\"application\/ld+json\" class=\"yoast-schema-graph\">{\"@context\":\"https:\/\/schema.org\",\"@graph\":[{\"@type\":\"WebSite\",\"@id\":\"https:\/\/www.visit-ulcinj.com\/blog\/#website\",\"url\":\"https:\/\/www.visit-ulcinj.com\/blog\/\",\"name\":\"Lajme nga Ulqini\",\"description\":\"Lajme,Vijesti,Ulqini,Ulqin,Crna Gora,Mali i Zi\",\"potentialAction\":[{\"@type\":\"SearchAction\",\"target\":{\"@type\":\"EntryPoint\",\"urlTemplate\":\"https:\/\/www.visit-ulcinj.com\/blog\/?s={search_term_string}\"},\"query-input\":\"required name=search_term_string\"}],\"inLanguage\":\"en-US\"},{\"@type\":\"ImageObject\",\"inLanguage\":\"en-US\",\"@id\":\"https:\/\/www.visit-ulcinj.com\/blog\/2009\/03\/19\/qetsori-per-mimozen-pse-nuk-e-nominon-mimozen\/#primaryimage\",\"url\":\"http:\/\/www.visit-ulcinj.com\/blog\/wp-content\/uploads\/2009\/03\/qetsori-per-mozen-copy.jpg\",\"contentUrl\":\"http:\/\/www.visit-ulcinj.com\/blog\/wp-content\/uploads\/2009\/03\/qetsori-per-mozen-copy.jpg\"},{\"@type\":\"WebPage\",\"@id\":\"https:\/\/www.visit-ulcinj.com\/blog\/2009\/03\/19\/qetsori-per-mimozen-pse-nuk-e-nominon-mimozen\/#webpage\",\"url\":\"https:\/\/www.visit-ulcinj.com\/blog\/2009\/03\/19\/qetsori-per-mimozen-pse-nuk-e-nominon-mimozen\/\",\"name\":\"Qetsori p\u00c3\u00abr Mimoz\u00c3\u00abn : Pse nuk e nominon Mimoz\u00c3\u00abn?! | Big Brother Albania 2\",\"isPartOf\":{\"@id\":\"https:\/\/www.visit-ulcinj.com\/blog\/#website\"},\"primaryImageOfPage\":{\"@id\":\"https:\/\/www.visit-ulcinj.com\/blog\/2009\/03\/19\/qetsori-per-mimozen-pse-nuk-e-nominon-mimozen\/#primaryimage\"},\"datePublished\":\"2009-03-19T15:47:08+00:00\",\"dateModified\":\"2009-03-19T15:47:08+00:00\",\"author\":{\"@id\":\"https:\/\/www.visit-ulcinj.com\/blog\/#\/schema\/person\/dcab619c614d3038751c63bc2aadc06d\"},\"description\":\"Big Brother Albania 2 - Sipas Qetsori, po dalin nga sht\u00c3\u00abpia njer\u00c3\u00abz q\u00c3\u00ab kan\u00c3\u00ab dh\u00c3\u00abn\u00c3\u00ab shum\u00c3\u00ab gj\u00c3\u00abra dhe po rri Mimoza\",\"breadcrumb\":{\"@id\":\"https:\/\/www.visit-ulcinj.com\/blog\/2009\/03\/19\/qetsori-per-mimozen-pse-nuk-e-nominon-mimozen\/#breadcrumb\"},\"inLanguage\":\"en-US\",\"potentialAction\":[{\"@type\":\"ReadAction\",\"target\":[\"https:\/\/www.visit-ulcinj.com\/blog\/2009\/03\/19\/qetsori-per-mimozen-pse-nuk-e-nominon-mimozen\/\"]}]},{\"@type\":\"BreadcrumbList\",\"@id\":\"https:\/\/www.visit-ulcinj.com\/blog\/2009\/03\/19\/qetsori-per-mimozen-pse-nuk-e-nominon-mimozen\/#breadcrumb\",\"itemListElement\":[{\"@type\":\"ListItem\",\"position\":1,\"name\":\"Qetsori p\u00ebr Mimoz\u00ebn : Pse nuk e nominon Mimoz\u00ebn?!\"}]},{\"@type\":\"Person\",\"@id\":\"https:\/\/www.visit-ulcinj.com\/blog\/#\/schema\/person\/dcab619c614d3038751c63bc2aadc06d\",\"name\":\"ulqini\",\"sameAs\":[\"http:\/\/www.visit-ulcinj.com\"],\"url\":\"https:\/\/www.visit-ulcinj.com\/blog\/author\/admin\/\"}]}<\/script>\n<!-- \/ Yoast SEO plugin. -->","yoast_head_json":{"title":"Qetsori p\u00c3\u00abr Mimoz\u00c3\u00abn : Pse nuk e nominon Mimoz\u00c3\u00abn?! | Big Brother Albania 2","description":"Big Brother Albania 2 - Sipas Qetsori, po dalin nga sht\u00c3\u00abpia njer\u00c3\u00abz q\u00c3\u00ab kan\u00c3\u00ab dh\u00c3\u00abn\u00c3\u00ab shum\u00c3\u00ab gj\u00c3\u00abra dhe po rri Mimoza","robots":{"index":"index","follow":"follow","max-snippet":"max-snippet:-1","max-image-preview":"max-image-preview:large","max-video-preview":"max-video-preview:-1"},"canonical":"https:\/\/www.visit-ulcinj.com\/blog\/2009\/03\/19\/qetsori-per-mimozen-pse-nuk-e-nominon-mimozen\/","og_locale":"en_US","og_type":"article","og_title":"Qetsori p\u00c3\u00abr Mimoz\u00c3\u00abn : Pse nuk e nominon Mimoz\u00c3\u00abn?! | Big Brother Albania 2","og_description":"Big Brother Albania 2 - Sipas Qetsori, po dalin nga sht\u00c3\u00abpia njer\u00c3\u00abz q\u00c3\u00ab kan\u00c3\u00ab dh\u00c3\u00abn\u00c3\u00ab shum\u00c3\u00ab gj\u00c3\u00abra dhe po rri Mimoza","og_url":"https:\/\/www.visit-ulcinj.com\/blog\/2009\/03\/19\/qetsori-per-mimozen-pse-nuk-e-nominon-mimozen\/","og_site_name":"Lajme nga Ulqini","article_published_time":"2009-03-19T15:47:08+00:00","og_image":[{"url":"http:\/\/www.visit-ulcinj.com\/blog\/wp-content\/uploads\/2009\/03\/qetsori-per-mozen-copy.jpg"}],"twitter_misc":{"Written by":"ulqini","Est. reading time":"1 minute"},"schema":{"@context":"https:\/\/schema.org","@graph":[{"@type":"WebSite","@id":"https:\/\/www.visit-ulcinj.com\/blog\/#website","url":"https:\/\/www.visit-ulcinj.com\/blog\/","name":"Lajme nga Ulqini","description":"Lajme,Vijesti,Ulqini,Ulqin,Crna Gora,Mali i Zi","potentialAction":[{"@type":"SearchAction","target":{"@type":"EntryPoint","urlTemplate":"https:\/\/www.visit-ulcinj.com\/blog\/?s={search_term_string}"},"query-input":"required name=search_term_string"}],"inLanguage":"en-US"},{"@type":"ImageObject","inLanguage":"en-US","@id":"https:\/\/www.visit-ulcinj.com\/blog\/2009\/03\/19\/qetsori-per-mimozen-pse-nuk-e-nominon-mimozen\/#primaryimage","url":"http:\/\/www.visit-ulcinj.com\/blog\/wp-content\/uploads\/2009\/03\/qetsori-per-mozen-copy.jpg","contentUrl":"http:\/\/www.visit-ulcinj.com\/blog\/wp-content\/uploads\/2009\/03\/qetsori-per-mozen-copy.jpg"},{"@type":"WebPage","@id":"https:\/\/www.visit-ulcinj.com\/blog\/2009\/03\/19\/qetsori-per-mimozen-pse-nuk-e-nominon-mimozen\/#webpage","url":"https:\/\/www.visit-ulcinj.com\/blog\/2009\/03\/19\/qetsori-per-mimozen-pse-nuk-e-nominon-mimozen\/","name":"Qetsori p\u00c3\u00abr Mimoz\u00c3\u00abn : Pse nuk e nominon Mimoz\u00c3\u00abn?! | Big Brother Albania 2","isPartOf":{"@id":"https:\/\/www.visit-ulcinj.com\/blog\/#website"},"primaryImageOfPage":{"@id":"https:\/\/www.visit-ulcinj.com\/blog\/2009\/03\/19\/qetsori-per-mimozen-pse-nuk-e-nominon-mimozen\/#primaryimage"},"datePublished":"2009-03-19T15:47:08+00:00","dateModified":"2009-03-19T15:47:08+00:00","author":{"@id":"https:\/\/www.visit-ulcinj.com\/blog\/#\/schema\/person\/dcab619c614d3038751c63bc2aadc06d"},"description":"Big Brother Albania 2 - Sipas Qetsori, po dalin nga sht\u00c3\u00abpia njer\u00c3\u00abz q\u00c3\u00ab kan\u00c3\u00ab dh\u00c3\u00abn\u00c3\u00ab shum\u00c3\u00ab gj\u00c3\u00abra dhe po rri Mimoza","breadcrumb":{"@id":"https:\/\/www.visit-ulcinj.com\/blog\/2009\/03\/19\/qetsori-per-mimozen-pse-nuk-e-nominon-mimozen\/#breadcrumb"},"inLanguage":"en-US","potentialAction":[{"@type":"ReadAction","target":["https:\/\/www.visit-ulcinj.com\/blog\/2009\/03\/19\/qetsori-per-mimozen-pse-nuk-e-nominon-mimozen\/"]}]},{"@type":"BreadcrumbList","@id":"https:\/\/www.visit-ulcinj.com\/blog\/2009\/03\/19\/qetsori-per-mimozen-pse-nuk-e-nominon-mimozen\/#breadcrumb","itemListElement":[{"@type":"ListItem","position":1,"name":"Qetsori p\u00ebr Mimoz\u00ebn : Pse nuk e nominon Mimoz\u00ebn?!"}]},{"@type":"Person","@id":"https:\/\/www.visit-ulcinj.com\/blog\/#\/schema\/person\/dcab619c614d3038751c63bc2aadc06d","name":"ulqini","sameAs":["http:\/\/www.visit-ulcinj.com"],"url":"https:\/\/www.visit-ulcinj.com\/blog\/author\/admin\/"}]}},"jetpack_featured_media_url":"","jetpack_sharing_enabled":true,"jetpack_shortlink":"https:\/\/wp.me\/pe6lTn-3PB","_links":{"self":[{"href":"https:\/\/www.visit-ulcinj.com\/blog\/wp-json\/wp\/v2\/posts\/14731"}],"collection":[{"href":"https:\/\/www.visit-ulcinj.com\/blog\/wp-json\/wp\/v2\/posts"}],"about":[{"href":"https:\/\/www.visit-ulcinj.com\/blog\/wp-json\/wp\/v2\/types\/post"}],"author":[{"embeddable":true,"href":"https:\/\/www.visit-ulcinj.com\/blog\/wp-json\/wp\/v2\/users\/1"}],"replies":[{"embeddable":true,"href":"https:\/\/www.visit-ulcinj.com\/blog\/wp-json\/wp\/v2\/comments?post=14731"}],"version-history":[{"count":0,"href":"https:\/\/www.visit-ulcinj.com\/blog\/wp-json\/wp\/v2\/posts\/14731\/revisions"}],"wp:attachment":[{"href":"https:\/\/www.visit-ulcinj.com\/blog\/wp-json\/wp\/v2\/media?parent=14731"}],"wp:term":[{"taxonomy":"category","embeddable":true,"href":"https:\/\/www.visit-ulcinj.com\/blog\/wp-json\/wp\/v2\/categories?post=14731"},{"taxonomy":"post_tag","embeddable":true,"href":"https:\/\/www.visit-ulcinj.com\/blog\/wp-json\/wp\/v2\/tags?post=14731"}],"curies":[{"name":"wp","href":"https:\/\/api.w.org\/{rel}","templated":true}]}}