{"id":14738,"date":"2009-03-19T17:11:27","date_gmt":"2009-03-19T16:11:27","guid":{"rendered":"http:\/\/www.visit-ulcinj.com\/blog\/?p=14738"},"modified":"2009-03-19T17:11:27","modified_gmt":"2009-03-19T16:11:27","slug":"strategjia-e-nominimeve","status":"publish","type":"post","link":"https:\/\/www.visit-ulcinj.com\/blog\/2009\/03\/19\/strategjia-e-nominimeve\/","title":{"rendered":"Strategjia e nominimeve"},"content":{"rendered":"<p><em><span class=\"newsdate\"><a href=\"http:\/\/www.visit-ulcinj.com\/blog\/wp-content\/uploads\/2009\/03\/per-nominimet3.jpg\"><img loading=\"lazy\" class=\"alignleft size-full wp-image-14739\" title=\"per-nominimet-big-brother-albania-2\" src=\"http:\/\/www.visit-ulcinj.com\/blog\/wp-content\/uploads\/2009\/03\/per-nominimet3.jpg\" alt=\"per-nominimet-big-brother-albania-2\" width=\"300\" height=\"205\" \/><\/a>17\/03\/09 11:40<\/span><\/em><\/p>\n<p>Me Sorin dhe Bik\u00ebn bashkohen edhe Dritani, Adela dhe Aida dhe ata vazhdojn\u00eb t\u00eb bisedojn\u00eb se si duhet t\u00eb p\u00ebrballen me nominimet. Sori thot\u00eb se t\u00eb nominuarit duhet t\u00eb ndryshojn\u00eb e nuk duhet t\u00eb jen\u00eb gjithmon\u00eb t\u00eb nj\u00ebjt\u00ebt, pasi ka nga ata q\u00eb nuk e kan\u00eb provuar asnj\u00ebher\u00eb. Ai thot\u00eb se nuk duhet t\u00eb kesh frik\u00eb nga nominimet sepse mbi t\u00eb gjitha, \u00ebsht\u00eb edhe nj\u00eb prov\u00eb, n\u00ebse nuk t\u00eb duan nuk ke pse t\u00eb rrish kot. Bika i thot\u00eb se ka nga ata q\u00eb dalin q\u00eb me her\u00ebn e par\u00eb por, kjo nuk do t\u00eb thot\u00eb se publiku nuk i do, pasi kjo varet dhe se me cil\u00ebt je n\u00eb nominim. Edhe t\u00eb tjer\u00ebt jan\u00eb dakord. Ata sjellin nd\u00ebrmend Pavlinin i cili doli pasi ishte kund\u00ebr dy personazheve t\u00eb fort\u00eb. Sori thot\u00eb se nuk duhet t\u00eb vihen p\u00ebrball\u00eb vet\u00ebm personazhe t\u00eb \u201cfort\u00eb\u201d pasi ata do t\u00eb eleminoheshin nj\u00eb nga nj\u00eb. Adela mendon se n\u00eb fillim duhet t\u00eb dalin banor\u00ebt e \u201cdob\u00ebt\u201d e n\u00eb fund ata t\u00eb \u201cfort\u00ebt\u201d. Sori thot\u00eb se edhe dy banor\u00eb t\u00eb \u201cdob\u00ebt\u201d nuk mund t\u00eb vihen p\u00ebrball\u00eb sepse ai q\u00eb del i fitur, kthehet n\u00eb nj\u00eb bamnor t\u00eb \u201cfort\u00eb\u201d. Idealja sipas tyre \u00ebsht\u00eb q\u00eb t\u00eb vihen p\u00ebrball\u00eb t\u00eb \u201cfort\u00ebt\u201d kundrejt t\u00eb \u201cdobt\u00ebve\u201d. Aida mendon se nuk mund t\u2019i p\u00ebrcaktojn\u00eb banor\u00ebt si t\u00eb fort\u00eb e t\u00eb dob\u00ebt por, ata e kund\u00ebrshtojn\u00eb sepse kjo duket nga loja q\u00eb b\u00ebn dhe nga ajo q\u00eb jep n\u00eb sht\u00ebpi. Sipas Aid\u00ebs, arsyet e nominimeve mund t\u00eb nisen nga ndjenjat, afrimiteti apo edhe frika q\u00eb t\u00eb shkakton nj\u00eb banor p\u00ebr loj\u00ebn. T\u00eb gjith\u00eb banor\u00ebt mendojn\u00eb se loja sa vjen e po forcohet dhe shpejt do p\u00ebrballen me njeri-tjetrin.<\/p>\n","protected":false},"excerpt":{"rendered":"<p>17\/03\/09 11:40 Me Sorin dhe Bik\u00ebn bashkohen edhe Dritani, Adela dhe Aida dhe ata vazhdojn\u00eb t\u00eb bisedojn\u00eb se si duhet t\u00eb p\u00ebrballen me nominimet. Sori thot\u00eb se t\u00eb nominuarit duhet t\u00eb ndryshojn\u00eb e nuk duhet t\u00eb jen\u00eb gjithmon\u00eb t\u00eb nj\u00ebjt\u00ebt, pasi ka nga ata q\u00eb nuk e kan\u00eb provuar asnj\u00ebher\u00eb. Ai thot\u00eb se nuk duhet [&hellip;]<\/p>\n","protected":false},"author":1,"featured_media":0,"comment_status":"open","ping_status":"closed","sticky":false,"template":"","format":"standard","meta":{"spay_email":"","jetpack_publicize_message":"","jetpack_is_tweetstorm":false,"jetpack_publicize_feature_enabled":true},"categories":[6502],"tags":[6529,6537,6740,6521,6900,262,8148],"jetpack_publicize_connections":[],"yoast_head":"<!-- This site is optimized with the Yoast SEO plugin v19.1 - https:\/\/yoast.com\/wordpress\/plugins\/seo\/ -->\n<title>Strategjia e nominimeve | Big Brother Albania 2<\/title>\n<meta name=\"description\" content=\"Big Brother Albania 2 - Me Sorin dhe Bik\u00c3\u00abn bashkohen edhe Dritani, Adela dhe Aida dhe ata vazhdojn\u00c3\u00ab t\u00c3\u00ab bisedojn\u00c3\u00ab se si duhet t\u00c3\u00ab p\u00c3\u00abrballen me nominimet\" \/>\n<meta name=\"robots\" content=\"index, follow, max-snippet:-1, max-image-preview:large, max-video-preview:-1\" \/>\n<link rel=\"canonical\" href=\"https:\/\/www.visit-ulcinj.com\/blog\/2009\/03\/19\/strategjia-e-nominimeve\/\" \/>\n<meta property=\"og:locale\" content=\"en_US\" \/>\n<meta property=\"og:type\" content=\"article\" \/>\n<meta property=\"og:title\" content=\"Strategjia e nominimeve | Big Brother Albania 2\" \/>\n<meta property=\"og:description\" content=\"Big Brother Albania 2 - Me Sorin dhe Bik\u00c3\u00abn bashkohen edhe Dritani, Adela dhe Aida dhe ata vazhdojn\u00c3\u00ab t\u00c3\u00ab bisedojn\u00c3\u00ab se si duhet t\u00c3\u00ab p\u00c3\u00abrballen me nominimet\" \/>\n<meta property=\"og:url\" content=\"https:\/\/www.visit-ulcinj.com\/blog\/2009\/03\/19\/strategjia-e-nominimeve\/\" \/>\n<meta property=\"og:site_name\" content=\"Lajme nga Ulqini\" \/>\n<meta property=\"article:published_time\" content=\"2009-03-19T16:11:27+00:00\" \/>\n<meta property=\"og:image\" content=\"http:\/\/www.visit-ulcinj.com\/blog\/wp-content\/uploads\/2009\/03\/per-nominimet3.jpg\" \/>\n<meta name=\"twitter:label1\" content=\"Written by\" \/>\n\t<meta name=\"twitter:data1\" content=\"ulqini\" \/>\n\t<meta name=\"twitter:label2\" content=\"Est. reading time\" \/>\n\t<meta name=\"twitter:data2\" content=\"2 minutes\" \/>\n<script type=\"application\/ld+json\" class=\"yoast-schema-graph\">{\"@context\":\"https:\/\/schema.org\",\"@graph\":[{\"@type\":\"WebSite\",\"@id\":\"https:\/\/www.visit-ulcinj.com\/blog\/#website\",\"url\":\"https:\/\/www.visit-ulcinj.com\/blog\/\",\"name\":\"Lajme nga Ulqini\",\"description\":\"Lajme,Vijesti,Ulqini,Ulqin,Crna Gora,Mali i Zi\",\"potentialAction\":[{\"@type\":\"SearchAction\",\"target\":{\"@type\":\"EntryPoint\",\"urlTemplate\":\"https:\/\/www.visit-ulcinj.com\/blog\/?s={search_term_string}\"},\"query-input\":\"required name=search_term_string\"}],\"inLanguage\":\"en-US\"},{\"@type\":\"ImageObject\",\"inLanguage\":\"en-US\",\"@id\":\"https:\/\/www.visit-ulcinj.com\/blog\/2009\/03\/19\/strategjia-e-nominimeve\/#primaryimage\",\"url\":\"http:\/\/www.visit-ulcinj.com\/blog\/wp-content\/uploads\/2009\/03\/per-nominimet3.jpg\",\"contentUrl\":\"http:\/\/www.visit-ulcinj.com\/blog\/wp-content\/uploads\/2009\/03\/per-nominimet3.jpg\"},{\"@type\":\"WebPage\",\"@id\":\"https:\/\/www.visit-ulcinj.com\/blog\/2009\/03\/19\/strategjia-e-nominimeve\/#webpage\",\"url\":\"https:\/\/www.visit-ulcinj.com\/blog\/2009\/03\/19\/strategjia-e-nominimeve\/\",\"name\":\"Strategjia e nominimeve | Big Brother Albania 2\",\"isPartOf\":{\"@id\":\"https:\/\/www.visit-ulcinj.com\/blog\/#website\"},\"primaryImageOfPage\":{\"@id\":\"https:\/\/www.visit-ulcinj.com\/blog\/2009\/03\/19\/strategjia-e-nominimeve\/#primaryimage\"},\"datePublished\":\"2009-03-19T16:11:27+00:00\",\"dateModified\":\"2009-03-19T16:11:27+00:00\",\"author\":{\"@id\":\"https:\/\/www.visit-ulcinj.com\/blog\/#\/schema\/person\/dcab619c614d3038751c63bc2aadc06d\"},\"description\":\"Big Brother Albania 2 - Me Sorin dhe Bik\u00c3\u00abn bashkohen edhe Dritani, Adela dhe Aida dhe ata vazhdojn\u00c3\u00ab t\u00c3\u00ab bisedojn\u00c3\u00ab se si duhet t\u00c3\u00ab p\u00c3\u00abrballen me nominimet\",\"breadcrumb\":{\"@id\":\"https:\/\/www.visit-ulcinj.com\/blog\/2009\/03\/19\/strategjia-e-nominimeve\/#breadcrumb\"},\"inLanguage\":\"en-US\",\"potentialAction\":[{\"@type\":\"ReadAction\",\"target\":[\"https:\/\/www.visit-ulcinj.com\/blog\/2009\/03\/19\/strategjia-e-nominimeve\/\"]}]},{\"@type\":\"BreadcrumbList\",\"@id\":\"https:\/\/www.visit-ulcinj.com\/blog\/2009\/03\/19\/strategjia-e-nominimeve\/#breadcrumb\",\"itemListElement\":[{\"@type\":\"ListItem\",\"position\":1,\"name\":\"Strategjia e nominimeve\"}]},{\"@type\":\"Person\",\"@id\":\"https:\/\/www.visit-ulcinj.com\/blog\/#\/schema\/person\/dcab619c614d3038751c63bc2aadc06d\",\"name\":\"ulqini\",\"sameAs\":[\"http:\/\/www.visit-ulcinj.com\"],\"url\":\"https:\/\/www.visit-ulcinj.com\/blog\/author\/admin\/\"}]}<\/script>\n<!-- \/ Yoast SEO plugin. -->","yoast_head_json":{"title":"Strategjia e nominimeve | Big Brother Albania 2","description":"Big Brother Albania 2 - Me Sorin dhe Bik\u00c3\u00abn bashkohen edhe Dritani, Adela dhe Aida dhe ata vazhdojn\u00c3\u00ab t\u00c3\u00ab bisedojn\u00c3\u00ab se si duhet t\u00c3\u00ab p\u00c3\u00abrballen me nominimet","robots":{"index":"index","follow":"follow","max-snippet":"max-snippet:-1","max-image-preview":"max-image-preview:large","max-video-preview":"max-video-preview:-1"},"canonical":"https:\/\/www.visit-ulcinj.com\/blog\/2009\/03\/19\/strategjia-e-nominimeve\/","og_locale":"en_US","og_type":"article","og_title":"Strategjia e nominimeve | Big Brother Albania 2","og_description":"Big Brother Albania 2 - Me Sorin dhe Bik\u00c3\u00abn bashkohen edhe Dritani, Adela dhe Aida dhe ata vazhdojn\u00c3\u00ab t\u00c3\u00ab bisedojn\u00c3\u00ab se si duhet t\u00c3\u00ab p\u00c3\u00abrballen me nominimet","og_url":"https:\/\/www.visit-ulcinj.com\/blog\/2009\/03\/19\/strategjia-e-nominimeve\/","og_site_name":"Lajme nga Ulqini","article_published_time":"2009-03-19T16:11:27+00:00","og_image":[{"url":"http:\/\/www.visit-ulcinj.com\/blog\/wp-content\/uploads\/2009\/03\/per-nominimet3.jpg"}],"twitter_misc":{"Written by":"ulqini","Est. reading time":"2 minutes"},"schema":{"@context":"https:\/\/schema.org","@graph":[{"@type":"WebSite","@id":"https:\/\/www.visit-ulcinj.com\/blog\/#website","url":"https:\/\/www.visit-ulcinj.com\/blog\/","name":"Lajme nga Ulqini","description":"Lajme,Vijesti,Ulqini,Ulqin,Crna Gora,Mali i Zi","potentialAction":[{"@type":"SearchAction","target":{"@type":"EntryPoint","urlTemplate":"https:\/\/www.visit-ulcinj.com\/blog\/?s={search_term_string}"},"query-input":"required name=search_term_string"}],"inLanguage":"en-US"},{"@type":"ImageObject","inLanguage":"en-US","@id":"https:\/\/www.visit-ulcinj.com\/blog\/2009\/03\/19\/strategjia-e-nominimeve\/#primaryimage","url":"http:\/\/www.visit-ulcinj.com\/blog\/wp-content\/uploads\/2009\/03\/per-nominimet3.jpg","contentUrl":"http:\/\/www.visit-ulcinj.com\/blog\/wp-content\/uploads\/2009\/03\/per-nominimet3.jpg"},{"@type":"WebPage","@id":"https:\/\/www.visit-ulcinj.com\/blog\/2009\/03\/19\/strategjia-e-nominimeve\/#webpage","url":"https:\/\/www.visit-ulcinj.com\/blog\/2009\/03\/19\/strategjia-e-nominimeve\/","name":"Strategjia e nominimeve | Big Brother Albania 2","isPartOf":{"@id":"https:\/\/www.visit-ulcinj.com\/blog\/#website"},"primaryImageOfPage":{"@id":"https:\/\/www.visit-ulcinj.com\/blog\/2009\/03\/19\/strategjia-e-nominimeve\/#primaryimage"},"datePublished":"2009-03-19T16:11:27+00:00","dateModified":"2009-03-19T16:11:27+00:00","author":{"@id":"https:\/\/www.visit-ulcinj.com\/blog\/#\/schema\/person\/dcab619c614d3038751c63bc2aadc06d"},"description":"Big Brother Albania 2 - Me Sorin dhe Bik\u00c3\u00abn bashkohen edhe Dritani, Adela dhe Aida dhe ata vazhdojn\u00c3\u00ab t\u00c3\u00ab bisedojn\u00c3\u00ab se si duhet t\u00c3\u00ab p\u00c3\u00abrballen me nominimet","breadcrumb":{"@id":"https:\/\/www.visit-ulcinj.com\/blog\/2009\/03\/19\/strategjia-e-nominimeve\/#breadcrumb"},"inLanguage":"en-US","potentialAction":[{"@type":"ReadAction","target":["https:\/\/www.visit-ulcinj.com\/blog\/2009\/03\/19\/strategjia-e-nominimeve\/"]}]},{"@type":"BreadcrumbList","@id":"https:\/\/www.visit-ulcinj.com\/blog\/2009\/03\/19\/strategjia-e-nominimeve\/#breadcrumb","itemListElement":[{"@type":"ListItem","position":1,"name":"Strategjia e nominimeve"}]},{"@type":"Person","@id":"https:\/\/www.visit-ulcinj.com\/blog\/#\/schema\/person\/dcab619c614d3038751c63bc2aadc06d","name":"ulqini","sameAs":["http:\/\/www.visit-ulcinj.com"],"url":"https:\/\/www.visit-ulcinj.com\/blog\/author\/admin\/"}]}},"jetpack_featured_media_url":"","jetpack_sharing_enabled":true,"jetpack_shortlink":"https:\/\/wp.me\/pe6lTn-3PI","_links":{"self":[{"href":"https:\/\/www.visit-ulcinj.com\/blog\/wp-json\/wp\/v2\/posts\/14738"}],"collection":[{"href":"https:\/\/www.visit-ulcinj.com\/blog\/wp-json\/wp\/v2\/posts"}],"about":[{"href":"https:\/\/www.visit-ulcinj.com\/blog\/wp-json\/wp\/v2\/types\/post"}],"author":[{"embeddable":true,"href":"https:\/\/www.visit-ulcinj.com\/blog\/wp-json\/wp\/v2\/users\/1"}],"replies":[{"embeddable":true,"href":"https:\/\/www.visit-ulcinj.com\/blog\/wp-json\/wp\/v2\/comments?post=14738"}],"version-history":[{"count":0,"href":"https:\/\/www.visit-ulcinj.com\/blog\/wp-json\/wp\/v2\/posts\/14738\/revisions"}],"wp:attachment":[{"href":"https:\/\/www.visit-ulcinj.com\/blog\/wp-json\/wp\/v2\/media?parent=14738"}],"wp:term":[{"taxonomy":"category","embeddable":true,"href":"https:\/\/www.visit-ulcinj.com\/blog\/wp-json\/wp\/v2\/categories?post=14738"},{"taxonomy":"post_tag","embeddable":true,"href":"https:\/\/www.visit-ulcinj.com\/blog\/wp-json\/wp\/v2\/tags?post=14738"}],"curies":[{"name":"wp","href":"https:\/\/api.w.org\/{rel}","templated":true}]}}