{"id":1474,"date":"2008-05-04T03:41:37","date_gmt":"2008-05-04T08:41:37","guid":{"rendered":"http:\/\/www.visit-ulcinj.com\/blog\/?p=1474"},"modified":"2008-05-04T06:44:26","modified_gmt":"2008-05-04T11:44:26","slug":"nezaboravan-provod-na-%e2%80%9ekopakabani-ulcinj","status":"publish","type":"post","link":"https:\/\/www.visit-ulcinj.com\/blog\/2008\/05\/04\/nezaboravan-provod-na-%e2%80%9ekopakabani-ulcinj\/","title":{"rendered":"Nezaboravan provod na \u201eKopakabani&#8221; Ulcinj"},"content":{"rendered":"<p><img loading=\"lazy\" class=\"alignleft\" style=\"float: left;\" src=\"http:\/\/www.hollegro.cg.yu\/gallery\/copa\/images\/Copacabana09_jpg.jpg\" alt=\"\" width=\"274\" height=\"212\" \/><strong>Ulcinj <\/strong>&#8211; Serijom zabavnih, sportskih i kulturnih programa na prelijepoj ulcinjskoj pla\u017ei \u201eKopakabana&#8221; prekju?e je odr\u017ean tradicionalni Prvomajski uranak, manifestacija koja ve? dugi niz godina okuplja veliki broj turista i mje\u0161tana. Jednodnevni spektakl, u organizaciji komapnije \u201eHolegro&#8221; i pod pokroviteljstvoom op\u0161tine Ulcinj, ?iji je moto bio \u201eCrna Gora jedan grad&#8221;, sve?ano je otvorio predsjednik op\u0161tine Ulcinj Gzim Hajdinaga.<br \/>\n&#8211; Ovom manifestacijom i proslavom prvomajskih praznika mi promovi\u0161emo predstoje?u turisti?ku sezonu. Ako je suditi po dana\u0161njem danu i broju posjetilaca koji su do\u0161li da se zajedno dru\u017eimo, ubije?en sam da ?e sezona biti i te kako uspje\u0161na. Nudimo vam gostoprimstvo, ljubaznost i ono po ?emu smo tako?e poznati a to su razlike koje nas spajaju i koje su na\u0161e bogatstvo. Dobro do\u0161li u Ulcinj i u\u017eivajte na \u201eKopakabani&#8221; &#8211; kazao je on.<a href=\"http:\/\/www.visit-ulcinj.com\/blog\/wp-content\/uploads\/2008\/05\/67443860_502f129115.jpg\"><img loading=\"lazy\" class=\"alignright attachment wp-att-1475\" style=\"float: right;\" src=\"http:\/\/www.visit-ulcinj.com\/blog\/wp-content\/uploads\/2008\/05\/67443860_502f129115.thumbnail.jpg\" alt=\"prel shkreli\" width=\"200\" height=\"150\" \/><\/a><br \/>\nPrvi ?ovjek kompanije \u201eHolegro&#8221; u ?ijem sastavu posluje jedna od najljep\u0161ih ulcinjskih pla\u017ea Prelja \u0160krelja istakao je da je Ulcinj, tradicionalno gostoprimljiv grad u koji su uvijek dobrodo\u0161li svi ljudi dobre volje ma odakle dolazili.<br \/>\n\u2013 \u017delim da se danas osje?ate ugodno, da u\u017eivate u ?arima ove prelijepe pla\u017ee, bogatoj ponudi hrane i pi?a i da se dru\u017eite. Danas, iako nas ima i iz drugih dr\u017eava, treba da govorimo jednim jezikom, jezikom ljubavi, spajanja i prijateljstva, jer ipak je to najva\u017enije u svemu &#8211; kazao je \u0160krelja. U kulturno-zabavnom programu koji je trajao gotovo \u0161est ?asova u?estvoavao je veliki broj estradnih umjetnika, muzi?kih grupa, kulturno-umjetni?kih dru\u0161tava, humorista. U sportskom dijelu programa odr\u017ean je trunir u pro bi? sokeru i odbojici na pla\u017ei. Organizovano je takmi?enje kajaka\u0161a i igre bez granica. Posjetioci su imali prilike da vide i probaju gurmanluke najboljih kuvara Ulcinja, te da kupe svakojake suvenire. Ipak, najvi\u0161e pa\u017enje privukao je dvoipo?asovni koncert hrvatske grupe \u201eKolonija&#8221;, koja je i te kakao razmdrala vi\u0161e hiljada posjetilaca.<br \/>\n<strong>M.K.<br \/>\nDAN<\/strong><\/p>\n<!-- vimeo error: not a vimeo video -->\n","protected":false},"excerpt":{"rendered":"<p><img loading=\"lazy\" class=\"alignleft\" style=\"float: left;\" src=\"http:\/\/www.hollegro.cg.yu\/gallery\/copa\/images\/Copacabana09_jpg.jpg\" alt=\"\" width=\"140\" height=\"140\" \/><\/p>\n","protected":false},"author":1,"featured_media":0,"comment_status":"open","ping_status":"closed","sticky":false,"template":"","format":"standard","meta":{"spay_email":"","jetpack_publicize_message":"","jetpack_is_tweetstorm":false,"jetpack_publicize_feature_enabled":true},"categories":[15],"tags":[2986,2987,2985],"jetpack_publicize_connections":[],"yoast_head":"<!-- This site is optimized with the Yoast SEO plugin v19.1 - https:\/\/yoast.com\/wordpress\/plugins\/seo\/ -->\n<title>Nezaboravan provod na \u201eKopakabani&quot; Ulcinj - Lajme nga Ulqini<\/title>\n<meta name=\"robots\" content=\"index, follow, max-snippet:-1, max-image-preview:large, max-video-preview:-1\" \/>\n<link rel=\"canonical\" href=\"https:\/\/www.visit-ulcinj.com\/blog\/2008\/05\/04\/nezaboravan-provod-na-\u201ekopakabani-ulcinj\/\" \/>\n<meta property=\"og:locale\" content=\"en_US\" \/>\n<meta property=\"og:type\" content=\"article\" \/>\n<meta property=\"og:title\" content=\"Nezaboravan provod na \u201eKopakabani&quot; Ulcinj - Lajme nga Ulqini\" \/>\n<meta property=\"og:url\" content=\"https:\/\/www.visit-ulcinj.com\/blog\/2008\/05\/04\/nezaboravan-provod-na-\u201ekopakabani-ulcinj\/\" \/>\n<meta property=\"og:site_name\" content=\"Lajme nga Ulqini\" \/>\n<meta property=\"article:published_time\" content=\"2008-05-04T08:41:37+00:00\" \/>\n<meta property=\"article:modified_time\" content=\"2008-05-04T11:44:26+00:00\" \/>\n<meta property=\"og:image\" content=\"http:\/\/www.hollegro.cg.yu\/gallery\/copa\/images\/Copacabana09_jpg.jpg\" \/>\n<meta name=\"twitter:label1\" content=\"Written by\" \/>\n\t<meta name=\"twitter:data1\" content=\"ulqini\" \/>\n\t<meta name=\"twitter:label2\" content=\"Est. reading time\" \/>\n\t<meta name=\"twitter:data2\" content=\"2 minutes\" \/>\n<script type=\"application\/ld+json\" class=\"yoast-schema-graph\">{\"@context\":\"https:\/\/schema.org\",\"@graph\":[{\"@type\":\"WebSite\",\"@id\":\"https:\/\/www.visit-ulcinj.com\/blog\/#website\",\"url\":\"https:\/\/www.visit-ulcinj.com\/blog\/\",\"name\":\"Lajme nga Ulqini\",\"description\":\"Lajme,Vijesti,Ulqini,Ulqin,Crna Gora,Mali i Zi\",\"potentialAction\":[{\"@type\":\"SearchAction\",\"target\":{\"@type\":\"EntryPoint\",\"urlTemplate\":\"https:\/\/www.visit-ulcinj.com\/blog\/?s={search_term_string}\"},\"query-input\":\"required name=search_term_string\"}],\"inLanguage\":\"en-US\"},{\"@type\":\"ImageObject\",\"inLanguage\":\"en-US\",\"@id\":\"https:\/\/www.visit-ulcinj.com\/blog\/2008\/05\/04\/nezaboravan-provod-na-%e2%80%9ekopakabani-ulcinj\/#primaryimage\",\"url\":\"http:\/\/www.hollegro.cg.yu\/gallery\/copa\/images\/Copacabana09_jpg.jpg\",\"contentUrl\":\"http:\/\/www.hollegro.cg.yu\/gallery\/copa\/images\/Copacabana09_jpg.jpg\"},{\"@type\":\"WebPage\",\"@id\":\"https:\/\/www.visit-ulcinj.com\/blog\/2008\/05\/04\/nezaboravan-provod-na-%e2%80%9ekopakabani-ulcinj\/#webpage\",\"url\":\"https:\/\/www.visit-ulcinj.com\/blog\/2008\/05\/04\/nezaboravan-provod-na-%e2%80%9ekopakabani-ulcinj\/\",\"name\":\"Nezaboravan provod na \u201eKopakabani\\\" Ulcinj - Lajme nga Ulqini\",\"isPartOf\":{\"@id\":\"https:\/\/www.visit-ulcinj.com\/blog\/#website\"},\"primaryImageOfPage\":{\"@id\":\"https:\/\/www.visit-ulcinj.com\/blog\/2008\/05\/04\/nezaboravan-provod-na-%e2%80%9ekopakabani-ulcinj\/#primaryimage\"},\"datePublished\":\"2008-05-04T08:41:37+00:00\",\"dateModified\":\"2008-05-04T11:44:26+00:00\",\"author\":{\"@id\":\"https:\/\/www.visit-ulcinj.com\/blog\/#\/schema\/person\/dcab619c614d3038751c63bc2aadc06d\"},\"breadcrumb\":{\"@id\":\"https:\/\/www.visit-ulcinj.com\/blog\/2008\/05\/04\/nezaboravan-provod-na-%e2%80%9ekopakabani-ulcinj\/#breadcrumb\"},\"inLanguage\":\"en-US\",\"potentialAction\":[{\"@type\":\"ReadAction\",\"target\":[\"https:\/\/www.visit-ulcinj.com\/blog\/2008\/05\/04\/nezaboravan-provod-na-%e2%80%9ekopakabani-ulcinj\/\"]}]},{\"@type\":\"BreadcrumbList\",\"@id\":\"https:\/\/www.visit-ulcinj.com\/blog\/2008\/05\/04\/nezaboravan-provod-na-%e2%80%9ekopakabani-ulcinj\/#breadcrumb\",\"itemListElement\":[{\"@type\":\"ListItem\",\"position\":1,\"name\":\"Nezaboravan provod na \u201eKopakabani&#8221; Ulcinj\"}]},{\"@type\":\"Person\",\"@id\":\"https:\/\/www.visit-ulcinj.com\/blog\/#\/schema\/person\/dcab619c614d3038751c63bc2aadc06d\",\"name\":\"ulqini\",\"sameAs\":[\"http:\/\/www.visit-ulcinj.com\"],\"url\":\"https:\/\/www.visit-ulcinj.com\/blog\/author\/admin\/\"}]}<\/script>\n<!-- \/ Yoast SEO plugin. -->","yoast_head_json":{"title":"Nezaboravan provod na \u201eKopakabani\" Ulcinj - Lajme nga Ulqini","robots":{"index":"index","follow":"follow","max-snippet":"max-snippet:-1","max-image-preview":"max-image-preview:large","max-video-preview":"max-video-preview:-1"},"canonical":"https:\/\/www.visit-ulcinj.com\/blog\/2008\/05\/04\/nezaboravan-provod-na-\u201ekopakabani-ulcinj\/","og_locale":"en_US","og_type":"article","og_title":"Nezaboravan provod na \u201eKopakabani\" Ulcinj - Lajme nga Ulqini","og_url":"https:\/\/www.visit-ulcinj.com\/blog\/2008\/05\/04\/nezaboravan-provod-na-\u201ekopakabani-ulcinj\/","og_site_name":"Lajme nga Ulqini","article_published_time":"2008-05-04T08:41:37+00:00","article_modified_time":"2008-05-04T11:44:26+00:00","og_image":[{"url":"http:\/\/www.hollegro.cg.yu\/gallery\/copa\/images\/Copacabana09_jpg.jpg"}],"twitter_misc":{"Written by":"ulqini","Est. reading time":"2 minutes"},"schema":{"@context":"https:\/\/schema.org","@graph":[{"@type":"WebSite","@id":"https:\/\/www.visit-ulcinj.com\/blog\/#website","url":"https:\/\/www.visit-ulcinj.com\/blog\/","name":"Lajme nga Ulqini","description":"Lajme,Vijesti,Ulqini,Ulqin,Crna Gora,Mali i Zi","potentialAction":[{"@type":"SearchAction","target":{"@type":"EntryPoint","urlTemplate":"https:\/\/www.visit-ulcinj.com\/blog\/?s={search_term_string}"},"query-input":"required name=search_term_string"}],"inLanguage":"en-US"},{"@type":"ImageObject","inLanguage":"en-US","@id":"https:\/\/www.visit-ulcinj.com\/blog\/2008\/05\/04\/nezaboravan-provod-na-%e2%80%9ekopakabani-ulcinj\/#primaryimage","url":"http:\/\/www.hollegro.cg.yu\/gallery\/copa\/images\/Copacabana09_jpg.jpg","contentUrl":"http:\/\/www.hollegro.cg.yu\/gallery\/copa\/images\/Copacabana09_jpg.jpg"},{"@type":"WebPage","@id":"https:\/\/www.visit-ulcinj.com\/blog\/2008\/05\/04\/nezaboravan-provod-na-%e2%80%9ekopakabani-ulcinj\/#webpage","url":"https:\/\/www.visit-ulcinj.com\/blog\/2008\/05\/04\/nezaboravan-provod-na-%e2%80%9ekopakabani-ulcinj\/","name":"Nezaboravan provod na \u201eKopakabani\" Ulcinj - Lajme nga Ulqini","isPartOf":{"@id":"https:\/\/www.visit-ulcinj.com\/blog\/#website"},"primaryImageOfPage":{"@id":"https:\/\/www.visit-ulcinj.com\/blog\/2008\/05\/04\/nezaboravan-provod-na-%e2%80%9ekopakabani-ulcinj\/#primaryimage"},"datePublished":"2008-05-04T08:41:37+00:00","dateModified":"2008-05-04T11:44:26+00:00","author":{"@id":"https:\/\/www.visit-ulcinj.com\/blog\/#\/schema\/person\/dcab619c614d3038751c63bc2aadc06d"},"breadcrumb":{"@id":"https:\/\/www.visit-ulcinj.com\/blog\/2008\/05\/04\/nezaboravan-provod-na-%e2%80%9ekopakabani-ulcinj\/#breadcrumb"},"inLanguage":"en-US","potentialAction":[{"@type":"ReadAction","target":["https:\/\/www.visit-ulcinj.com\/blog\/2008\/05\/04\/nezaboravan-provod-na-%e2%80%9ekopakabani-ulcinj\/"]}]},{"@type":"BreadcrumbList","@id":"https:\/\/www.visit-ulcinj.com\/blog\/2008\/05\/04\/nezaboravan-provod-na-%e2%80%9ekopakabani-ulcinj\/#breadcrumb","itemListElement":[{"@type":"ListItem","position":1,"name":"Nezaboravan provod na \u201eKopakabani&#8221; Ulcinj"}]},{"@type":"Person","@id":"https:\/\/www.visit-ulcinj.com\/blog\/#\/schema\/person\/dcab619c614d3038751c63bc2aadc06d","name":"ulqini","sameAs":["http:\/\/www.visit-ulcinj.com"],"url":"https:\/\/www.visit-ulcinj.com\/blog\/author\/admin\/"}]}},"jetpack_featured_media_url":"","jetpack_sharing_enabled":true,"jetpack_shortlink":"https:\/\/wp.me\/pe6lTn-nM","_links":{"self":[{"href":"https:\/\/www.visit-ulcinj.com\/blog\/wp-json\/wp\/v2\/posts\/1474"}],"collection":[{"href":"https:\/\/www.visit-ulcinj.com\/blog\/wp-json\/wp\/v2\/posts"}],"about":[{"href":"https:\/\/www.visit-ulcinj.com\/blog\/wp-json\/wp\/v2\/types\/post"}],"author":[{"embeddable":true,"href":"https:\/\/www.visit-ulcinj.com\/blog\/wp-json\/wp\/v2\/users\/1"}],"replies":[{"embeddable":true,"href":"https:\/\/www.visit-ulcinj.com\/blog\/wp-json\/wp\/v2\/comments?post=1474"}],"version-history":[{"count":0,"href":"https:\/\/www.visit-ulcinj.com\/blog\/wp-json\/wp\/v2\/posts\/1474\/revisions"}],"wp:attachment":[{"href":"https:\/\/www.visit-ulcinj.com\/blog\/wp-json\/wp\/v2\/media?parent=1474"}],"wp:term":[{"taxonomy":"category","embeddable":true,"href":"https:\/\/www.visit-ulcinj.com\/blog\/wp-json\/wp\/v2\/categories?post=1474"},{"taxonomy":"post_tag","embeddable":true,"href":"https:\/\/www.visit-ulcinj.com\/blog\/wp-json\/wp\/v2\/tags?post=1474"}],"curies":[{"name":"wp","href":"https:\/\/api.w.org\/{rel}","templated":true}]}}