{"id":14741,"date":"2009-03-19T17:15:17","date_gmt":"2009-03-19T16:15:17","guid":{"rendered":"http:\/\/www.visit-ulcinj.com\/blog\/?p=14741"},"modified":"2009-03-19T17:15:17","modified_gmt":"2009-03-19T16:15:17","slug":"moza-nuk-eshte-e-vogel","status":"publish","type":"post","link":"https:\/\/www.visit-ulcinj.com\/blog\/2009\/03\/19\/moza-nuk-eshte-e-vogel\/","title":{"rendered":"Moza nuk \u00ebsht\u00eb e vog\u00ebl"},"content":{"rendered":"<p><em><span class=\"newsdate\"><a href=\"http:\/\/www.visit-ulcinj.com\/blog\/wp-content\/uploads\/2009\/03\/per-mozen.jpg\"><img loading=\"lazy\" class=\"alignleft size-full wp-image-14742\" title=\"per-mozen-big-brother-albania-2\" src=\"http:\/\/www.visit-ulcinj.com\/blog\/wp-content\/uploads\/2009\/03\/per-mozen.jpg\" alt=\"per-mozen-big-brother-albania-2\" width=\"300\" height=\"205\" \/><\/a>17\/03\/09 12:15<\/span><\/em><\/p>\n<p>Sori thot\u00eb se n\u00eb debatin q\u00eb pati Adi me Moz\u00ebn, nxori dy konkluzione: e para q\u00eb Lirita nuk i p\u00eblqeu me q\u00ebndrimin q\u00eb mbajti dhe e dyta q\u00eb Moza nxori se ka shum\u00eb t\u00eb meta n\u00eb tipin e saj. Ai tregon se ka q\u00ebn\u00eb jasht\u00eb k\u00ebsaj historie dhe nuk mund t\u00eb vler\u00ebsoj\u00eb se cfar\u00eb ka ndodhur por, si spektator, ka v\u00ebn\u00eb re k\u00ebto gj\u00ebra. Sori shton se me mendjen e tij ka b\u00ebr\u00eb krahasimin se si u soll Adelajda me Agonin dhe se si u soll Moza me Adin. Ai thot\u00eb se Moza \u00ebsht\u00eb sjell\u00eb shum\u00eb keq n\u00eb at\u00eb debat, nd\u00ebrsa Adela e refuzoi Agonin n\u00eb nj\u00eb m\u00ebnyr\u00eb t\u00eb p\u00eblqyeshme dhe t\u00eb vendosur. Sori mendon se Moza duhet t\u00eb kishte reaguar n\u00eb at\u00eb moment ose n\u00eb t\u00eb kund\u00ebrt t\u00eb mos i fuste t\u00eb gjitha vajzat n\u00eb debatin e m\u00ebvonsh\u00ebm.Adelajda komenton sjelljen e Moz\u00ebs dhe thot\u00eb se dhe asaj nuk i p\u00eblqeu. Ajo thot\u00eb se n\u00ebse Adi do ia kishte b\u00ebr\u00eb asaj, do kishte reaguar shum\u00eb keq nd\u00ebrsa sjelljen e Moz\u00ebs ajo e justifikon sepse \u00ebsht\u00eb e vog\u00ebl. Si Sori, dhe Dritani, e kund\u00ebrshtojn\u00eb, pasi Moza nuk \u00ebsht\u00eb e vog\u00ebl; ajo \u00ebsht\u00eb nj\u00eb konkurente e tyre dhe kjo e b\u00ebn t\u00eb barabart\u00eb me t\u00eb tjer\u00ebt dhe sjellja e saj duhet t\u00eb jet\u00eb e nj\u00eb t\u00eb rrituri. Edhe Adela e mendon k\u00ebshtu dhe shton se ajo n\u00eb mosh\u00ebn e Moz\u00ebs nuk sillej si e vog\u00ebl, por ishte ndryshe, gati gati si tani. Dritani thot\u00eb se Moza skualifikoi Pavlinin, Zhuljet\u00ebn e t\u00eb tjer\u00ebt dhe kjo nuk e b\u00ebn m\u00eb t\u00eb vog\u00ebl e m\u00eb t\u00eb par\u00ebnd\u00ebsishme se ata. Ai thot\u00eb se ata vler\u00ebsohen nga publiku dhe \u00ebsht\u00eb ai q\u00eb e ka n\u00eb dor\u00eb m\u00ebnyr\u00ebn se si e sheh nj\u00eb konkurent.<\/p>\n","protected":false},"excerpt":{"rendered":"<p>17\/03\/09 12:15 Sori thot\u00eb se n\u00eb debatin q\u00eb pati Adi me Moz\u00ebn, nxori dy konkluzione: e para q\u00eb Lirita nuk i p\u00eblqeu me q\u00ebndrimin q\u00eb mbajti dhe e dyta q\u00eb Moza nxori se ka shum\u00eb t\u00eb meta n\u00eb tipin e saj. Ai tregon se ka q\u00ebn\u00eb jasht\u00eb k\u00ebsaj historie dhe nuk mund t\u00eb vler\u00ebsoj\u00eb se [&hellip;]<\/p>\n","protected":false},"author":1,"featured_media":0,"comment_status":"open","ping_status":"closed","sticky":false,"template":"","format":"standard","meta":{"spay_email":"","jetpack_publicize_message":"","jetpack_is_tweetstorm":false,"jetpack_publicize_feature_enabled":true},"categories":[6502],"tags":[1414,6537,6883,6516,6712,6521,6542,6544,8149,6900,7304,6891],"jetpack_publicize_connections":[],"yoast_head":"<!-- This site is optimized with the Yoast SEO plugin v19.1 - https:\/\/yoast.com\/wordpress\/plugins\/seo\/ -->\n<title>Moza nuk \u00c3\u00absht\u00c3\u00ab e vog\u00c3\u00abl | Big Brother Albania 2<\/title>\n<meta name=\"description\" content=\"Big Brother Albania 2 - Sori thot\u00c3\u00ab se n\u00c3\u00ab debatin q\u00c3\u00ab pati Adi me Moz\u00c3\u00abn, nxori dy konkluzione: e para q\u00c3\u00ab Lirita nuk i p\u00c3\u00ablqeu me q\u00c3\u00abndrimin q\u00c3\u00ab mbajti dhe e dyta q\u00c3\u00ab Moza nxori se ka shum\u00c3\u00ab t\u00c3\u00ab meta n\u00c3\u00ab tipin e saj.\" \/>\n<meta name=\"robots\" content=\"index, follow, max-snippet:-1, max-image-preview:large, max-video-preview:-1\" \/>\n<link rel=\"canonical\" href=\"https:\/\/www.visit-ulcinj.com\/blog\/2009\/03\/19\/moza-nuk-eshte-e-vogel\/\" \/>\n<meta property=\"og:locale\" content=\"en_US\" \/>\n<meta property=\"og:type\" content=\"article\" \/>\n<meta property=\"og:title\" content=\"Moza nuk \u00c3\u00absht\u00c3\u00ab e vog\u00c3\u00abl | Big Brother Albania 2\" \/>\n<meta property=\"og:description\" content=\"Big Brother Albania 2 - Sori thot\u00c3\u00ab se n\u00c3\u00ab debatin q\u00c3\u00ab pati Adi me Moz\u00c3\u00abn, nxori dy konkluzione: e para q\u00c3\u00ab Lirita nuk i p\u00c3\u00ablqeu me q\u00c3\u00abndrimin q\u00c3\u00ab mbajti dhe e dyta q\u00c3\u00ab Moza nxori se ka shum\u00c3\u00ab t\u00c3\u00ab meta n\u00c3\u00ab tipin e saj.\" \/>\n<meta property=\"og:url\" content=\"https:\/\/www.visit-ulcinj.com\/blog\/2009\/03\/19\/moza-nuk-eshte-e-vogel\/\" \/>\n<meta property=\"og:site_name\" content=\"Lajme nga Ulqini\" \/>\n<meta property=\"article:published_time\" content=\"2009-03-19T16:15:17+00:00\" \/>\n<meta property=\"og:image\" content=\"http:\/\/www.visit-ulcinj.com\/blog\/wp-content\/uploads\/2009\/03\/per-mozen.jpg\" \/>\n<meta name=\"twitter:label1\" content=\"Written by\" \/>\n\t<meta name=\"twitter:data1\" content=\"ulqini\" \/>\n\t<meta name=\"twitter:label2\" content=\"Est. reading time\" \/>\n\t<meta name=\"twitter:data2\" content=\"2 minutes\" \/>\n<script type=\"application\/ld+json\" class=\"yoast-schema-graph\">{\"@context\":\"https:\/\/schema.org\",\"@graph\":[{\"@type\":\"WebSite\",\"@id\":\"https:\/\/www.visit-ulcinj.com\/blog\/#website\",\"url\":\"https:\/\/www.visit-ulcinj.com\/blog\/\",\"name\":\"Lajme nga Ulqini\",\"description\":\"Lajme,Vijesti,Ulqini,Ulqin,Crna Gora,Mali i Zi\",\"potentialAction\":[{\"@type\":\"SearchAction\",\"target\":{\"@type\":\"EntryPoint\",\"urlTemplate\":\"https:\/\/www.visit-ulcinj.com\/blog\/?s={search_term_string}\"},\"query-input\":\"required name=search_term_string\"}],\"inLanguage\":\"en-US\"},{\"@type\":\"ImageObject\",\"inLanguage\":\"en-US\",\"@id\":\"https:\/\/www.visit-ulcinj.com\/blog\/2009\/03\/19\/moza-nuk-eshte-e-vogel\/#primaryimage\",\"url\":\"http:\/\/www.visit-ulcinj.com\/blog\/wp-content\/uploads\/2009\/03\/per-mozen.jpg\",\"contentUrl\":\"http:\/\/www.visit-ulcinj.com\/blog\/wp-content\/uploads\/2009\/03\/per-mozen.jpg\"},{\"@type\":\"WebPage\",\"@id\":\"https:\/\/www.visit-ulcinj.com\/blog\/2009\/03\/19\/moza-nuk-eshte-e-vogel\/#webpage\",\"url\":\"https:\/\/www.visit-ulcinj.com\/blog\/2009\/03\/19\/moza-nuk-eshte-e-vogel\/\",\"name\":\"Moza nuk \u00c3\u00absht\u00c3\u00ab e vog\u00c3\u00abl | Big Brother Albania 2\",\"isPartOf\":{\"@id\":\"https:\/\/www.visit-ulcinj.com\/blog\/#website\"},\"primaryImageOfPage\":{\"@id\":\"https:\/\/www.visit-ulcinj.com\/blog\/2009\/03\/19\/moza-nuk-eshte-e-vogel\/#primaryimage\"},\"datePublished\":\"2009-03-19T16:15:17+00:00\",\"dateModified\":\"2009-03-19T16:15:17+00:00\",\"author\":{\"@id\":\"https:\/\/www.visit-ulcinj.com\/blog\/#\/schema\/person\/dcab619c614d3038751c63bc2aadc06d\"},\"description\":\"Big Brother Albania 2 - Sori thot\u00c3\u00ab se n\u00c3\u00ab debatin q\u00c3\u00ab pati Adi me Moz\u00c3\u00abn, nxori dy konkluzione: e para q\u00c3\u00ab Lirita nuk i p\u00c3\u00ablqeu me q\u00c3\u00abndrimin q\u00c3\u00ab mbajti dhe e dyta q\u00c3\u00ab Moza nxori se ka shum\u00c3\u00ab t\u00c3\u00ab meta n\u00c3\u00ab tipin e saj.\",\"breadcrumb\":{\"@id\":\"https:\/\/www.visit-ulcinj.com\/blog\/2009\/03\/19\/moza-nuk-eshte-e-vogel\/#breadcrumb\"},\"inLanguage\":\"en-US\",\"potentialAction\":[{\"@type\":\"ReadAction\",\"target\":[\"https:\/\/www.visit-ulcinj.com\/blog\/2009\/03\/19\/moza-nuk-eshte-e-vogel\/\"]}]},{\"@type\":\"BreadcrumbList\",\"@id\":\"https:\/\/www.visit-ulcinj.com\/blog\/2009\/03\/19\/moza-nuk-eshte-e-vogel\/#breadcrumb\",\"itemListElement\":[{\"@type\":\"ListItem\",\"position\":1,\"name\":\"Moza nuk \u00ebsht\u00eb e vog\u00ebl\"}]},{\"@type\":\"Person\",\"@id\":\"https:\/\/www.visit-ulcinj.com\/blog\/#\/schema\/person\/dcab619c614d3038751c63bc2aadc06d\",\"name\":\"ulqini\",\"sameAs\":[\"http:\/\/www.visit-ulcinj.com\"],\"url\":\"https:\/\/www.visit-ulcinj.com\/blog\/author\/admin\/\"}]}<\/script>\n<!-- \/ Yoast SEO plugin. -->","yoast_head_json":{"title":"Moza nuk \u00c3\u00absht\u00c3\u00ab e vog\u00c3\u00abl | Big Brother Albania 2","description":"Big Brother Albania 2 - Sori thot\u00c3\u00ab se n\u00c3\u00ab debatin q\u00c3\u00ab pati Adi me Moz\u00c3\u00abn, nxori dy konkluzione: e para q\u00c3\u00ab Lirita nuk i p\u00c3\u00ablqeu me q\u00c3\u00abndrimin q\u00c3\u00ab mbajti dhe e dyta q\u00c3\u00ab Moza nxori se ka shum\u00c3\u00ab t\u00c3\u00ab meta n\u00c3\u00ab tipin e saj.","robots":{"index":"index","follow":"follow","max-snippet":"max-snippet:-1","max-image-preview":"max-image-preview:large","max-video-preview":"max-video-preview:-1"},"canonical":"https:\/\/www.visit-ulcinj.com\/blog\/2009\/03\/19\/moza-nuk-eshte-e-vogel\/","og_locale":"en_US","og_type":"article","og_title":"Moza nuk \u00c3\u00absht\u00c3\u00ab e vog\u00c3\u00abl | Big Brother Albania 2","og_description":"Big Brother Albania 2 - Sori thot\u00c3\u00ab se n\u00c3\u00ab debatin q\u00c3\u00ab pati Adi me Moz\u00c3\u00abn, nxori dy konkluzione: e para q\u00c3\u00ab Lirita nuk i p\u00c3\u00ablqeu me q\u00c3\u00abndrimin q\u00c3\u00ab mbajti dhe e dyta q\u00c3\u00ab Moza nxori se ka shum\u00c3\u00ab t\u00c3\u00ab meta n\u00c3\u00ab tipin e saj.","og_url":"https:\/\/www.visit-ulcinj.com\/blog\/2009\/03\/19\/moza-nuk-eshte-e-vogel\/","og_site_name":"Lajme nga Ulqini","article_published_time":"2009-03-19T16:15:17+00:00","og_image":[{"url":"http:\/\/www.visit-ulcinj.com\/blog\/wp-content\/uploads\/2009\/03\/per-mozen.jpg"}],"twitter_misc":{"Written by":"ulqini","Est. reading time":"2 minutes"},"schema":{"@context":"https:\/\/schema.org","@graph":[{"@type":"WebSite","@id":"https:\/\/www.visit-ulcinj.com\/blog\/#website","url":"https:\/\/www.visit-ulcinj.com\/blog\/","name":"Lajme nga Ulqini","description":"Lajme,Vijesti,Ulqini,Ulqin,Crna Gora,Mali i Zi","potentialAction":[{"@type":"SearchAction","target":{"@type":"EntryPoint","urlTemplate":"https:\/\/www.visit-ulcinj.com\/blog\/?s={search_term_string}"},"query-input":"required name=search_term_string"}],"inLanguage":"en-US"},{"@type":"ImageObject","inLanguage":"en-US","@id":"https:\/\/www.visit-ulcinj.com\/blog\/2009\/03\/19\/moza-nuk-eshte-e-vogel\/#primaryimage","url":"http:\/\/www.visit-ulcinj.com\/blog\/wp-content\/uploads\/2009\/03\/per-mozen.jpg","contentUrl":"http:\/\/www.visit-ulcinj.com\/blog\/wp-content\/uploads\/2009\/03\/per-mozen.jpg"},{"@type":"WebPage","@id":"https:\/\/www.visit-ulcinj.com\/blog\/2009\/03\/19\/moza-nuk-eshte-e-vogel\/#webpage","url":"https:\/\/www.visit-ulcinj.com\/blog\/2009\/03\/19\/moza-nuk-eshte-e-vogel\/","name":"Moza nuk \u00c3\u00absht\u00c3\u00ab e vog\u00c3\u00abl | Big Brother Albania 2","isPartOf":{"@id":"https:\/\/www.visit-ulcinj.com\/blog\/#website"},"primaryImageOfPage":{"@id":"https:\/\/www.visit-ulcinj.com\/blog\/2009\/03\/19\/moza-nuk-eshte-e-vogel\/#primaryimage"},"datePublished":"2009-03-19T16:15:17+00:00","dateModified":"2009-03-19T16:15:17+00:00","author":{"@id":"https:\/\/www.visit-ulcinj.com\/blog\/#\/schema\/person\/dcab619c614d3038751c63bc2aadc06d"},"description":"Big Brother Albania 2 - Sori thot\u00c3\u00ab se n\u00c3\u00ab debatin q\u00c3\u00ab pati Adi me Moz\u00c3\u00abn, nxori dy konkluzione: e para q\u00c3\u00ab Lirita nuk i p\u00c3\u00ablqeu me q\u00c3\u00abndrimin q\u00c3\u00ab mbajti dhe e dyta q\u00c3\u00ab Moza nxori se ka shum\u00c3\u00ab t\u00c3\u00ab meta n\u00c3\u00ab tipin e saj.","breadcrumb":{"@id":"https:\/\/www.visit-ulcinj.com\/blog\/2009\/03\/19\/moza-nuk-eshte-e-vogel\/#breadcrumb"},"inLanguage":"en-US","potentialAction":[{"@type":"ReadAction","target":["https:\/\/www.visit-ulcinj.com\/blog\/2009\/03\/19\/moza-nuk-eshte-e-vogel\/"]}]},{"@type":"BreadcrumbList","@id":"https:\/\/www.visit-ulcinj.com\/blog\/2009\/03\/19\/moza-nuk-eshte-e-vogel\/#breadcrumb","itemListElement":[{"@type":"ListItem","position":1,"name":"Moza nuk \u00ebsht\u00eb e vog\u00ebl"}]},{"@type":"Person","@id":"https:\/\/www.visit-ulcinj.com\/blog\/#\/schema\/person\/dcab619c614d3038751c63bc2aadc06d","name":"ulqini","sameAs":["http:\/\/www.visit-ulcinj.com"],"url":"https:\/\/www.visit-ulcinj.com\/blog\/author\/admin\/"}]}},"jetpack_featured_media_url":"","jetpack_sharing_enabled":true,"jetpack_shortlink":"https:\/\/wp.me\/pe6lTn-3PL","_links":{"self":[{"href":"https:\/\/www.visit-ulcinj.com\/blog\/wp-json\/wp\/v2\/posts\/14741"}],"collection":[{"href":"https:\/\/www.visit-ulcinj.com\/blog\/wp-json\/wp\/v2\/posts"}],"about":[{"href":"https:\/\/www.visit-ulcinj.com\/blog\/wp-json\/wp\/v2\/types\/post"}],"author":[{"embeddable":true,"href":"https:\/\/www.visit-ulcinj.com\/blog\/wp-json\/wp\/v2\/users\/1"}],"replies":[{"embeddable":true,"href":"https:\/\/www.visit-ulcinj.com\/blog\/wp-json\/wp\/v2\/comments?post=14741"}],"version-history":[{"count":0,"href":"https:\/\/www.visit-ulcinj.com\/blog\/wp-json\/wp\/v2\/posts\/14741\/revisions"}],"wp:attachment":[{"href":"https:\/\/www.visit-ulcinj.com\/blog\/wp-json\/wp\/v2\/media?parent=14741"}],"wp:term":[{"taxonomy":"category","embeddable":true,"href":"https:\/\/www.visit-ulcinj.com\/blog\/wp-json\/wp\/v2\/categories?post=14741"},{"taxonomy":"post_tag","embeddable":true,"href":"https:\/\/www.visit-ulcinj.com\/blog\/wp-json\/wp\/v2\/tags?post=14741"}],"curies":[{"name":"wp","href":"https:\/\/api.w.org\/{rel}","templated":true}]}}