{"id":14747,"date":"2009-03-19T17:22:02","date_gmt":"2009-03-19T16:22:02","guid":{"rendered":"http:\/\/www.visit-ulcinj.com\/blog\/?p=14747"},"modified":"2009-03-19T17:22:02","modified_gmt":"2009-03-19T16:22:02","slug":"bjordi-sfitohet-loja-duke-lare-enet","status":"publish","type":"post","link":"https:\/\/www.visit-ulcinj.com\/blog\/2009\/03\/19\/bjordi-sfitohet-loja-duke-lare-enet\/","title":{"rendered":"Bjordi: S`fitohet loja duke lar\u00eb en\u00ebt!"},"content":{"rendered":"<p><em><span class=\"newsdate\"><a href=\"http:\/\/www.visit-ulcinj.com\/blog\/wp-content\/uploads\/2009\/03\/bjordi-debati1.jpg\"><img loading=\"lazy\" class=\"alignleft size-full wp-image-14748\" title=\"bjordi-debati-big-brother-albania-2\" src=\"http:\/\/www.visit-ulcinj.com\/blog\/wp-content\/uploads\/2009\/03\/bjordi-debati1.jpg\" alt=\"bjordi-debati-big-brother-albania-2\" width=\"300\" height=\"205\" \/><\/a>17\/03\/09 17:47<\/span><\/em><\/p>\n<p>Si gjithmon\u00eb mbas drek\u00ebs dy nga banor\u00ebt duhet t\u00eb lajn\u00eb en\u00ebt. Bjordi i thot\u00eb Qetsorit q\u00eb nuk pranon t\u00eb laj en\u00eb, pasi sipas tij njer\u00ebzit jasht\u00eb duan t\u00eb shohin debate, dhe jo njer\u00ebz q\u00eb b\u00ebjn\u00eb vet\u00ebm pun\u00eb. Ai thot\u00eb:-\u201cNuk fitohet loja duke lar\u00eb en\u00ebt!\u201d Qetsori k\u00ebt\u00eb gj\u00eb ja thot\u00eb dhe banor\u00ebve t\u00eb tjer\u00eb dhe k\u00ebtu merr shkas debati me Bjordin. Lirita dhe Adi m\u00ebrziten me fjal\u00ebt e Bjordit pasi ishin ato q\u00eb po lanin en\u00ebt dhe i k\u00ebrkojn\u00eb q\u00eb t\u00eb largohet. Republika revoltohet pasi ajo \u00ebsht\u00eb nj\u00eb nga personat q\u00eb b\u00ebn m\u00eb shum\u00eb pun\u00eb n\u00eb sht\u00ebpi ,dhe shprehja e Bjordit nuk i duket me vend. Ajo mundohet ta sqaroj\u00eb at\u00eb q\u00eb t\u00eb gjith\u00eb personat duhet t\u00eb b\u00ebjn\u00eb pun\u00eb dhe kjo gj\u00eb nuk ka lidhje me loj\u00ebn n\u00eb sht\u00ebpi. Bjordi i thot\u00eb q\u00eb ai nuk e ka b\u00ebr\u00eb asnj\u00ebher\u00eb at\u00eb gj\u00eb dhe nuk ka pse t\u00eb filloj ta b\u00ebj tani q\u00eb ka hyr\u00eb n\u00eb sht\u00ebpi. Republika i thot\u00eb q\u00eb ai nuk ka pse t\u00eb p\u00ebrfitoj\u00eb nga fakti q\u00eb t\u00eb gjith\u00eb personat e p\u00ebrkrahin.Ajo i thot\u00eb:-\u201cNuk ke ardhur p\u00ebr kurs bukurie!\u201d Bjordi debaton dhe me banor\u00ebt e tjer\u00eb n\u00eb lidhje me larjen e en\u00ebve. Aida thot\u00eb q\u00eb ajo nuk e urdh\u00ebron dot p\u00ebr pun\u00ebt. Qetsori i thot\u00eb q\u00eb Bjordin e kan\u00eb p\u00ebrk\u00ebdhelur shum\u00eb.Bjordi thot\u00eb q\u00eb ai k\u00ebshtu \u00ebsht\u00eb dhe n\u00eb jet\u00eb. Ai thot\u00eb:-\u201cDo b\u00ebhesha servil po t\u00eb laja en\u00ebt!\u201d Me k\u00ebt\u00eb fjal\u00eb banor\u00ebt marrin shkas p\u00ebr ta vazhduar m\u00eb tej debatin. Mesida i thot\u00eb :-\u201cE nxorre kok\u00ebn,bravo t\u00eb qoft\u00eb!\u201d Bjordi mundohet t\u00eb sqarohet q\u00eb ato nuk e kuptonin pasi ai nuk shprehej mir\u00eb n\u00eb gjuh\u00ebn Shqipe.<\/p>\n","protected":false},"excerpt":{"rendered":"<p>17\/03\/09 17:47 Si gjithmon\u00eb mbas drek\u00ebs dy nga banor\u00ebt duhet t\u00eb lajn\u00eb en\u00ebt. Bjordi i thot\u00eb Qetsorit q\u00eb nuk pranon t\u00eb laj en\u00eb, pasi sipas tij njer\u00ebzit jasht\u00eb duan t\u00eb shohin debate, dhe jo njer\u00ebz q\u00eb b\u00ebjn\u00eb vet\u00ebm pun\u00eb. Ai thot\u00eb:-\u201cNuk fitohet loja duke lar\u00eb en\u00ebt!\u201d Qetsori k\u00ebt\u00eb gj\u00eb ja thot\u00eb dhe banor\u00ebve t\u00eb tjer\u00eb [&hellip;]<\/p>\n","protected":false},"author":1,"featured_media":0,"comment_status":"open","ping_status":"closed","sticky":false,"template":"","format":"standard","meta":{"spay_email":"","jetpack_publicize_message":"","jetpack_is_tweetstorm":false,"jetpack_publicize_feature_enabled":true},"categories":[6502],"tags":[6529,6883,6516,6712,6522,6542,6900,6891],"jetpack_publicize_connections":[],"yoast_head":"<!-- This site is optimized with the Yoast SEO plugin v19.1 - https:\/\/yoast.com\/wordpress\/plugins\/seo\/ -->\n<title>Bjordi: S`fitohet loja duke lar\u00c3\u00ab en\u00c3\u00abt | Big Brother Albania 2<\/title>\n<meta name=\"description\" content=\"Big Brother Albania 2 - Si gjithmon\u00c3\u00ab mbas drek\u00c3\u00abs dy nga banor\u00c3\u00abt duhet t\u00c3\u00ab lajn\u00c3\u00ab en\u00c3\u00abt.\" \/>\n<meta name=\"robots\" content=\"index, follow, max-snippet:-1, max-image-preview:large, max-video-preview:-1\" \/>\n<link rel=\"canonical\" href=\"https:\/\/www.visit-ulcinj.com\/blog\/2009\/03\/19\/bjordi-sfitohet-loja-duke-lare-enet\/\" \/>\n<meta property=\"og:locale\" content=\"en_US\" \/>\n<meta property=\"og:type\" content=\"article\" \/>\n<meta property=\"og:title\" content=\"Bjordi: S`fitohet loja duke lar\u00c3\u00ab en\u00c3\u00abt | Big Brother Albania 2\" \/>\n<meta property=\"og:description\" content=\"Big Brother Albania 2 - Si gjithmon\u00c3\u00ab mbas drek\u00c3\u00abs dy nga banor\u00c3\u00abt duhet t\u00c3\u00ab lajn\u00c3\u00ab en\u00c3\u00abt.\" \/>\n<meta property=\"og:url\" content=\"https:\/\/www.visit-ulcinj.com\/blog\/2009\/03\/19\/bjordi-sfitohet-loja-duke-lare-enet\/\" \/>\n<meta property=\"og:site_name\" content=\"Lajme nga Ulqini\" \/>\n<meta property=\"article:published_time\" content=\"2009-03-19T16:22:02+00:00\" \/>\n<meta property=\"og:image\" content=\"http:\/\/www.visit-ulcinj.com\/blog\/wp-content\/uploads\/2009\/03\/bjordi-debati1.jpg\" \/>\n<meta name=\"twitter:label1\" content=\"Written by\" \/>\n\t<meta name=\"twitter:data1\" content=\"ulqini\" \/>\n\t<meta name=\"twitter:label2\" content=\"Est. reading time\" \/>\n\t<meta name=\"twitter:data2\" content=\"2 minutes\" \/>\n<script type=\"application\/ld+json\" class=\"yoast-schema-graph\">{\"@context\":\"https:\/\/schema.org\",\"@graph\":[{\"@type\":\"WebSite\",\"@id\":\"https:\/\/www.visit-ulcinj.com\/blog\/#website\",\"url\":\"https:\/\/www.visit-ulcinj.com\/blog\/\",\"name\":\"Lajme nga Ulqini\",\"description\":\"Lajme,Vijesti,Ulqini,Ulqin,Crna Gora,Mali i Zi\",\"potentialAction\":[{\"@type\":\"SearchAction\",\"target\":{\"@type\":\"EntryPoint\",\"urlTemplate\":\"https:\/\/www.visit-ulcinj.com\/blog\/?s={search_term_string}\"},\"query-input\":\"required name=search_term_string\"}],\"inLanguage\":\"en-US\"},{\"@type\":\"ImageObject\",\"inLanguage\":\"en-US\",\"@id\":\"https:\/\/www.visit-ulcinj.com\/blog\/2009\/03\/19\/bjordi-sfitohet-loja-duke-lare-enet\/#primaryimage\",\"url\":\"http:\/\/www.visit-ulcinj.com\/blog\/wp-content\/uploads\/2009\/03\/bjordi-debati1.jpg\",\"contentUrl\":\"http:\/\/www.visit-ulcinj.com\/blog\/wp-content\/uploads\/2009\/03\/bjordi-debati1.jpg\"},{\"@type\":\"WebPage\",\"@id\":\"https:\/\/www.visit-ulcinj.com\/blog\/2009\/03\/19\/bjordi-sfitohet-loja-duke-lare-enet\/#webpage\",\"url\":\"https:\/\/www.visit-ulcinj.com\/blog\/2009\/03\/19\/bjordi-sfitohet-loja-duke-lare-enet\/\",\"name\":\"Bjordi: S`fitohet loja duke lar\u00c3\u00ab en\u00c3\u00abt | Big Brother Albania 2\",\"isPartOf\":{\"@id\":\"https:\/\/www.visit-ulcinj.com\/blog\/#website\"},\"primaryImageOfPage\":{\"@id\":\"https:\/\/www.visit-ulcinj.com\/blog\/2009\/03\/19\/bjordi-sfitohet-loja-duke-lare-enet\/#primaryimage\"},\"datePublished\":\"2009-03-19T16:22:02+00:00\",\"dateModified\":\"2009-03-19T16:22:02+00:00\",\"author\":{\"@id\":\"https:\/\/www.visit-ulcinj.com\/blog\/#\/schema\/person\/dcab619c614d3038751c63bc2aadc06d\"},\"description\":\"Big Brother Albania 2 - Si gjithmon\u00c3\u00ab mbas drek\u00c3\u00abs dy nga banor\u00c3\u00abt duhet t\u00c3\u00ab lajn\u00c3\u00ab en\u00c3\u00abt.\",\"breadcrumb\":{\"@id\":\"https:\/\/www.visit-ulcinj.com\/blog\/2009\/03\/19\/bjordi-sfitohet-loja-duke-lare-enet\/#breadcrumb\"},\"inLanguage\":\"en-US\",\"potentialAction\":[{\"@type\":\"ReadAction\",\"target\":[\"https:\/\/www.visit-ulcinj.com\/blog\/2009\/03\/19\/bjordi-sfitohet-loja-duke-lare-enet\/\"]}]},{\"@type\":\"BreadcrumbList\",\"@id\":\"https:\/\/www.visit-ulcinj.com\/blog\/2009\/03\/19\/bjordi-sfitohet-loja-duke-lare-enet\/#breadcrumb\",\"itemListElement\":[{\"@type\":\"ListItem\",\"position\":1,\"name\":\"Bjordi: S`fitohet loja duke lar\u00eb en\u00ebt!\"}]},{\"@type\":\"Person\",\"@id\":\"https:\/\/www.visit-ulcinj.com\/blog\/#\/schema\/person\/dcab619c614d3038751c63bc2aadc06d\",\"name\":\"ulqini\",\"sameAs\":[\"http:\/\/www.visit-ulcinj.com\"],\"url\":\"https:\/\/www.visit-ulcinj.com\/blog\/author\/admin\/\"}]}<\/script>\n<!-- \/ Yoast SEO plugin. -->","yoast_head_json":{"title":"Bjordi: S`fitohet loja duke lar\u00c3\u00ab en\u00c3\u00abt | Big Brother Albania 2","description":"Big Brother Albania 2 - Si gjithmon\u00c3\u00ab mbas drek\u00c3\u00abs dy nga banor\u00c3\u00abt duhet t\u00c3\u00ab lajn\u00c3\u00ab en\u00c3\u00abt.","robots":{"index":"index","follow":"follow","max-snippet":"max-snippet:-1","max-image-preview":"max-image-preview:large","max-video-preview":"max-video-preview:-1"},"canonical":"https:\/\/www.visit-ulcinj.com\/blog\/2009\/03\/19\/bjordi-sfitohet-loja-duke-lare-enet\/","og_locale":"en_US","og_type":"article","og_title":"Bjordi: S`fitohet loja duke lar\u00c3\u00ab en\u00c3\u00abt | Big Brother Albania 2","og_description":"Big Brother Albania 2 - Si gjithmon\u00c3\u00ab mbas drek\u00c3\u00abs dy nga banor\u00c3\u00abt duhet t\u00c3\u00ab lajn\u00c3\u00ab en\u00c3\u00abt.","og_url":"https:\/\/www.visit-ulcinj.com\/blog\/2009\/03\/19\/bjordi-sfitohet-loja-duke-lare-enet\/","og_site_name":"Lajme nga Ulqini","article_published_time":"2009-03-19T16:22:02+00:00","og_image":[{"url":"http:\/\/www.visit-ulcinj.com\/blog\/wp-content\/uploads\/2009\/03\/bjordi-debati1.jpg"}],"twitter_misc":{"Written by":"ulqini","Est. reading time":"2 minutes"},"schema":{"@context":"https:\/\/schema.org","@graph":[{"@type":"WebSite","@id":"https:\/\/www.visit-ulcinj.com\/blog\/#website","url":"https:\/\/www.visit-ulcinj.com\/blog\/","name":"Lajme nga Ulqini","description":"Lajme,Vijesti,Ulqini,Ulqin,Crna Gora,Mali i Zi","potentialAction":[{"@type":"SearchAction","target":{"@type":"EntryPoint","urlTemplate":"https:\/\/www.visit-ulcinj.com\/blog\/?s={search_term_string}"},"query-input":"required name=search_term_string"}],"inLanguage":"en-US"},{"@type":"ImageObject","inLanguage":"en-US","@id":"https:\/\/www.visit-ulcinj.com\/blog\/2009\/03\/19\/bjordi-sfitohet-loja-duke-lare-enet\/#primaryimage","url":"http:\/\/www.visit-ulcinj.com\/blog\/wp-content\/uploads\/2009\/03\/bjordi-debati1.jpg","contentUrl":"http:\/\/www.visit-ulcinj.com\/blog\/wp-content\/uploads\/2009\/03\/bjordi-debati1.jpg"},{"@type":"WebPage","@id":"https:\/\/www.visit-ulcinj.com\/blog\/2009\/03\/19\/bjordi-sfitohet-loja-duke-lare-enet\/#webpage","url":"https:\/\/www.visit-ulcinj.com\/blog\/2009\/03\/19\/bjordi-sfitohet-loja-duke-lare-enet\/","name":"Bjordi: S`fitohet loja duke lar\u00c3\u00ab en\u00c3\u00abt | Big Brother Albania 2","isPartOf":{"@id":"https:\/\/www.visit-ulcinj.com\/blog\/#website"},"primaryImageOfPage":{"@id":"https:\/\/www.visit-ulcinj.com\/blog\/2009\/03\/19\/bjordi-sfitohet-loja-duke-lare-enet\/#primaryimage"},"datePublished":"2009-03-19T16:22:02+00:00","dateModified":"2009-03-19T16:22:02+00:00","author":{"@id":"https:\/\/www.visit-ulcinj.com\/blog\/#\/schema\/person\/dcab619c614d3038751c63bc2aadc06d"},"description":"Big Brother Albania 2 - Si gjithmon\u00c3\u00ab mbas drek\u00c3\u00abs dy nga banor\u00c3\u00abt duhet t\u00c3\u00ab lajn\u00c3\u00ab en\u00c3\u00abt.","breadcrumb":{"@id":"https:\/\/www.visit-ulcinj.com\/blog\/2009\/03\/19\/bjordi-sfitohet-loja-duke-lare-enet\/#breadcrumb"},"inLanguage":"en-US","potentialAction":[{"@type":"ReadAction","target":["https:\/\/www.visit-ulcinj.com\/blog\/2009\/03\/19\/bjordi-sfitohet-loja-duke-lare-enet\/"]}]},{"@type":"BreadcrumbList","@id":"https:\/\/www.visit-ulcinj.com\/blog\/2009\/03\/19\/bjordi-sfitohet-loja-duke-lare-enet\/#breadcrumb","itemListElement":[{"@type":"ListItem","position":1,"name":"Bjordi: S`fitohet loja duke lar\u00eb en\u00ebt!"}]},{"@type":"Person","@id":"https:\/\/www.visit-ulcinj.com\/blog\/#\/schema\/person\/dcab619c614d3038751c63bc2aadc06d","name":"ulqini","sameAs":["http:\/\/www.visit-ulcinj.com"],"url":"https:\/\/www.visit-ulcinj.com\/blog\/author\/admin\/"}]}},"jetpack_featured_media_url":"","jetpack_sharing_enabled":true,"jetpack_shortlink":"https:\/\/wp.me\/pe6lTn-3PR","_links":{"self":[{"href":"https:\/\/www.visit-ulcinj.com\/blog\/wp-json\/wp\/v2\/posts\/14747"}],"collection":[{"href":"https:\/\/www.visit-ulcinj.com\/blog\/wp-json\/wp\/v2\/posts"}],"about":[{"href":"https:\/\/www.visit-ulcinj.com\/blog\/wp-json\/wp\/v2\/types\/post"}],"author":[{"embeddable":true,"href":"https:\/\/www.visit-ulcinj.com\/blog\/wp-json\/wp\/v2\/users\/1"}],"replies":[{"embeddable":true,"href":"https:\/\/www.visit-ulcinj.com\/blog\/wp-json\/wp\/v2\/comments?post=14747"}],"version-history":[{"count":0,"href":"https:\/\/www.visit-ulcinj.com\/blog\/wp-json\/wp\/v2\/posts\/14747\/revisions"}],"wp:attachment":[{"href":"https:\/\/www.visit-ulcinj.com\/blog\/wp-json\/wp\/v2\/media?parent=14747"}],"wp:term":[{"taxonomy":"category","embeddable":true,"href":"https:\/\/www.visit-ulcinj.com\/blog\/wp-json\/wp\/v2\/categories?post=14747"},{"taxonomy":"post_tag","embeddable":true,"href":"https:\/\/www.visit-ulcinj.com\/blog\/wp-json\/wp\/v2\/tags?post=14747"}],"curies":[{"name":"wp","href":"https:\/\/api.w.org\/{rel}","templated":true}]}}