{"id":14754,"date":"2009-03-19T17:32:01","date_gmt":"2009-03-19T16:32:01","guid":{"rendered":"http:\/\/www.visit-ulcinj.com\/blog\/?p=14754"},"modified":"2009-03-19T17:32:01","modified_gmt":"2009-03-19T16:32:01","slug":"lirita-kane-humbur-shume-pike","status":"publish","type":"post","link":"https:\/\/www.visit-ulcinj.com\/blog\/2009\/03\/19\/lirita-kane-humbur-shume-pike\/","title":{"rendered":"Lirita: Kan\u00eb humbur shum\u00eb pik\u00eb !"},"content":{"rendered":"<p><em><span class=\"newsdate\"><a href=\"http:\/\/www.visit-ulcinj.com\/blog\/wp-content\/uploads\/2009\/03\/lirita-dhe-bjordi.jpg\"><img loading=\"lazy\" class=\"alignleft size-full wp-image-14755\" title=\"lirita-dhe-bjordi-big-brother-albania-2\" src=\"http:\/\/www.visit-ulcinj.com\/blog\/wp-content\/uploads\/2009\/03\/lirita-dhe-bjordi.jpg\" alt=\"lirita-dhe-bjordi-big-brother-albania-2\" width=\"300\" height=\"205\" \/><\/a>17\/03\/09 19:45<\/span><\/em><\/p>\n<p>Bjordi shkon t`i k\u00ebrkoj\u00eb falje Lirit\u00ebs pasi ishte m\u00ebrzitur me fjal\u00ebt e tij. Lirita i thot\u00eb q\u00eb nuk i kishte p\u00eblqyer q\u00eb Adelajda kishte qeshur nd\u00ebrkoh\u00eb q\u00eb t\u00eb tjer\u00ebt po debatonin. Ajo thot\u00eb q\u00eb ishte nj\u00eb m\u00ebnyr\u00eb e keqe dhe se kjo gj\u00eb po ndikonte tek Bjordi. Bised\u00ebn e d\u00ebgjon dhe Adelajda e cila e pyet me ironi:-\u201cMe mua e ke ti Lirita?\u201d Lirita i thot\u00eb q\u00eb ajo nuk ka pse t\u00eb nd\u00ebrhyj\u00eb, pasi \u00ebsht\u00eb nj\u00eb bised\u00eb mes saj dhe Bjordit. Ai mundohet t\u00eb justifikoj\u00eb sjelljen e Adelajd\u00ebs duke th\u00ebn\u00eb q\u00eb \u00ebsht\u00eb m\u00ebnyra e t\u00eb reaguarit t\u00eb nj\u00eb personi, p\u00ebr nj\u00eb situat\u00eb. Ajo i thot\u00eb:-\u201cA di nj\u00ebri t\u00eb jet\u00eb i v\u00ebrtet\u00eb!\u201d Bjordi i thot\u00eb q\u00eb kjo \u00ebsht\u00eb arsyeja pse ai e hapi debatin. Lirita largohet dhe shkon dhe diskuton me Republik\u00ebn p\u00ebr sjelljen e Adelajd\u00ebs. Ajo i thot\u00eb q\u00eb e shqet\u00ebsojn\u00eb shum\u00eb mimikat q\u00eb b\u00ebn Adelajda dhe shton:-\u201cP\u00ebr mua kan\u00eb humbur t\u00eb dy shum\u00eb pik\u00eb!\u201d<\/p>\n","protected":false},"excerpt":{"rendered":"<p>17\/03\/09 19:45 Bjordi shkon t`i k\u00ebrkoj\u00eb falje Lirit\u00ebs pasi ishte m\u00ebrzitur me fjal\u00ebt e tij. Lirita i thot\u00eb q\u00eb nuk i kishte p\u00eblqyer q\u00eb Adelajda kishte qeshur nd\u00ebrkoh\u00eb q\u00eb t\u00eb tjer\u00ebt po debatonin. Ajo thot\u00eb q\u00eb ishte nj\u00eb m\u00ebnyr\u00eb e keqe dhe se kjo gj\u00eb po ndikonte tek Bjordi. Bised\u00ebn e d\u00ebgjon dhe Adelajda e [&hellip;]<\/p>\n","protected":false},"author":1,"featured_media":0,"comment_status":"open","ping_status":"closed","sticky":false,"template":"","format":"standard","meta":{"spay_email":"","jetpack_publicize_message":"","jetpack_is_tweetstorm":false,"jetpack_publicize_feature_enabled":true},"categories":[6502],"tags":[6529,6883,6516,6712,6522,6542,6891],"jetpack_publicize_connections":[],"yoast_head":"<!-- This site is optimized with the Yoast SEO plugin v19.1 - https:\/\/yoast.com\/wordpress\/plugins\/seo\/ -->\n<title>Lirita: Kan\u00c3\u00ab humbur shum\u00c3\u00ab pik\u00c3\u00ab ! | Big Brother Albania 2<\/title>\n<meta name=\"description\" content=\"Big Brother Albania 2 - Bjordi shkon t`i k\u00c3\u00abrkoj\u00c3\u00ab falje Lirit\u00c3\u00abs pasi ishte m\u00c3\u00abrzitur me fjal\u00c3\u00abt e tij.\" \/>\n<meta name=\"robots\" content=\"index, follow, max-snippet:-1, max-image-preview:large, max-video-preview:-1\" \/>\n<link rel=\"canonical\" href=\"https:\/\/www.visit-ulcinj.com\/blog\/2009\/03\/19\/lirita-kane-humbur-shume-pike\/\" \/>\n<meta property=\"og:locale\" content=\"en_US\" \/>\n<meta property=\"og:type\" content=\"article\" \/>\n<meta property=\"og:title\" content=\"Lirita: Kan\u00c3\u00ab humbur shum\u00c3\u00ab pik\u00c3\u00ab ! | Big Brother Albania 2\" \/>\n<meta property=\"og:description\" content=\"Big Brother Albania 2 - Bjordi shkon t`i k\u00c3\u00abrkoj\u00c3\u00ab falje Lirit\u00c3\u00abs pasi ishte m\u00c3\u00abrzitur me fjal\u00c3\u00abt e tij.\" \/>\n<meta property=\"og:url\" content=\"https:\/\/www.visit-ulcinj.com\/blog\/2009\/03\/19\/lirita-kane-humbur-shume-pike\/\" \/>\n<meta property=\"og:site_name\" content=\"Lajme nga Ulqini\" \/>\n<meta property=\"article:published_time\" content=\"2009-03-19T16:32:01+00:00\" \/>\n<meta property=\"og:image\" content=\"http:\/\/www.visit-ulcinj.com\/blog\/wp-content\/uploads\/2009\/03\/lirita-dhe-bjordi.jpg\" \/>\n<meta name=\"twitter:label1\" content=\"Written by\" \/>\n\t<meta name=\"twitter:data1\" content=\"ulqini\" \/>\n\t<meta name=\"twitter:label2\" content=\"Est. reading time\" \/>\n\t<meta name=\"twitter:data2\" content=\"1 minute\" \/>\n<script type=\"application\/ld+json\" class=\"yoast-schema-graph\">{\"@context\":\"https:\/\/schema.org\",\"@graph\":[{\"@type\":\"WebSite\",\"@id\":\"https:\/\/www.visit-ulcinj.com\/blog\/#website\",\"url\":\"https:\/\/www.visit-ulcinj.com\/blog\/\",\"name\":\"Lajme nga Ulqini\",\"description\":\"Lajme,Vijesti,Ulqini,Ulqin,Crna Gora,Mali i Zi\",\"potentialAction\":[{\"@type\":\"SearchAction\",\"target\":{\"@type\":\"EntryPoint\",\"urlTemplate\":\"https:\/\/www.visit-ulcinj.com\/blog\/?s={search_term_string}\"},\"query-input\":\"required name=search_term_string\"}],\"inLanguage\":\"en-US\"},{\"@type\":\"ImageObject\",\"inLanguage\":\"en-US\",\"@id\":\"https:\/\/www.visit-ulcinj.com\/blog\/2009\/03\/19\/lirita-kane-humbur-shume-pike\/#primaryimage\",\"url\":\"http:\/\/www.visit-ulcinj.com\/blog\/wp-content\/uploads\/2009\/03\/lirita-dhe-bjordi.jpg\",\"contentUrl\":\"http:\/\/www.visit-ulcinj.com\/blog\/wp-content\/uploads\/2009\/03\/lirita-dhe-bjordi.jpg\"},{\"@type\":\"WebPage\",\"@id\":\"https:\/\/www.visit-ulcinj.com\/blog\/2009\/03\/19\/lirita-kane-humbur-shume-pike\/#webpage\",\"url\":\"https:\/\/www.visit-ulcinj.com\/blog\/2009\/03\/19\/lirita-kane-humbur-shume-pike\/\",\"name\":\"Lirita: Kan\u00c3\u00ab humbur shum\u00c3\u00ab pik\u00c3\u00ab ! | Big Brother Albania 2\",\"isPartOf\":{\"@id\":\"https:\/\/www.visit-ulcinj.com\/blog\/#website\"},\"primaryImageOfPage\":{\"@id\":\"https:\/\/www.visit-ulcinj.com\/blog\/2009\/03\/19\/lirita-kane-humbur-shume-pike\/#primaryimage\"},\"datePublished\":\"2009-03-19T16:32:01+00:00\",\"dateModified\":\"2009-03-19T16:32:01+00:00\",\"author\":{\"@id\":\"https:\/\/www.visit-ulcinj.com\/blog\/#\/schema\/person\/dcab619c614d3038751c63bc2aadc06d\"},\"description\":\"Big Brother Albania 2 - Bjordi shkon t`i k\u00c3\u00abrkoj\u00c3\u00ab falje Lirit\u00c3\u00abs pasi ishte m\u00c3\u00abrzitur me fjal\u00c3\u00abt e tij.\",\"breadcrumb\":{\"@id\":\"https:\/\/www.visit-ulcinj.com\/blog\/2009\/03\/19\/lirita-kane-humbur-shume-pike\/#breadcrumb\"},\"inLanguage\":\"en-US\",\"potentialAction\":[{\"@type\":\"ReadAction\",\"target\":[\"https:\/\/www.visit-ulcinj.com\/blog\/2009\/03\/19\/lirita-kane-humbur-shume-pike\/\"]}]},{\"@type\":\"BreadcrumbList\",\"@id\":\"https:\/\/www.visit-ulcinj.com\/blog\/2009\/03\/19\/lirita-kane-humbur-shume-pike\/#breadcrumb\",\"itemListElement\":[{\"@type\":\"ListItem\",\"position\":1,\"name\":\"Lirita: Kan\u00eb humbur shum\u00eb pik\u00eb !\"}]},{\"@type\":\"Person\",\"@id\":\"https:\/\/www.visit-ulcinj.com\/blog\/#\/schema\/person\/dcab619c614d3038751c63bc2aadc06d\",\"name\":\"ulqini\",\"sameAs\":[\"http:\/\/www.visit-ulcinj.com\"],\"url\":\"https:\/\/www.visit-ulcinj.com\/blog\/author\/admin\/\"}]}<\/script>\n<!-- \/ Yoast SEO plugin. -->","yoast_head_json":{"title":"Lirita: Kan\u00c3\u00ab humbur shum\u00c3\u00ab pik\u00c3\u00ab ! | Big Brother Albania 2","description":"Big Brother Albania 2 - Bjordi shkon t`i k\u00c3\u00abrkoj\u00c3\u00ab falje Lirit\u00c3\u00abs pasi ishte m\u00c3\u00abrzitur me fjal\u00c3\u00abt e tij.","robots":{"index":"index","follow":"follow","max-snippet":"max-snippet:-1","max-image-preview":"max-image-preview:large","max-video-preview":"max-video-preview:-1"},"canonical":"https:\/\/www.visit-ulcinj.com\/blog\/2009\/03\/19\/lirita-kane-humbur-shume-pike\/","og_locale":"en_US","og_type":"article","og_title":"Lirita: Kan\u00c3\u00ab humbur shum\u00c3\u00ab pik\u00c3\u00ab ! | Big Brother Albania 2","og_description":"Big Brother Albania 2 - Bjordi shkon t`i k\u00c3\u00abrkoj\u00c3\u00ab falje Lirit\u00c3\u00abs pasi ishte m\u00c3\u00abrzitur me fjal\u00c3\u00abt e tij.","og_url":"https:\/\/www.visit-ulcinj.com\/blog\/2009\/03\/19\/lirita-kane-humbur-shume-pike\/","og_site_name":"Lajme nga Ulqini","article_published_time":"2009-03-19T16:32:01+00:00","og_image":[{"url":"http:\/\/www.visit-ulcinj.com\/blog\/wp-content\/uploads\/2009\/03\/lirita-dhe-bjordi.jpg"}],"twitter_misc":{"Written by":"ulqini","Est. reading time":"1 minute"},"schema":{"@context":"https:\/\/schema.org","@graph":[{"@type":"WebSite","@id":"https:\/\/www.visit-ulcinj.com\/blog\/#website","url":"https:\/\/www.visit-ulcinj.com\/blog\/","name":"Lajme nga Ulqini","description":"Lajme,Vijesti,Ulqini,Ulqin,Crna Gora,Mali i Zi","potentialAction":[{"@type":"SearchAction","target":{"@type":"EntryPoint","urlTemplate":"https:\/\/www.visit-ulcinj.com\/blog\/?s={search_term_string}"},"query-input":"required name=search_term_string"}],"inLanguage":"en-US"},{"@type":"ImageObject","inLanguage":"en-US","@id":"https:\/\/www.visit-ulcinj.com\/blog\/2009\/03\/19\/lirita-kane-humbur-shume-pike\/#primaryimage","url":"http:\/\/www.visit-ulcinj.com\/blog\/wp-content\/uploads\/2009\/03\/lirita-dhe-bjordi.jpg","contentUrl":"http:\/\/www.visit-ulcinj.com\/blog\/wp-content\/uploads\/2009\/03\/lirita-dhe-bjordi.jpg"},{"@type":"WebPage","@id":"https:\/\/www.visit-ulcinj.com\/blog\/2009\/03\/19\/lirita-kane-humbur-shume-pike\/#webpage","url":"https:\/\/www.visit-ulcinj.com\/blog\/2009\/03\/19\/lirita-kane-humbur-shume-pike\/","name":"Lirita: Kan\u00c3\u00ab humbur shum\u00c3\u00ab pik\u00c3\u00ab ! | Big Brother Albania 2","isPartOf":{"@id":"https:\/\/www.visit-ulcinj.com\/blog\/#website"},"primaryImageOfPage":{"@id":"https:\/\/www.visit-ulcinj.com\/blog\/2009\/03\/19\/lirita-kane-humbur-shume-pike\/#primaryimage"},"datePublished":"2009-03-19T16:32:01+00:00","dateModified":"2009-03-19T16:32:01+00:00","author":{"@id":"https:\/\/www.visit-ulcinj.com\/blog\/#\/schema\/person\/dcab619c614d3038751c63bc2aadc06d"},"description":"Big Brother Albania 2 - Bjordi shkon t`i k\u00c3\u00abrkoj\u00c3\u00ab falje Lirit\u00c3\u00abs pasi ishte m\u00c3\u00abrzitur me fjal\u00c3\u00abt e tij.","breadcrumb":{"@id":"https:\/\/www.visit-ulcinj.com\/blog\/2009\/03\/19\/lirita-kane-humbur-shume-pike\/#breadcrumb"},"inLanguage":"en-US","potentialAction":[{"@type":"ReadAction","target":["https:\/\/www.visit-ulcinj.com\/blog\/2009\/03\/19\/lirita-kane-humbur-shume-pike\/"]}]},{"@type":"BreadcrumbList","@id":"https:\/\/www.visit-ulcinj.com\/blog\/2009\/03\/19\/lirita-kane-humbur-shume-pike\/#breadcrumb","itemListElement":[{"@type":"ListItem","position":1,"name":"Lirita: Kan\u00eb humbur shum\u00eb pik\u00eb !"}]},{"@type":"Person","@id":"https:\/\/www.visit-ulcinj.com\/blog\/#\/schema\/person\/dcab619c614d3038751c63bc2aadc06d","name":"ulqini","sameAs":["http:\/\/www.visit-ulcinj.com"],"url":"https:\/\/www.visit-ulcinj.com\/blog\/author\/admin\/"}]}},"jetpack_featured_media_url":"","jetpack_sharing_enabled":true,"jetpack_shortlink":"https:\/\/wp.me\/pe6lTn-3PY","_links":{"self":[{"href":"https:\/\/www.visit-ulcinj.com\/blog\/wp-json\/wp\/v2\/posts\/14754"}],"collection":[{"href":"https:\/\/www.visit-ulcinj.com\/blog\/wp-json\/wp\/v2\/posts"}],"about":[{"href":"https:\/\/www.visit-ulcinj.com\/blog\/wp-json\/wp\/v2\/types\/post"}],"author":[{"embeddable":true,"href":"https:\/\/www.visit-ulcinj.com\/blog\/wp-json\/wp\/v2\/users\/1"}],"replies":[{"embeddable":true,"href":"https:\/\/www.visit-ulcinj.com\/blog\/wp-json\/wp\/v2\/comments?post=14754"}],"version-history":[{"count":0,"href":"https:\/\/www.visit-ulcinj.com\/blog\/wp-json\/wp\/v2\/posts\/14754\/revisions"}],"wp:attachment":[{"href":"https:\/\/www.visit-ulcinj.com\/blog\/wp-json\/wp\/v2\/media?parent=14754"}],"wp:term":[{"taxonomy":"category","embeddable":true,"href":"https:\/\/www.visit-ulcinj.com\/blog\/wp-json\/wp\/v2\/categories?post=14754"},{"taxonomy":"post_tag","embeddable":true,"href":"https:\/\/www.visit-ulcinj.com\/blog\/wp-json\/wp\/v2\/tags?post=14754"}],"curies":[{"name":"wp","href":"https:\/\/api.w.org\/{rel}","templated":true}]}}