{"id":14760,"date":"2009-03-19T17:41:10","date_gmt":"2009-03-19T16:41:10","guid":{"rendered":"http:\/\/www.visit-ulcinj.com\/blog\/?p=14760"},"modified":"2009-03-19T17:41:10","modified_gmt":"2009-03-19T16:41:10","slug":"arjon-muca-rosela-ishte-gjeja-me-e-rendesishme","status":"publish","type":"post","link":"https:\/\/www.visit-ulcinj.com\/blog\/2009\/03\/19\/arjon-muca-rosela-ishte-gjeja-me-e-rendesishme\/","title":{"rendered":"Arjon Muca : Rosela ishte gj\u00ebja m\u00eb e r\u00ebnd\u00ebsishme"},"content":{"rendered":"<p><em><span class=\"newsdate\"><a href=\"http:\/\/www.visit-ulcinj.com\/blog\/wp-content\/uploads\/2009\/03\/arjoni-per-roselen-copy.jpg\"><img loading=\"lazy\" class=\"alignleft size-full wp-image-14761\" title=\"arjoni-per-roselen-big-brother-albania-2\" src=\"http:\/\/www.visit-ulcinj.com\/blog\/wp-content\/uploads\/2009\/03\/arjoni-per-roselen-copy.jpg\" alt=\"arjoni-per-roselen-big-brother-albania-2\" width=\"300\" height=\"205\" \/><\/a>18\/03\/09 00:25<\/span><\/em><\/p>\n<p>Ti ke akoma ndjenja p\u00ebr Rosel\u00ebn!\u201d- i ka th\u00ebn\u00eb Mesida Arjonit, n\u00eb dhom\u00ebn e surprizave, kur ai harroi ta cil\u00ebsonte at\u00eb si ish-t\u00eb dashur\u00ebn e tij, por u shpreh \u201ce dashura ime Rosela\u201d. Sipas saj, kjo tregonte q\u00eb n\u00eb m\u00ebnyr\u00eb t\u00eb pand\u00ebrgjegjshme, ndjenjat e tij p\u00ebr t\u00eb. Ai i tha se Rosela kishte qen\u00eb gj\u00ebja m\u00eb e r\u00ebnd\u00ebsishme e jet\u00ebs s\u00eb tij. Arjoni shtoi se kishte patur shum\u00eb femra n\u00eb jet\u00ebn e tij, por Rosela kishte qen\u00eb e vetmja q\u00eb ai kishte kuptuar se e donte. Sipas tij ishte e mrekullueshme ndjesia q\u00eb p\u00ebrjetoje kur dikush e konceptonte jet\u00ebn e tij, duke u bazuar n\u00eb t\u00ebnden. Arjoni tha gjithashtu se n\u00eb m\u00ebnyr\u00ebn e tij t\u00eb t\u00eb menduarit, fakti q\u00eb i kishte th\u00ebn\u00eb se nuk e donte, tregonte respekt, sepse ai nuk kishte dashur t\u00eb tregonte egoiz\u00ebm duke shfryt\u00ebzuar dashurin\u00eb e saj, ndjenjat e saj p\u00ebr t\u00eb. Ai donte ta linte at\u00eb t\u00eb lir\u00eb q\u00eb ajo t\u00eb dashuronte dik\u00eb tjet\u00ebr, q\u00eb ta donte n\u00eb t\u00eb nj\u00ebjt\u00ebn m\u00ebnyr\u00eb, sepse ajo e meritonte k\u00ebt\u00eb. \u201cRosel\u00ebn e dua jasht\u00eb mase, &#8211; ka th\u00ebn\u00eb Arjoni, &#8211; por nuk e dashuroj!\u201d. Ai ka shtuar se nuk mund ta mbante t\u00eb lidhur pas vetes, p\u00ebr faktin e vet\u00ebm q\u00eb mos ta kishte dikush tjet\u00ebr. Madje, ai tha se e kishte imagjinuar shum\u00eb her\u00eb nj\u00eb sken\u00eb t\u00eb till\u00eb dhe e kishte vuajtur jasht\u00eb mase, sepse ai ishte shum\u00eb xheloz nga natyra. \u201cKa qen\u00eb nata para Krishtlendjeve, &#8211; ka shpjeguar Arjoni, &#8211; kur i thash\u00eb se nuk e doja. S\u2019e kisha menduar se mund ta thoja, dhe ndoshta nuk do ta kisha b\u00ebr\u00eb, po t\u00eb mos m\u00eb jepte kurajo Frensi, motra.\u201d.<\/p>\n","protected":false},"excerpt":{"rendered":"<p>18\/03\/09 00:25 Ti ke akoma ndjenja p\u00ebr Rosel\u00ebn!\u201d- i ka th\u00ebn\u00eb Mesida Arjonit, n\u00eb dhom\u00ebn e surprizave, kur ai harroi ta cil\u00ebsonte at\u00eb si ish-t\u00eb dashur\u00ebn e tij, por u shpreh \u201ce dashura ime Rosela\u201d. Sipas saj, kjo tregonte q\u00eb n\u00eb m\u00ebnyr\u00eb t\u00eb pand\u00ebrgjegjshme, ndjenjat e tij p\u00ebr t\u00eb. Ai i tha se Rosela kishte [&hellip;]<\/p>\n","protected":false},"author":1,"featured_media":0,"comment_status":"open","ping_status":"closed","sticky":false,"template":"","format":"standard","meta":{"spay_email":"","jetpack_publicize_message":"","jetpack_is_tweetstorm":false,"jetpack_publicize_feature_enabled":true},"categories":[6502],"tags":[6525,6883,6516,6712,8030,5087,6891],"jetpack_publicize_connections":[],"yoast_head":"<!-- This site is optimized with the Yoast SEO plugin v19.1 - https:\/\/yoast.com\/wordpress\/plugins\/seo\/ -->\n<title>Arjon Muca : Rosela ishte gj\u00c3\u00abja m\u00c3\u00ab e r\u00c3\u00abnd\u00c3\u00absishme | Big Brother Albania 2<\/title>\n<meta name=\"description\" content=\"Big Brother Albania 2 - Ti ke akoma ndjenja p\u00c3\u00abr Rosel\u00c3\u00abn!\u00e2\u20ac\u009d- i ka th\u00c3\u00abn\u00c3\u00ab Mesida Arjonit, n\u00c3\u00ab dhom\u00c3\u00abn e surprizave, kur ai harroi ta cil\u00c3\u00absonte at\u00c3\u00ab si ish-t\u00c3\u00ab dashur\u00c3\u00abn e tij, por u shpreh \u00e2\u20ac\u0153e dashura ime Rosela\u00e2\u20ac\u009d\" \/>\n<meta name=\"robots\" content=\"index, follow, max-snippet:-1, max-image-preview:large, max-video-preview:-1\" \/>\n<link rel=\"canonical\" href=\"https:\/\/www.visit-ulcinj.com\/blog\/2009\/03\/19\/arjon-muca-rosela-ishte-gjeja-me-e-rendesishme\/\" \/>\n<meta property=\"og:locale\" content=\"en_US\" \/>\n<meta property=\"og:type\" content=\"article\" \/>\n<meta property=\"og:title\" content=\"Arjon Muca : Rosela ishte gj\u00c3\u00abja m\u00c3\u00ab e r\u00c3\u00abnd\u00c3\u00absishme | Big Brother Albania 2\" \/>\n<meta property=\"og:description\" content=\"Big Brother Albania 2 - Ti ke akoma ndjenja p\u00c3\u00abr Rosel\u00c3\u00abn!\u00e2\u20ac\u009d- i ka th\u00c3\u00abn\u00c3\u00ab Mesida Arjonit, n\u00c3\u00ab dhom\u00c3\u00abn e surprizave, kur ai harroi ta cil\u00c3\u00absonte at\u00c3\u00ab si ish-t\u00c3\u00ab dashur\u00c3\u00abn e tij, por u shpreh \u00e2\u20ac\u0153e dashura ime Rosela\u00e2\u20ac\u009d\" \/>\n<meta property=\"og:url\" content=\"https:\/\/www.visit-ulcinj.com\/blog\/2009\/03\/19\/arjon-muca-rosela-ishte-gjeja-me-e-rendesishme\/\" \/>\n<meta property=\"og:site_name\" content=\"Lajme nga Ulqini\" \/>\n<meta property=\"article:published_time\" content=\"2009-03-19T16:41:10+00:00\" \/>\n<meta property=\"og:image\" content=\"http:\/\/www.visit-ulcinj.com\/blog\/wp-content\/uploads\/2009\/03\/arjoni-per-roselen-copy.jpg\" \/>\n<meta name=\"twitter:label1\" content=\"Written by\" \/>\n\t<meta name=\"twitter:data1\" content=\"ulqini\" \/>\n\t<meta name=\"twitter:label2\" content=\"Est. reading time\" \/>\n\t<meta name=\"twitter:data2\" content=\"2 minutes\" \/>\n<script type=\"application\/ld+json\" class=\"yoast-schema-graph\">{\"@context\":\"https:\/\/schema.org\",\"@graph\":[{\"@type\":\"WebSite\",\"@id\":\"https:\/\/www.visit-ulcinj.com\/blog\/#website\",\"url\":\"https:\/\/www.visit-ulcinj.com\/blog\/\",\"name\":\"Lajme nga Ulqini\",\"description\":\"Lajme,Vijesti,Ulqini,Ulqin,Crna Gora,Mali i Zi\",\"potentialAction\":[{\"@type\":\"SearchAction\",\"target\":{\"@type\":\"EntryPoint\",\"urlTemplate\":\"https:\/\/www.visit-ulcinj.com\/blog\/?s={search_term_string}\"},\"query-input\":\"required name=search_term_string\"}],\"inLanguage\":\"en-US\"},{\"@type\":\"ImageObject\",\"inLanguage\":\"en-US\",\"@id\":\"https:\/\/www.visit-ulcinj.com\/blog\/2009\/03\/19\/arjon-muca-rosela-ishte-gjeja-me-e-rendesishme\/#primaryimage\",\"url\":\"http:\/\/www.visit-ulcinj.com\/blog\/wp-content\/uploads\/2009\/03\/arjoni-per-roselen-copy.jpg\",\"contentUrl\":\"http:\/\/www.visit-ulcinj.com\/blog\/wp-content\/uploads\/2009\/03\/arjoni-per-roselen-copy.jpg\"},{\"@type\":\"WebPage\",\"@id\":\"https:\/\/www.visit-ulcinj.com\/blog\/2009\/03\/19\/arjon-muca-rosela-ishte-gjeja-me-e-rendesishme\/#webpage\",\"url\":\"https:\/\/www.visit-ulcinj.com\/blog\/2009\/03\/19\/arjon-muca-rosela-ishte-gjeja-me-e-rendesishme\/\",\"name\":\"Arjon Muca : Rosela ishte gj\u00c3\u00abja m\u00c3\u00ab e r\u00c3\u00abnd\u00c3\u00absishme | Big Brother Albania 2\",\"isPartOf\":{\"@id\":\"https:\/\/www.visit-ulcinj.com\/blog\/#website\"},\"primaryImageOfPage\":{\"@id\":\"https:\/\/www.visit-ulcinj.com\/blog\/2009\/03\/19\/arjon-muca-rosela-ishte-gjeja-me-e-rendesishme\/#primaryimage\"},\"datePublished\":\"2009-03-19T16:41:10+00:00\",\"dateModified\":\"2009-03-19T16:41:10+00:00\",\"author\":{\"@id\":\"https:\/\/www.visit-ulcinj.com\/blog\/#\/schema\/person\/dcab619c614d3038751c63bc2aadc06d\"},\"description\":\"Big Brother Albania 2 - Ti ke akoma ndjenja p\u00c3\u00abr Rosel\u00c3\u00abn!\u00e2\u20ac\u009d- i ka th\u00c3\u00abn\u00c3\u00ab Mesida Arjonit, n\u00c3\u00ab dhom\u00c3\u00abn e surprizave, kur ai harroi ta cil\u00c3\u00absonte at\u00c3\u00ab si ish-t\u00c3\u00ab dashur\u00c3\u00abn e tij, por u shpreh \u00e2\u20ac\u0153e dashura ime Rosela\u00e2\u20ac\u009d\",\"breadcrumb\":{\"@id\":\"https:\/\/www.visit-ulcinj.com\/blog\/2009\/03\/19\/arjon-muca-rosela-ishte-gjeja-me-e-rendesishme\/#breadcrumb\"},\"inLanguage\":\"en-US\",\"potentialAction\":[{\"@type\":\"ReadAction\",\"target\":[\"https:\/\/www.visit-ulcinj.com\/blog\/2009\/03\/19\/arjon-muca-rosela-ishte-gjeja-me-e-rendesishme\/\"]}]},{\"@type\":\"BreadcrumbList\",\"@id\":\"https:\/\/www.visit-ulcinj.com\/blog\/2009\/03\/19\/arjon-muca-rosela-ishte-gjeja-me-e-rendesishme\/#breadcrumb\",\"itemListElement\":[{\"@type\":\"ListItem\",\"position\":1,\"name\":\"Arjon Muca : Rosela ishte gj\u00ebja m\u00eb e r\u00ebnd\u00ebsishme\"}]},{\"@type\":\"Person\",\"@id\":\"https:\/\/www.visit-ulcinj.com\/blog\/#\/schema\/person\/dcab619c614d3038751c63bc2aadc06d\",\"name\":\"ulqini\",\"sameAs\":[\"http:\/\/www.visit-ulcinj.com\"],\"url\":\"https:\/\/www.visit-ulcinj.com\/blog\/author\/admin\/\"}]}<\/script>\n<!-- \/ Yoast SEO plugin. -->","yoast_head_json":{"title":"Arjon Muca : Rosela ishte gj\u00c3\u00abja m\u00c3\u00ab e r\u00c3\u00abnd\u00c3\u00absishme | Big Brother Albania 2","description":"Big Brother Albania 2 - Ti ke akoma ndjenja p\u00c3\u00abr Rosel\u00c3\u00abn!\u00e2\u20ac\u009d- i ka th\u00c3\u00abn\u00c3\u00ab Mesida Arjonit, n\u00c3\u00ab dhom\u00c3\u00abn e surprizave, kur ai harroi ta cil\u00c3\u00absonte at\u00c3\u00ab si ish-t\u00c3\u00ab dashur\u00c3\u00abn e tij, por u shpreh \u00e2\u20ac\u0153e dashura ime Rosela\u00e2\u20ac\u009d","robots":{"index":"index","follow":"follow","max-snippet":"max-snippet:-1","max-image-preview":"max-image-preview:large","max-video-preview":"max-video-preview:-1"},"canonical":"https:\/\/www.visit-ulcinj.com\/blog\/2009\/03\/19\/arjon-muca-rosela-ishte-gjeja-me-e-rendesishme\/","og_locale":"en_US","og_type":"article","og_title":"Arjon Muca : Rosela ishte gj\u00c3\u00abja m\u00c3\u00ab e r\u00c3\u00abnd\u00c3\u00absishme | Big Brother Albania 2","og_description":"Big Brother Albania 2 - Ti ke akoma ndjenja p\u00c3\u00abr Rosel\u00c3\u00abn!\u00e2\u20ac\u009d- i ka th\u00c3\u00abn\u00c3\u00ab Mesida Arjonit, n\u00c3\u00ab dhom\u00c3\u00abn e surprizave, kur ai harroi ta cil\u00c3\u00absonte at\u00c3\u00ab si ish-t\u00c3\u00ab dashur\u00c3\u00abn e tij, por u shpreh \u00e2\u20ac\u0153e dashura ime Rosela\u00e2\u20ac\u009d","og_url":"https:\/\/www.visit-ulcinj.com\/blog\/2009\/03\/19\/arjon-muca-rosela-ishte-gjeja-me-e-rendesishme\/","og_site_name":"Lajme nga Ulqini","article_published_time":"2009-03-19T16:41:10+00:00","og_image":[{"url":"http:\/\/www.visit-ulcinj.com\/blog\/wp-content\/uploads\/2009\/03\/arjoni-per-roselen-copy.jpg"}],"twitter_misc":{"Written by":"ulqini","Est. reading time":"2 minutes"},"schema":{"@context":"https:\/\/schema.org","@graph":[{"@type":"WebSite","@id":"https:\/\/www.visit-ulcinj.com\/blog\/#website","url":"https:\/\/www.visit-ulcinj.com\/blog\/","name":"Lajme nga Ulqini","description":"Lajme,Vijesti,Ulqini,Ulqin,Crna Gora,Mali i Zi","potentialAction":[{"@type":"SearchAction","target":{"@type":"EntryPoint","urlTemplate":"https:\/\/www.visit-ulcinj.com\/blog\/?s={search_term_string}"},"query-input":"required name=search_term_string"}],"inLanguage":"en-US"},{"@type":"ImageObject","inLanguage":"en-US","@id":"https:\/\/www.visit-ulcinj.com\/blog\/2009\/03\/19\/arjon-muca-rosela-ishte-gjeja-me-e-rendesishme\/#primaryimage","url":"http:\/\/www.visit-ulcinj.com\/blog\/wp-content\/uploads\/2009\/03\/arjoni-per-roselen-copy.jpg","contentUrl":"http:\/\/www.visit-ulcinj.com\/blog\/wp-content\/uploads\/2009\/03\/arjoni-per-roselen-copy.jpg"},{"@type":"WebPage","@id":"https:\/\/www.visit-ulcinj.com\/blog\/2009\/03\/19\/arjon-muca-rosela-ishte-gjeja-me-e-rendesishme\/#webpage","url":"https:\/\/www.visit-ulcinj.com\/blog\/2009\/03\/19\/arjon-muca-rosela-ishte-gjeja-me-e-rendesishme\/","name":"Arjon Muca : Rosela ishte gj\u00c3\u00abja m\u00c3\u00ab e r\u00c3\u00abnd\u00c3\u00absishme | Big Brother Albania 2","isPartOf":{"@id":"https:\/\/www.visit-ulcinj.com\/blog\/#website"},"primaryImageOfPage":{"@id":"https:\/\/www.visit-ulcinj.com\/blog\/2009\/03\/19\/arjon-muca-rosela-ishte-gjeja-me-e-rendesishme\/#primaryimage"},"datePublished":"2009-03-19T16:41:10+00:00","dateModified":"2009-03-19T16:41:10+00:00","author":{"@id":"https:\/\/www.visit-ulcinj.com\/blog\/#\/schema\/person\/dcab619c614d3038751c63bc2aadc06d"},"description":"Big Brother Albania 2 - Ti ke akoma ndjenja p\u00c3\u00abr Rosel\u00c3\u00abn!\u00e2\u20ac\u009d- i ka th\u00c3\u00abn\u00c3\u00ab Mesida Arjonit, n\u00c3\u00ab dhom\u00c3\u00abn e surprizave, kur ai harroi ta cil\u00c3\u00absonte at\u00c3\u00ab si ish-t\u00c3\u00ab dashur\u00c3\u00abn e tij, por u shpreh \u00e2\u20ac\u0153e dashura ime Rosela\u00e2\u20ac\u009d","breadcrumb":{"@id":"https:\/\/www.visit-ulcinj.com\/blog\/2009\/03\/19\/arjon-muca-rosela-ishte-gjeja-me-e-rendesishme\/#breadcrumb"},"inLanguage":"en-US","potentialAction":[{"@type":"ReadAction","target":["https:\/\/www.visit-ulcinj.com\/blog\/2009\/03\/19\/arjon-muca-rosela-ishte-gjeja-me-e-rendesishme\/"]}]},{"@type":"BreadcrumbList","@id":"https:\/\/www.visit-ulcinj.com\/blog\/2009\/03\/19\/arjon-muca-rosela-ishte-gjeja-me-e-rendesishme\/#breadcrumb","itemListElement":[{"@type":"ListItem","position":1,"name":"Arjon Muca : Rosela ishte gj\u00ebja m\u00eb e r\u00ebnd\u00ebsishme"}]},{"@type":"Person","@id":"https:\/\/www.visit-ulcinj.com\/blog\/#\/schema\/person\/dcab619c614d3038751c63bc2aadc06d","name":"ulqini","sameAs":["http:\/\/www.visit-ulcinj.com"],"url":"https:\/\/www.visit-ulcinj.com\/blog\/author\/admin\/"}]}},"jetpack_featured_media_url":"","jetpack_sharing_enabled":true,"jetpack_shortlink":"https:\/\/wp.me\/pe6lTn-3Q4","_links":{"self":[{"href":"https:\/\/www.visit-ulcinj.com\/blog\/wp-json\/wp\/v2\/posts\/14760"}],"collection":[{"href":"https:\/\/www.visit-ulcinj.com\/blog\/wp-json\/wp\/v2\/posts"}],"about":[{"href":"https:\/\/www.visit-ulcinj.com\/blog\/wp-json\/wp\/v2\/types\/post"}],"author":[{"embeddable":true,"href":"https:\/\/www.visit-ulcinj.com\/blog\/wp-json\/wp\/v2\/users\/1"}],"replies":[{"embeddable":true,"href":"https:\/\/www.visit-ulcinj.com\/blog\/wp-json\/wp\/v2\/comments?post=14760"}],"version-history":[{"count":0,"href":"https:\/\/www.visit-ulcinj.com\/blog\/wp-json\/wp\/v2\/posts\/14760\/revisions"}],"wp:attachment":[{"href":"https:\/\/www.visit-ulcinj.com\/blog\/wp-json\/wp\/v2\/media?parent=14760"}],"wp:term":[{"taxonomy":"category","embeddable":true,"href":"https:\/\/www.visit-ulcinj.com\/blog\/wp-json\/wp\/v2\/categories?post=14760"},{"taxonomy":"post_tag","embeddable":true,"href":"https:\/\/www.visit-ulcinj.com\/blog\/wp-json\/wp\/v2\/tags?post=14760"}],"curies":[{"name":"wp","href":"https:\/\/api.w.org\/{rel}","templated":true}]}}