{"id":14763,"date":"2009-03-19T17:45:18","date_gmt":"2009-03-19T16:45:18","guid":{"rendered":"http:\/\/www.visit-ulcinj.com\/blog\/?p=14763"},"modified":"2009-03-19T17:45:18","modified_gmt":"2009-03-19T16:45:18","slug":"arjon-muca-femrat-i-kerkoj-si-motra-ime","status":"publish","type":"post","link":"https:\/\/www.visit-ulcinj.com\/blog\/2009\/03\/19\/arjon-muca-femrat-i-kerkoj-si-motra-ime\/","title":{"rendered":"Arjon Muca : Femrat i k\u00ebrkoj si motra ime"},"content":{"rendered":"<p><em><span class=\"newsdate\"><a href=\"http:\/\/www.visit-ulcinj.com\/blog\/wp-content\/uploads\/2009\/03\/arjoni-flet-per-frensin-copy.jpg\"><img loading=\"lazy\" class=\"alignleft size-full wp-image-14764\" title=\"arjoni-flet-per-frensin-big-brother-albania-2\" src=\"http:\/\/www.visit-ulcinj.com\/blog\/wp-content\/uploads\/2009\/03\/arjoni-flet-per-frensin-copy.jpg\" alt=\"arjoni-flet-per-frensin-big-brother-albania-2\" width=\"300\" height=\"205\" \/><\/a>18\/03\/09 01:26<\/span><\/em><\/p>\n<p>Arjoni i ka folur gjat\u00eb Mesid\u00ebs n\u00eb lidhje me t\u00eb motr\u00ebn, Frensin. Sipas tij ajo \u00ebsht\u00eb fem\u00ebr n\u00eb t\u00eb gjitha aspektet dhe \u00e7un n\u00eb t\u00eb gjitha aspektet. Ai ka th\u00ebn\u00eb se, sipas mendimit t\u00eb tij, ajo \u00ebsht\u00eb e paarritshme. Sipas tij, edhe pse vet\u00ebm 18 vje\u00e7e, ajo di cfar\u00eb \u00ebsht\u00eb ndjenja, cfar\u00eb \u00ebsht\u00eb bukuria e cdo gj\u00eb tjet\u00ebr, \u00ebsht\u00eb shum\u00eb inteligjente dhe e ka nd\u00ebrtuar jet\u00ebn e vet, pa u mb\u00ebshtetur n\u00eb jet\u00ebn e dikujt tjet\u00ebr.Ai ka treguar se \u00ebsht\u00eb nj\u00eb nga t\u00eb paktat femra t\u00eb kompletuara, n\u00eb morin\u00eb e femrave q\u00eb ai ka njohur n\u00eb jet\u00ebn e vet. Arjoni ka th\u00ebn\u00eb se ajo ka karakter t\u00eb fort\u00eb, t\u00eb thot\u00eb q\u00eb je i sh\u00ebmtuar, kur ti v\u00ebrtet je ashtu e t\u00eb thot\u00eb q\u00eb je i bukur, kur je m\u00eb t\u00eb v\u00ebrtet\u00eb i till\u00eb. Ai ka shprehur keqardhjen q\u00eb e kishte motr\u00ebr sepse ajo ishte simboli i femr\u00ebs s\u00eb tij ideale dhe se ai femrat i k\u00ebrkonte si ajo. Mesida ka shprehur d\u00ebshir\u00ebn, q\u00eb kur t\u00eb dilnin nga sht\u00ebpia, ai ta njihte me t\u00eb motr\u00ebn.<\/p>\n","protected":false},"excerpt":{"rendered":"<p>18\/03\/09 01:26 Arjoni i ka folur gjat\u00eb Mesid\u00ebs n\u00eb lidhje me t\u00eb motr\u00ebn, Frensin. Sipas tij ajo \u00ebsht\u00eb fem\u00ebr n\u00eb t\u00eb gjitha aspektet dhe \u00e7un n\u00eb t\u00eb gjitha aspektet. Ai ka th\u00ebn\u00eb se, sipas mendimit t\u00eb tij, ajo \u00ebsht\u00eb e paarritshme. Sipas tij, edhe pse vet\u00ebm 18 vje\u00e7e, ajo di cfar\u00eb \u00ebsht\u00eb ndjenja, cfar\u00eb \u00ebsht\u00eb [&hellip;]<\/p>\n","protected":false},"author":1,"featured_media":0,"comment_status":"open","ping_status":"closed","sticky":false,"template":"","format":"standard","meta":{"spay_email":"","jetpack_publicize_message":"","jetpack_is_tweetstorm":false,"jetpack_publicize_feature_enabled":true},"categories":[6502],"tags":[6525,6883,6516,6712,8151,6891],"jetpack_publicize_connections":[],"yoast_head":"<!-- This site is optimized with the Yoast SEO plugin v19.1 - https:\/\/yoast.com\/wordpress\/plugins\/seo\/ -->\n<title>Arjon Muca : Femrat i k\u00c3\u00abrkoj si motra ime | Big Brother Albania 2<\/title>\n<meta name=\"description\" content=\"Big Brother Albania 2 - Arjoni i ka folur gjat\u00c3\u00ab Mesid\u00c3\u00abs n\u00c3\u00ab lidhje me t\u00c3\u00ab motr\u00c3\u00abn, Frensin. Sipas tij ajo \u00c3\u00absht\u00c3\u00ab fem\u00c3\u00abr n\u00c3\u00ab t\u00c3\u00ab gjitha aspektet dhe \u00c3\u00a7un n\u00c3\u00ab t\u00c3\u00ab gjitha aspektet.\" \/>\n<meta name=\"robots\" content=\"index, follow, max-snippet:-1, max-image-preview:large, max-video-preview:-1\" \/>\n<link rel=\"canonical\" href=\"https:\/\/www.visit-ulcinj.com\/blog\/2009\/03\/19\/arjon-muca-femrat-i-kerkoj-si-motra-ime\/\" \/>\n<meta property=\"og:locale\" content=\"en_US\" \/>\n<meta property=\"og:type\" content=\"article\" \/>\n<meta property=\"og:title\" content=\"Arjon Muca : Femrat i k\u00c3\u00abrkoj si motra ime | Big Brother Albania 2\" \/>\n<meta property=\"og:description\" content=\"Big Brother Albania 2 - Arjoni i ka folur gjat\u00c3\u00ab Mesid\u00c3\u00abs n\u00c3\u00ab lidhje me t\u00c3\u00ab motr\u00c3\u00abn, Frensin. Sipas tij ajo \u00c3\u00absht\u00c3\u00ab fem\u00c3\u00abr n\u00c3\u00ab t\u00c3\u00ab gjitha aspektet dhe \u00c3\u00a7un n\u00c3\u00ab t\u00c3\u00ab gjitha aspektet.\" \/>\n<meta property=\"og:url\" content=\"https:\/\/www.visit-ulcinj.com\/blog\/2009\/03\/19\/arjon-muca-femrat-i-kerkoj-si-motra-ime\/\" \/>\n<meta property=\"og:site_name\" content=\"Lajme nga Ulqini\" \/>\n<meta property=\"article:published_time\" content=\"2009-03-19T16:45:18+00:00\" \/>\n<meta property=\"og:image\" content=\"http:\/\/www.visit-ulcinj.com\/blog\/wp-content\/uploads\/2009\/03\/arjoni-flet-per-frensin-copy.jpg\" \/>\n<meta name=\"twitter:label1\" content=\"Written by\" \/>\n\t<meta name=\"twitter:data1\" content=\"ulqini\" \/>\n\t<meta name=\"twitter:label2\" content=\"Est. reading time\" \/>\n\t<meta name=\"twitter:data2\" content=\"1 minute\" \/>\n<script type=\"application\/ld+json\" class=\"yoast-schema-graph\">{\"@context\":\"https:\/\/schema.org\",\"@graph\":[{\"@type\":\"WebSite\",\"@id\":\"https:\/\/www.visit-ulcinj.com\/blog\/#website\",\"url\":\"https:\/\/www.visit-ulcinj.com\/blog\/\",\"name\":\"Lajme nga Ulqini\",\"description\":\"Lajme,Vijesti,Ulqini,Ulqin,Crna Gora,Mali i Zi\",\"potentialAction\":[{\"@type\":\"SearchAction\",\"target\":{\"@type\":\"EntryPoint\",\"urlTemplate\":\"https:\/\/www.visit-ulcinj.com\/blog\/?s={search_term_string}\"},\"query-input\":\"required name=search_term_string\"}],\"inLanguage\":\"en-US\"},{\"@type\":\"ImageObject\",\"inLanguage\":\"en-US\",\"@id\":\"https:\/\/www.visit-ulcinj.com\/blog\/2009\/03\/19\/arjon-muca-femrat-i-kerkoj-si-motra-ime\/#primaryimage\",\"url\":\"http:\/\/www.visit-ulcinj.com\/blog\/wp-content\/uploads\/2009\/03\/arjoni-flet-per-frensin-copy.jpg\",\"contentUrl\":\"http:\/\/www.visit-ulcinj.com\/blog\/wp-content\/uploads\/2009\/03\/arjoni-flet-per-frensin-copy.jpg\"},{\"@type\":\"WebPage\",\"@id\":\"https:\/\/www.visit-ulcinj.com\/blog\/2009\/03\/19\/arjon-muca-femrat-i-kerkoj-si-motra-ime\/#webpage\",\"url\":\"https:\/\/www.visit-ulcinj.com\/blog\/2009\/03\/19\/arjon-muca-femrat-i-kerkoj-si-motra-ime\/\",\"name\":\"Arjon Muca : Femrat i k\u00c3\u00abrkoj si motra ime | Big Brother Albania 2\",\"isPartOf\":{\"@id\":\"https:\/\/www.visit-ulcinj.com\/blog\/#website\"},\"primaryImageOfPage\":{\"@id\":\"https:\/\/www.visit-ulcinj.com\/blog\/2009\/03\/19\/arjon-muca-femrat-i-kerkoj-si-motra-ime\/#primaryimage\"},\"datePublished\":\"2009-03-19T16:45:18+00:00\",\"dateModified\":\"2009-03-19T16:45:18+00:00\",\"author\":{\"@id\":\"https:\/\/www.visit-ulcinj.com\/blog\/#\/schema\/person\/dcab619c614d3038751c63bc2aadc06d\"},\"description\":\"Big Brother Albania 2 - Arjoni i ka folur gjat\u00c3\u00ab Mesid\u00c3\u00abs n\u00c3\u00ab lidhje me t\u00c3\u00ab motr\u00c3\u00abn, Frensin. Sipas tij ajo \u00c3\u00absht\u00c3\u00ab fem\u00c3\u00abr n\u00c3\u00ab t\u00c3\u00ab gjitha aspektet dhe \u00c3\u00a7un n\u00c3\u00ab t\u00c3\u00ab gjitha aspektet.\",\"breadcrumb\":{\"@id\":\"https:\/\/www.visit-ulcinj.com\/blog\/2009\/03\/19\/arjon-muca-femrat-i-kerkoj-si-motra-ime\/#breadcrumb\"},\"inLanguage\":\"en-US\",\"potentialAction\":[{\"@type\":\"ReadAction\",\"target\":[\"https:\/\/www.visit-ulcinj.com\/blog\/2009\/03\/19\/arjon-muca-femrat-i-kerkoj-si-motra-ime\/\"]}]},{\"@type\":\"BreadcrumbList\",\"@id\":\"https:\/\/www.visit-ulcinj.com\/blog\/2009\/03\/19\/arjon-muca-femrat-i-kerkoj-si-motra-ime\/#breadcrumb\",\"itemListElement\":[{\"@type\":\"ListItem\",\"position\":1,\"name\":\"Arjon Muca : Femrat i k\u00ebrkoj si motra ime\"}]},{\"@type\":\"Person\",\"@id\":\"https:\/\/www.visit-ulcinj.com\/blog\/#\/schema\/person\/dcab619c614d3038751c63bc2aadc06d\",\"name\":\"ulqini\",\"sameAs\":[\"http:\/\/www.visit-ulcinj.com\"],\"url\":\"https:\/\/www.visit-ulcinj.com\/blog\/author\/admin\/\"}]}<\/script>\n<!-- \/ Yoast SEO plugin. -->","yoast_head_json":{"title":"Arjon Muca : Femrat i k\u00c3\u00abrkoj si motra ime | Big Brother Albania 2","description":"Big Brother Albania 2 - Arjoni i ka folur gjat\u00c3\u00ab Mesid\u00c3\u00abs n\u00c3\u00ab lidhje me t\u00c3\u00ab motr\u00c3\u00abn, Frensin. Sipas tij ajo \u00c3\u00absht\u00c3\u00ab fem\u00c3\u00abr n\u00c3\u00ab t\u00c3\u00ab gjitha aspektet dhe \u00c3\u00a7un n\u00c3\u00ab t\u00c3\u00ab gjitha aspektet.","robots":{"index":"index","follow":"follow","max-snippet":"max-snippet:-1","max-image-preview":"max-image-preview:large","max-video-preview":"max-video-preview:-1"},"canonical":"https:\/\/www.visit-ulcinj.com\/blog\/2009\/03\/19\/arjon-muca-femrat-i-kerkoj-si-motra-ime\/","og_locale":"en_US","og_type":"article","og_title":"Arjon Muca : Femrat i k\u00c3\u00abrkoj si motra ime | Big Brother Albania 2","og_description":"Big Brother Albania 2 - Arjoni i ka folur gjat\u00c3\u00ab Mesid\u00c3\u00abs n\u00c3\u00ab lidhje me t\u00c3\u00ab motr\u00c3\u00abn, Frensin. Sipas tij ajo \u00c3\u00absht\u00c3\u00ab fem\u00c3\u00abr n\u00c3\u00ab t\u00c3\u00ab gjitha aspektet dhe \u00c3\u00a7un n\u00c3\u00ab t\u00c3\u00ab gjitha aspektet.","og_url":"https:\/\/www.visit-ulcinj.com\/blog\/2009\/03\/19\/arjon-muca-femrat-i-kerkoj-si-motra-ime\/","og_site_name":"Lajme nga Ulqini","article_published_time":"2009-03-19T16:45:18+00:00","og_image":[{"url":"http:\/\/www.visit-ulcinj.com\/blog\/wp-content\/uploads\/2009\/03\/arjoni-flet-per-frensin-copy.jpg"}],"twitter_misc":{"Written by":"ulqini","Est. reading time":"1 minute"},"schema":{"@context":"https:\/\/schema.org","@graph":[{"@type":"WebSite","@id":"https:\/\/www.visit-ulcinj.com\/blog\/#website","url":"https:\/\/www.visit-ulcinj.com\/blog\/","name":"Lajme nga Ulqini","description":"Lajme,Vijesti,Ulqini,Ulqin,Crna Gora,Mali i Zi","potentialAction":[{"@type":"SearchAction","target":{"@type":"EntryPoint","urlTemplate":"https:\/\/www.visit-ulcinj.com\/blog\/?s={search_term_string}"},"query-input":"required name=search_term_string"}],"inLanguage":"en-US"},{"@type":"ImageObject","inLanguage":"en-US","@id":"https:\/\/www.visit-ulcinj.com\/blog\/2009\/03\/19\/arjon-muca-femrat-i-kerkoj-si-motra-ime\/#primaryimage","url":"http:\/\/www.visit-ulcinj.com\/blog\/wp-content\/uploads\/2009\/03\/arjoni-flet-per-frensin-copy.jpg","contentUrl":"http:\/\/www.visit-ulcinj.com\/blog\/wp-content\/uploads\/2009\/03\/arjoni-flet-per-frensin-copy.jpg"},{"@type":"WebPage","@id":"https:\/\/www.visit-ulcinj.com\/blog\/2009\/03\/19\/arjon-muca-femrat-i-kerkoj-si-motra-ime\/#webpage","url":"https:\/\/www.visit-ulcinj.com\/blog\/2009\/03\/19\/arjon-muca-femrat-i-kerkoj-si-motra-ime\/","name":"Arjon Muca : Femrat i k\u00c3\u00abrkoj si motra ime | Big Brother Albania 2","isPartOf":{"@id":"https:\/\/www.visit-ulcinj.com\/blog\/#website"},"primaryImageOfPage":{"@id":"https:\/\/www.visit-ulcinj.com\/blog\/2009\/03\/19\/arjon-muca-femrat-i-kerkoj-si-motra-ime\/#primaryimage"},"datePublished":"2009-03-19T16:45:18+00:00","dateModified":"2009-03-19T16:45:18+00:00","author":{"@id":"https:\/\/www.visit-ulcinj.com\/blog\/#\/schema\/person\/dcab619c614d3038751c63bc2aadc06d"},"description":"Big Brother Albania 2 - Arjoni i ka folur gjat\u00c3\u00ab Mesid\u00c3\u00abs n\u00c3\u00ab lidhje me t\u00c3\u00ab motr\u00c3\u00abn, Frensin. Sipas tij ajo \u00c3\u00absht\u00c3\u00ab fem\u00c3\u00abr n\u00c3\u00ab t\u00c3\u00ab gjitha aspektet dhe \u00c3\u00a7un n\u00c3\u00ab t\u00c3\u00ab gjitha aspektet.","breadcrumb":{"@id":"https:\/\/www.visit-ulcinj.com\/blog\/2009\/03\/19\/arjon-muca-femrat-i-kerkoj-si-motra-ime\/#breadcrumb"},"inLanguage":"en-US","potentialAction":[{"@type":"ReadAction","target":["https:\/\/www.visit-ulcinj.com\/blog\/2009\/03\/19\/arjon-muca-femrat-i-kerkoj-si-motra-ime\/"]}]},{"@type":"BreadcrumbList","@id":"https:\/\/www.visit-ulcinj.com\/blog\/2009\/03\/19\/arjon-muca-femrat-i-kerkoj-si-motra-ime\/#breadcrumb","itemListElement":[{"@type":"ListItem","position":1,"name":"Arjon Muca : Femrat i k\u00ebrkoj si motra ime"}]},{"@type":"Person","@id":"https:\/\/www.visit-ulcinj.com\/blog\/#\/schema\/person\/dcab619c614d3038751c63bc2aadc06d","name":"ulqini","sameAs":["http:\/\/www.visit-ulcinj.com"],"url":"https:\/\/www.visit-ulcinj.com\/blog\/author\/admin\/"}]}},"jetpack_featured_media_url":"","jetpack_sharing_enabled":true,"jetpack_shortlink":"https:\/\/wp.me\/pe6lTn-3Q7","_links":{"self":[{"href":"https:\/\/www.visit-ulcinj.com\/blog\/wp-json\/wp\/v2\/posts\/14763"}],"collection":[{"href":"https:\/\/www.visit-ulcinj.com\/blog\/wp-json\/wp\/v2\/posts"}],"about":[{"href":"https:\/\/www.visit-ulcinj.com\/blog\/wp-json\/wp\/v2\/types\/post"}],"author":[{"embeddable":true,"href":"https:\/\/www.visit-ulcinj.com\/blog\/wp-json\/wp\/v2\/users\/1"}],"replies":[{"embeddable":true,"href":"https:\/\/www.visit-ulcinj.com\/blog\/wp-json\/wp\/v2\/comments?post=14763"}],"version-history":[{"count":0,"href":"https:\/\/www.visit-ulcinj.com\/blog\/wp-json\/wp\/v2\/posts\/14763\/revisions"}],"wp:attachment":[{"href":"https:\/\/www.visit-ulcinj.com\/blog\/wp-json\/wp\/v2\/media?parent=14763"}],"wp:term":[{"taxonomy":"category","embeddable":true,"href":"https:\/\/www.visit-ulcinj.com\/blog\/wp-json\/wp\/v2\/categories?post=14763"},{"taxonomy":"post_tag","embeddable":true,"href":"https:\/\/www.visit-ulcinj.com\/blog\/wp-json\/wp\/v2\/tags?post=14763"}],"curies":[{"name":"wp","href":"https:\/\/api.w.org\/{rel}","templated":true}]}}