{"id":14766,"date":"2009-03-19T17:48:08","date_gmt":"2009-03-19T16:48:08","guid":{"rendered":"http:\/\/www.visit-ulcinj.com\/blog\/?p=14766"},"modified":"2009-03-19T17:48:08","modified_gmt":"2009-03-19T16:48:08","slug":"mesida-lleshi-une-nuk-kam-ardhur-per-te-fituar","status":"publish","type":"post","link":"https:\/\/www.visit-ulcinj.com\/blog\/2009\/03\/19\/mesida-lleshi-une-nuk-kam-ardhur-per-te-fituar\/","title":{"rendered":"Mesida Lleshi : Un\u00eb nuk kam ardhur p\u00ebr t\u00eb fituar"},"content":{"rendered":"<p><em><span class=\"newsdate\"><a href=\"http:\/\/www.visit-ulcinj.com\/blog\/wp-content\/uploads\/2009\/03\/mesida-ne-dhomen-e-surprizave.jpg\"><img loading=\"lazy\" class=\"alignleft size-full wp-image-14767\" title=\"mesida-ne-dhomen-e-surprizave--big-brother-albania-2\" src=\"http:\/\/www.visit-ulcinj.com\/blog\/wp-content\/uploads\/2009\/03\/mesida-ne-dhomen-e-surprizave.jpg\" alt=\"mesida-ne-dhomen-e-surprizave--big-brother-albania-2\" width=\"300\" height=\"205\" \/><\/a>18\/03\/09 01:30<\/span><\/em><\/p>\n<p>Arjoni i ka th\u00ebn\u00eb Mesid\u00ebs se po vinte n\u00eb rrezik personalitetin e vet, duke u ekspozuar shum\u00eb p\u00ebr t\u00eb tjer\u00ebt e jo p\u00ebr veten, si\u00e7 b\u00ebnte, sipas tij, edhe Aida. M\u00ebsida ka th\u00ebn\u00eb se ajo nuk ishte Aida, por vetvetja. \u201cP\u00ebr disa gj\u00ebra q\u00eb Aida do t\u00eb kishte heshtur, un\u00eb nuk hesht!\u201d \u2013 ka th\u00ebn\u00eb ajo. Ajo ka th\u00ebn\u00eb gjithashtu se nuk e merrte parasysh rrezikun se nuk kishte ardhur p\u00ebr t\u00eb fituar, por p\u00ebr t\u00eb qen\u00eb vetvetja. Arjoni i ka th\u00ebn\u00eb asaj se po t\u00eb ishte treguar m\u00eb e rezervuar, nuk do t\u00eb kishte krijuar shum\u00eb antipati. \u201cTi je flak\u00eb!\u201d \u2013 i ka th\u00ebn\u00eb ai Mesid\u00ebs. Sipas k\u00ebsaj t\u00eb fundit, n\u00ebse ajo nuk do t\u00eb thoshte at\u00eb q\u00eb mendonte, n\u00ebnkuptonte q\u00eb po shkelte sedr\u00ebn e vet dhe po b\u00ebhej hipokrite, gj\u00eb q\u00eb ajo nuk mund ta pranonte e as ta b\u00ebnte.<\/p>\n","protected":false},"excerpt":{"rendered":"<p>18\/03\/09 01:30 Arjoni i ka th\u00ebn\u00eb Mesid\u00ebs se po vinte n\u00eb rrezik personalitetin e vet, duke u ekspozuar shum\u00eb p\u00ebr t\u00eb tjer\u00ebt e jo p\u00ebr veten, si\u00e7 b\u00ebnte, sipas tij, edhe Aida. M\u00ebsida ka th\u00ebn\u00eb se ajo nuk ishte Aida, por vetvetja. \u201cP\u00ebr disa gj\u00ebra q\u00eb Aida do t\u00eb kishte heshtur, un\u00eb nuk hesht!\u201d \u2013 [&hellip;]<\/p>\n","protected":false},"author":1,"featured_media":0,"comment_status":"open","ping_status":"closed","sticky":false,"template":"","format":"standard","meta":{"spay_email":"","jetpack_publicize_message":"","jetpack_is_tweetstorm":false,"jetpack_publicize_feature_enabled":true},"categories":[6502],"tags":[6537,6525,6883,6516,6712,8152,7364,6891],"jetpack_publicize_connections":[],"yoast_head":"<!-- This site is optimized with the Yoast SEO plugin v19.1 - https:\/\/yoast.com\/wordpress\/plugins\/seo\/ -->\n<title>Mesida Lleshi : Un\u00c3\u00ab nuk kam ardhur p\u00c3\u00abr t\u00c3\u00ab fituar | Big Brother Albania 2<\/title>\n<meta name=\"description\" content=\"Big Brother Albania 2 - Arjoni i ka th\u00c3\u00abn\u00c3\u00ab Mesid\u00c3\u00abs se po vinte n\u00c3\u00ab rrezik personalitetin e vet, duke u ekspozuar shum\u00c3\u00ab p\u00c3\u00abr t\u00c3\u00ab tjer\u00c3\u00abt e jo p\u00c3\u00abr veten, si\u00c3\u00a7 b\u00c3\u00abnte, sipas tij, edhe Aida.\" \/>\n<meta name=\"robots\" content=\"index, follow, max-snippet:-1, max-image-preview:large, max-video-preview:-1\" \/>\n<link rel=\"canonical\" href=\"https:\/\/www.visit-ulcinj.com\/blog\/2009\/03\/19\/mesida-lleshi-une-nuk-kam-ardhur-per-te-fituar\/\" \/>\n<meta property=\"og:locale\" content=\"en_US\" \/>\n<meta property=\"og:type\" content=\"article\" \/>\n<meta property=\"og:title\" content=\"Mesida Lleshi : Un\u00c3\u00ab nuk kam ardhur p\u00c3\u00abr t\u00c3\u00ab fituar | Big Brother Albania 2\" \/>\n<meta property=\"og:description\" content=\"Big Brother Albania 2 - Arjoni i ka th\u00c3\u00abn\u00c3\u00ab Mesid\u00c3\u00abs se po vinte n\u00c3\u00ab rrezik personalitetin e vet, duke u ekspozuar shum\u00c3\u00ab p\u00c3\u00abr t\u00c3\u00ab tjer\u00c3\u00abt e jo p\u00c3\u00abr veten, si\u00c3\u00a7 b\u00c3\u00abnte, sipas tij, edhe Aida.\" \/>\n<meta property=\"og:url\" content=\"https:\/\/www.visit-ulcinj.com\/blog\/2009\/03\/19\/mesida-lleshi-une-nuk-kam-ardhur-per-te-fituar\/\" \/>\n<meta property=\"og:site_name\" content=\"Lajme nga Ulqini\" \/>\n<meta property=\"article:published_time\" content=\"2009-03-19T16:48:08+00:00\" \/>\n<meta property=\"og:image\" content=\"http:\/\/www.visit-ulcinj.com\/blog\/wp-content\/uploads\/2009\/03\/mesida-ne-dhomen-e-surprizave.jpg\" \/>\n<meta name=\"twitter:label1\" content=\"Written by\" \/>\n\t<meta name=\"twitter:data1\" content=\"ulqini\" \/>\n\t<meta name=\"twitter:label2\" content=\"Est. reading time\" \/>\n\t<meta name=\"twitter:data2\" content=\"1 minute\" \/>\n<script type=\"application\/ld+json\" class=\"yoast-schema-graph\">{\"@context\":\"https:\/\/schema.org\",\"@graph\":[{\"@type\":\"WebSite\",\"@id\":\"https:\/\/www.visit-ulcinj.com\/blog\/#website\",\"url\":\"https:\/\/www.visit-ulcinj.com\/blog\/\",\"name\":\"Lajme nga Ulqini\",\"description\":\"Lajme,Vijesti,Ulqini,Ulqin,Crna Gora,Mali i Zi\",\"potentialAction\":[{\"@type\":\"SearchAction\",\"target\":{\"@type\":\"EntryPoint\",\"urlTemplate\":\"https:\/\/www.visit-ulcinj.com\/blog\/?s={search_term_string}\"},\"query-input\":\"required name=search_term_string\"}],\"inLanguage\":\"en-US\"},{\"@type\":\"ImageObject\",\"inLanguage\":\"en-US\",\"@id\":\"https:\/\/www.visit-ulcinj.com\/blog\/2009\/03\/19\/mesida-lleshi-une-nuk-kam-ardhur-per-te-fituar\/#primaryimage\",\"url\":\"http:\/\/www.visit-ulcinj.com\/blog\/wp-content\/uploads\/2009\/03\/mesida-ne-dhomen-e-surprizave.jpg\",\"contentUrl\":\"http:\/\/www.visit-ulcinj.com\/blog\/wp-content\/uploads\/2009\/03\/mesida-ne-dhomen-e-surprizave.jpg\"},{\"@type\":\"WebPage\",\"@id\":\"https:\/\/www.visit-ulcinj.com\/blog\/2009\/03\/19\/mesida-lleshi-une-nuk-kam-ardhur-per-te-fituar\/#webpage\",\"url\":\"https:\/\/www.visit-ulcinj.com\/blog\/2009\/03\/19\/mesida-lleshi-une-nuk-kam-ardhur-per-te-fituar\/\",\"name\":\"Mesida Lleshi : Un\u00c3\u00ab nuk kam ardhur p\u00c3\u00abr t\u00c3\u00ab fituar | Big Brother Albania 2\",\"isPartOf\":{\"@id\":\"https:\/\/www.visit-ulcinj.com\/blog\/#website\"},\"primaryImageOfPage\":{\"@id\":\"https:\/\/www.visit-ulcinj.com\/blog\/2009\/03\/19\/mesida-lleshi-une-nuk-kam-ardhur-per-te-fituar\/#primaryimage\"},\"datePublished\":\"2009-03-19T16:48:08+00:00\",\"dateModified\":\"2009-03-19T16:48:08+00:00\",\"author\":{\"@id\":\"https:\/\/www.visit-ulcinj.com\/blog\/#\/schema\/person\/dcab619c614d3038751c63bc2aadc06d\"},\"description\":\"Big Brother Albania 2 - Arjoni i ka th\u00c3\u00abn\u00c3\u00ab Mesid\u00c3\u00abs se po vinte n\u00c3\u00ab rrezik personalitetin e vet, duke u ekspozuar shum\u00c3\u00ab p\u00c3\u00abr t\u00c3\u00ab tjer\u00c3\u00abt e jo p\u00c3\u00abr veten, si\u00c3\u00a7 b\u00c3\u00abnte, sipas tij, edhe Aida.\",\"breadcrumb\":{\"@id\":\"https:\/\/www.visit-ulcinj.com\/blog\/2009\/03\/19\/mesida-lleshi-une-nuk-kam-ardhur-per-te-fituar\/#breadcrumb\"},\"inLanguage\":\"en-US\",\"potentialAction\":[{\"@type\":\"ReadAction\",\"target\":[\"https:\/\/www.visit-ulcinj.com\/blog\/2009\/03\/19\/mesida-lleshi-une-nuk-kam-ardhur-per-te-fituar\/\"]}]},{\"@type\":\"BreadcrumbList\",\"@id\":\"https:\/\/www.visit-ulcinj.com\/blog\/2009\/03\/19\/mesida-lleshi-une-nuk-kam-ardhur-per-te-fituar\/#breadcrumb\",\"itemListElement\":[{\"@type\":\"ListItem\",\"position\":1,\"name\":\"Mesida Lleshi : Un\u00eb nuk kam ardhur p\u00ebr t\u00eb fituar\"}]},{\"@type\":\"Person\",\"@id\":\"https:\/\/www.visit-ulcinj.com\/blog\/#\/schema\/person\/dcab619c614d3038751c63bc2aadc06d\",\"name\":\"ulqini\",\"sameAs\":[\"http:\/\/www.visit-ulcinj.com\"],\"url\":\"https:\/\/www.visit-ulcinj.com\/blog\/author\/admin\/\"}]}<\/script>\n<!-- \/ Yoast SEO plugin. -->","yoast_head_json":{"title":"Mesida Lleshi : Un\u00c3\u00ab nuk kam ardhur p\u00c3\u00abr t\u00c3\u00ab fituar | Big Brother Albania 2","description":"Big Brother Albania 2 - Arjoni i ka th\u00c3\u00abn\u00c3\u00ab Mesid\u00c3\u00abs se po vinte n\u00c3\u00ab rrezik personalitetin e vet, duke u ekspozuar shum\u00c3\u00ab p\u00c3\u00abr t\u00c3\u00ab tjer\u00c3\u00abt e jo p\u00c3\u00abr veten, si\u00c3\u00a7 b\u00c3\u00abnte, sipas tij, edhe Aida.","robots":{"index":"index","follow":"follow","max-snippet":"max-snippet:-1","max-image-preview":"max-image-preview:large","max-video-preview":"max-video-preview:-1"},"canonical":"https:\/\/www.visit-ulcinj.com\/blog\/2009\/03\/19\/mesida-lleshi-une-nuk-kam-ardhur-per-te-fituar\/","og_locale":"en_US","og_type":"article","og_title":"Mesida Lleshi : Un\u00c3\u00ab nuk kam ardhur p\u00c3\u00abr t\u00c3\u00ab fituar | Big Brother Albania 2","og_description":"Big Brother Albania 2 - Arjoni i ka th\u00c3\u00abn\u00c3\u00ab Mesid\u00c3\u00abs se po vinte n\u00c3\u00ab rrezik personalitetin e vet, duke u ekspozuar shum\u00c3\u00ab p\u00c3\u00abr t\u00c3\u00ab tjer\u00c3\u00abt e jo p\u00c3\u00abr veten, si\u00c3\u00a7 b\u00c3\u00abnte, sipas tij, edhe Aida.","og_url":"https:\/\/www.visit-ulcinj.com\/blog\/2009\/03\/19\/mesida-lleshi-une-nuk-kam-ardhur-per-te-fituar\/","og_site_name":"Lajme nga Ulqini","article_published_time":"2009-03-19T16:48:08+00:00","og_image":[{"url":"http:\/\/www.visit-ulcinj.com\/blog\/wp-content\/uploads\/2009\/03\/mesida-ne-dhomen-e-surprizave.jpg"}],"twitter_misc":{"Written by":"ulqini","Est. reading time":"1 minute"},"schema":{"@context":"https:\/\/schema.org","@graph":[{"@type":"WebSite","@id":"https:\/\/www.visit-ulcinj.com\/blog\/#website","url":"https:\/\/www.visit-ulcinj.com\/blog\/","name":"Lajme nga Ulqini","description":"Lajme,Vijesti,Ulqini,Ulqin,Crna Gora,Mali i Zi","potentialAction":[{"@type":"SearchAction","target":{"@type":"EntryPoint","urlTemplate":"https:\/\/www.visit-ulcinj.com\/blog\/?s={search_term_string}"},"query-input":"required name=search_term_string"}],"inLanguage":"en-US"},{"@type":"ImageObject","inLanguage":"en-US","@id":"https:\/\/www.visit-ulcinj.com\/blog\/2009\/03\/19\/mesida-lleshi-une-nuk-kam-ardhur-per-te-fituar\/#primaryimage","url":"http:\/\/www.visit-ulcinj.com\/blog\/wp-content\/uploads\/2009\/03\/mesida-ne-dhomen-e-surprizave.jpg","contentUrl":"http:\/\/www.visit-ulcinj.com\/blog\/wp-content\/uploads\/2009\/03\/mesida-ne-dhomen-e-surprizave.jpg"},{"@type":"WebPage","@id":"https:\/\/www.visit-ulcinj.com\/blog\/2009\/03\/19\/mesida-lleshi-une-nuk-kam-ardhur-per-te-fituar\/#webpage","url":"https:\/\/www.visit-ulcinj.com\/blog\/2009\/03\/19\/mesida-lleshi-une-nuk-kam-ardhur-per-te-fituar\/","name":"Mesida Lleshi : Un\u00c3\u00ab nuk kam ardhur p\u00c3\u00abr t\u00c3\u00ab fituar | Big Brother Albania 2","isPartOf":{"@id":"https:\/\/www.visit-ulcinj.com\/blog\/#website"},"primaryImageOfPage":{"@id":"https:\/\/www.visit-ulcinj.com\/blog\/2009\/03\/19\/mesida-lleshi-une-nuk-kam-ardhur-per-te-fituar\/#primaryimage"},"datePublished":"2009-03-19T16:48:08+00:00","dateModified":"2009-03-19T16:48:08+00:00","author":{"@id":"https:\/\/www.visit-ulcinj.com\/blog\/#\/schema\/person\/dcab619c614d3038751c63bc2aadc06d"},"description":"Big Brother Albania 2 - Arjoni i ka th\u00c3\u00abn\u00c3\u00ab Mesid\u00c3\u00abs se po vinte n\u00c3\u00ab rrezik personalitetin e vet, duke u ekspozuar shum\u00c3\u00ab p\u00c3\u00abr t\u00c3\u00ab tjer\u00c3\u00abt e jo p\u00c3\u00abr veten, si\u00c3\u00a7 b\u00c3\u00abnte, sipas tij, edhe Aida.","breadcrumb":{"@id":"https:\/\/www.visit-ulcinj.com\/blog\/2009\/03\/19\/mesida-lleshi-une-nuk-kam-ardhur-per-te-fituar\/#breadcrumb"},"inLanguage":"en-US","potentialAction":[{"@type":"ReadAction","target":["https:\/\/www.visit-ulcinj.com\/blog\/2009\/03\/19\/mesida-lleshi-une-nuk-kam-ardhur-per-te-fituar\/"]}]},{"@type":"BreadcrumbList","@id":"https:\/\/www.visit-ulcinj.com\/blog\/2009\/03\/19\/mesida-lleshi-une-nuk-kam-ardhur-per-te-fituar\/#breadcrumb","itemListElement":[{"@type":"ListItem","position":1,"name":"Mesida Lleshi : Un\u00eb nuk kam ardhur p\u00ebr t\u00eb fituar"}]},{"@type":"Person","@id":"https:\/\/www.visit-ulcinj.com\/blog\/#\/schema\/person\/dcab619c614d3038751c63bc2aadc06d","name":"ulqini","sameAs":["http:\/\/www.visit-ulcinj.com"],"url":"https:\/\/www.visit-ulcinj.com\/blog\/author\/admin\/"}]}},"jetpack_featured_media_url":"","jetpack_sharing_enabled":true,"jetpack_shortlink":"https:\/\/wp.me\/pe6lTn-3Qa","_links":{"self":[{"href":"https:\/\/www.visit-ulcinj.com\/blog\/wp-json\/wp\/v2\/posts\/14766"}],"collection":[{"href":"https:\/\/www.visit-ulcinj.com\/blog\/wp-json\/wp\/v2\/posts"}],"about":[{"href":"https:\/\/www.visit-ulcinj.com\/blog\/wp-json\/wp\/v2\/types\/post"}],"author":[{"embeddable":true,"href":"https:\/\/www.visit-ulcinj.com\/blog\/wp-json\/wp\/v2\/users\/1"}],"replies":[{"embeddable":true,"href":"https:\/\/www.visit-ulcinj.com\/blog\/wp-json\/wp\/v2\/comments?post=14766"}],"version-history":[{"count":0,"href":"https:\/\/www.visit-ulcinj.com\/blog\/wp-json\/wp\/v2\/posts\/14766\/revisions"}],"wp:attachment":[{"href":"https:\/\/www.visit-ulcinj.com\/blog\/wp-json\/wp\/v2\/media?parent=14766"}],"wp:term":[{"taxonomy":"category","embeddable":true,"href":"https:\/\/www.visit-ulcinj.com\/blog\/wp-json\/wp\/v2\/categories?post=14766"},{"taxonomy":"post_tag","embeddable":true,"href":"https:\/\/www.visit-ulcinj.com\/blog\/wp-json\/wp\/v2\/tags?post=14766"}],"curies":[{"name":"wp","href":"https:\/\/api.w.org\/{rel}","templated":true}]}}